{"id":9236,"date":"2023-03-04T12:23:14","date_gmt":"2023-03-04T11:23:14","guid":{"rendered":"http:\/\/roczyny.duszpasterstwa.bielsko.pl\/?p=9236"},"modified":"2023-03-04T12:23:14","modified_gmt":"2023-03-04T11:23:14","slug":"ogloszenia-i-intencje-ii-niedziela-wielkiego-postu","status":"publish","type":"post","link":"http:\/\/roczyny.duszpasterstwa.bielsko.pl\/?p=9236","title":{"rendered":"OG\u0141OSZENIA I INTENCJE &#8211; II NIEDZIELA WIELKIEGO POSTU&#8230;"},"content":{"rendered":"<h3 style=\"font-weight: 400;\"><strong><u>I I&nbsp;&nbsp;&nbsp; N I E D Z I E L A&nbsp;&nbsp;&nbsp; W I E L K I E G O&nbsp;&nbsp; P O S T U<\/u><\/strong> (5.o3.2023r.)<\/h3>\n<h3 style=\"font-weight: 400;\">Dzi\u015b I \u2013 wsza niedziela miesi\u0105ca \u2013 po Mszy \u015bw. adoracja Naj\u015bw. Sakramentu<\/h3>\n<h3 style=\"font-weight: 400;\"><strong><em>I N T E N C J E&nbsp;&nbsp; M S Z Y&nbsp;&nbsp; \u015a W.<\/em><\/strong><\/h3>\n<h3 style=\"font-weight: 400;\">Poniedzia\u0142ek(6)<\/h3>\n<h3 style=\"font-weight: 400;\">&nbsp;&nbsp; godz.6.3o&nbsp;&nbsp; &#8211; +Andrzeja Le\u015bniaka<\/h3>\n<h3 style=\"font-weight: 400;\">&nbsp;&nbsp; godz.17.oo &#8211; +Hieronima 12 \u015bm. z \u017con\u0105 Barbar\u0105 i rodzicami<\/h3>\n<h3 style=\"font-weight: 400;\">Wtorek(7)<\/h3>\n<h3 style=\"font-weight: 400;\">&nbsp;&nbsp; godz.6.30&nbsp;&nbsp; &#8211; +W\u0142adys\u0142aw\u0119 Mrzyg\u0142\u00f3d<\/h3>\n<h3 style=\"font-weight: 400;\">&nbsp;&nbsp; godz.17.oo &#8211; +Janin\u0119 Mizera 10 r. \u015bm. Boles\u0142awa m\u0119\u017ca<\/h3>\n<h3 style=\"font-weight: 400;\">\u015aroda(8)<\/h3>\n<h3 style=\"font-weight: 400;\">&nbsp;&nbsp; godz.6.3o&nbsp;&nbsp; &#8211; +J\u00f3zefa Ga\u0142osz<\/h3>\n<h3 style=\"font-weight: 400;\">&nbsp;&nbsp; godz.17.oo &#8211; +Ann\u0119 Franciszka Jordanek<\/h3>\n<h3 style=\"font-weight: 400;\">Czwartek(9)<\/h3>\n<h3 style=\"font-weight: 400;\">&nbsp;&nbsp; godz.6.3o&nbsp;&nbsp; &#8211; Za zmar\u0142ych z okresu rocznego naszej parafii<\/h3>\n<h3 style=\"font-weight: 400;\">&nbsp;&nbsp; godz.17.oo &#8211; +Mariana Pacek 15 r. \u015bm.<\/h3>\n<h3 style=\"font-weight: 400;\">Pi\u0105tek(1o)<\/h3>\n<h3 style=\"font-weight: 400;\">&nbsp;&nbsp; godz.6.3o&nbsp;&nbsp; &#8211; O zdrowie i b\u0142.Bo\u017ce dla Agnieszki i szcz\u0119\u015bliwe rozwi\u0105zanie<\/h3>\n<h3 style=\"font-weight: 400;\">&nbsp;&nbsp; godz.17.oo &#8211; +Iren\u0119 Tadeusza G\u00f3ral<\/h3>\n<h3 style=\"font-weight: 400;\">Sobota(11)<\/h3>\n<h3 style=\"font-weight: 400;\">&nbsp;&nbsp; godz.6.30&nbsp;&nbsp; &#8211; +Juli\u0119 J\u00f3zefa Matuszak z synami Marianem i J\u00f3zefem<\/h3>\n<h3 style=\"font-weight: 400;\">&nbsp;&nbsp;&nbsp;&nbsp;&nbsp;&nbsp;&nbsp;&nbsp;&nbsp;&nbsp;&nbsp;&nbsp;&nbsp;&nbsp;&nbsp;&nbsp;&nbsp;&nbsp;&nbsp;&nbsp;&nbsp;&nbsp; &#8211; +Leokadi\u0119 Nalborczyk w 30-ty dzie\u0144 po \u015bmierci<\/h3>\n<h3 style=\"font-weight: 400;\">&nbsp;&nbsp; godz.17.oo \u2013 W int. Janiny Byrskiej w 80-t\u0105 urodzin o zdrowi i b\u0142. Bo\u017ce na dalsze<\/h3>\n<h3 style=\"font-weight: 400;\">&nbsp;&nbsp;&nbsp;&nbsp;&nbsp;&nbsp;&nbsp;&nbsp;&nbsp;&nbsp;&nbsp;&nbsp;&nbsp;&nbsp;&nbsp;&nbsp;&nbsp;&nbsp;&nbsp;&nbsp;&nbsp;&nbsp;&nbsp;&nbsp;&nbsp;&nbsp; lata.<\/h3>\n<h3 style=\"font-weight: 400;\">Niedziela(12)<\/h3>\n<h3 style=\"font-weight: 400;\">&nbsp;&nbsp; godz.7.oo&nbsp;&nbsp; &#8211; +J\u00f3zef\u0119 Bylica z 2- Januszem<\/h3>\n<h3 style=\"font-weight: 400;\">&nbsp;&nbsp;&nbsp;&nbsp;&nbsp;&nbsp;&nbsp;&nbsp;&nbsp;&nbsp;&nbsp;&nbsp;&nbsp;&nbsp;&nbsp;&nbsp;&nbsp;&nbsp;&nbsp;&nbsp;&nbsp;&nbsp; &#8211; +Stefani\u0119 Prus z m\u0119\u017cem J\u00f3zefem 12 r. \u015bm. od najbli\u017cszych<\/h3>\n<h3 style=\"font-weight: 400;\">&nbsp;&nbsp;&nbsp; godz.9.oo&nbsp;&nbsp; -+Bronis\u0142awa Zuzann\u0119 So\u0142tysek<\/h3>\n<h3 style=\"font-weight: 400;\">&nbsp;&nbsp;&nbsp;&nbsp;&nbsp;&nbsp;&nbsp;&nbsp;&nbsp;&nbsp;&nbsp;&nbsp;&nbsp;&nbsp;&nbsp;&nbsp;&nbsp;&nbsp;&nbsp;&nbsp;&nbsp;&nbsp;&nbsp; &#8211; W int. Walerii i Kazimierza dzi\u0119kczynna za dotychczasowe&nbsp; b\u0142.Bo\u017ce<\/h3>\n<h3 style=\"font-weight: 400;\">&nbsp;&nbsp;&nbsp;&nbsp;&nbsp;&nbsp;&nbsp;&nbsp;&nbsp;&nbsp;&nbsp;&nbsp;&nbsp;&nbsp;&nbsp;&nbsp;&nbsp;&nbsp;&nbsp;&nbsp;&nbsp;&nbsp;&nbsp;&nbsp;&nbsp;&nbsp; z pro\u015bb\u0105 o dalsz\u0105 opiek\u0119 NMP i zdrowie<\/h3>\n<h3 style=\"font-weight: 400;\">&nbsp;&nbsp; godz.11.oo &#8211; +Helen\u0119 J\u00f3zefa Swako\u0144<\/h3>\n<h3 style=\"font-weight: 400;\">&nbsp;&nbsp;&nbsp;&nbsp;&nbsp;&nbsp;&nbsp;&nbsp;&nbsp;&nbsp;&nbsp;&nbsp;&nbsp;&nbsp;&nbsp;&nbsp;&nbsp;&nbsp;&nbsp;&nbsp;&nbsp;&nbsp; &#8211; +J\u00f3zefa Fr\u0105czek z rodzicami<\/h3>\n<h3 style=\"font-weight: 400;\">&nbsp;&nbsp; godz.15.oo &#8211; +Romana Kud\u0142acik 23 r. \u015bm. z te\u015bciami Zofi\u0105 i Boles\u0142awem<\/h3>\n<h3 style=\"font-weight: 400;\">&nbsp;&nbsp;&nbsp;&nbsp;&nbsp;&nbsp;&nbsp;&nbsp;&nbsp;&nbsp;&nbsp;&nbsp;&nbsp;&nbsp;&nbsp;&nbsp;&nbsp;&nbsp;&nbsp;&nbsp;&nbsp;&nbsp;&nbsp;&nbsp;&nbsp; Mikluszka<\/h3>\n<h3 style=\"font-weight: 400;\">&nbsp;&nbsp;&nbsp;&nbsp;&nbsp;&nbsp;&nbsp;&nbsp;&nbsp;&nbsp;&nbsp;&nbsp;&nbsp;&nbsp;&nbsp;&nbsp;&nbsp;&nbsp;&nbsp;&nbsp;&nbsp;&nbsp; &#8211; W int. Emilki 1 r. urodzin<\/h3>\n<h2>ZAPRASZAMY NA GORZKIE \u017bALE &#8211; DZI\u015a U SUMIENIU JUDASZA!!! &nbsp;&#8211; NIEDZIELA 14.30<\/h2>\n<p><a href=\"http:\/\/roczyny.duszpasterstwa.bielsko.pl\/wp-content\/uploads\/2023\/03\/IMG_1367.jpeg\"><img fetchpriority=\"high\" decoding=\"async\" class=\"aligncenter size-large wp-image-9237\" src=\"http:\/\/roczyny.duszpasterstwa.bielsko.pl\/wp-content\/uploads\/2023\/03\/IMG_1367-1024x768.jpeg\" alt=\"\" width=\"1024\" height=\"768\" srcset=\"http:\/\/roczyny.duszpasterstwa.bielsko.pl\/wp-content\/uploads\/2023\/03\/IMG_1367-1024x768.jpeg 1024w, http:\/\/roczyny.duszpasterstwa.bielsko.pl\/wp-content\/uploads\/2023\/03\/IMG_1367-300x225.jpeg 300w, http:\/\/roczyny.duszpasterstwa.bielsko.pl\/wp-content\/uploads\/2023\/03\/IMG_1367-768x576.jpeg 768w, http:\/\/roczyny.duszpasterstwa.bielsko.pl\/wp-content\/uploads\/2023\/03\/IMG_1367-200x150.jpeg 200w, http:\/\/roczyny.duszpasterstwa.bielsko.pl\/wp-content\/uploads\/2023\/03\/IMG_1367-690x518.jpeg 690w\" sizes=\"(max-width: 1024px) 100vw, 1024px\" \/><\/a> <a href=\"http:\/\/roczyny.duszpasterstwa.bielsko.pl\/wp-content\/uploads\/2023\/03\/IMG_1366.jpeg\"><img decoding=\"async\" class=\"aligncenter size-large wp-image-9238\" src=\"http:\/\/roczyny.duszpasterstwa.bielsko.pl\/wp-content\/uploads\/2023\/03\/IMG_1366-768x1024.jpeg\" alt=\"\" width=\"768\" height=\"1024\" srcset=\"http:\/\/roczyny.duszpasterstwa.bielsko.pl\/wp-content\/uploads\/2023\/03\/IMG_1366-768x1024.jpeg 768w, http:\/\/roczyny.duszpasterstwa.bielsko.pl\/wp-content\/uploads\/2023\/03\/IMG_1366-225x300.jpeg 225w, http:\/\/roczyny.duszpasterstwa.bielsko.pl\/wp-content\/uploads\/2023\/03\/IMG_1366-200x267.jpeg 200w, http:\/\/roczyny.duszpasterstwa.bielsko.pl\/wp-content\/uploads\/2023\/03\/IMG_1366-690x920.jpeg 690w\" sizes=\"(max-width: 768px) 100vw, 768px\" \/><\/a><\/p>\n","protected":false},"excerpt":{"rendered":"<p>I I&nbsp;&nbsp;&nbsp; N I E D Z I E L A&nbsp;&nbsp;&nbsp; W I E L K I E G O&nbsp;&nbsp; <a class=\"read-more\" href=\"http:\/\/roczyny.duszpasterstwa.bielsko.pl\/?p=9236\">czytaj dalej<\/a><\/p>\n","protected":false},"author":2,"featured_media":8745,"comment_status":"closed","ping_status":"open","sticky":false,"template":"","format":"standard","meta":{"ngg_post_thumbnail":0,"footnotes":""},"categories":[15,12],"tags":[],"class_list":["post-9236","post","type-post","status-publish","format-standard","has-post-thumbnail","hentry","category-aktualnosci","category-ogloszenia-parafialne","post-item clearfix"],"_links":{"self":[{"href":"http:\/\/roczyny.duszpasterstwa.bielsko.pl\/index.php?rest_route=\/wp\/v2\/posts\/9236"}],"collection":[{"href":"http:\/\/roczyny.duszpasterstwa.bielsko.pl\/index.php?rest_route=\/wp\/v2\/posts"}],"about":[{"href":"http:\/\/roczyny.duszpasterstwa.bielsko.pl\/index.php?rest_route=\/wp\/v2\/types\/post"}],"author":[{"embeddable":true,"href":"http:\/\/roczyny.duszpasterstwa.bielsko.pl\/index.php?rest_route=\/wp\/v2\/users\/2"}],"replies":[{"embeddable":true,"href":"http:\/\/roczyny.duszpasterstwa.bielsko.pl\/index.php?rest_route=%2Fwp%2Fv2%2Fcomments&post=9236"}],"version-history":[{"count":1,"href":"http:\/\/roczyny.duszpasterstwa.bielsko.pl\/index.php?rest_route=\/wp\/v2\/posts\/9236\/revisions"}],"predecessor-version":[{"id":9239,"href":"http:\/\/roczyny.duszpasterstwa.bielsko.pl\/index.php?rest_route=\/wp\/v2\/posts\/9236\/revisions\/9239"}],"wp:featuredmedia":[{"embeddable":true,"href":"http:\/\/roczyny.duszpasterstwa.bielsko.pl\/index.php?rest_route=\/wp\/v2\/media\/8745"}],"wp:attachment":[{"href":"http:\/\/roczyny.duszpasterstwa.bielsko.pl\/index.php?rest_route=%2Fwp%2Fv2%2Fmedia&parent=9236"}],"wp:term":[{"taxonomy":"category","embeddable":true,"href":"http:\/\/roczyny.duszpasterstwa.bielsko.pl\/index.php?rest_route=%2Fwp%2Fv2%2Fcategories&post=9236"},{"taxonomy":"post_tag","embeddable":true,"href":"http:\/\/roczyny.duszpasterstwa.bielsko.pl\/index.php?rest_route=%2Fwp%2Fv2%2Ftags&post=9236"}],"curies":[{"name":"wp","href":"https:\/\/api.w.org\/{rel}","templated":true}]}}