{"id":9221,"date":"2023-02-25T07:36:06","date_gmt":"2023-02-25T06:36:06","guid":{"rendered":"http:\/\/roczyny.duszpasterstwa.bielsko.pl\/?p=9221"},"modified":"2023-02-25T07:41:34","modified_gmt":"2023-02-25T06:41:34","slug":"ogloszenia-i-intencje-i-niedziela-wielkiego-postu","status":"publish","type":"post","link":"http:\/\/roczyny.duszpasterstwa.bielsko.pl\/?p=9221","title":{"rendered":"OG\u0141OSZENIA I INTENCJE &#8211; I NIEDZIELA WIELKIEGO POSTU"},"content":{"rendered":"<h3 style=\"font-weight: 400;\"><strong><u>I&nbsp;&nbsp; N I E D Z I E L A&nbsp;&nbsp; W I E L K I E G O&nbsp;&nbsp; P O S T U <\/u><\/strong>(26.o2.2023r.)<\/h3>\n<h3 style=\"font-weight: 400;\">W sobot\u0119, 4 marca obchodzimy \u015bwi\u0119to \u015bw. Kazimierza, kr\u00f3lewicza.<\/h3>\n<h3 style=\"font-weight: 400;\">W tym tygodniu I-wszy czwartek i I-wszy pi\u0105tek miesi\u0105ca.<\/h3>\n<h3 style=\"font-weight: 400;\">28 lutego przypada rocznica \u015bmierci ks. Krzysztofa Staniszewskiego zmar\u0142ego w 2007r.<\/h3>\n<h3 style=\"font-weight: 400;\">Rekolekcje wielkopostne w naszej parafii odb\u0119d\u0105 si\u0119 od IV niedzieli Wielkiego Postu (od 19 marca do 21 marca. \u2013 Rekolekcje b\u0119dzie prowadzi\u0142 ks. dr. hab. Wojciech Medwid z Andrychowa.<\/h3>\n<h3>R\u00f3\u017ce \u017bywego R\u00f3\u017ca\u0144ca w \u015brod\u0119 1 marca zapraszamy na zmian\u0119 tajemnic r\u00f3\u017ca\u0144cowych.<\/h3>\n<h3 style=\"font-weight: 400;\">Rodzic\u00f3w m\u0142odzie\u017cy przygotowuj\u0105cej si\u0119 do bierzmowania zapraszamy na spotkanie w najbli\u017cszy pi\u0105tek&nbsp; po mszy \u015bwi\u0119tej wieczornej<\/h3>\n<h3 style=\"font-weight: 400;\"><strong><em>I N T E N C J E&nbsp;&nbsp; M S Z Y&nbsp;&nbsp; \u015a W.<\/em><\/strong><\/h3>\n<h3 style=\"font-weight: 400;\">Poniedzia\u0142ek(27)<\/h3>\n<h3 style=\"font-weight: 400;\">&nbsp;&nbsp; godz.6.3o&nbsp;&nbsp; &#8211; +Michalin\u0119 Korczak<\/h3>\n<h3 style=\"font-weight: 400;\">&nbsp;&nbsp; godz.17.oo &#8211; +W\u0142adys\u0142awa Kolber<\/h3>\n<h3 style=\"font-weight: 400;\">Wtorek(28)<\/h3>\n<h3 style=\"font-weight: 400;\">&nbsp;&nbsp; godz.6.3o&nbsp;&nbsp; &#8211; +Stanis\u0142awa Burego w 30-ty dzie\u0144 po \u015bmierci<\/h3>\n<h3 style=\"font-weight: 400;\">&nbsp;&nbsp; godz.17.oo \u2013 W int. Bart\u0142omieja w 1-wsz\u0105 r. urodzin<\/h3>\n<h3 style=\"font-weight: 400;\">\u015aroda(1)<\/h3>\n<h3 style=\"font-weight: 400;\">&nbsp;&nbsp; godz.6.3o&nbsp;&nbsp; &#8211; +W\u0142adys\u0142aw\u0119 Mrzyg\u0142\u00f3d<\/h3>\n<h3 style=\"font-weight: 400;\">&nbsp;&nbsp; godz.17.oo &#8211; +Helen\u0119 i J\u00f3zefa M\u0142ocek z rodzicami<\/h3>\n<h3 style=\"font-weight: 400;\">Czwartek(2)<\/h3>\n<h3 style=\"font-weight: 400;\">&nbsp;&nbsp; godz.6.3o&nbsp;&nbsp; &#8211; Za dusze wypominane (WYPOMINKI)<\/h3>\n<h3 style=\"font-weight: 400;\">&nbsp;&nbsp; godz.17.oo &#8211; +Edwarda Grac\u0119<\/h3>\n<h3 style=\"font-weight: 400;\">Pi\u0105tek(3)<\/h3>\n<h3 style=\"font-weight: 400;\">&nbsp;&nbsp; godz.6.3o&nbsp;&nbsp; &#8211; +Aniel\u0119 Zi\u0119ba<\/h3>\n<h3 style=\"font-weight: 400;\">&nbsp;&nbsp; godz.17.oo \u2013 W int. Ojczyzny i dusze \u017co\u0142nierzy niez\u0142omnych<\/h3>\n<h3 style=\"font-weight: 400;\">Sobota(4)<\/h3>\n<h3 style=\"font-weight: 400;\">&nbsp;&nbsp; godz.6.3o&nbsp;&nbsp; &#8211; +J\u00f3zefa Pietras w 30-ty dzie\u0144 po \u015bmierci<\/h3>\n<h3 style=\"font-weight: 400;\">&nbsp;&nbsp;&nbsp;&nbsp;&nbsp;&nbsp;&nbsp;&nbsp;&nbsp;&nbsp;&nbsp;&nbsp;&nbsp;&nbsp;&nbsp;&nbsp;&nbsp;&nbsp;&nbsp;&nbsp;&nbsp;&nbsp;&nbsp; &#8211; +J\u00f3zefa Ga\u0142osz<\/h3>\n<h3 style=\"font-weight: 400;\">&nbsp;&nbsp; godz.17.oo &#8211; +Feliksa Widlarz<\/h3>\n<h3 style=\"font-weight: 400;\">Niedziela(5)<\/h3>\n<h3 style=\"font-weight: 400;\">&nbsp;&nbsp; godz.7.oo&nbsp;&nbsp; &#8211; +Stanis\u0142awa Matyld\u0119 Szymocha z rodzicami<\/h3>\n<h3 style=\"font-weight: 400;\">&nbsp;&nbsp;&nbsp;&nbsp;&nbsp;&nbsp;&nbsp;&nbsp;&nbsp;&nbsp;&nbsp;&nbsp;&nbsp;&nbsp;&nbsp;&nbsp;&nbsp;&nbsp;&nbsp;&nbsp;&nbsp;&nbsp;&nbsp;&nbsp;&nbsp;&nbsp; +Kazimierza Smyrak z rodzicami<\/h3>\n<h3 style=\"font-weight: 400;\">&nbsp;&nbsp; godz.9.oo&nbsp;&nbsp; &#8211; +Fryderyka Mari\u0119 Mokwa<\/h3>\n<h3 style=\"font-weight: 400;\">&nbsp;&nbsp;&nbsp;&nbsp;&nbsp;&nbsp;&nbsp;&nbsp;&nbsp;&nbsp;&nbsp;&nbsp;&nbsp;&nbsp;&nbsp;&nbsp;&nbsp;&nbsp;&nbsp;&nbsp;&nbsp;&nbsp;&nbsp; &#8211; +Kazimierza Mazgaj z rodzicami Stefani\u0105 i Tomaszem<\/h3>\n<h3 style=\"font-weight: 400;\">&nbsp;&nbsp; godz.11.oo &#8211; +Ryszarda \u0141yso\u0144 1 r. \u015bm.<\/h3>\n<h3 style=\"font-weight: 400;\">&nbsp;&nbsp;&nbsp;&nbsp;&nbsp;&nbsp;&nbsp;&nbsp;&nbsp;&nbsp;&nbsp;&nbsp;&nbsp;&nbsp;&nbsp;&nbsp;&nbsp;&nbsp;&nbsp;&nbsp;&nbsp;&nbsp;&nbsp;&nbsp; &#8211; +Kazimierza i Andrzeja Ku\u017ama<\/h3>\n<h3 style=\"font-weight: 400;\">&nbsp;&nbsp; godz.15.oo &#8211; +Mari\u0119 Zawi\u0142a Andrzeja m\u0119\u017ca od c\u00f3rki z rodzin\u0105<\/h3>\n<h3 style=\"font-weight: 400;\">&nbsp;&nbsp;&nbsp;&nbsp;&nbsp;&nbsp;&nbsp;&nbsp;&nbsp;&nbsp;&nbsp;&nbsp;&nbsp;&nbsp;&nbsp;&nbsp;&nbsp;&nbsp;&nbsp;&nbsp;&nbsp;&nbsp;&nbsp;&nbsp; &#8211; +Mariana Karcz 2 r. \u015bm.<\/h3>\n","protected":false},"excerpt":{"rendered":"<p>I&nbsp;&nbsp; N I E D Z I E L A&nbsp;&nbsp; W I E L K I E G O&nbsp;&nbsp; P <a class=\"read-more\" href=\"http:\/\/roczyny.duszpasterstwa.bielsko.pl\/?p=9221\">czytaj dalej<\/a><\/p>\n","protected":false},"author":2,"featured_media":8745,"comment_status":"closed","ping_status":"open","sticky":false,"template":"","format":"standard","meta":{"ngg_post_thumbnail":0,"footnotes":""},"categories":[15,12],"tags":[],"class_list":["post-9221","post","type-post","status-publish","format-standard","has-post-thumbnail","hentry","category-aktualnosci","category-ogloszenia-parafialne","post-item clearfix"],"_links":{"self":[{"href":"http:\/\/roczyny.duszpasterstwa.bielsko.pl\/index.php?rest_route=\/wp\/v2\/posts\/9221"}],"collection":[{"href":"http:\/\/roczyny.duszpasterstwa.bielsko.pl\/index.php?rest_route=\/wp\/v2\/posts"}],"about":[{"href":"http:\/\/roczyny.duszpasterstwa.bielsko.pl\/index.php?rest_route=\/wp\/v2\/types\/post"}],"author":[{"embeddable":true,"href":"http:\/\/roczyny.duszpasterstwa.bielsko.pl\/index.php?rest_route=\/wp\/v2\/users\/2"}],"replies":[{"embeddable":true,"href":"http:\/\/roczyny.duszpasterstwa.bielsko.pl\/index.php?rest_route=%2Fwp%2Fv2%2Fcomments&post=9221"}],"version-history":[{"count":4,"href":"http:\/\/roczyny.duszpasterstwa.bielsko.pl\/index.php?rest_route=\/wp\/v2\/posts\/9221\/revisions"}],"predecessor-version":[{"id":9225,"href":"http:\/\/roczyny.duszpasterstwa.bielsko.pl\/index.php?rest_route=\/wp\/v2\/posts\/9221\/revisions\/9225"}],"wp:featuredmedia":[{"embeddable":true,"href":"http:\/\/roczyny.duszpasterstwa.bielsko.pl\/index.php?rest_route=\/wp\/v2\/media\/8745"}],"wp:attachment":[{"href":"http:\/\/roczyny.duszpasterstwa.bielsko.pl\/index.php?rest_route=%2Fwp%2Fv2%2Fmedia&parent=9221"}],"wp:term":[{"taxonomy":"category","embeddable":true,"href":"http:\/\/roczyny.duszpasterstwa.bielsko.pl\/index.php?rest_route=%2Fwp%2Fv2%2Fcategories&post=9221"},{"taxonomy":"post_tag","embeddable":true,"href":"http:\/\/roczyny.duszpasterstwa.bielsko.pl\/index.php?rest_route=%2Fwp%2Fv2%2Ftags&post=9221"}],"curies":[{"name":"wp","href":"https:\/\/api.w.org\/{rel}","templated":true}]}}