{"id":9106,"date":"2023-02-18T12:29:39","date_gmt":"2023-02-18T11:29:39","guid":{"rendered":"http:\/\/roczyny.duszpasterstwa.bielsko.pl\/?p=9106"},"modified":"2023-02-19T17:47:57","modified_gmt":"2023-02-19T16:47:57","slug":"ogloszenia-i-intencje-vii-niedziela-zwykla-2","status":"publish","type":"post","link":"http:\/\/roczyny.duszpasterstwa.bielsko.pl\/?p=9106","title":{"rendered":"OG\u0141OSZENIA i INTENCJE &#8211; VII NIEDZIELA ZWYK\u0141A&#8230;"},"content":{"rendered":"<h3 style=\"font-weight: 400;\"><strong><u>V I I&nbsp;&nbsp;&nbsp; N I E D Z I E L A&nbsp;&nbsp; Z W Y K \u0141 A<\/u><\/strong>&nbsp; (19.o2.2023r.)<\/h3>\n<h3 style=\"font-weight: 400;\">&nbsp;<\/h3>\n<h3 style=\"font-weight: 400;\">Rozpoczynamy dzi\u015b czas tzw. 40-to godzinnego nabo\u017ce\u0144stwa poprzedzaj\u0105cego okres wielkiego postu. Adoracja Naj\u015bw. Sakramentu po Mszy \u015bw. o godz.11.oo \u2013 zako\u0144czenie przed Msz\u0105 \u015bw. o godz. 15.oo<\/h3>\n<h3 style=\"font-weight: 400;\">Od dzi\u015b do soboty w\u0142\u0105cznie b\u0119dzie trwa\u0142 56 Tydzie\u0144 modlitw o trze\u017awo\u015b\u0107 narodu. Jest to czas przeb\u0142agania za pija\u0144stwo i inne grzechy, a tak\u017ce szczeg\u00f3lna okazja do podejmowania wyrzecze\u0144 w intencji nawr\u00f3cenia grzesznik\u00f3w, zw\u0142aszcza os\u00f3b uzale\u017cnionych od alkoholu.<\/h3>\n<h3 style=\"font-weight: 400;\">W tym tygodniu, 22 lutego, przypada \u015aroda Popielcowa. Wraz z ca\u0142ym Ko\u015bcio\u0142em rozpoczynamy okres wielkopostnej pokuty. Jest to dzie\u0144 postu i wstrzemi\u0119\u017aliwo\u015bci od pokarm\u00f3w mi\u0119snych.<\/h3>\n<h3 style=\"font-weight: 400;\"><strong>Msze \u015bw. w \u015arod\u0119 Popielcow\u0105 o godz.7.oo; 9.oo; 17.oo<\/strong><\/h3>\n<h3 style=\"font-weight: 400;\">W \u015brod\u0119, pi\u0105tek i sobot\u0119 przypadaj\u0105 kwartalne Dni Modlitwy o ducha pokuty.<\/h3>\n<h3 style=\"font-weight: 400;\">W g\u0142\u0119bszym prze\u017cywaniu Wielkiego Postu pomog\u0105 nam nabo\u017ce\u0144stwa wielkopostne:<\/h3>\n<h3 style=\"font-weight: 400;\">1.W ka\u017cdy pi\u0105tek o godz.16.3o i w niedziel\u0119 po Mszy \u015bw. o godz. 7.00 nabo\u017ce\u0144stwo Drogi Krzy\u017cowej<\/h3>\n<h3 style=\"font-weight: 400;\">2.Nabo\u017ce\u0144stwo Gorzkich \u017bali w niedziel\u0119 o godz.14.3o \u2013 a po nabo\u017ce\u0144stwie Msza \u015bw.<\/h3>\n<h3 style=\"font-weight: 400;\">Spotkanie <strong>m\u0142odzie\u017cy klas VIII przygotowuj\u0105cych si\u0119 do sakramentu bierzmowania<\/strong> w \u015brod\u0119 popielcow\u0105. Rozpoczynamy obowi\u0105zkow\u0105 msz\u0105 \u015bw. o godz. 17.00<\/h3>\n<h3 style=\"font-weight: 400;\">Spotkanie <strong>Rodzic\u00f3w Dzieci I Komunijnych<\/strong> r\u00f3wnie\u017c w \u015brod\u0119 popielcow\u0105 po wieczornej Eucharystii.<\/h3>\n<h3 style=\"font-weight: 400;\">&nbsp;<\/h3>\n<h3 style=\"font-weight: 400;\"><strong><em>I N T E N C J E&nbsp;&nbsp;&nbsp; M S Z Y&nbsp;&nbsp; \u015a W.<\/em><\/strong><\/h3>\n<h3 style=\"font-weight: 400;\">Poniedzia\u0142ek(20)<\/h3>\n<h3 style=\"font-weight: 400;\">&nbsp;&nbsp; godz.6.3o&nbsp;&nbsp; &#8211; +Kazimierza Paj\u0105ka w 30-ty dzie\u0144 po \u015bmierci<\/h3>\n<h3 style=\"font-weight: 400;\">&nbsp;&nbsp; godz.17.oo &#8211; +Edwarda Grac\u0119<\/h3>\n<h3 style=\"font-weight: 400;\">Wtorek(21)<\/h3>\n<h3 style=\"font-weight: 400;\">&nbsp;&nbsp; godz.6.3o&nbsp;&nbsp; &#8211; +Agat\u0119 Wn\u0119trzak<\/h3>\n<h3 style=\"font-weight: 400;\">&nbsp;&nbsp; godz.17.oo &#8211; +J\u00f3zefa Bizo\u0144 z synem Grzegorzem<\/h3>\n<h3 style=\"font-weight: 400;\">\u015aroda(22)<\/h3>\n<h3 style=\"font-weight: 400;\">&nbsp;&nbsp; godz.7.oo&nbsp;&nbsp; &#8211; +Michalin\u0119 Korczak<\/h3>\n<h3 style=\"font-weight: 400;\">&nbsp;&nbsp; godz.9.oo&nbsp;&nbsp; &#8211; +Danut\u0119 Koral<\/h3>\n<h3 style=\"font-weight: 400;\">&nbsp;&nbsp; godz.17.oo &#8211; +Helen\u0119 i Wincentego Zaremba<\/h3>\n<h3 style=\"font-weight: 400;\">&nbsp;&nbsp;&nbsp;&nbsp;&nbsp;&nbsp;&nbsp;&nbsp;&nbsp;&nbsp;&nbsp;&nbsp;&nbsp;&nbsp;&nbsp;&nbsp;&nbsp;&nbsp;&nbsp;&nbsp;&nbsp;&nbsp;&nbsp;&nbsp; &#8211; +Aniel\u0119 Zaremba<\/h3>\n<h3 style=\"font-weight: 400;\">Czwartek(23)<\/h3>\n<h3 style=\"font-weight: 400;\">&nbsp;&nbsp; godz.6.3o&nbsp;&nbsp;&nbsp;&nbsp; &#8211; +Aniel\u0119 Zaremba<\/h3>\n<h3 style=\"font-weight: 400;\">&nbsp;&nbsp; godz.17.oo &#8211; +Ludwik\u0119 Franciszka Talar<\/h3>\n<h3 style=\"font-weight: 400;\">Pi\u0105tek(24)<\/h3>\n<h3 style=\"font-weight: 400;\">&nbsp;&nbsp; godz.6.3o&nbsp;&nbsp; &#8211; +Helen\u0119 i Stanis\u0142awa sordyl<\/h3>\n<h3 style=\"font-weight: 400;\">&nbsp;&nbsp; godz.17.oo &#8211; +Mari\u0119 Wykr\u0119t<\/h3>\n<h3 style=\"font-weight: 400;\">Sobota(25)<\/h3>\n<h3 style=\"font-weight: 400;\">&nbsp;&nbsp; godz.6.3o&nbsp;&nbsp; &#8211; W int. Bogu wiadomej o potrzebne \u0142aski<\/h3>\n<h3 style=\"font-weight: 400;\">&nbsp;&nbsp; godz.17.oo &#8211; +W\u0142adys\u0142aw\u0119 Turek 1 r. \u015bm. z m\u0119\u017cem Piotrem<\/h3>\n<h3 style=\"font-weight: 400;\">Niedziela(26)<\/h3>\n<h3 style=\"font-weight: 400;\">&nbsp;&nbsp; godz.7.oo&nbsp;&nbsp; &#8211; +Franciszka Szostak z \u017con\u0105 Anastazj\u0105 Franciszkiem synem r. \u015bm.<\/h3>\n<h3 style=\"font-weight: 400;\">&nbsp;&nbsp;&nbsp;&nbsp;&nbsp;&nbsp;&nbsp;&nbsp;&nbsp;&nbsp;&nbsp;&nbsp;&nbsp;&nbsp;&nbsp;&nbsp;&nbsp;&nbsp;&nbsp;&nbsp;&nbsp;&nbsp; &#8211; +J\u00f3zefa Sordyl 8 r. \u015bm.<\/h3>\n<h3 style=\"font-weight: 400;\">&nbsp;&nbsp; godz.9.oo&nbsp;&nbsp; &#8211; +Edwarda Grac\u0119<\/h3>\n<h3 style=\"font-weight: 400;\">&nbsp;&nbsp;&nbsp;&nbsp;&nbsp;&nbsp;&nbsp;&nbsp;&nbsp;&nbsp;&nbsp;&nbsp;&nbsp;&nbsp;&nbsp;&nbsp;&nbsp;&nbsp;&nbsp;&nbsp;&nbsp;&nbsp; &#8211; +Kazimierza Sordyl od s\u0105siadki<\/h3>\n<h3 style=\"font-weight: 400;\">&nbsp;&nbsp; godz.11.oo &#8211; +Stanis\u0142awa \u0106wiertnia 1 r. \u015bm. z \u017con\u0105 Mari\u0105, Helen\u0119 Rupina 6 r. \u015bm.<\/h3>\n<h3 style=\"font-weight: 400;\">&nbsp;&nbsp;&nbsp;&nbsp;&nbsp;&nbsp;&nbsp;&nbsp;&nbsp;&nbsp;&nbsp;&nbsp;&nbsp;&nbsp;&nbsp;&nbsp;&nbsp;&nbsp;&nbsp;&nbsp;&nbsp;&nbsp;&nbsp;&nbsp;&nbsp; z m\u0119\u017cem Kazimierzem<\/h3>\n<h3 style=\"font-weight: 400;\">&nbsp;&nbsp;&nbsp;&nbsp;&nbsp;&nbsp;&nbsp;&nbsp;&nbsp;&nbsp;&nbsp;&nbsp;&nbsp;&nbsp;&nbsp;&nbsp;&nbsp;&nbsp;&nbsp;&nbsp;&nbsp;&nbsp; &#8211; +Ann\u0119 K\u0119dzior od c\u00f3rki<\/h3>\n<h3 style=\"font-weight: 400;\">&nbsp;&nbsp; godz.15.oo &#8211; +Genowef\u0119 Mariana Kurzyniec<\/h3>\n<h3 style=\"font-weight: 400;\">&nbsp;&nbsp;&nbsp;&nbsp;&nbsp;&nbsp;&nbsp;&nbsp;&nbsp;&nbsp;&nbsp;&nbsp;&nbsp;&nbsp;&nbsp;&nbsp;&nbsp;&nbsp;&nbsp;&nbsp;&nbsp;&nbsp; &#8211; +Leokadi\u0119 Stefana Kud\u0142acik 25 r. \u015bm.<\/h3>\n","protected":false},"excerpt":{"rendered":"<p>V I I&nbsp;&nbsp;&nbsp; N I E D Z I E L A&nbsp;&nbsp; Z W Y K \u0141 A&nbsp; (19.o2.2023r.) &nbsp; <a class=\"read-more\" href=\"http:\/\/roczyny.duszpasterstwa.bielsko.pl\/?p=9106\">czytaj dalej<\/a><\/p>\n","protected":false},"author":2,"featured_media":8745,"comment_status":"closed","ping_status":"open","sticky":false,"template":"","format":"standard","meta":{"ngg_post_thumbnail":0,"footnotes":""},"categories":[15,12],"tags":[],"class_list":["post-9106","post","type-post","status-publish","format-standard","has-post-thumbnail","hentry","category-aktualnosci","category-ogloszenia-parafialne","post-item clearfix"],"_links":{"self":[{"href":"http:\/\/roczyny.duszpasterstwa.bielsko.pl\/index.php?rest_route=\/wp\/v2\/posts\/9106"}],"collection":[{"href":"http:\/\/roczyny.duszpasterstwa.bielsko.pl\/index.php?rest_route=\/wp\/v2\/posts"}],"about":[{"href":"http:\/\/roczyny.duszpasterstwa.bielsko.pl\/index.php?rest_route=\/wp\/v2\/types\/post"}],"author":[{"embeddable":true,"href":"http:\/\/roczyny.duszpasterstwa.bielsko.pl\/index.php?rest_route=\/wp\/v2\/users\/2"}],"replies":[{"embeddable":true,"href":"http:\/\/roczyny.duszpasterstwa.bielsko.pl\/index.php?rest_route=%2Fwp%2Fv2%2Fcomments&post=9106"}],"version-history":[{"count":3,"href":"http:\/\/roczyny.duszpasterstwa.bielsko.pl\/index.php?rest_route=\/wp\/v2\/posts\/9106\/revisions"}],"predecessor-version":[{"id":9183,"href":"http:\/\/roczyny.duszpasterstwa.bielsko.pl\/index.php?rest_route=\/wp\/v2\/posts\/9106\/revisions\/9183"}],"wp:featuredmedia":[{"embeddable":true,"href":"http:\/\/roczyny.duszpasterstwa.bielsko.pl\/index.php?rest_route=\/wp\/v2\/media\/8745"}],"wp:attachment":[{"href":"http:\/\/roczyny.duszpasterstwa.bielsko.pl\/index.php?rest_route=%2Fwp%2Fv2%2Fmedia&parent=9106"}],"wp:term":[{"taxonomy":"category","embeddable":true,"href":"http:\/\/roczyny.duszpasterstwa.bielsko.pl\/index.php?rest_route=%2Fwp%2Fv2%2Fcategories&post=9106"},{"taxonomy":"post_tag","embeddable":true,"href":"http:\/\/roczyny.duszpasterstwa.bielsko.pl\/index.php?rest_route=%2Fwp%2Fv2%2Ftags&post=9106"}],"curies":[{"name":"wp","href":"https:\/\/api.w.org\/{rel}","templated":true}]}}