{"id":9067,"date":"2023-02-11T18:24:03","date_gmt":"2023-02-11T17:24:03","guid":{"rendered":"http:\/\/roczyny.duszpasterstwa.bielsko.pl\/?p=9067"},"modified":"2023-02-11T18:24:03","modified_gmt":"2023-02-11T17:24:03","slug":"ogloszenia-i-intencje-vi-niedziela-zwykla-2","status":"publish","type":"post","link":"http:\/\/roczyny.duszpasterstwa.bielsko.pl\/?p=9067","title":{"rendered":"OG\u0141OSZENIA I INTENCJE &#8211; VI NIEDZIELA ZWYK\u0141A&#8230;"},"content":{"rendered":"<h3 style=\"font-weight: 400;\"><strong><u>V I&nbsp;&nbsp;&nbsp; N I E D Z I E L A&nbsp;&nbsp;&nbsp;&nbsp; Z W Y K \u0141 A<\/u><\/strong> &nbsp;(12.o2.2023r.)<\/h3>\n<h3 style=\"font-weight: 400;\">Wtorek&nbsp; &#8211; \u015bwi\u0119to \u015bwi\u0119tych Cyryla mnicha i Metodego biskupa \u2013 patron\u00f3w Europy<\/h3>\n<h3 style=\"font-weight: 400;\">Za tydzie\u0144 19 lutego przypada ostatnia niedziela przed tegorocznym okresem Wielkiego Postu. Rozpoczynamy w tym dniu tzw. Nabo\u017ce\u0144stwo 40-to godzinne. Adoracja Naj\u015bw. Sakramentu po Mszy \u015bw. o godz.11.oo \u2013 zako\u0144czenie przed Maz\u0105 \u015bw. o godz.15.oo<\/h3>\n<h3 style=\"font-weight: 400;\">Dzi\u0119kujemy wszystkim, kt\u00f3rzy pomogli przygotowa\u0107 zimowisko dla dzieci w Gliczarowie<\/h3>\n<h3 style=\"font-weight: 400;\"><strong><em>I N T E N C J E&nbsp;&nbsp;&nbsp; M S Z Y&nbsp;&nbsp; \u015a W.<\/em><\/strong><\/h3>\n<h3 style=\"font-weight: 400;\">Poniedzia\u0142ek(13)<\/h3>\n<h3 style=\"font-weight: 400;\">&nbsp;&nbsp; godz.6.3o&nbsp;&nbsp; &#8211; +Danut\u0119 Koral<\/h3>\n<h3 style=\"font-weight: 400;\">&nbsp;&nbsp; godz.17.oo &#8211; +Juli\u0119 Babi\u0144sk\u0105, Teres\u0119 Oboza<\/h3>\n<h3 style=\"font-weight: 400;\">Wtorek(14)<\/h3>\n<h3 style=\"font-weight: 400;\">&nbsp;&nbsp; godz.6.3o&nbsp;&nbsp; &#8211; +Agat\u0119 Wn\u0119trzak<\/h3>\n<h3 style=\"font-weight: 400;\">&nbsp;&nbsp; godz.17.oo &#8211; +Mari\u0119 Babi\u0144sk\u0105 1 r. \u015bm<\/h3>\n<h3 style=\"font-weight: 400;\">\u015aroda(15)<\/h3>\n<h3 style=\"font-weight: 400;\">&nbsp;&nbsp; godz.6.3o&nbsp;&nbsp; &#8211; +Michalin\u0119 Korczak<\/h3>\n<h3 style=\"font-weight: 400;\">&nbsp;&nbsp; godz.17.oo &#8211; +W\u0142adys\u0142awa Babi\u0144skiego 7 r. \u015bm.<\/h3>\n<h3 style=\"font-weight: 400;\">Czwartek(16)<\/h3>\n<h3 style=\"font-weight: 400;\">&nbsp;&nbsp; godz.6.3o&nbsp;&nbsp;&nbsp; &#8211; +Aniel\u0119 Zaremba<\/h3>\n<h3 style=\"font-weight: 400;\">&nbsp;&nbsp; godz.17.oo &#8211; +Ludwik\u0119 Chmura z m\u0119\u017cem Stanis\u0142awem<\/h3>\n<h3 style=\"font-weight: 400;\">Pi\u0105tek(17)<\/h3>\n<h3 style=\"font-weight: 400;\">&nbsp;&nbsp; godz.6.3o&nbsp;&nbsp; &#8211; +Andrzeja Le\u015bniak<\/h3>\n<h3 style=\"font-weight: 400;\">&nbsp;&nbsp; godz.17.oo &#8211; +Edwarda Grac\u0119<\/h3>\n<h3 style=\"font-weight: 400;\">Sobota(18)<\/h3>\n<h3 style=\"font-weight: 400;\">&nbsp;&nbsp; godz.6.3o&nbsp;&nbsp; &#8211; W int. Julii w 18-t\u0105 r. urodzin<\/h3>\n<h3 style=\"font-weight: 400;\">&nbsp;&nbsp; godz.17.oo &#8211; +Helen\u0119 Obieg\u0142o z 2-oma m\u0119\u017cami synem Alojzym z \u017con\u0105 Janin\u0105<\/h3>\n<h3 style=\"font-weight: 400;\">Niedziela(19)<\/h3>\n<h3 style=\"font-weight: 400;\">&nbsp;&nbsp; godz.7.oo&nbsp;&nbsp; &#8211; O zdrowie i b\u0142. Bo\u017ce dla Heleny w 60-t\u0105 r. urodzin<\/h3>\n<h3 style=\"font-weight: 400;\">&nbsp;&nbsp;&nbsp;&nbsp;&nbsp;&nbsp;&nbsp;&nbsp;&nbsp;&nbsp;&nbsp;&nbsp;&nbsp;&nbsp;&nbsp;&nbsp;&nbsp;&nbsp;&nbsp;&nbsp;&nbsp;&nbsp;&nbsp;&nbsp; &#8211; +Jana Ga\u0142osz z \u017con\u0105 Mari\u0105 od najbli\u017cszych<\/h3>\n<h3 style=\"font-weight: 400;\">&nbsp;&nbsp; godz.9.oo&nbsp;&nbsp; &#8211; +Helen\u0119 Mazgaj<\/h3>\n<h3 style=\"font-weight: 400;\">&nbsp;&nbsp;&nbsp;&nbsp;&nbsp;&nbsp;&nbsp;&nbsp;&nbsp;&nbsp;&nbsp;&nbsp;&nbsp;&nbsp;&nbsp;&nbsp;&nbsp;&nbsp;&nbsp;&nbsp;&nbsp;&nbsp;&nbsp; &#8211; +Ann\u0119 K\u0119dzior od s\u0105siad\u00f3w i przyjaci\u00f3\u0142 c\u00f3rki Marii<\/h3>\n<h3 style=\"font-weight: 400;\">&nbsp;&nbsp; godz.11.oo &#8211; +Stefani\u0119 Zieli\u0144sk\u0105 i Mari\u0119 Barciek -+Karola B\u0142asiak 7 r. \u015bm. z \u017con\u0105 Stanis\u0142aw\u0105<\/h3>\n<h3 style=\"font-weight: 400;\">&nbsp;&nbsp;&nbsp;&nbsp;&nbsp;&nbsp;&nbsp;&nbsp;&nbsp;&nbsp;&nbsp;&nbsp;&nbsp;&nbsp;&nbsp;&nbsp;&nbsp;&nbsp;&nbsp;&nbsp;&nbsp;&nbsp;&nbsp;&nbsp; &#8211; W int. Micha\u0142a w 18-t\u0105 r. urodzin<\/h3>\n<h3 style=\"font-weight: 400;\">&nbsp;&nbsp; godz.15.oo &#8211; +Mari\u0119 Tomiak 10 r. \u015bm.<\/h3>\n<h3 style=\"font-weight: 400;\">&nbsp;&nbsp;&nbsp;&nbsp;&nbsp;&nbsp;&nbsp;&nbsp;&nbsp;&nbsp;&nbsp;&nbsp;&nbsp;&nbsp;&nbsp;&nbsp;&nbsp;&nbsp;&nbsp;&nbsp;&nbsp;&nbsp;&nbsp;&nbsp; &#8211; +Stefana i Leokadi\u0119 Kud\u0142acik 25 r. \u015bm.<\/h3>\n","protected":false},"excerpt":{"rendered":"<p>V I&nbsp;&nbsp;&nbsp; N I E D Z I E L A&nbsp;&nbsp;&nbsp;&nbsp; Z W Y K \u0141 A &nbsp;(12.o2.2023r.) Wtorek&nbsp; &#8211; <a class=\"read-more\" href=\"http:\/\/roczyny.duszpasterstwa.bielsko.pl\/?p=9067\">czytaj dalej<\/a><\/p>\n","protected":false},"author":2,"featured_media":8745,"comment_status":"closed","ping_status":"open","sticky":false,"template":"","format":"standard","meta":{"ngg_post_thumbnail":0,"footnotes":""},"categories":[15,12,1],"tags":[],"class_list":["post-9067","post","type-post","status-publish","format-standard","has-post-thumbnail","hentry","category-aktualnosci","category-ogloszenia-parafialne","category-uncategorized","post-item clearfix"],"_links":{"self":[{"href":"http:\/\/roczyny.duszpasterstwa.bielsko.pl\/index.php?rest_route=\/wp\/v2\/posts\/9067"}],"collection":[{"href":"http:\/\/roczyny.duszpasterstwa.bielsko.pl\/index.php?rest_route=\/wp\/v2\/posts"}],"about":[{"href":"http:\/\/roczyny.duszpasterstwa.bielsko.pl\/index.php?rest_route=\/wp\/v2\/types\/post"}],"author":[{"embeddable":true,"href":"http:\/\/roczyny.duszpasterstwa.bielsko.pl\/index.php?rest_route=\/wp\/v2\/users\/2"}],"replies":[{"embeddable":true,"href":"http:\/\/roczyny.duszpasterstwa.bielsko.pl\/index.php?rest_route=%2Fwp%2Fv2%2Fcomments&post=9067"}],"version-history":[{"count":2,"href":"http:\/\/roczyny.duszpasterstwa.bielsko.pl\/index.php?rest_route=\/wp\/v2\/posts\/9067\/revisions"}],"predecessor-version":[{"id":9069,"href":"http:\/\/roczyny.duszpasterstwa.bielsko.pl\/index.php?rest_route=\/wp\/v2\/posts\/9067\/revisions\/9069"}],"wp:featuredmedia":[{"embeddable":true,"href":"http:\/\/roczyny.duszpasterstwa.bielsko.pl\/index.php?rest_route=\/wp\/v2\/media\/8745"}],"wp:attachment":[{"href":"http:\/\/roczyny.duszpasterstwa.bielsko.pl\/index.php?rest_route=%2Fwp%2Fv2%2Fmedia&parent=9067"}],"wp:term":[{"taxonomy":"category","embeddable":true,"href":"http:\/\/roczyny.duszpasterstwa.bielsko.pl\/index.php?rest_route=%2Fwp%2Fv2%2Fcategories&post=9067"},{"taxonomy":"post_tag","embeddable":true,"href":"http:\/\/roczyny.duszpasterstwa.bielsko.pl\/index.php?rest_route=%2Fwp%2Fv2%2Ftags&post=9067"}],"curies":[{"name":"wp","href":"https:\/\/api.w.org\/{rel}","templated":true}]}}