{"id":9063,"date":"2023-02-04T15:45:42","date_gmt":"2023-02-04T14:45:42","guid":{"rendered":"http:\/\/roczyny.duszpasterstwa.bielsko.pl\/?p=9063"},"modified":"2023-02-04T15:45:42","modified_gmt":"2023-02-04T14:45:42","slug":"ogloszenia-i-intencje-v-niedziela-zwykla-2","status":"publish","type":"post","link":"http:\/\/roczyny.duszpasterstwa.bielsko.pl\/?p=9063","title":{"rendered":"OG\u0141OSZENIA I INTENCJE &#8211;  V NIEDZIELA ZWYK\u0141A&#8230;"},"content":{"rendered":"<h3 style=\"font-weight: 400;\"><strong><u>V&nbsp;&nbsp;&nbsp; N I E D Z I E L A&nbsp;&nbsp;&nbsp; Z W Y K \u0141 A<\/u><\/strong>&nbsp; (5.o2.2023r.)<\/h3>\n<h3 style=\"font-weight: 400;\">Dzi\u015b I-wsza niedziela miesi\u0105ca \u2013 po Mszy \u015bw. Adoracja Naj\u015bw. Sakramentu.<\/h3>\n<h3 style=\"font-weight: 400;\">Poniedzia\u0142ek \u2013 wsp. \u015bwi\u0119tych m\u0119czennik\u00f3w Paw\u0142a Mikimi Towarzyszy<\/h3>\n<h3 style=\"font-weight: 400;\">Pi\u0105tek&nbsp;&nbsp;&nbsp;&nbsp;&nbsp;&nbsp;&nbsp;&nbsp;&nbsp;&nbsp;&nbsp;&nbsp;&nbsp; &#8211; wsp. \u015bw. Scholastyki, dz.<\/h3>\n<h3 style=\"font-weight: 400;\">Sobota \u2013 11 lutego \u2013 wsp. NMP z Lourdes, kt\u00f3ra jest obchodzona jako \u015awiatowy Dzie\u0144 Chorego. Modlimy si\u0119 za ludzi dotkni\u0119tych b\u00f3lem i cierpieniem. Polecamy Panu Bogu wszystkich pracownik\u00f3w s\u0142u\u017cby zdrowia.<\/h3>\n<h3 style=\"font-weight: 400;\"><strong><em>I N T E N C J E&nbsp;&nbsp;&nbsp; M S Z Y&nbsp;&nbsp;&nbsp; \u015a W.<\/em><\/strong><\/h3>\n<h3 style=\"font-weight: 400;\">Poniedzia\u0142ek(6)<\/h3>\n<h3 style=\"font-weight: 400;\">&nbsp;&nbsp; godz.6.3o&nbsp;&nbsp; &#8211; +W\u0142adys\u0142awa Kolber<\/h3>\n<h3 style=\"font-weight: 400;\">&nbsp;&nbsp; godz.17.oo &#8211; +Alojz\u0119 Matejko 3 r. \u015bm.<\/h3>\n<h3 style=\"font-weight: 400;\">Wtorek(7)<\/h3>\n<h3 style=\"font-weight: 400;\">&nbsp;&nbsp; godz.6.3o&nbsp;&nbsp; &#8211; +Danut\u0119 Koral<\/h3>\n<h3 style=\"font-weight: 400;\">&nbsp;&nbsp; godz.17.oo \u2013 Dzi\u0119kczynna za otrzymane \u0142aski z pro\u015bb\u0105 o dalsz\u0105 opiek\u0119 dla rodziny<\/h3>\n<h3 style=\"font-weight: 400;\">\u015aroda(8)<\/h3>\n<h3 style=\"font-weight: 400;\">&nbsp;&nbsp; godz.6.3o&nbsp;&nbsp; &#8211; +Agat\u0119 Wn\u0119trzak<\/h3>\n<h3 style=\"font-weight: 400;\">&nbsp;&nbsp; godz.17.oo &#8211; +Ryszarda Czubak<\/h3>\n<h3 style=\"font-weight: 400;\">Czwartek(9)<\/h3>\n<h3 style=\"font-weight: 400;\">&nbsp;&nbsp; godz.6.3o&nbsp;&nbsp;&nbsp; &#8211;&nbsp; Za zmar\u0142ych z okresu rocznego naszej parafii<\/h3>\n<h3 style=\"font-weight: 400;\">&nbsp;&nbsp; godz.17.oo &#8211; +Rozali\u0119 Ga\u0142osz 4 r. \u015bm. z m\u0119\u017cem Boles\u0142awem i synem Edwardem<\/h3>\n<h3 style=\"font-weight: 400;\">Pi\u0105tek(1o)<\/h3>\n<h3 style=\"font-weight: 400;\">&nbsp;&nbsp; godz.6.3o&nbsp;&nbsp; &#8211; +Jadwig\u0119 Kud\u0142acik w 30-ty dzie\u0144 po \u015bmierci<\/h3>\n<h3 style=\"font-weight: 400;\">&nbsp;&nbsp; godz.17.oo &#8211; +W\u0142adys\u0142awa Fry\u015b z \u017con\u0105 Ann\u0105 c\u00f3rk\u0105 Janin\u0105 z Francji<\/h3>\n<h3 style=\"font-weight: 400;\">Sobota(11)<\/h3>\n<h3 style=\"font-weight: 400;\">&nbsp;&nbsp; godz.6.3o&nbsp;&nbsp; &#8211; +Michalin\u0119 Korczak od kole\u017canki ze szko\u0142y \u015bw. Kr\u00f3lowej w Andrychowie<\/h3>\n<h3 style=\"font-weight: 400;\">&nbsp;&nbsp; godz.17.oo &#8211; +Kazimierza Kud\u0142acik z \u017con\u0105 El\u017cbiet\u0105 z Su\u0142kowic<\/h3>\n<h3 style=\"font-weight: 400;\">Niedziela(12)<\/h3>\n<h3 style=\"font-weight: 400;\">&nbsp;&nbsp; godz.7.oo&nbsp;&nbsp; &#8211; +Barbar\u0119 Adolfa Ko\u0142odziejczyk, Rozali\u0119 Adama Pabi\u015b<\/h3>\n<h3 style=\"font-weight: 400;\">&nbsp;&nbsp;&nbsp;&nbsp;&nbsp;&nbsp;&nbsp;&nbsp;&nbsp;&nbsp;&nbsp;&nbsp;&nbsp;&nbsp;&nbsp;&nbsp;&nbsp;&nbsp;&nbsp;&nbsp;&nbsp;&nbsp;&nbsp; &#8211; W int. Marii i Tomasza w 30-t\u0105 r. \u015blubu<\/h3>\n<h3 style=\"font-weight: 400;\">&nbsp;&nbsp; godz.9.oo&nbsp;&nbsp; &#8211; +J\u00f3zefa \u017bywio\u0142<\/h3>\n<h3 style=\"font-weight: 400;\">&nbsp;&nbsp;&nbsp;&nbsp;&nbsp;&nbsp;&nbsp;&nbsp;&nbsp;&nbsp;&nbsp;&nbsp;&nbsp;&nbsp;&nbsp;&nbsp;&nbsp;&nbsp;&nbsp;&nbsp;&nbsp;&nbsp;&nbsp; &#8211; +Edwarda Graca<\/h3>\n<h3 style=\"font-weight: 400;\">&nbsp;&nbsp; godz.11.oo &#8211; +Kazimierza Sordyl z synem J\u00f3zefem<\/h3>\n<h3 style=\"font-weight: 400;\">&nbsp;&nbsp;&nbsp;&nbsp;&nbsp;&nbsp;&nbsp;&nbsp;&nbsp;&nbsp;&nbsp;&nbsp;&nbsp;&nbsp;&nbsp;&nbsp;&nbsp;&nbsp;&nbsp;&nbsp;&nbsp;&nbsp;&nbsp;&nbsp; &#8211; +Iren\u0119 J\u00f3zefa Baran<\/h3>\n<h3 style=\"font-weight: 400;\">&nbsp;&nbsp; godz.15.oo &#8211; +Janin\u0119 J\u00f3zefa \u0141yso\u0144 r. \u015bm.<\/h3>\n<h3 style=\"font-weight: 400;\">&nbsp;&nbsp;&nbsp;&nbsp;&nbsp;&nbsp;&nbsp;&nbsp;&nbsp;&nbsp;&nbsp;&nbsp;&nbsp;&nbsp;&nbsp;&nbsp;&nbsp;&nbsp;&nbsp;&nbsp;&nbsp;&nbsp;&nbsp;&nbsp; &#8211; +Stanis\u0142awa Sordyla z rodzicami i te\u015bciami&nbsp;<\/h3>\n","protected":false},"excerpt":{"rendered":"<p>V&nbsp;&nbsp;&nbsp; N I E D Z I E L A&nbsp;&nbsp;&nbsp; Z W Y K \u0141 A&nbsp; (5.o2.2023r.) Dzi\u015b I-wsza niedziela <a class=\"read-more\" href=\"http:\/\/roczyny.duszpasterstwa.bielsko.pl\/?p=9063\">czytaj dalej<\/a><\/p>\n","protected":false},"author":2,"featured_media":8745,"comment_status":"closed","ping_status":"open","sticky":false,"template":"","format":"standard","meta":{"ngg_post_thumbnail":0,"footnotes":""},"categories":[15,12,1],"tags":[],"class_list":["post-9063","post","type-post","status-publish","format-standard","has-post-thumbnail","hentry","category-aktualnosci","category-ogloszenia-parafialne","category-uncategorized","post-item clearfix"],"_links":{"self":[{"href":"http:\/\/roczyny.duszpasterstwa.bielsko.pl\/index.php?rest_route=\/wp\/v2\/posts\/9063"}],"collection":[{"href":"http:\/\/roczyny.duszpasterstwa.bielsko.pl\/index.php?rest_route=\/wp\/v2\/posts"}],"about":[{"href":"http:\/\/roczyny.duszpasterstwa.bielsko.pl\/index.php?rest_route=\/wp\/v2\/types\/post"}],"author":[{"embeddable":true,"href":"http:\/\/roczyny.duszpasterstwa.bielsko.pl\/index.php?rest_route=\/wp\/v2\/users\/2"}],"replies":[{"embeddable":true,"href":"http:\/\/roczyny.duszpasterstwa.bielsko.pl\/index.php?rest_route=%2Fwp%2Fv2%2Fcomments&post=9063"}],"version-history":[{"count":2,"href":"http:\/\/roczyny.duszpasterstwa.bielsko.pl\/index.php?rest_route=\/wp\/v2\/posts\/9063\/revisions"}],"predecessor-version":[{"id":9065,"href":"http:\/\/roczyny.duszpasterstwa.bielsko.pl\/index.php?rest_route=\/wp\/v2\/posts\/9063\/revisions\/9065"}],"wp:featuredmedia":[{"embeddable":true,"href":"http:\/\/roczyny.duszpasterstwa.bielsko.pl\/index.php?rest_route=\/wp\/v2\/media\/8745"}],"wp:attachment":[{"href":"http:\/\/roczyny.duszpasterstwa.bielsko.pl\/index.php?rest_route=%2Fwp%2Fv2%2Fmedia&parent=9063"}],"wp:term":[{"taxonomy":"category","embeddable":true,"href":"http:\/\/roczyny.duszpasterstwa.bielsko.pl\/index.php?rest_route=%2Fwp%2Fv2%2Fcategories&post=9063"},{"taxonomy":"post_tag","embeddable":true,"href":"http:\/\/roczyny.duszpasterstwa.bielsko.pl\/index.php?rest_route=%2Fwp%2Fv2%2Ftags&post=9063"}],"curies":[{"name":"wp","href":"https:\/\/api.w.org\/{rel}","templated":true}]}}