{"id":9061,"date":"2023-01-28T10:55:47","date_gmt":"2023-01-28T09:55:47","guid":{"rendered":"http:\/\/roczyny.duszpasterstwa.bielsko.pl\/?p=9061"},"modified":"2023-01-28T10:55:47","modified_gmt":"2023-01-28T09:55:47","slug":"ogloszenia-i-intencje-iv-niedziela-zwykla-2","status":"publish","type":"post","link":"http:\/\/roczyny.duszpasterstwa.bielsko.pl\/?p=9061","title":{"rendered":"OG\u0141OSZENIA i INTENCJE &#8211; IV Niedziela Zwyk\u0142a&#8230;"},"content":{"rendered":"<p style=\"font-weight: 400;\"><strong><u>I V&nbsp;&nbsp;&nbsp; N I E D Z I E L A&nbsp;&nbsp;&nbsp; Z W Y K \u0141 A<\/u><\/strong> (29.o1.2023r.)<\/p>\n<p style=\"font-weight: 400;\">Wtorek&nbsp; &#8211; wsp.&nbsp; \u015bw. Jana Bosko, kap\u0142.<\/p>\n<p style=\"font-weight: 400;\">Czwartek 2 lutego \u2013 \u015bwi\u0119to Ofiarowania Pa\u0144skiego. Jest to zarazem Dzie\u0144 \u017bycia Konsekrowanego. Po\u015bwi\u0119cenie gromnic na ka\u017cdej Mszy \u015bw.<\/p>\n<p style=\"font-weight: 400;\">Msze \u015bw. o godz.7.oo; 9.oo; 17.oo<\/p>\n<p style=\"font-weight: 400;\">Pi\u0105tek&nbsp; &#8211; wsp. \u015bw. B\u0142a\u017ceja, bp. i m.<\/p>\n<p style=\"font-weight: 400;\">W tym tygodniu I-wszy czwartek i I-wszy pi\u0105tek miesi\u0105ca.<\/p>\n<p style=\"font-weight: 400;\">Zmiana tajemnic&nbsp; r\u00f3\u017ca\u0144cowych wyj\u0105tkowo w najbli\u017cszy &nbsp;pierwszy pi\u0105tek po Mszy \u015bw. wieczornej.<\/p>\n<p style=\"font-weight: 400;\"><strong><em>I N T E N C J E&nbsp;&nbsp; M S Z Y&nbsp; \u015a W.<\/em><\/strong><\/p>\n<p style=\"font-weight: 400;\">Poniedzia\u0142ek(30)<\/p>\n<p style=\"font-weight: 400;\">&nbsp;&nbsp; godz.6.3o&nbsp;&nbsp; &#8211; +Krzysztofa Drabczyk<\/p>\n<p style=\"font-weight: 400;\">&nbsp;&nbsp; godz.17.oo &#8211; +Jana Lipowskiego 10 r. \u015bm. z \u017con\u0105 Kazimier\u0105<\/p>\n<p style=\"font-weight: 400;\">Wtorek(31)<\/p>\n<p style=\"font-weight: 400;\">&nbsp;&nbsp; godz.6.3o&nbsp;&nbsp; &#8211; +J\u00f3zefa Mazgaj 2 r. \u015bm. z \u017con\u0105 Alicj\u0105<\/p>\n<p style=\"font-weight: 400;\">&nbsp;&nbsp; godz.17.oo &#8211; +Mari\u0119 Mrzyg\u0142\u00f3d 1 r. \u015bm.<\/p>\n<p style=\"font-weight: 400;\">\u015aroda(1)<\/p>\n<p style=\"font-weight: 400;\">&nbsp;&nbsp; godz.6.3o&nbsp;&nbsp; &#8211; Za dusze wypominane (WYPOMINKI)<\/p>\n<p style=\"font-weight: 400;\">&nbsp;&nbsp; godz.17.oo &#8211; +Mariana Gumo\u015b, Ignacego i Juli\u0119 Smaza<\/p>\n<p style=\"font-weight: 400;\">Czwartek(2)<\/p>\n<p style=\"font-weight: 400;\">&nbsp;&nbsp; godz.7.oo&nbsp;&nbsp; &#8211; Dzi\u0119kczynna za powo\u0142anie siostry Miriam o b\u0142. Bo\u017ce i opiek\u0119 Matki Bo\u017cej<\/p>\n<p style=\"font-weight: 400;\">&nbsp;&nbsp;&nbsp;&nbsp;&nbsp;&nbsp;&nbsp;&nbsp;&nbsp;&nbsp;&nbsp;&nbsp;&nbsp;&nbsp;&nbsp;&nbsp;&nbsp;&nbsp;&nbsp;&nbsp;&nbsp;&nbsp;&nbsp;&nbsp;&nbsp;&nbsp; na dalsz\u0105 drog\u0119 powo\u0142ania od najbli\u017cszych<\/p>\n<p style=\"font-weight: 400;\">&nbsp;&nbsp; godz.9.oo&nbsp;&nbsp; &#8211; +Mari\u0119 i W\u0142adys\u0142awa Kierpiec<\/p>\n<p style=\"font-weight: 400;\">&nbsp;&nbsp; godz.17.oo &#8211; +Helen\u0119 Ry\u0142ko 10 r. \u015bm. z m\u0119\u017cem J\u00f3zefem i Stanis\u0142awem synem<\/p>\n<p style=\"font-weight: 400;\">Pi\u0105tek(3)<\/p>\n<p style=\"font-weight: 400;\">&nbsp;&nbsp; godz.6.3o&nbsp;&nbsp; &#8211; +Danut\u0119 Koral<\/p>\n<p style=\"font-weight: 400;\">&nbsp;&nbsp; godz.17.oo &#8211; +Helen\u0119 We\u017aranowsk\u0105 r. \u015bm. z m\u0119\u017cem Kazimierzem<\/p>\n<p style=\"font-weight: 400;\">Sobota(4)<\/p>\n<p style=\"font-weight: 400;\">&nbsp;&nbsp; godz.6.3o&nbsp;&nbsp;&nbsp; &#8211; +Agat\u0119 Wn\u0119trzak<\/p>\n<p style=\"font-weight: 400;\">&nbsp;&nbsp; godz.17.oo &#8211; +Mari\u0119 i Czes\u0142awa Rusinek<\/p>\n<p style=\"font-weight: 400;\">Niedziela(5)<\/p>\n<p style=\"font-weight: 400;\">&nbsp;&nbsp; godz.7.oo&nbsp;&nbsp; &#8211; +Stanis\u0142awa Ku\u017am\u0119<\/p>\n<p style=\"font-weight: 400;\">&nbsp;&nbsp;&nbsp;&nbsp;&nbsp;&nbsp;&nbsp;&nbsp;&nbsp;&nbsp;&nbsp;&nbsp;&nbsp;&nbsp;&nbsp;&nbsp;&nbsp;&nbsp;&nbsp;&nbsp;&nbsp;&nbsp;&nbsp;&nbsp; &#8211; W int. ma\u0142\u017conk\u00f3w obchodz\u0105cych rocznic\u0119 \u015blubu o zdrowie i b\u0142. Bo\u017ce<\/p>\n<p style=\"font-weight: 400;\">&nbsp;&nbsp; godz.9.oo&nbsp;&nbsp; &#8211; +Edwarda Jaremczak 8 r. \u015bm. od rodziny<\/p>\n<p style=\"font-weight: 400;\">&nbsp;&nbsp;&nbsp;&nbsp;&nbsp;&nbsp;&nbsp;&nbsp;&nbsp;&nbsp;&nbsp;&nbsp;&nbsp;&nbsp;&nbsp;&nbsp;&nbsp;&nbsp;&nbsp;&nbsp;&nbsp;&nbsp;&nbsp; &#8211; +Jana Zawi\u0142\u0119 w 30-ty dzie\u0144 po \u015bmierci<\/p>\n<p style=\"font-weight: 400;\">&nbsp;&nbsp; godz.11.oo &#8211; +Romana Walusiaka 8 r. \u015bm. od \u017cony i dzieci<\/p>\n<p style=\"font-weight: 400;\">&nbsp;&nbsp;&nbsp;&nbsp;&nbsp;&nbsp;&nbsp;&nbsp;&nbsp;&nbsp;&nbsp;&nbsp;&nbsp;&nbsp;&nbsp;&nbsp;&nbsp;&nbsp;&nbsp;&nbsp;&nbsp;&nbsp;&nbsp;&nbsp; &#8211; +Stanis\u0142awa Dubaj w 30-ty dzie\u0144 po \u015bmierci<\/p>\n<p style=\"font-weight: 400;\">&nbsp;&nbsp; godz.15.oo \u2013 W int. Barbary i Piotra w 40-t\u0105 r. urodzin wraz z dzie\u0107mi Patrykiem<\/p>\n<p style=\"font-weight: 400;\">&nbsp;&nbsp;&nbsp;&nbsp;&nbsp;&nbsp;&nbsp;&nbsp;&nbsp;&nbsp;&nbsp;&nbsp;&nbsp;&nbsp;&nbsp;&nbsp;&nbsp;&nbsp;&nbsp;&nbsp;&nbsp;&nbsp;&nbsp;&nbsp;&nbsp;&nbsp;&nbsp;&nbsp; i Micha\u0142em o b\u0142. Bo\u017ce i zdrowie<\/p>\n<p style=\"font-weight: 400;\">&nbsp;&nbsp;&nbsp;&nbsp;&nbsp;&nbsp;&nbsp;&nbsp;&nbsp;&nbsp;&nbsp;&nbsp;&nbsp; &nbsp;&nbsp;&nbsp;&nbsp;&nbsp;&nbsp;&nbsp;&nbsp;&nbsp;&nbsp;&nbsp;&#8211;&nbsp; +Mari\u0119 Prus z m\u0119\u017cem W\u0142adys\u0142awem<\/p>\n","protected":false},"excerpt":{"rendered":"<p>I V&nbsp;&nbsp;&nbsp; N I E D Z I E L A&nbsp;&nbsp;&nbsp; Z W Y K \u0141 A (29.o1.2023r.) Wtorek&nbsp; &#8211; <a class=\"read-more\" href=\"http:\/\/roczyny.duszpasterstwa.bielsko.pl\/?p=9061\">czytaj dalej<\/a><\/p>\n","protected":false},"author":2,"featured_media":8745,"comment_status":"closed","ping_status":"open","sticky":false,"template":"","format":"standard","meta":{"ngg_post_thumbnail":0,"footnotes":""},"categories":[15,12],"tags":[],"class_list":["post-9061","post","type-post","status-publish","format-standard","has-post-thumbnail","hentry","category-aktualnosci","category-ogloszenia-parafialne","post-item clearfix"],"_links":{"self":[{"href":"http:\/\/roczyny.duszpasterstwa.bielsko.pl\/index.php?rest_route=\/wp\/v2\/posts\/9061"}],"collection":[{"href":"http:\/\/roczyny.duszpasterstwa.bielsko.pl\/index.php?rest_route=\/wp\/v2\/posts"}],"about":[{"href":"http:\/\/roczyny.duszpasterstwa.bielsko.pl\/index.php?rest_route=\/wp\/v2\/types\/post"}],"author":[{"embeddable":true,"href":"http:\/\/roczyny.duszpasterstwa.bielsko.pl\/index.php?rest_route=\/wp\/v2\/users\/2"}],"replies":[{"embeddable":true,"href":"http:\/\/roczyny.duszpasterstwa.bielsko.pl\/index.php?rest_route=%2Fwp%2Fv2%2Fcomments&post=9061"}],"version-history":[{"count":1,"href":"http:\/\/roczyny.duszpasterstwa.bielsko.pl\/index.php?rest_route=\/wp\/v2\/posts\/9061\/revisions"}],"predecessor-version":[{"id":9062,"href":"http:\/\/roczyny.duszpasterstwa.bielsko.pl\/index.php?rest_route=\/wp\/v2\/posts\/9061\/revisions\/9062"}],"wp:featuredmedia":[{"embeddable":true,"href":"http:\/\/roczyny.duszpasterstwa.bielsko.pl\/index.php?rest_route=\/wp\/v2\/media\/8745"}],"wp:attachment":[{"href":"http:\/\/roczyny.duszpasterstwa.bielsko.pl\/index.php?rest_route=%2Fwp%2Fv2%2Fmedia&parent=9061"}],"wp:term":[{"taxonomy":"category","embeddable":true,"href":"http:\/\/roczyny.duszpasterstwa.bielsko.pl\/index.php?rest_route=%2Fwp%2Fv2%2Fcategories&post=9061"},{"taxonomy":"post_tag","embeddable":true,"href":"http:\/\/roczyny.duszpasterstwa.bielsko.pl\/index.php?rest_route=%2Fwp%2Fv2%2Ftags&post=9061"}],"curies":[{"name":"wp","href":"https:\/\/api.w.org\/{rel}","templated":true}]}}