{"id":9030,"date":"2023-01-21T16:51:45","date_gmt":"2023-01-21T15:51:45","guid":{"rendered":"http:\/\/roczyny.duszpasterstwa.bielsko.pl\/?p=9030"},"modified":"2023-06-06T13:42:01","modified_gmt":"2023-06-06T11:42:01","slug":"zapraszamy-na-pielgrzymke","status":"publish","type":"post","link":"http:\/\/roczyny.duszpasterstwa.bielsko.pl\/?p=9030","title":{"rendered":"ZAPRASZAMY NA PIELGRZYMK\u0118&#8230;"},"content":{"rendered":"<h2 style=\"font-weight: 400;\">Organizujemy Trzydniow\u0105 Pielgrzymk\u0119 do <strong>Markowej, Le\u017cajska,&nbsp; Jaros\u0142awia, Przemy\u015bla, Strachociny oraz&nbsp; Koma\u0144czy w terminie od 14 do 16 kwietnia.<\/strong>Koszt 540 z\u0142. Zapisy u ks. Paw\u0142a lub w zakrystii z wp\u0142at\u0105 100 z\u0142<\/h2>\n<h2>ks. Pawe\u0142 &#8211; tel.kom 604057209. &nbsp;\/\/ &nbsp; &nbsp;phubczak@op.pl<\/h2>\n<p><a href=\"http:\/\/roczyny.duszpasterstwa.bielsko.pl\/wp-content\/uploads\/2023\/01\/D4EE4081-4A06-40A5-863C-893011752EB8_1_201_a.jpeg\"><img fetchpriority=\"high\" decoding=\"async\" class=\"aligncenter size-large wp-image-9031\" src=\"http:\/\/roczyny.duszpasterstwa.bielsko.pl\/wp-content\/uploads\/2023\/01\/D4EE4081-4A06-40A5-863C-893011752EB8_1_201_a-853x1024.jpeg\" alt=\"\" width=\"853\" height=\"1024\" srcset=\"http:\/\/roczyny.duszpasterstwa.bielsko.pl\/wp-content\/uploads\/2023\/01\/D4EE4081-4A06-40A5-863C-893011752EB8_1_201_a-853x1024.jpeg 853w, http:\/\/roczyny.duszpasterstwa.bielsko.pl\/wp-content\/uploads\/2023\/01\/D4EE4081-4A06-40A5-863C-893011752EB8_1_201_a-250x300.jpeg 250w, http:\/\/roczyny.duszpasterstwa.bielsko.pl\/wp-content\/uploads\/2023\/01\/D4EE4081-4A06-40A5-863C-893011752EB8_1_201_a-768x922.jpeg 768w, http:\/\/roczyny.duszpasterstwa.bielsko.pl\/wp-content\/uploads\/2023\/01\/D4EE4081-4A06-40A5-863C-893011752EB8_1_201_a-200x240.jpeg 200w, http:\/\/roczyny.duszpasterstwa.bielsko.pl\/wp-content\/uploads\/2023\/01\/D4EE4081-4A06-40A5-863C-893011752EB8_1_201_a-690x829.jpeg 690w, http:\/\/roczyny.duszpasterstwa.bielsko.pl\/wp-content\/uploads\/2023\/01\/D4EE4081-4A06-40A5-863C-893011752EB8_1_201_a.jpeg 926w\" sizes=\"(max-width: 853px) 100vw, 853px\" \/><\/a><\/p>\n<p>&nbsp;<\/p>\n<p>&nbsp;<\/p>\n","protected":false},"excerpt":{"rendered":"<p>Organizujemy Trzydniow\u0105 Pielgrzymk\u0119 do Markowej, Le\u017cajska,&nbsp; Jaros\u0142awia, Przemy\u015bla, Strachociny oraz&nbsp; Koma\u0144czy w terminie od 14 do 16 kwietnia.Koszt 540 z\u0142. <a class=\"read-more\" href=\"http:\/\/roczyny.duszpasterstwa.bielsko.pl\/?p=9030\">czytaj dalej<\/a><\/p>\n","protected":false},"author":2,"featured_media":9032,"comment_status":"closed","ping_status":"open","sticky":false,"template":"","format":"standard","meta":{"ngg_post_thumbnail":0,"footnotes":""},"categories":[15,30],"tags":[],"class_list":["post-9030","post","type-post","status-publish","format-standard","has-post-thumbnail","hentry","category-aktualnosci","category-pielgrzymki","post-item clearfix"],"_links":{"self":[{"href":"http:\/\/roczyny.duszpasterstwa.bielsko.pl\/index.php?rest_route=\/wp\/v2\/posts\/9030"}],"collection":[{"href":"http:\/\/roczyny.duszpasterstwa.bielsko.pl\/index.php?rest_route=\/wp\/v2\/posts"}],"about":[{"href":"http:\/\/roczyny.duszpasterstwa.bielsko.pl\/index.php?rest_route=\/wp\/v2\/types\/post"}],"author":[{"embeddable":true,"href":"http:\/\/roczyny.duszpasterstwa.bielsko.pl\/index.php?rest_route=\/wp\/v2\/users\/2"}],"replies":[{"embeddable":true,"href":"http:\/\/roczyny.duszpasterstwa.bielsko.pl\/index.php?rest_route=%2Fwp%2Fv2%2Fcomments&post=9030"}],"version-history":[{"count":1,"href":"http:\/\/roczyny.duszpasterstwa.bielsko.pl\/index.php?rest_route=\/wp\/v2\/posts\/9030\/revisions"}],"predecessor-version":[{"id":9033,"href":"http:\/\/roczyny.duszpasterstwa.bielsko.pl\/index.php?rest_route=\/wp\/v2\/posts\/9030\/revisions\/9033"}],"wp:featuredmedia":[{"embeddable":true,"href":"http:\/\/roczyny.duszpasterstwa.bielsko.pl\/index.php?rest_route=\/wp\/v2\/media\/9032"}],"wp:attachment":[{"href":"http:\/\/roczyny.duszpasterstwa.bielsko.pl\/index.php?rest_route=%2Fwp%2Fv2%2Fmedia&parent=9030"}],"wp:term":[{"taxonomy":"category","embeddable":true,"href":"http:\/\/roczyny.duszpasterstwa.bielsko.pl\/index.php?rest_route=%2Fwp%2Fv2%2Fcategories&post=9030"},{"taxonomy":"post_tag","embeddable":true,"href":"http:\/\/roczyny.duszpasterstwa.bielsko.pl\/index.php?rest_route=%2Fwp%2Fv2%2Ftags&post=9030"}],"curies":[{"name":"wp","href":"https:\/\/api.w.org\/{rel}","templated":true}]}}