{"id":9002,"date":"2023-01-21T10:46:13","date_gmt":"2023-01-21T09:46:13","guid":{"rendered":"http:\/\/roczyny.duszpasterstwa.bielsko.pl\/?p=9002"},"modified":"2023-01-21T11:38:26","modified_gmt":"2023-01-21T10:38:26","slug":"ogloszenia-i-intencje-iii-niedziela-zwykla-2","status":"publish","type":"post","link":"http:\/\/roczyny.duszpasterstwa.bielsko.pl\/?p=9002","title":{"rendered":"OG\u0141OSZENIA I INTENCJE &#8211; III NIEDZIELA ZWYK\u0141A"},"content":{"rendered":"<h3 style=\"font-weight: 400;\"><strong><u>I I I&nbsp;&nbsp;&nbsp; N I E D Z I E L A&nbsp;&nbsp; Z W Y K \u0141 A<\/u><\/strong>&nbsp; (22.o1.2023r.)<\/h3>\n<h3 style=\"font-weight: 400;\">Wtorek&nbsp; &nbsp;&nbsp;&nbsp;&#8211; wsp. \u015bw. Franciszka Salezego, bp. i dK<\/h3>\n<h3 style=\"font-weight: 400;\">\u015aroda&nbsp;&nbsp;&nbsp; &nbsp;&nbsp;&nbsp;&nbsp;&#8211; \u015bwi\u0119to Nawr\u00f3cenia \u015bw. Paw\u0142a Ap.<\/h3>\n<h3 style=\"font-weight: 400;\">Czwartek \u2013 wsp. \u015bwi\u0119tych bp. Tymoteusza i Tytusa<\/h3>\n<h3 style=\"font-weight: 400;\">Sobota&nbsp;&nbsp;&nbsp;&nbsp;&nbsp; &#8211; wsp. \u015bw. Tomasza z Akwinu, kap\u0142. i dK<\/h3>\n<h3 style=\"font-weight: 400;\">&nbsp;<\/h3>\n<h3 style=\"font-weight: 400;\">Organizujemy Trzydniow\u0105 Pielgrzymk\u0119 do&nbsp; Markowej, Le\u017cajska,&nbsp; Jaros\u0142awia, Przemy\u015bla, Strachociny oraz&nbsp; Koma\u0144czy w terminie od 14 do 16 kwietnia. Koszt 540 z\u0142. Zapisy u ks. Paw\u0142a lub w zakrystii z wp\u0142at\u0105 100 z\u0142<\/h3>\n<h3 style=\"font-weight: 400;\">W najbli\u017csz\u0105 \u015brod\u0119 po Mszy \u015bw. wieczornej o 17.30 zapraszamy m\u0142odzie\u017c klas VIII na spotkanie formacyjne przed bierzmowaniem.<\/h3>\n<h3 style=\"font-weight: 400;\">W pi\u0105tek 27 stycznia po mszy wieczornej o 17.30&nbsp; zapraszam Dzieci i Rodzic\u00f3w wyje\u017cdzaj\u0105cych&nbsp; do Gliczarowa na zimowisko \u2013 na spotkanie organizacyjne.<\/h3>\n<h3 style=\"font-weight: 400;\">&nbsp;<\/h3>\n<h3 style=\"font-weight: 400;\"><strong><em>I N T E N C J E&nbsp;&nbsp;&nbsp; M S Z Y&nbsp;&nbsp; \u015a W.<\/em><\/strong><\/h3>\n<h3 style=\"font-weight: 400;\">Poniedzia\u0142ek(23)<\/h3>\n<h3 style=\"font-weight: 400;\">&nbsp;&nbsp; godz.6.3o&nbsp;&nbsp; &#8211; +Krystyn\u0119 Sordyl<\/h3>\n<h3 style=\"font-weight: 400;\">&nbsp;&nbsp; godz.17.oo &#8211; +Micha\u0142a Krucza\u0142\u0119 3 r. \u015bm. z \u017con\u0105 Jadwig\u0105<\/h3>\n<h3 style=\"font-weight: 400;\">Wtorek(24)<\/h3>\n<h3 style=\"font-weight: 400;\">&nbsp;&nbsp; godz.6.3o&nbsp;&nbsp; &#8211; +Janin\u0119 Kierpiec<\/h3>\n<h3 style=\"font-weight: 400;\">&nbsp;&nbsp;&nbsp;&nbsp;&nbsp;&nbsp;&nbsp;&nbsp;&nbsp;&nbsp;&nbsp;&nbsp;&nbsp;&nbsp;&nbsp;&nbsp;&nbsp;&nbsp;&nbsp;&nbsp;&nbsp;&nbsp; &#8211; +Jadwig\u0119 Pi\u0119tka w 30-ty dzie\u0144 po \u015bmierci<\/h3>\n<h3 style=\"font-weight: 400;\">&nbsp;&nbsp; godz.17.oo \u2013 W int. Galii w 1-wsz\u0105 r. urodzin<\/h3>\n<h3 style=\"font-weight: 400;\">\u015aroda(25)<\/h3>\n<h3 style=\"font-weight: 400;\">&nbsp;&nbsp; godz.6.3o&nbsp;&nbsp; &#8211; +Krzysztofa Drabczyk<\/h3>\n<h3 style=\"font-weight: 400;\">&nbsp;&nbsp; godz.17.oo &#8211; +Bronis\u0142awa Mokw\u0119 z synem Witoldem i rodzicami<\/h3>\n<h3 style=\"font-weight: 400;\">Czwartek(26)<\/h3>\n<h3 style=\"font-weight: 400;\">&nbsp;&nbsp; godz.6.3o&nbsp;&nbsp; &#8211; +Miros\u0142awa Turek w 30-ty dzie\u0144 po \u015bmierci<\/h3>\n<h3 style=\"font-weight: 400;\">&nbsp;&nbsp;&nbsp;&nbsp;&nbsp;&nbsp;&nbsp;&nbsp;&nbsp;&nbsp;&nbsp;&nbsp;&nbsp;&nbsp;&nbsp;&nbsp;&nbsp;&nbsp;&nbsp;&nbsp;&nbsp;&nbsp; &#8211; +W\u0142adys\u0142awa Kolber<\/h3>\n<h3 style=\"font-weight: 400;\">&nbsp;&nbsp; godz.17.oo &#8211; +Stanis\u0142awa Hrapkowicz w 30-ty dzie\u0144 po \u015bmierci<\/h3>\n<h3 style=\"font-weight: 400;\">Pi\u0105tek(27)<\/h3>\n<h3 style=\"font-weight: 400;\">&nbsp;&nbsp; godz.6.3o&nbsp;&nbsp; &#8211; +Janin\u0119 Kierpiec<\/h3>\n<h3 style=\"font-weight: 400;\">&nbsp;&nbsp; godz.17.oo &#8211; +Jana Zaremba 20 r. \u015bm. z c\u00f3rk\u0105 Helen\u0105<\/h3>\n<h3 style=\"font-weight: 400;\">Sobota(28)<\/h3>\n<h3 style=\"font-weight: 400;\">&nbsp;&nbsp; godz.6.3o&nbsp;&nbsp; &#8211; +Mari\u0119 Miko\u0142ajek w 30-ty dzie\u0144 po \u015bmierci<\/h3>\n<h3 style=\"font-weight: 400;\">&nbsp;&nbsp;&nbsp;&nbsp;&nbsp;&nbsp;&nbsp;&nbsp;&nbsp;&nbsp;&nbsp;&nbsp;&nbsp;&nbsp;&nbsp;&nbsp;&nbsp;&nbsp;&nbsp;&nbsp;&nbsp;&nbsp;&nbsp;&nbsp; &#8211; +Danut\u0119 Koral<\/h3>\n<h3 style=\"font-weight: 400;\">&nbsp;&nbsp; godz.17.oo &#8211; +Stanis\u0142aw\u0119 Walczak z m\u0119\u017cem Stanis\u0142awem synem Antonim<\/h3>\n<h3 style=\"font-weight: 400;\">Niedziela(29)<\/h3>\n<h3 style=\"font-weight: 400;\">&nbsp;&nbsp; godz.7.oo&nbsp;&nbsp; &#8211; +Eugeniusza \u017bydek z rodzicami i te\u015bciami<\/h3>\n<h3 style=\"font-weight: 400;\">&nbsp;&nbsp;&nbsp;&nbsp;&nbsp;&nbsp;&nbsp;&nbsp;&nbsp;&nbsp;&nbsp;&nbsp;&nbsp;&nbsp;&nbsp;&nbsp;&nbsp;&nbsp;&nbsp;&nbsp;&nbsp;&nbsp;&nbsp; &#8211; +Krystyn\u0119 Sordyl<\/h3>\n<h3 style=\"font-weight: 400;\">&nbsp;&nbsp; godz.9.oo&nbsp;&nbsp; &#8211; +Stanis\u0142awa Polak r. \u015bm. od najbli\u017cszych<\/h3>\n<h3 style=\"font-weight: 400;\">&nbsp;&nbsp;&nbsp;&nbsp;&nbsp;&nbsp;&nbsp;&nbsp;&nbsp;&nbsp;&nbsp;&nbsp;&nbsp;&nbsp;&nbsp;&nbsp;&nbsp;&nbsp;&nbsp;&nbsp;&nbsp;&nbsp;&nbsp; &#8211; +Aleksandr\u0119 Pilarczyk 4 r. \u015bm.<\/h3>\n<h3 style=\"font-weight: 400;\">&nbsp;&nbsp; godz.11.oo &#8211; +J\u00f3zefa Sordyl 1 r. \u015bm. od \u017cony z rodzin\u0105<\/h3>\n<h3 style=\"font-weight: 400;\">&nbsp;&nbsp;&nbsp;&nbsp;&nbsp;&nbsp;&nbsp;&nbsp;&nbsp;&nbsp;&nbsp;&nbsp;&nbsp;&nbsp;&nbsp;&nbsp;&nbsp;&nbsp;&nbsp;&nbsp;&nbsp;&nbsp;&nbsp;&nbsp; &#8211; W int. Zofii i Stanis\u0142awa w 60-t\u0105 r. \u015blubu<\/h3>\n<h3 style=\"font-weight: 400;\">&nbsp;&nbsp; godz.15.oo &#8211; +Waleri\u0119 i Jana Ku\u015bmierczyk z synami Stanis\u0142awem i Marianem<\/h3>\n<h3 style=\"font-weight: 400;\">&nbsp;&nbsp;&nbsp;&nbsp;&nbsp;&nbsp;&nbsp;&nbsp;&nbsp;&nbsp;&nbsp;&nbsp;&nbsp;&nbsp;&nbsp;&nbsp;&nbsp;&nbsp;&nbsp;&nbsp;&nbsp;&nbsp;&nbsp;&nbsp; &#8211; +Stefani\u0119 Mi\u015bk\u00f3w z m\u0119\u017cem Micha\u0142em<\/h3>\n<h3 style=\"font-weight: 400;\">&nbsp;<\/h3>\n","protected":false},"excerpt":{"rendered":"<p>I I I&nbsp;&nbsp;&nbsp; N I E D Z I E L A&nbsp;&nbsp; Z W Y K \u0141 A&nbsp; (22.o1.2023r.) Wtorek&nbsp; <a class=\"read-more\" href=\"http:\/\/roczyny.duszpasterstwa.bielsko.pl\/?p=9002\">czytaj dalej<\/a><\/p>\n","protected":false},"author":2,"featured_media":8745,"comment_status":"closed","ping_status":"open","sticky":false,"template":"","format":"standard","meta":{"ngg_post_thumbnail":0,"footnotes":""},"categories":[15,12],"tags":[],"class_list":["post-9002","post","type-post","status-publish","format-standard","has-post-thumbnail","hentry","category-aktualnosci","category-ogloszenia-parafialne","post-item clearfix"],"_links":{"self":[{"href":"http:\/\/roczyny.duszpasterstwa.bielsko.pl\/index.php?rest_route=\/wp\/v2\/posts\/9002"}],"collection":[{"href":"http:\/\/roczyny.duszpasterstwa.bielsko.pl\/index.php?rest_route=\/wp\/v2\/posts"}],"about":[{"href":"http:\/\/roczyny.duszpasterstwa.bielsko.pl\/index.php?rest_route=\/wp\/v2\/types\/post"}],"author":[{"embeddable":true,"href":"http:\/\/roczyny.duszpasterstwa.bielsko.pl\/index.php?rest_route=\/wp\/v2\/users\/2"}],"replies":[{"embeddable":true,"href":"http:\/\/roczyny.duszpasterstwa.bielsko.pl\/index.php?rest_route=%2Fwp%2Fv2%2Fcomments&post=9002"}],"version-history":[{"count":2,"href":"http:\/\/roczyny.duszpasterstwa.bielsko.pl\/index.php?rest_route=\/wp\/v2\/posts\/9002\/revisions"}],"predecessor-version":[{"id":9004,"href":"http:\/\/roczyny.duszpasterstwa.bielsko.pl\/index.php?rest_route=\/wp\/v2\/posts\/9002\/revisions\/9004"}],"wp:featuredmedia":[{"embeddable":true,"href":"http:\/\/roczyny.duszpasterstwa.bielsko.pl\/index.php?rest_route=\/wp\/v2\/media\/8745"}],"wp:attachment":[{"href":"http:\/\/roczyny.duszpasterstwa.bielsko.pl\/index.php?rest_route=%2Fwp%2Fv2%2Fmedia&parent=9002"}],"wp:term":[{"taxonomy":"category","embeddable":true,"href":"http:\/\/roczyny.duszpasterstwa.bielsko.pl\/index.php?rest_route=%2Fwp%2Fv2%2Fcategories&post=9002"},{"taxonomy":"post_tag","embeddable":true,"href":"http:\/\/roczyny.duszpasterstwa.bielsko.pl\/index.php?rest_route=%2Fwp%2Fv2%2Ftags&post=9002"}],"curies":[{"name":"wp","href":"https:\/\/api.w.org\/{rel}","templated":true}]}}