{"id":8887,"date":"2023-01-18T21:42:09","date_gmt":"2023-01-18T20:42:09","guid":{"rendered":"http:\/\/roczyny.duszpasterstwa.bielsko.pl\/?p=8887"},"modified":"2023-06-06T13:40:56","modified_gmt":"2023-06-06T11:40:56","slug":"opowiesc-wigilijna-cz-ii","status":"publish","type":"post","link":"http:\/\/roczyny.duszpasterstwa.bielsko.pl\/?p=8887","title":{"rendered":"&#8222;OPOWIE\u015a\u0106 WIGILIJNA &#8221; &#8211; CZ. II"},"content":{"rendered":"<h3>Tak wielu podj\u0119\u0142o trud, aby\u015bmy mogli przygotowa\u0107 te nietypowe jase\u0142ka&#8230;<\/h3>\n<h3>Chcia\u0142bym podzi\u0119kowa\u0107 najpierw naszej Dyrekcji&#8230; Panu Dyrektorowi Andrzejowi Kojdrowi &#8211; za pomoc w organizacji ca\u0142o\u015bci &#8211; a ja bym chcia\u0142 przede wszystkim podzi\u0119kowa\u0107 za to \u017ce by\u0142 z nami w ka\u017cdej chwili tych przygotowa\u0144 &#8211; podejmowa\u0142 prac\u0119 na r\u00f3wni z nami&#8230; Szefie &#8211; dzi\u0119ki!<\/h3>\n<h3>Panom konserwatorom Edwardowi i Andrzejowi i Pani Edycie &#8211; za ogrom pracy&#8230; Pani Bogumile, Danusi, Reni &#8211; za wszelk\u0105 pomoc&#8230; Pani Ewie &#8211; bardzo dzi\u0119kuj\u0119!<\/h3>\n<h3>To nasza &nbsp;szkolna dru\u017cyna do zada\u0144 specjalnych&#8230;<\/h3>\n<h3>Mamy tak\u017ce dru\u017cyn\u0119 Pana Karola, \u0141ukasza Bury i Krzysztofa Goszczyckiego &#8211; kt\u00f3rzy przygotowali nag\u0142o\u015bnienie<\/h3>\n<h3>Pa\u0144stwu Matyszkowiczom, Pani Lucynie Mizera i Panu Markowi &nbsp;Potaczkowi &#8211; dostarczenie nam choinek&#8230;<\/h3>\n<h3>Panu Wojciechowi Ku\u017amie, Panom z Wsp\u00f3lnoty Formacji M\u0119skiej Rzeczywisto\u015bci za wszelk\u0105 pomoc&#8230;<\/h3>\n<h3>Szkole Podstawowej nr 2 z Andrychowa, Panu Piotrowi Trojakowi &#8211; za krzes\u0142a, kotary i rekwizyty&#8230;<\/h3>\n<h3>Miejskiemu domowi kultury za podesty&#8230;<\/h3>\n<h3>Pani Dorocie Ga\u0142uszce za stroje i pomoc w scenariuszu&#8230;<\/h3>\n<h3>Panu Jackowi Mikule za transport&#8230;<\/h3>\n<h3>Pa\u0144stwu Wysogl\u0105d za rekwizyty&#8230;<\/h3>\n<h3>Panu Jerzemu Rajdzie &#8211; za rusztowania i ich monta\u017c&#8230;<\/h3>\n<h3>Panu Tomaszowi \u0106wiertnie za &nbsp;prace stolarskie&#8230;<\/h3>\n<h3>Panu Dawidowi Saferna z Firmy Techplastza u\u017cyczenie profesjonalnego rzutnika&#8230;<\/h3>\n<h3>Kochanym Rodzicom i uczniom za pomoc w demonta\u017cu dekoracji&#8230;<\/h3>\n<p>&nbsp;<\/p>\n<h3>Pewnie o kim\u015b zapomnia\u0142em&#8230; Wszystkim za wszystko &#8211; dzi\u0119kujemy!<\/h3>\n<p>&nbsp;<\/p>\n<p><a href=\"http:\/\/roczyny.duszpasterstwa.bielsko.pl\/wp-content\/uploads\/2023\/01\/tempImagennBXaa.jpg\"><img fetchpriority=\"high\" decoding=\"async\" class=\"aligncenter size-large wp-image-8888\" src=\"http:\/\/roczyny.duszpasterstwa.bielsko.pl\/wp-content\/uploads\/2023\/01\/tempImagennBXaa-1024x768.jpg\" alt=\"\" width=\"1024\" height=\"768\" srcset=\"http:\/\/roczyny.duszpasterstwa.bielsko.pl\/wp-content\/uploads\/2023\/01\/tempImagennBXaa-1024x768.jpg 1024w, http:\/\/roczyny.duszpasterstwa.bielsko.pl\/wp-content\/uploads\/2023\/01\/tempImagennBXaa-300x225.jpg 300w, http:\/\/roczyny.duszpasterstwa.bielsko.pl\/wp-content\/uploads\/2023\/01\/tempImagennBXaa-768x576.jpg 768w, http:\/\/roczyny.duszpasterstwa.bielsko.pl\/wp-content\/uploads\/2023\/01\/tempImagennBXaa-200x150.jpg 200w, http:\/\/roczyny.duszpasterstwa.bielsko.pl\/wp-content\/uploads\/2023\/01\/tempImagennBXaa-690x518.jpg 690w\" sizes=\"(max-width: 1024px) 100vw, 1024px\" \/><\/a> <a href=\"http:\/\/roczyny.duszpasterstwa.bielsko.pl\/wp-content\/uploads\/2023\/01\/tempImageZnFT4h.jpg\"><img decoding=\"async\" class=\"aligncenter size-large wp-image-8889\" src=\"http:\/\/roczyny.duszpasterstwa.bielsko.pl\/wp-content\/uploads\/2023\/01\/tempImageZnFT4h-1024x768.jpg\" alt=\"\" width=\"1024\" height=\"768\" srcset=\"http:\/\/roczyny.duszpasterstwa.bielsko.pl\/wp-content\/uploads\/2023\/01\/tempImageZnFT4h-1024x768.jpg 1024w, http:\/\/roczyny.duszpasterstwa.bielsko.pl\/wp-content\/uploads\/2023\/01\/tempImageZnFT4h-300x225.jpg 300w, http:\/\/roczyny.duszpasterstwa.bielsko.pl\/wp-content\/uploads\/2023\/01\/tempImageZnFT4h-768x576.jpg 768w, http:\/\/roczyny.duszpasterstwa.bielsko.pl\/wp-content\/uploads\/2023\/01\/tempImageZnFT4h-200x150.jpg 200w, http:\/\/roczyny.duszpasterstwa.bielsko.pl\/wp-content\/uploads\/2023\/01\/tempImageZnFT4h-690x518.jpg 690w\" sizes=\"(max-width: 1024px) 100vw, 1024px\" \/><\/a> <a href=\"http:\/\/roczyny.duszpasterstwa.bielsko.pl\/wp-content\/uploads\/2023\/01\/tempImagebg2Km5.jpg\"><img decoding=\"async\" class=\"aligncenter size-large wp-image-8890\" src=\"http:\/\/roczyny.duszpasterstwa.bielsko.pl\/wp-content\/uploads\/2023\/01\/tempImagebg2Km5-1024x768.jpg\" alt=\"\" width=\"1024\" height=\"768\" srcset=\"http:\/\/roczyny.duszpasterstwa.bielsko.pl\/wp-content\/uploads\/2023\/01\/tempImagebg2Km5-1024x768.jpg 1024w, http:\/\/roczyny.duszpasterstwa.bielsko.pl\/wp-content\/uploads\/2023\/01\/tempImagebg2Km5-300x225.jpg 300w, http:\/\/roczyny.duszpasterstwa.bielsko.pl\/wp-content\/uploads\/2023\/01\/tempImagebg2Km5-768x576.jpg 768w, http:\/\/roczyny.duszpasterstwa.bielsko.pl\/wp-content\/uploads\/2023\/01\/tempImagebg2Km5-200x150.jpg 200w, http:\/\/roczyny.duszpasterstwa.bielsko.pl\/wp-content\/uploads\/2023\/01\/tempImagebg2Km5-690x518.jpg 690w\" sizes=\"(max-width: 1024px) 100vw, 1024px\" \/><\/a> <a href=\"http:\/\/roczyny.duszpasterstwa.bielsko.pl\/wp-content\/uploads\/2023\/01\/tempImageKsjOo0.jpg\"><img loading=\"lazy\" decoding=\"async\" class=\"aligncenter size-large wp-image-8891\" src=\"http:\/\/roczyny.duszpasterstwa.bielsko.pl\/wp-content\/uploads\/2023\/01\/tempImageKsjOo0-1024x768.jpg\" alt=\"\" width=\"1024\" height=\"768\" srcset=\"http:\/\/roczyny.duszpasterstwa.bielsko.pl\/wp-content\/uploads\/2023\/01\/tempImageKsjOo0-1024x768.jpg 1024w, http:\/\/roczyny.duszpasterstwa.bielsko.pl\/wp-content\/uploads\/2023\/01\/tempImageKsjOo0-300x225.jpg 300w, http:\/\/roczyny.duszpasterstwa.bielsko.pl\/wp-content\/uploads\/2023\/01\/tempImageKsjOo0-768x576.jpg 768w, http:\/\/roczyny.duszpasterstwa.bielsko.pl\/wp-content\/uploads\/2023\/01\/tempImageKsjOo0-200x150.jpg 200w, http:\/\/roczyny.duszpasterstwa.bielsko.pl\/wp-content\/uploads\/2023\/01\/tempImageKsjOo0-690x518.jpg 690w\" sizes=\"(max-width: 1024px) 100vw, 1024px\" \/><\/a> <a href=\"http:\/\/roczyny.duszpasterstwa.bielsko.pl\/wp-content\/uploads\/2023\/01\/tempImageoJCcBO.jpg\"><img loading=\"lazy\" decoding=\"async\" class=\"aligncenter size-large wp-image-8892\" src=\"http:\/\/roczyny.duszpasterstwa.bielsko.pl\/wp-content\/uploads\/2023\/01\/tempImageoJCcBO-1024x768.jpg\" alt=\"\" width=\"1024\" height=\"768\" srcset=\"http:\/\/roczyny.duszpasterstwa.bielsko.pl\/wp-content\/uploads\/2023\/01\/tempImageoJCcBO-1024x768.jpg 1024w, http:\/\/roczyny.duszpasterstwa.bielsko.pl\/wp-content\/uploads\/2023\/01\/tempImageoJCcBO-300x225.jpg 300w, http:\/\/roczyny.duszpasterstwa.bielsko.pl\/wp-content\/uploads\/2023\/01\/tempImageoJCcBO-768x576.jpg 768w, http:\/\/roczyny.duszpasterstwa.bielsko.pl\/wp-content\/uploads\/2023\/01\/tempImageoJCcBO-200x150.jpg 200w, http:\/\/roczyny.duszpasterstwa.bielsko.pl\/wp-content\/uploads\/2023\/01\/tempImageoJCcBO-690x518.jpg 690w\" sizes=\"(max-width: 1024px) 100vw, 1024px\" \/><\/a> <a href=\"http:\/\/roczyny.duszpasterstwa.bielsko.pl\/wp-content\/uploads\/2023\/01\/tempImage7jAr6m.jpg\"><img loading=\"lazy\" decoding=\"async\" class=\"aligncenter size-large wp-image-8893\" src=\"http:\/\/roczyny.duszpasterstwa.bielsko.pl\/wp-content\/uploads\/2023\/01\/tempImage7jAr6m-1024x768.jpg\" alt=\"\" width=\"1024\" height=\"768\" srcset=\"http:\/\/roczyny.duszpasterstwa.bielsko.pl\/wp-content\/uploads\/2023\/01\/tempImage7jAr6m-1024x768.jpg 1024w, http:\/\/roczyny.duszpasterstwa.bielsko.pl\/wp-content\/uploads\/2023\/01\/tempImage7jAr6m-300x225.jpg 300w, http:\/\/roczyny.duszpasterstwa.bielsko.pl\/wp-content\/uploads\/2023\/01\/tempImage7jAr6m-768x576.jpg 768w, http:\/\/roczyny.duszpasterstwa.bielsko.pl\/wp-content\/uploads\/2023\/01\/tempImage7jAr6m-200x150.jpg 200w, http:\/\/roczyny.duszpasterstwa.bielsko.pl\/wp-content\/uploads\/2023\/01\/tempImage7jAr6m-690x518.jpg 690w\" sizes=\"(max-width: 1024px) 100vw, 1024px\" \/><\/a> <a href=\"http:\/\/roczyny.duszpasterstwa.bielsko.pl\/wp-content\/uploads\/2023\/01\/tempImage3NhbRP.jpg\"><img loading=\"lazy\" decoding=\"async\" class=\"aligncenter size-large wp-image-8894\" src=\"http:\/\/roczyny.duszpasterstwa.bielsko.pl\/wp-content\/uploads\/2023\/01\/tempImage3NhbRP-1024x768.jpg\" alt=\"\" width=\"1024\" height=\"768\" srcset=\"http:\/\/roczyny.duszpasterstwa.bielsko.pl\/wp-content\/uploads\/2023\/01\/tempImage3NhbRP-1024x768.jpg 1024w, http:\/\/roczyny.duszpasterstwa.bielsko.pl\/wp-content\/uploads\/2023\/01\/tempImage3NhbRP-300x225.jpg 300w, http:\/\/roczyny.duszpasterstwa.bielsko.pl\/wp-content\/uploads\/2023\/01\/tempImage3NhbRP-768x576.jpg 768w, http:\/\/roczyny.duszpasterstwa.bielsko.pl\/wp-content\/uploads\/2023\/01\/tempImage3NhbRP-200x150.jpg 200w, http:\/\/roczyny.duszpasterstwa.bielsko.pl\/wp-content\/uploads\/2023\/01\/tempImage3NhbRP-690x518.jpg 690w\" sizes=\"(max-width: 1024px) 100vw, 1024px\" \/><\/a> <a href=\"http:\/\/roczyny.duszpasterstwa.bielsko.pl\/wp-content\/uploads\/2023\/01\/tempImagepRvHcK.jpg\"><img loading=\"lazy\" decoding=\"async\" class=\"aligncenter size-large wp-image-8895\" src=\"http:\/\/roczyny.duszpasterstwa.bielsko.pl\/wp-content\/uploads\/2023\/01\/tempImagepRvHcK-1024x768.jpg\" alt=\"\" width=\"1024\" height=\"768\" srcset=\"http:\/\/roczyny.duszpasterstwa.bielsko.pl\/wp-content\/uploads\/2023\/01\/tempImagepRvHcK-1024x768.jpg 1024w, http:\/\/roczyny.duszpasterstwa.bielsko.pl\/wp-content\/uploads\/2023\/01\/tempImagepRvHcK-300x225.jpg 300w, http:\/\/roczyny.duszpasterstwa.bielsko.pl\/wp-content\/uploads\/2023\/01\/tempImagepRvHcK-768x576.jpg 768w, http:\/\/roczyny.duszpasterstwa.bielsko.pl\/wp-content\/uploads\/2023\/01\/tempImagepRvHcK-200x150.jpg 200w, http:\/\/roczyny.duszpasterstwa.bielsko.pl\/wp-content\/uploads\/2023\/01\/tempImagepRvHcK-690x518.jpg 690w\" sizes=\"(max-width: 1024px) 100vw, 1024px\" \/><\/a> <a href=\"http:\/\/roczyny.duszpasterstwa.bielsko.pl\/wp-content\/uploads\/2023\/01\/tempImageBd1V7I.jpg\"><img loading=\"lazy\" decoding=\"async\" class=\"aligncenter size-large wp-image-8896\" src=\"http:\/\/roczyny.duszpasterstwa.bielsko.pl\/wp-content\/uploads\/2023\/01\/tempImageBd1V7I-1024x768.jpg\" alt=\"\" width=\"1024\" height=\"768\" srcset=\"http:\/\/roczyny.duszpasterstwa.bielsko.pl\/wp-content\/uploads\/2023\/01\/tempImageBd1V7I-1024x768.jpg 1024w, http:\/\/roczyny.duszpasterstwa.bielsko.pl\/wp-content\/uploads\/2023\/01\/tempImageBd1V7I-300x225.jpg 300w, http:\/\/roczyny.duszpasterstwa.bielsko.pl\/wp-content\/uploads\/2023\/01\/tempImageBd1V7I-768x576.jpg 768w, http:\/\/roczyny.duszpasterstwa.bielsko.pl\/wp-content\/uploads\/2023\/01\/tempImageBd1V7I-200x150.jpg 200w, http:\/\/roczyny.duszpasterstwa.bielsko.pl\/wp-content\/uploads\/2023\/01\/tempImageBd1V7I-690x518.jpg 690w\" sizes=\"(max-width: 1024px) 100vw, 1024px\" \/><\/a> <a href=\"http:\/\/roczyny.duszpasterstwa.bielsko.pl\/wp-content\/uploads\/2023\/01\/tempImageqYXD5g.jpg\"><img loading=\"lazy\" decoding=\"async\" class=\"aligncenter size-large wp-image-8897\" src=\"http:\/\/roczyny.duszpasterstwa.bielsko.pl\/wp-content\/uploads\/2023\/01\/tempImageqYXD5g-1024x768.jpg\" alt=\"\" width=\"1024\" height=\"768\" srcset=\"http:\/\/roczyny.duszpasterstwa.bielsko.pl\/wp-content\/uploads\/2023\/01\/tempImageqYXD5g-1024x768.jpg 1024w, http:\/\/roczyny.duszpasterstwa.bielsko.pl\/wp-content\/uploads\/2023\/01\/tempImageqYXD5g-300x225.jpg 300w, http:\/\/roczyny.duszpasterstwa.bielsko.pl\/wp-content\/uploads\/2023\/01\/tempImageqYXD5g-768x576.jpg 768w, http:\/\/roczyny.duszpasterstwa.bielsko.pl\/wp-content\/uploads\/2023\/01\/tempImageqYXD5g-200x150.jpg 200w, http:\/\/roczyny.duszpasterstwa.bielsko.pl\/wp-content\/uploads\/2023\/01\/tempImageqYXD5g-690x518.jpg 690w\" sizes=\"(max-width: 1024px) 100vw, 1024px\" \/><\/a> <a href=\"http:\/\/roczyny.duszpasterstwa.bielsko.pl\/wp-content\/uploads\/2023\/01\/tempImageYKHLiP.jpg\"><img loading=\"lazy\" decoding=\"async\" class=\"aligncenter size-large wp-image-8898\" src=\"http:\/\/roczyny.duszpasterstwa.bielsko.pl\/wp-content\/uploads\/2023\/01\/tempImageYKHLiP-1024x768.jpg\" alt=\"\" width=\"1024\" height=\"768\" srcset=\"http:\/\/roczyny.duszpasterstwa.bielsko.pl\/wp-content\/uploads\/2023\/01\/tempImageYKHLiP-1024x768.jpg 1024w, http:\/\/roczyny.duszpasterstwa.bielsko.pl\/wp-content\/uploads\/2023\/01\/tempImageYKHLiP-300x225.jpg 300w, http:\/\/roczyny.duszpasterstwa.bielsko.pl\/wp-content\/uploads\/2023\/01\/tempImageYKHLiP-768x576.jpg 768w, http:\/\/roczyny.duszpasterstwa.bielsko.pl\/wp-content\/uploads\/2023\/01\/tempImageYKHLiP-200x150.jpg 200w, http:\/\/roczyny.duszpasterstwa.bielsko.pl\/wp-content\/uploads\/2023\/01\/tempImageYKHLiP-690x518.jpg 690w\" sizes=\"(max-width: 1024px) 100vw, 1024px\" \/><\/a> <a href=\"http:\/\/roczyny.duszpasterstwa.bielsko.pl\/wp-content\/uploads\/2023\/01\/tempImagexjHA0H.jpg\"><img loading=\"lazy\" decoding=\"async\" class=\"aligncenter size-large wp-image-8899\" src=\"http:\/\/roczyny.duszpasterstwa.bielsko.pl\/wp-content\/uploads\/2023\/01\/tempImagexjHA0H-1024x768.jpg\" alt=\"\" width=\"1024\" height=\"768\" srcset=\"http:\/\/roczyny.duszpasterstwa.bielsko.pl\/wp-content\/uploads\/2023\/01\/tempImagexjHA0H-1024x768.jpg 1024w, http:\/\/roczyny.duszpasterstwa.bielsko.pl\/wp-content\/uploads\/2023\/01\/tempImagexjHA0H-300x225.jpg 300w, http:\/\/roczyny.duszpasterstwa.bielsko.pl\/wp-content\/uploads\/2023\/01\/tempImagexjHA0H-768x576.jpg 768w, http:\/\/roczyny.duszpasterstwa.bielsko.pl\/wp-content\/uploads\/2023\/01\/tempImagexjHA0H-200x150.jpg 200w, http:\/\/roczyny.duszpasterstwa.bielsko.pl\/wp-content\/uploads\/2023\/01\/tempImagexjHA0H-690x518.jpg 690w\" sizes=\"(max-width: 1024px) 100vw, 1024px\" \/><\/a> <a href=\"http:\/\/roczyny.duszpasterstwa.bielsko.pl\/wp-content\/uploads\/2023\/01\/tempImageSSuzsc.jpg\"><img loading=\"lazy\" decoding=\"async\" class=\"aligncenter size-large wp-image-8900\" src=\"http:\/\/roczyny.duszpasterstwa.bielsko.pl\/wp-content\/uploads\/2023\/01\/tempImageSSuzsc-1024x768.jpg\" alt=\"\" width=\"1024\" height=\"768\" srcset=\"http:\/\/roczyny.duszpasterstwa.bielsko.pl\/wp-content\/uploads\/2023\/01\/tempImageSSuzsc-1024x768.jpg 1024w, http:\/\/roczyny.duszpasterstwa.bielsko.pl\/wp-content\/uploads\/2023\/01\/tempImageSSuzsc-300x225.jpg 300w, http:\/\/roczyny.duszpasterstwa.bielsko.pl\/wp-content\/uploads\/2023\/01\/tempImageSSuzsc-768x576.jpg 768w, http:\/\/roczyny.duszpasterstwa.bielsko.pl\/wp-content\/uploads\/2023\/01\/tempImageSSuzsc-200x150.jpg 200w, http:\/\/roczyny.duszpasterstwa.bielsko.pl\/wp-content\/uploads\/2023\/01\/tempImageSSuzsc-690x518.jpg 690w\" sizes=\"(max-width: 1024px) 100vw, 1024px\" \/><\/a> <a href=\"http:\/\/roczyny.duszpasterstwa.bielsko.pl\/wp-content\/uploads\/2023\/01\/tempImagedsPWNW.jpg\"><img loading=\"lazy\" decoding=\"async\" class=\"aligncenter size-large wp-image-8901\" src=\"http:\/\/roczyny.duszpasterstwa.bielsko.pl\/wp-content\/uploads\/2023\/01\/tempImagedsPWNW-1024x768.jpg\" alt=\"\" width=\"1024\" height=\"768\" srcset=\"http:\/\/roczyny.duszpasterstwa.bielsko.pl\/wp-content\/uploads\/2023\/01\/tempImagedsPWNW-1024x768.jpg 1024w, http:\/\/roczyny.duszpasterstwa.bielsko.pl\/wp-content\/uploads\/2023\/01\/tempImagedsPWNW-300x225.jpg 300w, http:\/\/roczyny.duszpasterstwa.bielsko.pl\/wp-content\/uploads\/2023\/01\/tempImagedsPWNW-768x576.jpg 768w, http:\/\/roczyny.duszpasterstwa.bielsko.pl\/wp-content\/uploads\/2023\/01\/tempImagedsPWNW-200x150.jpg 200w, http:\/\/roczyny.duszpasterstwa.bielsko.pl\/wp-content\/uploads\/2023\/01\/tempImagedsPWNW-690x518.jpg 690w\" sizes=\"(max-width: 1024px) 100vw, 1024px\" \/><\/a> <a href=\"http:\/\/roczyny.duszpasterstwa.bielsko.pl\/wp-content\/uploads\/2023\/01\/tempImage0GVxUf.jpg\"><img loading=\"lazy\" decoding=\"async\" class=\"aligncenter size-large wp-image-8902\" src=\"http:\/\/roczyny.duszpasterstwa.bielsko.pl\/wp-content\/uploads\/2023\/01\/tempImage0GVxUf-1024x768.jpg\" alt=\"\" width=\"1024\" height=\"768\" srcset=\"http:\/\/roczyny.duszpasterstwa.bielsko.pl\/wp-content\/uploads\/2023\/01\/tempImage0GVxUf-1024x768.jpg 1024w, http:\/\/roczyny.duszpasterstwa.bielsko.pl\/wp-content\/uploads\/2023\/01\/tempImage0GVxUf-300x225.jpg 300w, http:\/\/roczyny.duszpasterstwa.bielsko.pl\/wp-content\/uploads\/2023\/01\/tempImage0GVxUf-768x576.jpg 768w, http:\/\/roczyny.duszpasterstwa.bielsko.pl\/wp-content\/uploads\/2023\/01\/tempImage0GVxUf-200x150.jpg 200w, http:\/\/roczyny.duszpasterstwa.bielsko.pl\/wp-content\/uploads\/2023\/01\/tempImage0GVxUf-690x518.jpg 690w\" sizes=\"(max-width: 1024px) 100vw, 1024px\" \/><\/a> <a href=\"http:\/\/roczyny.duszpasterstwa.bielsko.pl\/wp-content\/uploads\/2023\/01\/tempImageSJMg3Z.jpg\"><img loading=\"lazy\" decoding=\"async\" class=\"aligncenter size-large wp-image-8903\" src=\"http:\/\/roczyny.duszpasterstwa.bielsko.pl\/wp-content\/uploads\/2023\/01\/tempImageSJMg3Z-1024x768.jpg\" alt=\"\" width=\"1024\" height=\"768\" srcset=\"http:\/\/roczyny.duszpasterstwa.bielsko.pl\/wp-content\/uploads\/2023\/01\/tempImageSJMg3Z-1024x768.jpg 1024w, http:\/\/roczyny.duszpasterstwa.bielsko.pl\/wp-content\/uploads\/2023\/01\/tempImageSJMg3Z-300x225.jpg 300w, http:\/\/roczyny.duszpasterstwa.bielsko.pl\/wp-content\/uploads\/2023\/01\/tempImageSJMg3Z-768x576.jpg 768w, http:\/\/roczyny.duszpasterstwa.bielsko.pl\/wp-content\/uploads\/2023\/01\/tempImageSJMg3Z-200x150.jpg 200w, http:\/\/roczyny.duszpasterstwa.bielsko.pl\/wp-content\/uploads\/2023\/01\/tempImageSJMg3Z-690x518.jpg 690w\" sizes=\"(max-width: 1024px) 100vw, 1024px\" \/><\/a> <a href=\"http:\/\/roczyny.duszpasterstwa.bielsko.pl\/wp-content\/uploads\/2023\/01\/tempImageLT7mo8.jpg\"><img loading=\"lazy\" decoding=\"async\" class=\"aligncenter size-large wp-image-8904\" src=\"http:\/\/roczyny.duszpasterstwa.bielsko.pl\/wp-content\/uploads\/2023\/01\/tempImageLT7mo8-1024x768.jpg\" alt=\"\" width=\"1024\" height=\"768\" srcset=\"http:\/\/roczyny.duszpasterstwa.bielsko.pl\/wp-content\/uploads\/2023\/01\/tempImageLT7mo8-1024x768.jpg 1024w, http:\/\/roczyny.duszpasterstwa.bielsko.pl\/wp-content\/uploads\/2023\/01\/tempImageLT7mo8-300x225.jpg 300w, http:\/\/roczyny.duszpasterstwa.bielsko.pl\/wp-content\/uploads\/2023\/01\/tempImageLT7mo8-768x576.jpg 768w, http:\/\/roczyny.duszpasterstwa.bielsko.pl\/wp-content\/uploads\/2023\/01\/tempImageLT7mo8-200x150.jpg 200w, http:\/\/roczyny.duszpasterstwa.bielsko.pl\/wp-content\/uploads\/2023\/01\/tempImageLT7mo8-690x518.jpg 690w\" sizes=\"(max-width: 1024px) 100vw, 1024px\" \/><\/a> <a href=\"http:\/\/roczyny.duszpasterstwa.bielsko.pl\/wp-content\/uploads\/2023\/01\/tempImageqwtmLR.jpg\"><img loading=\"lazy\" decoding=\"async\" class=\"aligncenter size-large wp-image-8905\" src=\"http:\/\/roczyny.duszpasterstwa.bielsko.pl\/wp-content\/uploads\/2023\/01\/tempImageqwtmLR-1024x768.jpg\" alt=\"\" width=\"1024\" height=\"768\" srcset=\"http:\/\/roczyny.duszpasterstwa.bielsko.pl\/wp-content\/uploads\/2023\/01\/tempImageqwtmLR-1024x768.jpg 1024w, http:\/\/roczyny.duszpasterstwa.bielsko.pl\/wp-content\/uploads\/2023\/01\/tempImageqwtmLR-300x225.jpg 300w, http:\/\/roczyny.duszpasterstwa.bielsko.pl\/wp-content\/uploads\/2023\/01\/tempImageqwtmLR-768x576.jpg 768w, http:\/\/roczyny.duszpasterstwa.bielsko.pl\/wp-content\/uploads\/2023\/01\/tempImageqwtmLR-200x150.jpg 200w, http:\/\/roczyny.duszpasterstwa.bielsko.pl\/wp-content\/uploads\/2023\/01\/tempImageqwtmLR-690x518.jpg 690w\" sizes=\"(max-width: 1024px) 100vw, 1024px\" \/><\/a> <a href=\"http:\/\/roczyny.duszpasterstwa.bielsko.pl\/wp-content\/uploads\/2023\/01\/tempImagexrKVIq.jpg\"><img loading=\"lazy\" decoding=\"async\" class=\"aligncenter size-large wp-image-8906\" src=\"http:\/\/roczyny.duszpasterstwa.bielsko.pl\/wp-content\/uploads\/2023\/01\/tempImagexrKVIq-1024x768.jpg\" alt=\"\" width=\"1024\" height=\"768\" srcset=\"http:\/\/roczyny.duszpasterstwa.bielsko.pl\/wp-content\/uploads\/2023\/01\/tempImagexrKVIq-1024x768.jpg 1024w, http:\/\/roczyny.duszpasterstwa.bielsko.pl\/wp-content\/uploads\/2023\/01\/tempImagexrKVIq-300x225.jpg 300w, http:\/\/roczyny.duszpasterstwa.bielsko.pl\/wp-content\/uploads\/2023\/01\/tempImagexrKVIq-768x576.jpg 768w, http:\/\/roczyny.duszpasterstwa.bielsko.pl\/wp-content\/uploads\/2023\/01\/tempImagexrKVIq-200x150.jpg 200w, http:\/\/roczyny.duszpasterstwa.bielsko.pl\/wp-content\/uploads\/2023\/01\/tempImagexrKVIq-690x518.jpg 690w\" sizes=\"(max-width: 1024px) 100vw, 1024px\" \/><\/a> <a href=\"http:\/\/roczyny.duszpasterstwa.bielsko.pl\/wp-content\/uploads\/2023\/01\/tempImage4rIKf5.jpg\"><img loading=\"lazy\" decoding=\"async\" class=\"aligncenter size-large wp-image-8907\" src=\"http:\/\/roczyny.duszpasterstwa.bielsko.pl\/wp-content\/uploads\/2023\/01\/tempImage4rIKf5-1024x768.jpg\" alt=\"\" width=\"1024\" height=\"768\" srcset=\"http:\/\/roczyny.duszpasterstwa.bielsko.pl\/wp-content\/uploads\/2023\/01\/tempImage4rIKf5-1024x768.jpg 1024w, http:\/\/roczyny.duszpasterstwa.bielsko.pl\/wp-content\/uploads\/2023\/01\/tempImage4rIKf5-300x225.jpg 300w, http:\/\/roczyny.duszpasterstwa.bielsko.pl\/wp-content\/uploads\/2023\/01\/tempImage4rIKf5-768x576.jpg 768w, http:\/\/roczyny.duszpasterstwa.bielsko.pl\/wp-content\/uploads\/2023\/01\/tempImage4rIKf5-200x150.jpg 200w, http:\/\/roczyny.duszpasterstwa.bielsko.pl\/wp-content\/uploads\/2023\/01\/tempImage4rIKf5-690x518.jpg 690w\" sizes=\"(max-width: 1024px) 100vw, 1024px\" \/><\/a> <a href=\"http:\/\/roczyny.duszpasterstwa.bielsko.pl\/wp-content\/uploads\/2023\/01\/tempImageifcqL2.jpg\"><img loading=\"lazy\" decoding=\"async\" class=\"aligncenter size-large wp-image-8908\" src=\"http:\/\/roczyny.duszpasterstwa.bielsko.pl\/wp-content\/uploads\/2023\/01\/tempImageifcqL2-1024x768.jpg\" alt=\"\" width=\"1024\" height=\"768\" srcset=\"http:\/\/roczyny.duszpasterstwa.bielsko.pl\/wp-content\/uploads\/2023\/01\/tempImageifcqL2-1024x768.jpg 1024w, http:\/\/roczyny.duszpasterstwa.bielsko.pl\/wp-content\/uploads\/2023\/01\/tempImageifcqL2-300x225.jpg 300w, http:\/\/roczyny.duszpasterstwa.bielsko.pl\/wp-content\/uploads\/2023\/01\/tempImageifcqL2-768x576.jpg 768w, http:\/\/roczyny.duszpasterstwa.bielsko.pl\/wp-content\/uploads\/2023\/01\/tempImageifcqL2-200x150.jpg 200w, http:\/\/roczyny.duszpasterstwa.bielsko.pl\/wp-content\/uploads\/2023\/01\/tempImageifcqL2-690x518.jpg 690w\" sizes=\"(max-width: 1024px) 100vw, 1024px\" \/><\/a> <a href=\"http:\/\/roczyny.duszpasterstwa.bielsko.pl\/wp-content\/uploads\/2023\/01\/tempImageG2uxOs.jpg\"><img loading=\"lazy\" decoding=\"async\" class=\"aligncenter size-large wp-image-8909\" src=\"http:\/\/roczyny.duszpasterstwa.bielsko.pl\/wp-content\/uploads\/2023\/01\/tempImageG2uxOs-1024x768.jpg\" alt=\"\" width=\"1024\" height=\"768\" srcset=\"http:\/\/roczyny.duszpasterstwa.bielsko.pl\/wp-content\/uploads\/2023\/01\/tempImageG2uxOs-1024x768.jpg 1024w, http:\/\/roczyny.duszpasterstwa.bielsko.pl\/wp-content\/uploads\/2023\/01\/tempImageG2uxOs-300x225.jpg 300w, http:\/\/roczyny.duszpasterstwa.bielsko.pl\/wp-content\/uploads\/2023\/01\/tempImageG2uxOs-768x576.jpg 768w, http:\/\/roczyny.duszpasterstwa.bielsko.pl\/wp-content\/uploads\/2023\/01\/tempImageG2uxOs-200x150.jpg 200w, http:\/\/roczyny.duszpasterstwa.bielsko.pl\/wp-content\/uploads\/2023\/01\/tempImageG2uxOs-690x518.jpg 690w\" sizes=\"(max-width: 1024px) 100vw, 1024px\" \/><\/a> <a href=\"http:\/\/roczyny.duszpasterstwa.bielsko.pl\/wp-content\/uploads\/2023\/01\/tempImageGfQlUa.jpg\"><img loading=\"lazy\" decoding=\"async\" class=\"aligncenter size-large wp-image-8910\" src=\"http:\/\/roczyny.duszpasterstwa.bielsko.pl\/wp-content\/uploads\/2023\/01\/tempImageGfQlUa-1024x768.jpg\" alt=\"\" width=\"1024\" height=\"768\" srcset=\"http:\/\/roczyny.duszpasterstwa.bielsko.pl\/wp-content\/uploads\/2023\/01\/tempImageGfQlUa-1024x768.jpg 1024w, http:\/\/roczyny.duszpasterstwa.bielsko.pl\/wp-content\/uploads\/2023\/01\/tempImageGfQlUa-300x225.jpg 300w, http:\/\/roczyny.duszpasterstwa.bielsko.pl\/wp-content\/uploads\/2023\/01\/tempImageGfQlUa-768x576.jpg 768w, http:\/\/roczyny.duszpasterstwa.bielsko.pl\/wp-content\/uploads\/2023\/01\/tempImageGfQlUa-200x150.jpg 200w, http:\/\/roczyny.duszpasterstwa.bielsko.pl\/wp-content\/uploads\/2023\/01\/tempImageGfQlUa-690x518.jpg 690w\" sizes=\"(max-width: 1024px) 100vw, 1024px\" \/><\/a> <a href=\"http:\/\/roczyny.duszpasterstwa.bielsko.pl\/wp-content\/uploads\/2023\/01\/tempImagedukWGW.jpg\"><img loading=\"lazy\" decoding=\"async\" class=\"aligncenter size-large wp-image-8911\" src=\"http:\/\/roczyny.duszpasterstwa.bielsko.pl\/wp-content\/uploads\/2023\/01\/tempImagedukWGW-1024x768.jpg\" alt=\"\" width=\"1024\" height=\"768\" srcset=\"http:\/\/roczyny.duszpasterstwa.bielsko.pl\/wp-content\/uploads\/2023\/01\/tempImagedukWGW-1024x768.jpg 1024w, http:\/\/roczyny.duszpasterstwa.bielsko.pl\/wp-content\/uploads\/2023\/01\/tempImagedukWGW-300x225.jpg 300w, http:\/\/roczyny.duszpasterstwa.bielsko.pl\/wp-content\/uploads\/2023\/01\/tempImagedukWGW-768x576.jpg 768w, http:\/\/roczyny.duszpasterstwa.bielsko.pl\/wp-content\/uploads\/2023\/01\/tempImagedukWGW-200x150.jpg 200w, http:\/\/roczyny.duszpasterstwa.bielsko.pl\/wp-content\/uploads\/2023\/01\/tempImagedukWGW-690x518.jpg 690w\" sizes=\"(max-width: 1024px) 100vw, 1024px\" \/><\/a> <a href=\"http:\/\/roczyny.duszpasterstwa.bielsko.pl\/wp-content\/uploads\/2023\/01\/tempImage5zBzR7.jpg\"><img loading=\"lazy\" decoding=\"async\" class=\"aligncenter size-large wp-image-8912\" src=\"http:\/\/roczyny.duszpasterstwa.bielsko.pl\/wp-content\/uploads\/2023\/01\/tempImage5zBzR7-1024x768.jpg\" alt=\"\" width=\"1024\" height=\"768\" srcset=\"http:\/\/roczyny.duszpasterstwa.bielsko.pl\/wp-content\/uploads\/2023\/01\/tempImage5zBzR7-1024x768.jpg 1024w, http:\/\/roczyny.duszpasterstwa.bielsko.pl\/wp-content\/uploads\/2023\/01\/tempImage5zBzR7-300x225.jpg 300w, http:\/\/roczyny.duszpasterstwa.bielsko.pl\/wp-content\/uploads\/2023\/01\/tempImage5zBzR7-768x576.jpg 768w, http:\/\/roczyny.duszpasterstwa.bielsko.pl\/wp-content\/uploads\/2023\/01\/tempImage5zBzR7-200x150.jpg 200w, http:\/\/roczyny.duszpasterstwa.bielsko.pl\/wp-content\/uploads\/2023\/01\/tempImage5zBzR7-690x518.jpg 690w\" sizes=\"(max-width: 1024px) 100vw, 1024px\" \/><\/a> <a href=\"http:\/\/roczyny.duszpasterstwa.bielsko.pl\/wp-content\/uploads\/2023\/01\/tempImageVYGZ16.jpg\"><img loading=\"lazy\" decoding=\"async\" class=\"aligncenter size-large wp-image-8913\" src=\"http:\/\/roczyny.duszpasterstwa.bielsko.pl\/wp-content\/uploads\/2023\/01\/tempImageVYGZ16-1024x768.jpg\" alt=\"\" width=\"1024\" height=\"768\" srcset=\"http:\/\/roczyny.duszpasterstwa.bielsko.pl\/wp-content\/uploads\/2023\/01\/tempImageVYGZ16-1024x768.jpg 1024w, http:\/\/roczyny.duszpasterstwa.bielsko.pl\/wp-content\/uploads\/2023\/01\/tempImageVYGZ16-300x225.jpg 300w, http:\/\/roczyny.duszpasterstwa.bielsko.pl\/wp-content\/uploads\/2023\/01\/tempImageVYGZ16-768x576.jpg 768w, http:\/\/roczyny.duszpasterstwa.bielsko.pl\/wp-content\/uploads\/2023\/01\/tempImageVYGZ16-200x150.jpg 200w, http:\/\/roczyny.duszpasterstwa.bielsko.pl\/wp-content\/uploads\/2023\/01\/tempImageVYGZ16-690x518.jpg 690w\" sizes=\"(max-width: 1024px) 100vw, 1024px\" \/><\/a> <a href=\"http:\/\/roczyny.duszpasterstwa.bielsko.pl\/wp-content\/uploads\/2023\/01\/tempImagesaCNvW.jpg\"><img loading=\"lazy\" decoding=\"async\" class=\"aligncenter size-large wp-image-8914\" src=\"http:\/\/roczyny.duszpasterstwa.bielsko.pl\/wp-content\/uploads\/2023\/01\/tempImagesaCNvW-1024x768.jpg\" alt=\"\" width=\"1024\" height=\"768\" srcset=\"http:\/\/roczyny.duszpasterstwa.bielsko.pl\/wp-content\/uploads\/2023\/01\/tempImagesaCNvW-1024x768.jpg 1024w, http:\/\/roczyny.duszpasterstwa.bielsko.pl\/wp-content\/uploads\/2023\/01\/tempImagesaCNvW-300x225.jpg 300w, http:\/\/roczyny.duszpasterstwa.bielsko.pl\/wp-content\/uploads\/2023\/01\/tempImagesaCNvW-768x576.jpg 768w, http:\/\/roczyny.duszpasterstwa.bielsko.pl\/wp-content\/uploads\/2023\/01\/tempImagesaCNvW-200x150.jpg 200w, http:\/\/roczyny.duszpasterstwa.bielsko.pl\/wp-content\/uploads\/2023\/01\/tempImagesaCNvW-690x518.jpg 690w\" sizes=\"(max-width: 1024px) 100vw, 1024px\" \/><\/a> <a href=\"http:\/\/roczyny.duszpasterstwa.bielsko.pl\/wp-content\/uploads\/2023\/01\/tempImage5Z6SzW.jpg\"><img loading=\"lazy\" decoding=\"async\" class=\"aligncenter size-large wp-image-8915\" src=\"http:\/\/roczyny.duszpasterstwa.bielsko.pl\/wp-content\/uploads\/2023\/01\/tempImage5Z6SzW-1024x768.jpg\" alt=\"\" width=\"1024\" height=\"768\" srcset=\"http:\/\/roczyny.duszpasterstwa.bielsko.pl\/wp-content\/uploads\/2023\/01\/tempImage5Z6SzW-1024x768.jpg 1024w, http:\/\/roczyny.duszpasterstwa.bielsko.pl\/wp-content\/uploads\/2023\/01\/tempImage5Z6SzW-300x225.jpg 300w, http:\/\/roczyny.duszpasterstwa.bielsko.pl\/wp-content\/uploads\/2023\/01\/tempImage5Z6SzW-768x576.jpg 768w, http:\/\/roczyny.duszpasterstwa.bielsko.pl\/wp-content\/uploads\/2023\/01\/tempImage5Z6SzW-200x150.jpg 200w, http:\/\/roczyny.duszpasterstwa.bielsko.pl\/wp-content\/uploads\/2023\/01\/tempImage5Z6SzW-690x518.jpg 690w\" sizes=\"(max-width: 1024px) 100vw, 1024px\" \/><\/a> <a href=\"http:\/\/roczyny.duszpasterstwa.bielsko.pl\/wp-content\/uploads\/2023\/01\/tempImageOLTLw0.jpg\"><img loading=\"lazy\" decoding=\"async\" class=\"aligncenter size-large wp-image-8916\" src=\"http:\/\/roczyny.duszpasterstwa.bielsko.pl\/wp-content\/uploads\/2023\/01\/tempImageOLTLw0-1024x768.jpg\" alt=\"\" width=\"1024\" height=\"768\" srcset=\"http:\/\/roczyny.duszpasterstwa.bielsko.pl\/wp-content\/uploads\/2023\/01\/tempImageOLTLw0-1024x768.jpg 1024w, http:\/\/roczyny.duszpasterstwa.bielsko.pl\/wp-content\/uploads\/2023\/01\/tempImageOLTLw0-300x225.jpg 300w, http:\/\/roczyny.duszpasterstwa.bielsko.pl\/wp-content\/uploads\/2023\/01\/tempImageOLTLw0-768x576.jpg 768w, http:\/\/roczyny.duszpasterstwa.bielsko.pl\/wp-content\/uploads\/2023\/01\/tempImageOLTLw0-200x150.jpg 200w, http:\/\/roczyny.duszpasterstwa.bielsko.pl\/wp-content\/uploads\/2023\/01\/tempImageOLTLw0-690x518.jpg 690w\" sizes=\"(max-width: 1024px) 100vw, 1024px\" \/><\/a> <a href=\"http:\/\/roczyny.duszpasterstwa.bielsko.pl\/wp-content\/uploads\/2023\/01\/tempImage9bFhm7.jpg\"><img loading=\"lazy\" decoding=\"async\" class=\"aligncenter size-large wp-image-8917\" src=\"http:\/\/roczyny.duszpasterstwa.bielsko.pl\/wp-content\/uploads\/2023\/01\/tempImage9bFhm7-1024x768.jpg\" alt=\"\" width=\"1024\" height=\"768\" srcset=\"http:\/\/roczyny.duszpasterstwa.bielsko.pl\/wp-content\/uploads\/2023\/01\/tempImage9bFhm7-1024x768.jpg 1024w, http:\/\/roczyny.duszpasterstwa.bielsko.pl\/wp-content\/uploads\/2023\/01\/tempImage9bFhm7-300x225.jpg 300w, http:\/\/roczyny.duszpasterstwa.bielsko.pl\/wp-content\/uploads\/2023\/01\/tempImage9bFhm7-768x576.jpg 768w, http:\/\/roczyny.duszpasterstwa.bielsko.pl\/wp-content\/uploads\/2023\/01\/tempImage9bFhm7-200x150.jpg 200w, http:\/\/roczyny.duszpasterstwa.bielsko.pl\/wp-content\/uploads\/2023\/01\/tempImage9bFhm7-690x518.jpg 690w\" sizes=\"(max-width: 1024px) 100vw, 1024px\" \/><\/a> <a href=\"http:\/\/roczyny.duszpasterstwa.bielsko.pl\/wp-content\/uploads\/2023\/01\/tempImageHdG5lW.jpg\"><img loading=\"lazy\" decoding=\"async\" class=\"aligncenter size-large wp-image-8918\" src=\"http:\/\/roczyny.duszpasterstwa.bielsko.pl\/wp-content\/uploads\/2023\/01\/tempImageHdG5lW-1024x768.jpg\" alt=\"\" width=\"1024\" height=\"768\" srcset=\"http:\/\/roczyny.duszpasterstwa.bielsko.pl\/wp-content\/uploads\/2023\/01\/tempImageHdG5lW-1024x768.jpg 1024w, http:\/\/roczyny.duszpasterstwa.bielsko.pl\/wp-content\/uploads\/2023\/01\/tempImageHdG5lW-300x225.jpg 300w, http:\/\/roczyny.duszpasterstwa.bielsko.pl\/wp-content\/uploads\/2023\/01\/tempImageHdG5lW-768x576.jpg 768w, http:\/\/roczyny.duszpasterstwa.bielsko.pl\/wp-content\/uploads\/2023\/01\/tempImageHdG5lW-200x150.jpg 200w, http:\/\/roczyny.duszpasterstwa.bielsko.pl\/wp-content\/uploads\/2023\/01\/tempImageHdG5lW-690x518.jpg 690w\" sizes=\"(max-width: 1024px) 100vw, 1024px\" \/><\/a> <a href=\"http:\/\/roczyny.duszpasterstwa.bielsko.pl\/wp-content\/uploads\/2023\/01\/tempImage2GhN3n.jpg\"><img loading=\"lazy\" decoding=\"async\" class=\"aligncenter size-large wp-image-8919\" src=\"http:\/\/roczyny.duszpasterstwa.bielsko.pl\/wp-content\/uploads\/2023\/01\/tempImage2GhN3n-1024x768.jpg\" alt=\"\" width=\"1024\" height=\"768\" srcset=\"http:\/\/roczyny.duszpasterstwa.bielsko.pl\/wp-content\/uploads\/2023\/01\/tempImage2GhN3n-1024x768.jpg 1024w, http:\/\/roczyny.duszpasterstwa.bielsko.pl\/wp-content\/uploads\/2023\/01\/tempImage2GhN3n-300x225.jpg 300w, http:\/\/roczyny.duszpasterstwa.bielsko.pl\/wp-content\/uploads\/2023\/01\/tempImage2GhN3n-768x576.jpg 768w, http:\/\/roczyny.duszpasterstwa.bielsko.pl\/wp-content\/uploads\/2023\/01\/tempImage2GhN3n-200x150.jpg 200w, http:\/\/roczyny.duszpasterstwa.bielsko.pl\/wp-content\/uploads\/2023\/01\/tempImage2GhN3n-690x518.jpg 690w\" sizes=\"(max-width: 1024px) 100vw, 1024px\" \/><\/a> <a href=\"http:\/\/roczyny.duszpasterstwa.bielsko.pl\/wp-content\/uploads\/2023\/01\/tempImage9DI6vC.jpg\"><img loading=\"lazy\" decoding=\"async\" class=\"aligncenter size-large wp-image-8920\" src=\"http:\/\/roczyny.duszpasterstwa.bielsko.pl\/wp-content\/uploads\/2023\/01\/tempImage9DI6vC-1024x768.jpg\" alt=\"\" width=\"1024\" height=\"768\" srcset=\"http:\/\/roczyny.duszpasterstwa.bielsko.pl\/wp-content\/uploads\/2023\/01\/tempImage9DI6vC-1024x768.jpg 1024w, http:\/\/roczyny.duszpasterstwa.bielsko.pl\/wp-content\/uploads\/2023\/01\/tempImage9DI6vC-300x225.jpg 300w, http:\/\/roczyny.duszpasterstwa.bielsko.pl\/wp-content\/uploads\/2023\/01\/tempImage9DI6vC-768x576.jpg 768w, http:\/\/roczyny.duszpasterstwa.bielsko.pl\/wp-content\/uploads\/2023\/01\/tempImage9DI6vC-200x150.jpg 200w, http:\/\/roczyny.duszpasterstwa.bielsko.pl\/wp-content\/uploads\/2023\/01\/tempImage9DI6vC-690x518.jpg 690w\" sizes=\"(max-width: 1024px) 100vw, 1024px\" \/><\/a> <a href=\"http:\/\/roczyny.duszpasterstwa.bielsko.pl\/wp-content\/uploads\/2023\/01\/tempImageR4Gntp.jpg\"><img loading=\"lazy\" decoding=\"async\" class=\"aligncenter size-large wp-image-8921\" src=\"http:\/\/roczyny.duszpasterstwa.bielsko.pl\/wp-content\/uploads\/2023\/01\/tempImageR4Gntp-1024x768.jpg\" alt=\"\" width=\"1024\" height=\"768\" srcset=\"http:\/\/roczyny.duszpasterstwa.bielsko.pl\/wp-content\/uploads\/2023\/01\/tempImageR4Gntp-1024x768.jpg 1024w, http:\/\/roczyny.duszpasterstwa.bielsko.pl\/wp-content\/uploads\/2023\/01\/tempImageR4Gntp-300x225.jpg 300w, http:\/\/roczyny.duszpasterstwa.bielsko.pl\/wp-content\/uploads\/2023\/01\/tempImageR4Gntp-768x576.jpg 768w, http:\/\/roczyny.duszpasterstwa.bielsko.pl\/wp-content\/uploads\/2023\/01\/tempImageR4Gntp-200x150.jpg 200w, http:\/\/roczyny.duszpasterstwa.bielsko.pl\/wp-content\/uploads\/2023\/01\/tempImageR4Gntp-690x518.jpg 690w\" sizes=\"(max-width: 1024px) 100vw, 1024px\" \/><\/a> <a href=\"http:\/\/roczyny.duszpasterstwa.bielsko.pl\/wp-content\/uploads\/2023\/01\/tempImageSlmGcC.jpg\"><img loading=\"lazy\" decoding=\"async\" class=\"aligncenter size-large wp-image-8922\" src=\"http:\/\/roczyny.duszpasterstwa.bielsko.pl\/wp-content\/uploads\/2023\/01\/tempImageSlmGcC-1024x768.jpg\" alt=\"\" width=\"1024\" height=\"768\" srcset=\"http:\/\/roczyny.duszpasterstwa.bielsko.pl\/wp-content\/uploads\/2023\/01\/tempImageSlmGcC-1024x768.jpg 1024w, http:\/\/roczyny.duszpasterstwa.bielsko.pl\/wp-content\/uploads\/2023\/01\/tempImageSlmGcC-300x225.jpg 300w, http:\/\/roczyny.duszpasterstwa.bielsko.pl\/wp-content\/uploads\/2023\/01\/tempImageSlmGcC-768x576.jpg 768w, http:\/\/roczyny.duszpasterstwa.bielsko.pl\/wp-content\/uploads\/2023\/01\/tempImageSlmGcC-200x150.jpg 200w, http:\/\/roczyny.duszpasterstwa.bielsko.pl\/wp-content\/uploads\/2023\/01\/tempImageSlmGcC-690x518.jpg 690w\" sizes=\"(max-width: 1024px) 100vw, 1024px\" \/><\/a> <a href=\"http:\/\/roczyny.duszpasterstwa.bielsko.pl\/wp-content\/uploads\/2023\/01\/tempImage7cpni2.jpg\"><img loading=\"lazy\" decoding=\"async\" class=\"aligncenter size-large wp-image-8923\" src=\"http:\/\/roczyny.duszpasterstwa.bielsko.pl\/wp-content\/uploads\/2023\/01\/tempImage7cpni2-1024x768.jpg\" alt=\"\" width=\"1024\" height=\"768\" srcset=\"http:\/\/roczyny.duszpasterstwa.bielsko.pl\/wp-content\/uploads\/2023\/01\/tempImage7cpni2-1024x768.jpg 1024w, http:\/\/roczyny.duszpasterstwa.bielsko.pl\/wp-content\/uploads\/2023\/01\/tempImage7cpni2-300x225.jpg 300w, http:\/\/roczyny.duszpasterstwa.bielsko.pl\/wp-content\/uploads\/2023\/01\/tempImage7cpni2-768x576.jpg 768w, http:\/\/roczyny.duszpasterstwa.bielsko.pl\/wp-content\/uploads\/2023\/01\/tempImage7cpni2-200x150.jpg 200w, http:\/\/roczyny.duszpasterstwa.bielsko.pl\/wp-content\/uploads\/2023\/01\/tempImage7cpni2-690x518.jpg 690w\" sizes=\"(max-width: 1024px) 100vw, 1024px\" \/><\/a> <a href=\"http:\/\/roczyny.duszpasterstwa.bielsko.pl\/wp-content\/uploads\/2023\/01\/tempImage7JWpht.jpg\"><img loading=\"lazy\" decoding=\"async\" class=\"aligncenter size-large wp-image-8924\" src=\"http:\/\/roczyny.duszpasterstwa.bielsko.pl\/wp-content\/uploads\/2023\/01\/tempImage7JWpht-1024x768.jpg\" alt=\"\" width=\"1024\" height=\"768\" srcset=\"http:\/\/roczyny.duszpasterstwa.bielsko.pl\/wp-content\/uploads\/2023\/01\/tempImage7JWpht-1024x768.jpg 1024w, http:\/\/roczyny.duszpasterstwa.bielsko.pl\/wp-content\/uploads\/2023\/01\/tempImage7JWpht-300x225.jpg 300w, http:\/\/roczyny.duszpasterstwa.bielsko.pl\/wp-content\/uploads\/2023\/01\/tempImage7JWpht-768x576.jpg 768w, http:\/\/roczyny.duszpasterstwa.bielsko.pl\/wp-content\/uploads\/2023\/01\/tempImage7JWpht-200x150.jpg 200w, http:\/\/roczyny.duszpasterstwa.bielsko.pl\/wp-content\/uploads\/2023\/01\/tempImage7JWpht-690x518.jpg 690w\" sizes=\"(max-width: 1024px) 100vw, 1024px\" \/><\/a> <a href=\"http:\/\/roczyny.duszpasterstwa.bielsko.pl\/wp-content\/uploads\/2023\/01\/tempImage0BoNNf.jpg\"><img loading=\"lazy\" decoding=\"async\" class=\"aligncenter size-large wp-image-8925\" src=\"http:\/\/roczyny.duszpasterstwa.bielsko.pl\/wp-content\/uploads\/2023\/01\/tempImage0BoNNf-1024x768.jpg\" alt=\"\" width=\"1024\" height=\"768\" srcset=\"http:\/\/roczyny.duszpasterstwa.bielsko.pl\/wp-content\/uploads\/2023\/01\/tempImage0BoNNf-1024x768.jpg 1024w, http:\/\/roczyny.duszpasterstwa.bielsko.pl\/wp-content\/uploads\/2023\/01\/tempImage0BoNNf-300x225.jpg 300w, http:\/\/roczyny.duszpasterstwa.bielsko.pl\/wp-content\/uploads\/2023\/01\/tempImage0BoNNf-768x576.jpg 768w, http:\/\/roczyny.duszpasterstwa.bielsko.pl\/wp-content\/uploads\/2023\/01\/tempImage0BoNNf-200x150.jpg 200w, http:\/\/roczyny.duszpasterstwa.bielsko.pl\/wp-content\/uploads\/2023\/01\/tempImage0BoNNf-690x518.jpg 690w\" sizes=\"(max-width: 1024px) 100vw, 1024px\" \/><\/a> <a href=\"http:\/\/roczyny.duszpasterstwa.bielsko.pl\/wp-content\/uploads\/2023\/01\/tempImageFzdN7E.jpg\"><img loading=\"lazy\" decoding=\"async\" class=\"aligncenter size-large wp-image-8926\" src=\"http:\/\/roczyny.duszpasterstwa.bielsko.pl\/wp-content\/uploads\/2023\/01\/tempImageFzdN7E-1024x768.jpg\" alt=\"\" width=\"1024\" height=\"768\" srcset=\"http:\/\/roczyny.duszpasterstwa.bielsko.pl\/wp-content\/uploads\/2023\/01\/tempImageFzdN7E-1024x768.jpg 1024w, http:\/\/roczyny.duszpasterstwa.bielsko.pl\/wp-content\/uploads\/2023\/01\/tempImageFzdN7E-300x225.jpg 300w, http:\/\/roczyny.duszpasterstwa.bielsko.pl\/wp-content\/uploads\/2023\/01\/tempImageFzdN7E-768x576.jpg 768w, http:\/\/roczyny.duszpasterstwa.bielsko.pl\/wp-content\/uploads\/2023\/01\/tempImageFzdN7E-200x150.jpg 200w, http:\/\/roczyny.duszpasterstwa.bielsko.pl\/wp-content\/uploads\/2023\/01\/tempImageFzdN7E-690x518.jpg 690w\" sizes=\"(max-width: 1024px) 100vw, 1024px\" \/><\/a> <a href=\"http:\/\/roczyny.duszpasterstwa.bielsko.pl\/wp-content\/uploads\/2023\/01\/tempImageRRy0z1.jpg\"><img loading=\"lazy\" decoding=\"async\" class=\"aligncenter size-large wp-image-8927\" src=\"http:\/\/roczyny.duszpasterstwa.bielsko.pl\/wp-content\/uploads\/2023\/01\/tempImageRRy0z1-1024x768.jpg\" alt=\"\" width=\"1024\" height=\"768\" srcset=\"http:\/\/roczyny.duszpasterstwa.bielsko.pl\/wp-content\/uploads\/2023\/01\/tempImageRRy0z1-1024x768.jpg 1024w, http:\/\/roczyny.duszpasterstwa.bielsko.pl\/wp-content\/uploads\/2023\/01\/tempImageRRy0z1-300x225.jpg 300w, http:\/\/roczyny.duszpasterstwa.bielsko.pl\/wp-content\/uploads\/2023\/01\/tempImageRRy0z1-768x576.jpg 768w, http:\/\/roczyny.duszpasterstwa.bielsko.pl\/wp-content\/uploads\/2023\/01\/tempImageRRy0z1-200x150.jpg 200w, http:\/\/roczyny.duszpasterstwa.bielsko.pl\/wp-content\/uploads\/2023\/01\/tempImageRRy0z1-690x518.jpg 690w\" sizes=\"(max-width: 1024px) 100vw, 1024px\" \/><\/a> <a href=\"http:\/\/roczyny.duszpasterstwa.bielsko.pl\/wp-content\/uploads\/2023\/01\/tempImageYuOyAJ.jpg\"><img loading=\"lazy\" decoding=\"async\" class=\"aligncenter size-large wp-image-8928\" src=\"http:\/\/roczyny.duszpasterstwa.bielsko.pl\/wp-content\/uploads\/2023\/01\/tempImageYuOyAJ-1024x768.jpg\" alt=\"\" width=\"1024\" height=\"768\" srcset=\"http:\/\/roczyny.duszpasterstwa.bielsko.pl\/wp-content\/uploads\/2023\/01\/tempImageYuOyAJ-1024x768.jpg 1024w, http:\/\/roczyny.duszpasterstwa.bielsko.pl\/wp-content\/uploads\/2023\/01\/tempImageYuOyAJ-300x225.jpg 300w, http:\/\/roczyny.duszpasterstwa.bielsko.pl\/wp-content\/uploads\/2023\/01\/tempImageYuOyAJ-768x576.jpg 768w, http:\/\/roczyny.duszpasterstwa.bielsko.pl\/wp-content\/uploads\/2023\/01\/tempImageYuOyAJ-200x150.jpg 200w, http:\/\/roczyny.duszpasterstwa.bielsko.pl\/wp-content\/uploads\/2023\/01\/tempImageYuOyAJ-690x518.jpg 690w\" sizes=\"(max-width: 1024px) 100vw, 1024px\" \/><\/a> <a href=\"http:\/\/roczyny.duszpasterstwa.bielsko.pl\/wp-content\/uploads\/2023\/01\/tempImageLwWPLo.jpg\"><img loading=\"lazy\" decoding=\"async\" class=\"aligncenter size-large wp-image-8929\" src=\"http:\/\/roczyny.duszpasterstwa.bielsko.pl\/wp-content\/uploads\/2023\/01\/tempImageLwWPLo-1024x768.jpg\" alt=\"\" width=\"1024\" height=\"768\" srcset=\"http:\/\/roczyny.duszpasterstwa.bielsko.pl\/wp-content\/uploads\/2023\/01\/tempImageLwWPLo-1024x768.jpg 1024w, http:\/\/roczyny.duszpasterstwa.bielsko.pl\/wp-content\/uploads\/2023\/01\/tempImageLwWPLo-300x225.jpg 300w, http:\/\/roczyny.duszpasterstwa.bielsko.pl\/wp-content\/uploads\/2023\/01\/tempImageLwWPLo-768x576.jpg 768w, http:\/\/roczyny.duszpasterstwa.bielsko.pl\/wp-content\/uploads\/2023\/01\/tempImageLwWPLo-200x150.jpg 200w, http:\/\/roczyny.duszpasterstwa.bielsko.pl\/wp-content\/uploads\/2023\/01\/tempImageLwWPLo-690x518.jpg 690w\" sizes=\"(max-width: 1024px) 100vw, 1024px\" \/><\/a> <a href=\"http:\/\/roczyny.duszpasterstwa.bielsko.pl\/wp-content\/uploads\/2023\/01\/tempImage5i6ebt.jpg\"><img loading=\"lazy\" decoding=\"async\" class=\"aligncenter size-large wp-image-8930\" src=\"http:\/\/roczyny.duszpasterstwa.bielsko.pl\/wp-content\/uploads\/2023\/01\/tempImage5i6ebt-1024x768.jpg\" alt=\"\" width=\"1024\" height=\"768\" srcset=\"http:\/\/roczyny.duszpasterstwa.bielsko.pl\/wp-content\/uploads\/2023\/01\/tempImage5i6ebt-1024x768.jpg 1024w, http:\/\/roczyny.duszpasterstwa.bielsko.pl\/wp-content\/uploads\/2023\/01\/tempImage5i6ebt-300x225.jpg 300w, http:\/\/roczyny.duszpasterstwa.bielsko.pl\/wp-content\/uploads\/2023\/01\/tempImage5i6ebt-768x576.jpg 768w, http:\/\/roczyny.duszpasterstwa.bielsko.pl\/wp-content\/uploads\/2023\/01\/tempImage5i6ebt-200x150.jpg 200w, http:\/\/roczyny.duszpasterstwa.bielsko.pl\/wp-content\/uploads\/2023\/01\/tempImage5i6ebt-690x518.jpg 690w\" sizes=\"(max-width: 1024px) 100vw, 1024px\" \/><\/a> <a href=\"http:\/\/roczyny.duszpasterstwa.bielsko.pl\/wp-content\/uploads\/2023\/01\/tempImagesykRcb.jpg\"><img loading=\"lazy\" decoding=\"async\" class=\"aligncenter size-large wp-image-8931\" src=\"http:\/\/roczyny.duszpasterstwa.bielsko.pl\/wp-content\/uploads\/2023\/01\/tempImagesykRcb-1024x768.jpg\" alt=\"\" width=\"1024\" height=\"768\" srcset=\"http:\/\/roczyny.duszpasterstwa.bielsko.pl\/wp-content\/uploads\/2023\/01\/tempImagesykRcb-1024x768.jpg 1024w, http:\/\/roczyny.duszpasterstwa.bielsko.pl\/wp-content\/uploads\/2023\/01\/tempImagesykRcb-300x225.jpg 300w, http:\/\/roczyny.duszpasterstwa.bielsko.pl\/wp-content\/uploads\/2023\/01\/tempImagesykRcb-768x576.jpg 768w, http:\/\/roczyny.duszpasterstwa.bielsko.pl\/wp-content\/uploads\/2023\/01\/tempImagesykRcb-200x150.jpg 200w, http:\/\/roczyny.duszpasterstwa.bielsko.pl\/wp-content\/uploads\/2023\/01\/tempImagesykRcb-690x518.jpg 690w\" sizes=\"(max-width: 1024px) 100vw, 1024px\" \/><\/a> <a href=\"http:\/\/roczyny.duszpasterstwa.bielsko.pl\/wp-content\/uploads\/2023\/01\/tempImagei9eNTA.jpg\"><img loading=\"lazy\" decoding=\"async\" class=\"aligncenter size-large wp-image-8932\" src=\"http:\/\/roczyny.duszpasterstwa.bielsko.pl\/wp-content\/uploads\/2023\/01\/tempImagei9eNTA-1024x768.jpg\" alt=\"\" width=\"1024\" height=\"768\" srcset=\"http:\/\/roczyny.duszpasterstwa.bielsko.pl\/wp-content\/uploads\/2023\/01\/tempImagei9eNTA-1024x768.jpg 1024w, http:\/\/roczyny.duszpasterstwa.bielsko.pl\/wp-content\/uploads\/2023\/01\/tempImagei9eNTA-300x225.jpg 300w, http:\/\/roczyny.duszpasterstwa.bielsko.pl\/wp-content\/uploads\/2023\/01\/tempImagei9eNTA-768x576.jpg 768w, http:\/\/roczyny.duszpasterstwa.bielsko.pl\/wp-content\/uploads\/2023\/01\/tempImagei9eNTA-200x150.jpg 200w, http:\/\/roczyny.duszpasterstwa.bielsko.pl\/wp-content\/uploads\/2023\/01\/tempImagei9eNTA-690x518.jpg 690w\" sizes=\"(max-width: 1024px) 100vw, 1024px\" \/><\/a> <a href=\"http:\/\/roczyny.duszpasterstwa.bielsko.pl\/wp-content\/uploads\/2023\/01\/tempImagezKRZaB.jpg\"><img loading=\"lazy\" decoding=\"async\" class=\"aligncenter size-large wp-image-8933\" src=\"http:\/\/roczyny.duszpasterstwa.bielsko.pl\/wp-content\/uploads\/2023\/01\/tempImagezKRZaB-1024x768.jpg\" alt=\"\" width=\"1024\" height=\"768\" srcset=\"http:\/\/roczyny.duszpasterstwa.bielsko.pl\/wp-content\/uploads\/2023\/01\/tempImagezKRZaB-1024x768.jpg 1024w, http:\/\/roczyny.duszpasterstwa.bielsko.pl\/wp-content\/uploads\/2023\/01\/tempImagezKRZaB-300x225.jpg 300w, http:\/\/roczyny.duszpasterstwa.bielsko.pl\/wp-content\/uploads\/2023\/01\/tempImagezKRZaB-768x576.jpg 768w, http:\/\/roczyny.duszpasterstwa.bielsko.pl\/wp-content\/uploads\/2023\/01\/tempImagezKRZaB-200x150.jpg 200w, http:\/\/roczyny.duszpasterstwa.bielsko.pl\/wp-content\/uploads\/2023\/01\/tempImagezKRZaB-690x518.jpg 690w\" sizes=\"(max-width: 1024px) 100vw, 1024px\" \/><\/a> <a href=\"http:\/\/roczyny.duszpasterstwa.bielsko.pl\/wp-content\/uploads\/2023\/01\/tempImageqvF7L4.jpg\"><img loading=\"lazy\" decoding=\"async\" class=\"aligncenter size-large wp-image-8934\" src=\"http:\/\/roczyny.duszpasterstwa.bielsko.pl\/wp-content\/uploads\/2023\/01\/tempImageqvF7L4-1024x768.jpg\" alt=\"\" width=\"1024\" height=\"768\" srcset=\"http:\/\/roczyny.duszpasterstwa.bielsko.pl\/wp-content\/uploads\/2023\/01\/tempImageqvF7L4-1024x768.jpg 1024w, http:\/\/roczyny.duszpasterstwa.bielsko.pl\/wp-content\/uploads\/2023\/01\/tempImageqvF7L4-300x225.jpg 300w, http:\/\/roczyny.duszpasterstwa.bielsko.pl\/wp-content\/uploads\/2023\/01\/tempImageqvF7L4-768x576.jpg 768w, http:\/\/roczyny.duszpasterstwa.bielsko.pl\/wp-content\/uploads\/2023\/01\/tempImageqvF7L4-200x150.jpg 200w, http:\/\/roczyny.duszpasterstwa.bielsko.pl\/wp-content\/uploads\/2023\/01\/tempImageqvF7L4-690x518.jpg 690w\" sizes=\"(max-width: 1024px) 100vw, 1024px\" \/><\/a> <a href=\"http:\/\/roczyny.duszpasterstwa.bielsko.pl\/wp-content\/uploads\/2023\/01\/tempImage8HL8OB.jpg\"><img loading=\"lazy\" decoding=\"async\" class=\"aligncenter size-large wp-image-8935\" src=\"http:\/\/roczyny.duszpasterstwa.bielsko.pl\/wp-content\/uploads\/2023\/01\/tempImage8HL8OB-1024x768.jpg\" alt=\"\" width=\"1024\" height=\"768\" srcset=\"http:\/\/roczyny.duszpasterstwa.bielsko.pl\/wp-content\/uploads\/2023\/01\/tempImage8HL8OB-1024x768.jpg 1024w, http:\/\/roczyny.duszpasterstwa.bielsko.pl\/wp-content\/uploads\/2023\/01\/tempImage8HL8OB-300x225.jpg 300w, http:\/\/roczyny.duszpasterstwa.bielsko.pl\/wp-content\/uploads\/2023\/01\/tempImage8HL8OB-768x576.jpg 768w, http:\/\/roczyny.duszpasterstwa.bielsko.pl\/wp-content\/uploads\/2023\/01\/tempImage8HL8OB-200x150.jpg 200w, http:\/\/roczyny.duszpasterstwa.bielsko.pl\/wp-content\/uploads\/2023\/01\/tempImage8HL8OB-690x518.jpg 690w\" sizes=\"(max-width: 1024px) 100vw, 1024px\" \/><\/a> <a href=\"http:\/\/roczyny.duszpasterstwa.bielsko.pl\/wp-content\/uploads\/2023\/01\/tempImageiGfvSA.jpg\"><img loading=\"lazy\" decoding=\"async\" class=\"aligncenter size-large wp-image-8936\" src=\"http:\/\/roczyny.duszpasterstwa.bielsko.pl\/wp-content\/uploads\/2023\/01\/tempImageiGfvSA-1024x768.jpg\" alt=\"\" width=\"1024\" height=\"768\" srcset=\"http:\/\/roczyny.duszpasterstwa.bielsko.pl\/wp-content\/uploads\/2023\/01\/tempImageiGfvSA-1024x768.jpg 1024w, http:\/\/roczyny.duszpasterstwa.bielsko.pl\/wp-content\/uploads\/2023\/01\/tempImageiGfvSA-300x225.jpg 300w, http:\/\/roczyny.duszpasterstwa.bielsko.pl\/wp-content\/uploads\/2023\/01\/tempImageiGfvSA-768x576.jpg 768w, http:\/\/roczyny.duszpasterstwa.bielsko.pl\/wp-content\/uploads\/2023\/01\/tempImageiGfvSA-200x150.jpg 200w, http:\/\/roczyny.duszpasterstwa.bielsko.pl\/wp-content\/uploads\/2023\/01\/tempImageiGfvSA-690x518.jpg 690w\" sizes=\"(max-width: 1024px) 100vw, 1024px\" \/><\/a> <a href=\"http:\/\/roczyny.duszpasterstwa.bielsko.pl\/wp-content\/uploads\/2023\/01\/tempImagetM9OnM.jpg\"><img loading=\"lazy\" decoding=\"async\" class=\"aligncenter size-large wp-image-8937\" src=\"http:\/\/roczyny.duszpasterstwa.bielsko.pl\/wp-content\/uploads\/2023\/01\/tempImagetM9OnM-1024x768.jpg\" alt=\"\" width=\"1024\" height=\"768\" srcset=\"http:\/\/roczyny.duszpasterstwa.bielsko.pl\/wp-content\/uploads\/2023\/01\/tempImagetM9OnM-1024x768.jpg 1024w, http:\/\/roczyny.duszpasterstwa.bielsko.pl\/wp-content\/uploads\/2023\/01\/tempImagetM9OnM-300x225.jpg 300w, http:\/\/roczyny.duszpasterstwa.bielsko.pl\/wp-content\/uploads\/2023\/01\/tempImagetM9OnM-768x576.jpg 768w, http:\/\/roczyny.duszpasterstwa.bielsko.pl\/wp-content\/uploads\/2023\/01\/tempImagetM9OnM-200x150.jpg 200w, http:\/\/roczyny.duszpasterstwa.bielsko.pl\/wp-content\/uploads\/2023\/01\/tempImagetM9OnM-690x518.jpg 690w\" sizes=\"(max-width: 1024px) 100vw, 1024px\" \/><\/a> <a href=\"http:\/\/roczyny.duszpasterstwa.bielsko.pl\/wp-content\/uploads\/2023\/01\/tempImageVCUMC6.jpg\"><img loading=\"lazy\" decoding=\"async\" class=\"aligncenter size-large wp-image-8938\" src=\"http:\/\/roczyny.duszpasterstwa.bielsko.pl\/wp-content\/uploads\/2023\/01\/tempImageVCUMC6-1024x768.jpg\" alt=\"\" width=\"1024\" height=\"768\" srcset=\"http:\/\/roczyny.duszpasterstwa.bielsko.pl\/wp-content\/uploads\/2023\/01\/tempImageVCUMC6-1024x768.jpg 1024w, http:\/\/roczyny.duszpasterstwa.bielsko.pl\/wp-content\/uploads\/2023\/01\/tempImageVCUMC6-300x225.jpg 300w, http:\/\/roczyny.duszpasterstwa.bielsko.pl\/wp-content\/uploads\/2023\/01\/tempImageVCUMC6-768x576.jpg 768w, http:\/\/roczyny.duszpasterstwa.bielsko.pl\/wp-content\/uploads\/2023\/01\/tempImageVCUMC6-200x150.jpg 200w, http:\/\/roczyny.duszpasterstwa.bielsko.pl\/wp-content\/uploads\/2023\/01\/tempImageVCUMC6-690x518.jpg 690w\" sizes=\"(max-width: 1024px) 100vw, 1024px\" \/><\/a> <a href=\"http:\/\/roczyny.duszpasterstwa.bielsko.pl\/wp-content\/uploads\/2023\/01\/tempImageewSHoS.jpg\"><img loading=\"lazy\" decoding=\"async\" class=\"aligncenter size-large wp-image-8939\" src=\"http:\/\/roczyny.duszpasterstwa.bielsko.pl\/wp-content\/uploads\/2023\/01\/tempImageewSHoS-1024x768.jpg\" alt=\"\" width=\"1024\" height=\"768\" srcset=\"http:\/\/roczyny.duszpasterstwa.bielsko.pl\/wp-content\/uploads\/2023\/01\/tempImageewSHoS-1024x768.jpg 1024w, http:\/\/roczyny.duszpasterstwa.bielsko.pl\/wp-content\/uploads\/2023\/01\/tempImageewSHoS-300x225.jpg 300w, http:\/\/roczyny.duszpasterstwa.bielsko.pl\/wp-content\/uploads\/2023\/01\/tempImageewSHoS-768x576.jpg 768w, http:\/\/roczyny.duszpasterstwa.bielsko.pl\/wp-content\/uploads\/2023\/01\/tempImageewSHoS-200x150.jpg 200w, http:\/\/roczyny.duszpasterstwa.bielsko.pl\/wp-content\/uploads\/2023\/01\/tempImageewSHoS-690x518.jpg 690w\" sizes=\"(max-width: 1024px) 100vw, 1024px\" \/><\/a> <a href=\"http:\/\/roczyny.duszpasterstwa.bielsko.pl\/wp-content\/uploads\/2023\/01\/tempImage9ltLEG.jpg\"><img loading=\"lazy\" decoding=\"async\" class=\"aligncenter size-large wp-image-8940\" src=\"http:\/\/roczyny.duszpasterstwa.bielsko.pl\/wp-content\/uploads\/2023\/01\/tempImage9ltLEG-1024x768.jpg\" alt=\"\" width=\"1024\" height=\"768\" srcset=\"http:\/\/roczyny.duszpasterstwa.bielsko.pl\/wp-content\/uploads\/2023\/01\/tempImage9ltLEG-1024x768.jpg 1024w, http:\/\/roczyny.duszpasterstwa.bielsko.pl\/wp-content\/uploads\/2023\/01\/tempImage9ltLEG-300x225.jpg 300w, http:\/\/roczyny.duszpasterstwa.bielsko.pl\/wp-content\/uploads\/2023\/01\/tempImage9ltLEG-768x576.jpg 768w, http:\/\/roczyny.duszpasterstwa.bielsko.pl\/wp-content\/uploads\/2023\/01\/tempImage9ltLEG-200x150.jpg 200w, http:\/\/roczyny.duszpasterstwa.bielsko.pl\/wp-content\/uploads\/2023\/01\/tempImage9ltLEG-690x518.jpg 690w\" sizes=\"(max-width: 1024px) 100vw, 1024px\" \/><\/a> <a href=\"http:\/\/roczyny.duszpasterstwa.bielsko.pl\/wp-content\/uploads\/2023\/01\/tempImageLtdF52.jpg\"><img loading=\"lazy\" decoding=\"async\" class=\"aligncenter size-large wp-image-8941\" src=\"http:\/\/roczyny.duszpasterstwa.bielsko.pl\/wp-content\/uploads\/2023\/01\/tempImageLtdF52-1024x768.jpg\" alt=\"\" width=\"1024\" height=\"768\" srcset=\"http:\/\/roczyny.duszpasterstwa.bielsko.pl\/wp-content\/uploads\/2023\/01\/tempImageLtdF52-1024x768.jpg 1024w, http:\/\/roczyny.duszpasterstwa.bielsko.pl\/wp-content\/uploads\/2023\/01\/tempImageLtdF52-300x225.jpg 300w, http:\/\/roczyny.duszpasterstwa.bielsko.pl\/wp-content\/uploads\/2023\/01\/tempImageLtdF52-768x576.jpg 768w, http:\/\/roczyny.duszpasterstwa.bielsko.pl\/wp-content\/uploads\/2023\/01\/tempImageLtdF52-200x150.jpg 200w, http:\/\/roczyny.duszpasterstwa.bielsko.pl\/wp-content\/uploads\/2023\/01\/tempImageLtdF52-690x518.jpg 690w\" sizes=\"(max-width: 1024px) 100vw, 1024px\" \/><\/a> <a href=\"http:\/\/roczyny.duszpasterstwa.bielsko.pl\/wp-content\/uploads\/2023\/01\/tempImageqUa5Oc.jpg\"><img loading=\"lazy\" decoding=\"async\" class=\"aligncenter size-large wp-image-8942\" src=\"http:\/\/roczyny.duszpasterstwa.bielsko.pl\/wp-content\/uploads\/2023\/01\/tempImageqUa5Oc-1024x768.jpg\" alt=\"\" width=\"1024\" height=\"768\" srcset=\"http:\/\/roczyny.duszpasterstwa.bielsko.pl\/wp-content\/uploads\/2023\/01\/tempImageqUa5Oc-1024x768.jpg 1024w, http:\/\/roczyny.duszpasterstwa.bielsko.pl\/wp-content\/uploads\/2023\/01\/tempImageqUa5Oc-300x225.jpg 300w, http:\/\/roczyny.duszpasterstwa.bielsko.pl\/wp-content\/uploads\/2023\/01\/tempImageqUa5Oc-768x576.jpg 768w, http:\/\/roczyny.duszpasterstwa.bielsko.pl\/wp-content\/uploads\/2023\/01\/tempImageqUa5Oc-200x150.jpg 200w, http:\/\/roczyny.duszpasterstwa.bielsko.pl\/wp-content\/uploads\/2023\/01\/tempImageqUa5Oc-690x518.jpg 690w\" sizes=\"(max-width: 1024px) 100vw, 1024px\" \/><\/a> <a href=\"http:\/\/roczyny.duszpasterstwa.bielsko.pl\/wp-content\/uploads\/2023\/01\/tempImagelhhRwx.jpg\"><img loading=\"lazy\" decoding=\"async\" class=\"aligncenter size-large wp-image-8943\" src=\"http:\/\/roczyny.duszpasterstwa.bielsko.pl\/wp-content\/uploads\/2023\/01\/tempImagelhhRwx-1024x768.jpg\" alt=\"\" width=\"1024\" height=\"768\" srcset=\"http:\/\/roczyny.duszpasterstwa.bielsko.pl\/wp-content\/uploads\/2023\/01\/tempImagelhhRwx-1024x768.jpg 1024w, http:\/\/roczyny.duszpasterstwa.bielsko.pl\/wp-content\/uploads\/2023\/01\/tempImagelhhRwx-300x225.jpg 300w, http:\/\/roczyny.duszpasterstwa.bielsko.pl\/wp-content\/uploads\/2023\/01\/tempImagelhhRwx-768x576.jpg 768w, http:\/\/roczyny.duszpasterstwa.bielsko.pl\/wp-content\/uploads\/2023\/01\/tempImagelhhRwx-200x150.jpg 200w, http:\/\/roczyny.duszpasterstwa.bielsko.pl\/wp-content\/uploads\/2023\/01\/tempImagelhhRwx-690x518.jpg 690w\" sizes=\"(max-width: 1024px) 100vw, 1024px\" \/><\/a> <a href=\"http:\/\/roczyny.duszpasterstwa.bielsko.pl\/wp-content\/uploads\/2023\/01\/tempImagemt53WE.jpg\"><img loading=\"lazy\" decoding=\"async\" class=\"aligncenter size-large wp-image-8944\" src=\"http:\/\/roczyny.duszpasterstwa.bielsko.pl\/wp-content\/uploads\/2023\/01\/tempImagemt53WE-1024x768.jpg\" alt=\"\" width=\"1024\" height=\"768\" srcset=\"http:\/\/roczyny.duszpasterstwa.bielsko.pl\/wp-content\/uploads\/2023\/01\/tempImagemt53WE-1024x768.jpg 1024w, http:\/\/roczyny.duszpasterstwa.bielsko.pl\/wp-content\/uploads\/2023\/01\/tempImagemt53WE-300x225.jpg 300w, http:\/\/roczyny.duszpasterstwa.bielsko.pl\/wp-content\/uploads\/2023\/01\/tempImagemt53WE-768x576.jpg 768w, http:\/\/roczyny.duszpasterstwa.bielsko.pl\/wp-content\/uploads\/2023\/01\/tempImagemt53WE-200x150.jpg 200w, http:\/\/roczyny.duszpasterstwa.bielsko.pl\/wp-content\/uploads\/2023\/01\/tempImagemt53WE-690x518.jpg 690w\" sizes=\"(max-width: 1024px) 100vw, 1024px\" \/><\/a> <a href=\"http:\/\/roczyny.duszpasterstwa.bielsko.pl\/wp-content\/uploads\/2023\/01\/tempImagess4vk2.jpg\"><img loading=\"lazy\" decoding=\"async\" class=\"aligncenter size-large wp-image-8945\" src=\"http:\/\/roczyny.duszpasterstwa.bielsko.pl\/wp-content\/uploads\/2023\/01\/tempImagess4vk2-1024x768.jpg\" alt=\"\" width=\"1024\" height=\"768\" srcset=\"http:\/\/roczyny.duszpasterstwa.bielsko.pl\/wp-content\/uploads\/2023\/01\/tempImagess4vk2-1024x768.jpg 1024w, http:\/\/roczyny.duszpasterstwa.bielsko.pl\/wp-content\/uploads\/2023\/01\/tempImagess4vk2-300x225.jpg 300w, http:\/\/roczyny.duszpasterstwa.bielsko.pl\/wp-content\/uploads\/2023\/01\/tempImagess4vk2-768x576.jpg 768w, http:\/\/roczyny.duszpasterstwa.bielsko.pl\/wp-content\/uploads\/2023\/01\/tempImagess4vk2-200x150.jpg 200w, http:\/\/roczyny.duszpasterstwa.bielsko.pl\/wp-content\/uploads\/2023\/01\/tempImagess4vk2-690x518.jpg 690w\" sizes=\"(max-width: 1024px) 100vw, 1024px\" \/><\/a> <a href=\"http:\/\/roczyny.duszpasterstwa.bielsko.pl\/wp-content\/uploads\/2023\/01\/tempImageI2GLsQ.jpg\"><img loading=\"lazy\" decoding=\"async\" class=\"aligncenter size-large wp-image-8946\" src=\"http:\/\/roczyny.duszpasterstwa.bielsko.pl\/wp-content\/uploads\/2023\/01\/tempImageI2GLsQ-1024x768.jpg\" alt=\"\" width=\"1024\" height=\"768\" srcset=\"http:\/\/roczyny.duszpasterstwa.bielsko.pl\/wp-content\/uploads\/2023\/01\/tempImageI2GLsQ-1024x768.jpg 1024w, http:\/\/roczyny.duszpasterstwa.bielsko.pl\/wp-content\/uploads\/2023\/01\/tempImageI2GLsQ-300x225.jpg 300w, http:\/\/roczyny.duszpasterstwa.bielsko.pl\/wp-content\/uploads\/2023\/01\/tempImageI2GLsQ-768x576.jpg 768w, http:\/\/roczyny.duszpasterstwa.bielsko.pl\/wp-content\/uploads\/2023\/01\/tempImageI2GLsQ-200x150.jpg 200w, http:\/\/roczyny.duszpasterstwa.bielsko.pl\/wp-content\/uploads\/2023\/01\/tempImageI2GLsQ-690x518.jpg 690w\" sizes=\"(max-width: 1024px) 100vw, 1024px\" \/><\/a> <a href=\"http:\/\/roczyny.duszpasterstwa.bielsko.pl\/wp-content\/uploads\/2023\/01\/tempImagenUrjSi.jpg\"><img loading=\"lazy\" decoding=\"async\" class=\"aligncenter size-large wp-image-8947\" src=\"http:\/\/roczyny.duszpasterstwa.bielsko.pl\/wp-content\/uploads\/2023\/01\/tempImagenUrjSi-1024x768.jpg\" alt=\"\" width=\"1024\" height=\"768\" srcset=\"http:\/\/roczyny.duszpasterstwa.bielsko.pl\/wp-content\/uploads\/2023\/01\/tempImagenUrjSi-1024x768.jpg 1024w, http:\/\/roczyny.duszpasterstwa.bielsko.pl\/wp-content\/uploads\/2023\/01\/tempImagenUrjSi-300x225.jpg 300w, http:\/\/roczyny.duszpasterstwa.bielsko.pl\/wp-content\/uploads\/2023\/01\/tempImagenUrjSi-768x576.jpg 768w, http:\/\/roczyny.duszpasterstwa.bielsko.pl\/wp-content\/uploads\/2023\/01\/tempImagenUrjSi-200x150.jpg 200w, http:\/\/roczyny.duszpasterstwa.bielsko.pl\/wp-content\/uploads\/2023\/01\/tempImagenUrjSi-690x518.jpg 690w\" sizes=\"(max-width: 1024px) 100vw, 1024px\" \/><\/a> <a href=\"http:\/\/roczyny.duszpasterstwa.bielsko.pl\/wp-content\/uploads\/2023\/01\/tempImage9lpEGA.jpg\"><img loading=\"lazy\" decoding=\"async\" class=\"aligncenter size-large wp-image-8948\" src=\"http:\/\/roczyny.duszpasterstwa.bielsko.pl\/wp-content\/uploads\/2023\/01\/tempImage9lpEGA-1024x768.jpg\" alt=\"\" width=\"1024\" height=\"768\" srcset=\"http:\/\/roczyny.duszpasterstwa.bielsko.pl\/wp-content\/uploads\/2023\/01\/tempImage9lpEGA-1024x768.jpg 1024w, http:\/\/roczyny.duszpasterstwa.bielsko.pl\/wp-content\/uploads\/2023\/01\/tempImage9lpEGA-300x225.jpg 300w, http:\/\/roczyny.duszpasterstwa.bielsko.pl\/wp-content\/uploads\/2023\/01\/tempImage9lpEGA-768x576.jpg 768w, http:\/\/roczyny.duszpasterstwa.bielsko.pl\/wp-content\/uploads\/2023\/01\/tempImage9lpEGA-200x150.jpg 200w, http:\/\/roczyny.duszpasterstwa.bielsko.pl\/wp-content\/uploads\/2023\/01\/tempImage9lpEGA-690x518.jpg 690w\" sizes=\"(max-width: 1024px) 100vw, 1024px\" \/><\/a> <a href=\"http:\/\/roczyny.duszpasterstwa.bielsko.pl\/wp-content\/uploads\/2023\/01\/tempImagezFiUGQ.jpg\"><img loading=\"lazy\" decoding=\"async\" class=\"aligncenter size-large wp-image-8949\" src=\"http:\/\/roczyny.duszpasterstwa.bielsko.pl\/wp-content\/uploads\/2023\/01\/tempImagezFiUGQ-1024x768.jpg\" alt=\"\" width=\"1024\" height=\"768\" srcset=\"http:\/\/roczyny.duszpasterstwa.bielsko.pl\/wp-content\/uploads\/2023\/01\/tempImagezFiUGQ-1024x768.jpg 1024w, http:\/\/roczyny.duszpasterstwa.bielsko.pl\/wp-content\/uploads\/2023\/01\/tempImagezFiUGQ-300x225.jpg 300w, http:\/\/roczyny.duszpasterstwa.bielsko.pl\/wp-content\/uploads\/2023\/01\/tempImagezFiUGQ-768x576.jpg 768w, http:\/\/roczyny.duszpasterstwa.bielsko.pl\/wp-content\/uploads\/2023\/01\/tempImagezFiUGQ-200x150.jpg 200w, http:\/\/roczyny.duszpasterstwa.bielsko.pl\/wp-content\/uploads\/2023\/01\/tempImagezFiUGQ-690x518.jpg 690w\" sizes=\"(max-width: 1024px) 100vw, 1024px\" \/><\/a> <a href=\"http:\/\/roczyny.duszpasterstwa.bielsko.pl\/wp-content\/uploads\/2023\/01\/tempImageOJsp7C.jpg\"><img loading=\"lazy\" decoding=\"async\" class=\"aligncenter size-large wp-image-8950\" src=\"http:\/\/roczyny.duszpasterstwa.bielsko.pl\/wp-content\/uploads\/2023\/01\/tempImageOJsp7C-1024x768.jpg\" alt=\"\" width=\"1024\" height=\"768\" srcset=\"http:\/\/roczyny.duszpasterstwa.bielsko.pl\/wp-content\/uploads\/2023\/01\/tempImageOJsp7C-1024x768.jpg 1024w, http:\/\/roczyny.duszpasterstwa.bielsko.pl\/wp-content\/uploads\/2023\/01\/tempImageOJsp7C-300x225.jpg 300w, http:\/\/roczyny.duszpasterstwa.bielsko.pl\/wp-content\/uploads\/2023\/01\/tempImageOJsp7C-768x576.jpg 768w, http:\/\/roczyny.duszpasterstwa.bielsko.pl\/wp-content\/uploads\/2023\/01\/tempImageOJsp7C-200x150.jpg 200w, http:\/\/roczyny.duszpasterstwa.bielsko.pl\/wp-content\/uploads\/2023\/01\/tempImageOJsp7C-690x518.jpg 690w\" sizes=\"(max-width: 1024px) 100vw, 1024px\" \/><\/a> <a href=\"http:\/\/roczyny.duszpasterstwa.bielsko.pl\/wp-content\/uploads\/2023\/01\/tempImagetPywjD.jpg\"><img loading=\"lazy\" decoding=\"async\" class=\"aligncenter size-large wp-image-8951\" src=\"http:\/\/roczyny.duszpasterstwa.bielsko.pl\/wp-content\/uploads\/2023\/01\/tempImagetPywjD-1024x768.jpg\" alt=\"\" width=\"1024\" height=\"768\" srcset=\"http:\/\/roczyny.duszpasterstwa.bielsko.pl\/wp-content\/uploads\/2023\/01\/tempImagetPywjD-1024x768.jpg 1024w, http:\/\/roczyny.duszpasterstwa.bielsko.pl\/wp-content\/uploads\/2023\/01\/tempImagetPywjD-300x225.jpg 300w, http:\/\/roczyny.duszpasterstwa.bielsko.pl\/wp-content\/uploads\/2023\/01\/tempImagetPywjD-768x576.jpg 768w, http:\/\/roczyny.duszpasterstwa.bielsko.pl\/wp-content\/uploads\/2023\/01\/tempImagetPywjD-200x150.jpg 200w, http:\/\/roczyny.duszpasterstwa.bielsko.pl\/wp-content\/uploads\/2023\/01\/tempImagetPywjD-690x518.jpg 690w\" sizes=\"(max-width: 1024px) 100vw, 1024px\" \/><\/a> <a href=\"http:\/\/roczyny.duszpasterstwa.bielsko.pl\/wp-content\/uploads\/2023\/01\/tempImagemKnQqi.jpg\"><img loading=\"lazy\" decoding=\"async\" class=\"aligncenter size-large wp-image-8952\" src=\"http:\/\/roczyny.duszpasterstwa.bielsko.pl\/wp-content\/uploads\/2023\/01\/tempImagemKnQqi-1024x768.jpg\" alt=\"\" width=\"1024\" height=\"768\" srcset=\"http:\/\/roczyny.duszpasterstwa.bielsko.pl\/wp-content\/uploads\/2023\/01\/tempImagemKnQqi-1024x768.jpg 1024w, http:\/\/roczyny.duszpasterstwa.bielsko.pl\/wp-content\/uploads\/2023\/01\/tempImagemKnQqi-300x225.jpg 300w, http:\/\/roczyny.duszpasterstwa.bielsko.pl\/wp-content\/uploads\/2023\/01\/tempImagemKnQqi-768x576.jpg 768w, http:\/\/roczyny.duszpasterstwa.bielsko.pl\/wp-content\/uploads\/2023\/01\/tempImagemKnQqi-200x150.jpg 200w, http:\/\/roczyny.duszpasterstwa.bielsko.pl\/wp-content\/uploads\/2023\/01\/tempImagemKnQqi-690x518.jpg 690w\" sizes=\"(max-width: 1024px) 100vw, 1024px\" \/><\/a> <a href=\"http:\/\/roczyny.duszpasterstwa.bielsko.pl\/wp-content\/uploads\/2023\/01\/tempImageCFCbSF.jpg\"><img loading=\"lazy\" decoding=\"async\" class=\"aligncenter size-large wp-image-8953\" src=\"http:\/\/roczyny.duszpasterstwa.bielsko.pl\/wp-content\/uploads\/2023\/01\/tempImageCFCbSF-1024x768.jpg\" alt=\"\" width=\"1024\" height=\"768\" srcset=\"http:\/\/roczyny.duszpasterstwa.bielsko.pl\/wp-content\/uploads\/2023\/01\/tempImageCFCbSF-1024x768.jpg 1024w, http:\/\/roczyny.duszpasterstwa.bielsko.pl\/wp-content\/uploads\/2023\/01\/tempImageCFCbSF-300x225.jpg 300w, http:\/\/roczyny.duszpasterstwa.bielsko.pl\/wp-content\/uploads\/2023\/01\/tempImageCFCbSF-768x576.jpg 768w, http:\/\/roczyny.duszpasterstwa.bielsko.pl\/wp-content\/uploads\/2023\/01\/tempImageCFCbSF-200x150.jpg 200w, http:\/\/roczyny.duszpasterstwa.bielsko.pl\/wp-content\/uploads\/2023\/01\/tempImageCFCbSF-690x518.jpg 690w\" sizes=\"(max-width: 1024px) 100vw, 1024px\" \/><\/a> <a href=\"http:\/\/roczyny.duszpasterstwa.bielsko.pl\/wp-content\/uploads\/2023\/01\/tempImageibHECV.jpg\"><img loading=\"lazy\" decoding=\"async\" class=\"aligncenter size-large wp-image-8954\" src=\"http:\/\/roczyny.duszpasterstwa.bielsko.pl\/wp-content\/uploads\/2023\/01\/tempImageibHECV-1024x768.jpg\" alt=\"\" width=\"1024\" height=\"768\" srcset=\"http:\/\/roczyny.duszpasterstwa.bielsko.pl\/wp-content\/uploads\/2023\/01\/tempImageibHECV-1024x768.jpg 1024w, http:\/\/roczyny.duszpasterstwa.bielsko.pl\/wp-content\/uploads\/2023\/01\/tempImageibHECV-300x225.jpg 300w, http:\/\/roczyny.duszpasterstwa.bielsko.pl\/wp-content\/uploads\/2023\/01\/tempImageibHECV-768x576.jpg 768w, http:\/\/roczyny.duszpasterstwa.bielsko.pl\/wp-content\/uploads\/2023\/01\/tempImageibHECV-200x150.jpg 200w, http:\/\/roczyny.duszpasterstwa.bielsko.pl\/wp-content\/uploads\/2023\/01\/tempImageibHECV-690x518.jpg 690w\" sizes=\"(max-width: 1024px) 100vw, 1024px\" \/><\/a> <a href=\"http:\/\/roczyny.duszpasterstwa.bielsko.pl\/wp-content\/uploads\/2023\/01\/tempImageRyhJjK.jpg\"><img loading=\"lazy\" decoding=\"async\" class=\"aligncenter size-large wp-image-8955\" src=\"http:\/\/roczyny.duszpasterstwa.bielsko.pl\/wp-content\/uploads\/2023\/01\/tempImageRyhJjK-1024x768.jpg\" alt=\"\" width=\"1024\" height=\"768\" srcset=\"http:\/\/roczyny.duszpasterstwa.bielsko.pl\/wp-content\/uploads\/2023\/01\/tempImageRyhJjK-1024x768.jpg 1024w, http:\/\/roczyny.duszpasterstwa.bielsko.pl\/wp-content\/uploads\/2023\/01\/tempImageRyhJjK-300x225.jpg 300w, http:\/\/roczyny.duszpasterstwa.bielsko.pl\/wp-content\/uploads\/2023\/01\/tempImageRyhJjK-768x576.jpg 768w, http:\/\/roczyny.duszpasterstwa.bielsko.pl\/wp-content\/uploads\/2023\/01\/tempImageRyhJjK-200x150.jpg 200w, http:\/\/roczyny.duszpasterstwa.bielsko.pl\/wp-content\/uploads\/2023\/01\/tempImageRyhJjK-690x518.jpg 690w\" sizes=\"(max-width: 1024px) 100vw, 1024px\" \/><\/a> <a href=\"http:\/\/roczyny.duszpasterstwa.bielsko.pl\/wp-content\/uploads\/2023\/01\/tempImagecIRTaE.jpg\"><img loading=\"lazy\" decoding=\"async\" class=\"aligncenter size-large wp-image-8956\" src=\"http:\/\/roczyny.duszpasterstwa.bielsko.pl\/wp-content\/uploads\/2023\/01\/tempImagecIRTaE-1024x768.jpg\" alt=\"\" width=\"1024\" height=\"768\" srcset=\"http:\/\/roczyny.duszpasterstwa.bielsko.pl\/wp-content\/uploads\/2023\/01\/tempImagecIRTaE-1024x768.jpg 1024w, http:\/\/roczyny.duszpasterstwa.bielsko.pl\/wp-content\/uploads\/2023\/01\/tempImagecIRTaE-300x225.jpg 300w, http:\/\/roczyny.duszpasterstwa.bielsko.pl\/wp-content\/uploads\/2023\/01\/tempImagecIRTaE-768x576.jpg 768w, http:\/\/roczyny.duszpasterstwa.bielsko.pl\/wp-content\/uploads\/2023\/01\/tempImagecIRTaE-200x150.jpg 200w, http:\/\/roczyny.duszpasterstwa.bielsko.pl\/wp-content\/uploads\/2023\/01\/tempImagecIRTaE-690x518.jpg 690w\" sizes=\"(max-width: 1024px) 100vw, 1024px\" \/><\/a> <a href=\"http:\/\/roczyny.duszpasterstwa.bielsko.pl\/wp-content\/uploads\/2023\/01\/tempImageRSINWs.jpg\"><img loading=\"lazy\" decoding=\"async\" class=\"aligncenter size-large wp-image-8957\" src=\"http:\/\/roczyny.duszpasterstwa.bielsko.pl\/wp-content\/uploads\/2023\/01\/tempImageRSINWs-1024x768.jpg\" alt=\"\" width=\"1024\" height=\"768\" srcset=\"http:\/\/roczyny.duszpasterstwa.bielsko.pl\/wp-content\/uploads\/2023\/01\/tempImageRSINWs-1024x768.jpg 1024w, http:\/\/roczyny.duszpasterstwa.bielsko.pl\/wp-content\/uploads\/2023\/01\/tempImageRSINWs-300x225.jpg 300w, http:\/\/roczyny.duszpasterstwa.bielsko.pl\/wp-content\/uploads\/2023\/01\/tempImageRSINWs-768x576.jpg 768w, http:\/\/roczyny.duszpasterstwa.bielsko.pl\/wp-content\/uploads\/2023\/01\/tempImageRSINWs-200x150.jpg 200w, http:\/\/roczyny.duszpasterstwa.bielsko.pl\/wp-content\/uploads\/2023\/01\/tempImageRSINWs-690x518.jpg 690w\" sizes=\"(max-width: 1024px) 100vw, 1024px\" \/><\/a> <a href=\"http:\/\/roczyny.duszpasterstwa.bielsko.pl\/wp-content\/uploads\/2023\/01\/tempImagezLngmu.jpg\"><img loading=\"lazy\" decoding=\"async\" class=\"aligncenter size-large wp-image-8958\" src=\"http:\/\/roczyny.duszpasterstwa.bielsko.pl\/wp-content\/uploads\/2023\/01\/tempImagezLngmu-1024x768.jpg\" alt=\"\" width=\"1024\" height=\"768\" srcset=\"http:\/\/roczyny.duszpasterstwa.bielsko.pl\/wp-content\/uploads\/2023\/01\/tempImagezLngmu-1024x768.jpg 1024w, http:\/\/roczyny.duszpasterstwa.bielsko.pl\/wp-content\/uploads\/2023\/01\/tempImagezLngmu-300x225.jpg 300w, http:\/\/roczyny.duszpasterstwa.bielsko.pl\/wp-content\/uploads\/2023\/01\/tempImagezLngmu-768x576.jpg 768w, http:\/\/roczyny.duszpasterstwa.bielsko.pl\/wp-content\/uploads\/2023\/01\/tempImagezLngmu-200x150.jpg 200w, http:\/\/roczyny.duszpasterstwa.bielsko.pl\/wp-content\/uploads\/2023\/01\/tempImagezLngmu-690x518.jpg 690w\" sizes=\"(max-width: 1024px) 100vw, 1024px\" \/><\/a> <a href=\"http:\/\/roczyny.duszpasterstwa.bielsko.pl\/wp-content\/uploads\/2023\/01\/tempImage0nZfaW.jpg\"><img loading=\"lazy\" decoding=\"async\" class=\"aligncenter size-large wp-image-8959\" src=\"http:\/\/roczyny.duszpasterstwa.bielsko.pl\/wp-content\/uploads\/2023\/01\/tempImage0nZfaW-1024x768.jpg\" alt=\"\" width=\"1024\" height=\"768\" srcset=\"http:\/\/roczyny.duszpasterstwa.bielsko.pl\/wp-content\/uploads\/2023\/01\/tempImage0nZfaW-1024x768.jpg 1024w, http:\/\/roczyny.duszpasterstwa.bielsko.pl\/wp-content\/uploads\/2023\/01\/tempImage0nZfaW-300x225.jpg 300w, http:\/\/roczyny.duszpasterstwa.bielsko.pl\/wp-content\/uploads\/2023\/01\/tempImage0nZfaW-768x576.jpg 768w, http:\/\/roczyny.duszpasterstwa.bielsko.pl\/wp-content\/uploads\/2023\/01\/tempImage0nZfaW-200x150.jpg 200w, http:\/\/roczyny.duszpasterstwa.bielsko.pl\/wp-content\/uploads\/2023\/01\/tempImage0nZfaW-690x518.jpg 690w\" sizes=\"(max-width: 1024px) 100vw, 1024px\" \/><\/a> <a href=\"http:\/\/roczyny.duszpasterstwa.bielsko.pl\/wp-content\/uploads\/2023\/01\/tempImagehbB7Pe.jpg\"><img loading=\"lazy\" decoding=\"async\" class=\"aligncenter size-large wp-image-8960\" src=\"http:\/\/roczyny.duszpasterstwa.bielsko.pl\/wp-content\/uploads\/2023\/01\/tempImagehbB7Pe-1024x768.jpg\" alt=\"\" width=\"1024\" height=\"768\" srcset=\"http:\/\/roczyny.duszpasterstwa.bielsko.pl\/wp-content\/uploads\/2023\/01\/tempImagehbB7Pe-1024x768.jpg 1024w, http:\/\/roczyny.duszpasterstwa.bielsko.pl\/wp-content\/uploads\/2023\/01\/tempImagehbB7Pe-300x225.jpg 300w, http:\/\/roczyny.duszpasterstwa.bielsko.pl\/wp-content\/uploads\/2023\/01\/tempImagehbB7Pe-768x576.jpg 768w, http:\/\/roczyny.duszpasterstwa.bielsko.pl\/wp-content\/uploads\/2023\/01\/tempImagehbB7Pe-200x150.jpg 200w, http:\/\/roczyny.duszpasterstwa.bielsko.pl\/wp-content\/uploads\/2023\/01\/tempImagehbB7Pe-690x518.jpg 690w\" sizes=\"(max-width: 1024px) 100vw, 1024px\" \/><\/a> <a href=\"http:\/\/roczyny.duszpasterstwa.bielsko.pl\/wp-content\/uploads\/2023\/01\/tempImagevDoC2R.jpg\"><img loading=\"lazy\" decoding=\"async\" class=\"aligncenter size-large wp-image-8961\" src=\"http:\/\/roczyny.duszpasterstwa.bielsko.pl\/wp-content\/uploads\/2023\/01\/tempImagevDoC2R-1024x768.jpg\" alt=\"\" width=\"1024\" height=\"768\" srcset=\"http:\/\/roczyny.duszpasterstwa.bielsko.pl\/wp-content\/uploads\/2023\/01\/tempImagevDoC2R-1024x768.jpg 1024w, http:\/\/roczyny.duszpasterstwa.bielsko.pl\/wp-content\/uploads\/2023\/01\/tempImagevDoC2R-300x225.jpg 300w, http:\/\/roczyny.duszpasterstwa.bielsko.pl\/wp-content\/uploads\/2023\/01\/tempImagevDoC2R-768x576.jpg 768w, http:\/\/roczyny.duszpasterstwa.bielsko.pl\/wp-content\/uploads\/2023\/01\/tempImagevDoC2R-200x150.jpg 200w, http:\/\/roczyny.duszpasterstwa.bielsko.pl\/wp-content\/uploads\/2023\/01\/tempImagevDoC2R-690x518.jpg 690w\" sizes=\"(max-width: 1024px) 100vw, 1024px\" \/><\/a> <a href=\"http:\/\/roczyny.duszpasterstwa.bielsko.pl\/wp-content\/uploads\/2023\/01\/tempImageGNXHrU.jpg\"><img loading=\"lazy\" decoding=\"async\" class=\"aligncenter size-large wp-image-8962\" src=\"http:\/\/roczyny.duszpasterstwa.bielsko.pl\/wp-content\/uploads\/2023\/01\/tempImageGNXHrU-1024x768.jpg\" alt=\"\" width=\"1024\" height=\"768\" srcset=\"http:\/\/roczyny.duszpasterstwa.bielsko.pl\/wp-content\/uploads\/2023\/01\/tempImageGNXHrU-1024x768.jpg 1024w, http:\/\/roczyny.duszpasterstwa.bielsko.pl\/wp-content\/uploads\/2023\/01\/tempImageGNXHrU-300x225.jpg 300w, http:\/\/roczyny.duszpasterstwa.bielsko.pl\/wp-content\/uploads\/2023\/01\/tempImageGNXHrU-768x576.jpg 768w, http:\/\/roczyny.duszpasterstwa.bielsko.pl\/wp-content\/uploads\/2023\/01\/tempImageGNXHrU-200x150.jpg 200w, http:\/\/roczyny.duszpasterstwa.bielsko.pl\/wp-content\/uploads\/2023\/01\/tempImageGNXHrU-690x518.jpg 690w\" sizes=\"(max-width: 1024px) 100vw, 1024px\" \/><\/a> <a href=\"http:\/\/roczyny.duszpasterstwa.bielsko.pl\/wp-content\/uploads\/2023\/01\/tempImageqLck4f.jpg\"><img loading=\"lazy\" decoding=\"async\" class=\"aligncenter size-large wp-image-8963\" src=\"http:\/\/roczyny.duszpasterstwa.bielsko.pl\/wp-content\/uploads\/2023\/01\/tempImageqLck4f-1024x768.jpg\" alt=\"\" width=\"1024\" height=\"768\" srcset=\"http:\/\/roczyny.duszpasterstwa.bielsko.pl\/wp-content\/uploads\/2023\/01\/tempImageqLck4f-1024x768.jpg 1024w, http:\/\/roczyny.duszpasterstwa.bielsko.pl\/wp-content\/uploads\/2023\/01\/tempImageqLck4f-300x225.jpg 300w, http:\/\/roczyny.duszpasterstwa.bielsko.pl\/wp-content\/uploads\/2023\/01\/tempImageqLck4f-768x576.jpg 768w, http:\/\/roczyny.duszpasterstwa.bielsko.pl\/wp-content\/uploads\/2023\/01\/tempImageqLck4f-200x150.jpg 200w, http:\/\/roczyny.duszpasterstwa.bielsko.pl\/wp-content\/uploads\/2023\/01\/tempImageqLck4f-690x518.jpg 690w\" sizes=\"(max-width: 1024px) 100vw, 1024px\" \/><\/a> <a href=\"http:\/\/roczyny.duszpasterstwa.bielsko.pl\/wp-content\/uploads\/2023\/01\/tempImageK9NT5c.jpg\"><img loading=\"lazy\" decoding=\"async\" class=\"aligncenter size-large wp-image-8964\" src=\"http:\/\/roczyny.duszpasterstwa.bielsko.pl\/wp-content\/uploads\/2023\/01\/tempImageK9NT5c-768x1024.jpg\" alt=\"\" width=\"768\" height=\"1024\" srcset=\"http:\/\/roczyny.duszpasterstwa.bielsko.pl\/wp-content\/uploads\/2023\/01\/tempImageK9NT5c-768x1024.jpg 768w, http:\/\/roczyny.duszpasterstwa.bielsko.pl\/wp-content\/uploads\/2023\/01\/tempImageK9NT5c-225x300.jpg 225w, http:\/\/roczyny.duszpasterstwa.bielsko.pl\/wp-content\/uploads\/2023\/01\/tempImageK9NT5c-200x267.jpg 200w, http:\/\/roczyny.duszpasterstwa.bielsko.pl\/wp-content\/uploads\/2023\/01\/tempImageK9NT5c-690x920.jpg 690w\" sizes=\"(max-width: 768px) 100vw, 768px\" \/><\/a> <a href=\"http:\/\/roczyny.duszpasterstwa.bielsko.pl\/wp-content\/uploads\/2023\/01\/tempImagey6Hbaz.jpg\"><img loading=\"lazy\" decoding=\"async\" class=\"aligncenter size-large wp-image-8965\" src=\"http:\/\/roczyny.duszpasterstwa.bielsko.pl\/wp-content\/uploads\/2023\/01\/tempImagey6Hbaz-1024x768.jpg\" alt=\"\" width=\"1024\" height=\"768\" srcset=\"http:\/\/roczyny.duszpasterstwa.bielsko.pl\/wp-content\/uploads\/2023\/01\/tempImagey6Hbaz-1024x768.jpg 1024w, http:\/\/roczyny.duszpasterstwa.bielsko.pl\/wp-content\/uploads\/2023\/01\/tempImagey6Hbaz-300x225.jpg 300w, http:\/\/roczyny.duszpasterstwa.bielsko.pl\/wp-content\/uploads\/2023\/01\/tempImagey6Hbaz-768x576.jpg 768w, http:\/\/roczyny.duszpasterstwa.bielsko.pl\/wp-content\/uploads\/2023\/01\/tempImagey6Hbaz-200x150.jpg 200w, http:\/\/roczyny.duszpasterstwa.bielsko.pl\/wp-content\/uploads\/2023\/01\/tempImagey6Hbaz-690x518.jpg 690w\" sizes=\"(max-width: 1024px) 100vw, 1024px\" \/><\/a> <a href=\"http:\/\/roczyny.duszpasterstwa.bielsko.pl\/wp-content\/uploads\/2023\/01\/tempImage084d2W.jpg\"><img loading=\"lazy\" decoding=\"async\" class=\"aligncenter size-large wp-image-8966\" src=\"http:\/\/roczyny.duszpasterstwa.bielsko.pl\/wp-content\/uploads\/2023\/01\/tempImage084d2W-1024x768.jpg\" alt=\"\" width=\"1024\" height=\"768\" srcset=\"http:\/\/roczyny.duszpasterstwa.bielsko.pl\/wp-content\/uploads\/2023\/01\/tempImage084d2W-1024x768.jpg 1024w, http:\/\/roczyny.duszpasterstwa.bielsko.pl\/wp-content\/uploads\/2023\/01\/tempImage084d2W-300x225.jpg 300w, http:\/\/roczyny.duszpasterstwa.bielsko.pl\/wp-content\/uploads\/2023\/01\/tempImage084d2W-768x576.jpg 768w, http:\/\/roczyny.duszpasterstwa.bielsko.pl\/wp-content\/uploads\/2023\/01\/tempImage084d2W-200x150.jpg 200w, http:\/\/roczyny.duszpasterstwa.bielsko.pl\/wp-content\/uploads\/2023\/01\/tempImage084d2W-690x518.jpg 690w\" sizes=\"(max-width: 1024px) 100vw, 1024px\" \/><\/a> <a href=\"http:\/\/roczyny.duszpasterstwa.bielsko.pl\/wp-content\/uploads\/2023\/01\/tempImage05IiTA.jpg\"><img loading=\"lazy\" decoding=\"async\" class=\"aligncenter size-large wp-image-8967\" src=\"http:\/\/roczyny.duszpasterstwa.bielsko.pl\/wp-content\/uploads\/2023\/01\/tempImage05IiTA-1024x768.jpg\" alt=\"\" width=\"1024\" height=\"768\" srcset=\"http:\/\/roczyny.duszpasterstwa.bielsko.pl\/wp-content\/uploads\/2023\/01\/tempImage05IiTA-1024x768.jpg 1024w, http:\/\/roczyny.duszpasterstwa.bielsko.pl\/wp-content\/uploads\/2023\/01\/tempImage05IiTA-300x225.jpg 300w, http:\/\/roczyny.duszpasterstwa.bielsko.pl\/wp-content\/uploads\/2023\/01\/tempImage05IiTA-768x576.jpg 768w, http:\/\/roczyny.duszpasterstwa.bielsko.pl\/wp-content\/uploads\/2023\/01\/tempImage05IiTA-200x150.jpg 200w, http:\/\/roczyny.duszpasterstwa.bielsko.pl\/wp-content\/uploads\/2023\/01\/tempImage05IiTA-690x518.jpg 690w\" sizes=\"(max-width: 1024px) 100vw, 1024px\" \/><\/a> <a href=\"http:\/\/roczyny.duszpasterstwa.bielsko.pl\/wp-content\/uploads\/2023\/01\/tempImage2P133B.jpg\"><img loading=\"lazy\" decoding=\"async\" class=\"aligncenter size-large wp-image-8968\" src=\"http:\/\/roczyny.duszpasterstwa.bielsko.pl\/wp-content\/uploads\/2023\/01\/tempImage2P133B-1024x768.jpg\" alt=\"\" width=\"1024\" height=\"768\" srcset=\"http:\/\/roczyny.duszpasterstwa.bielsko.pl\/wp-content\/uploads\/2023\/01\/tempImage2P133B-1024x768.jpg 1024w, http:\/\/roczyny.duszpasterstwa.bielsko.pl\/wp-content\/uploads\/2023\/01\/tempImage2P133B-300x225.jpg 300w, http:\/\/roczyny.duszpasterstwa.bielsko.pl\/wp-content\/uploads\/2023\/01\/tempImage2P133B-768x576.jpg 768w, http:\/\/roczyny.duszpasterstwa.bielsko.pl\/wp-content\/uploads\/2023\/01\/tempImage2P133B-200x150.jpg 200w, http:\/\/roczyny.duszpasterstwa.bielsko.pl\/wp-content\/uploads\/2023\/01\/tempImage2P133B-690x518.jpg 690w\" sizes=\"(max-width: 1024px) 100vw, 1024px\" \/><\/a> <a href=\"http:\/\/roczyny.duszpasterstwa.bielsko.pl\/wp-content\/uploads\/2023\/01\/tempImageZJDbda.jpg\"><img loading=\"lazy\" decoding=\"async\" class=\"aligncenter size-large wp-image-8969\" src=\"http:\/\/roczyny.duszpasterstwa.bielsko.pl\/wp-content\/uploads\/2023\/01\/tempImageZJDbda-1024x768.jpg\" alt=\"\" width=\"1024\" height=\"768\" srcset=\"http:\/\/roczyny.duszpasterstwa.bielsko.pl\/wp-content\/uploads\/2023\/01\/tempImageZJDbda-1024x768.jpg 1024w, http:\/\/roczyny.duszpasterstwa.bielsko.pl\/wp-content\/uploads\/2023\/01\/tempImageZJDbda-300x225.jpg 300w, http:\/\/roczyny.duszpasterstwa.bielsko.pl\/wp-content\/uploads\/2023\/01\/tempImageZJDbda-768x576.jpg 768w, http:\/\/roczyny.duszpasterstwa.bielsko.pl\/wp-content\/uploads\/2023\/01\/tempImageZJDbda-200x150.jpg 200w, http:\/\/roczyny.duszpasterstwa.bielsko.pl\/wp-content\/uploads\/2023\/01\/tempImageZJDbda-690x518.jpg 690w\" sizes=\"(max-width: 1024px) 100vw, 1024px\" \/><\/a> <a href=\"http:\/\/roczyny.duszpasterstwa.bielsko.pl\/wp-content\/uploads\/2023\/01\/tempImageQvhNsW.jpg\"><img loading=\"lazy\" decoding=\"async\" class=\"aligncenter size-large wp-image-8970\" src=\"http:\/\/roczyny.duszpasterstwa.bielsko.pl\/wp-content\/uploads\/2023\/01\/tempImageQvhNsW-1024x768.jpg\" alt=\"\" width=\"1024\" height=\"768\" srcset=\"http:\/\/roczyny.duszpasterstwa.bielsko.pl\/wp-content\/uploads\/2023\/01\/tempImageQvhNsW-1024x768.jpg 1024w, http:\/\/roczyny.duszpasterstwa.bielsko.pl\/wp-content\/uploads\/2023\/01\/tempImageQvhNsW-300x225.jpg 300w, http:\/\/roczyny.duszpasterstwa.bielsko.pl\/wp-content\/uploads\/2023\/01\/tempImageQvhNsW-768x576.jpg 768w, http:\/\/roczyny.duszpasterstwa.bielsko.pl\/wp-content\/uploads\/2023\/01\/tempImageQvhNsW-200x150.jpg 200w, http:\/\/roczyny.duszpasterstwa.bielsko.pl\/wp-content\/uploads\/2023\/01\/tempImageQvhNsW-690x518.jpg 690w\" sizes=\"(max-width: 1024px) 100vw, 1024px\" \/><\/a> <a href=\"http:\/\/roczyny.duszpasterstwa.bielsko.pl\/wp-content\/uploads\/2023\/01\/tempImagewCqt0S.jpg\"><img loading=\"lazy\" decoding=\"async\" class=\"aligncenter size-large wp-image-8971\" src=\"http:\/\/roczyny.duszpasterstwa.bielsko.pl\/wp-content\/uploads\/2023\/01\/tempImagewCqt0S-1024x768.jpg\" alt=\"\" width=\"1024\" height=\"768\" srcset=\"http:\/\/roczyny.duszpasterstwa.bielsko.pl\/wp-content\/uploads\/2023\/01\/tempImagewCqt0S-1024x768.jpg 1024w, http:\/\/roczyny.duszpasterstwa.bielsko.pl\/wp-content\/uploads\/2023\/01\/tempImagewCqt0S-300x225.jpg 300w, http:\/\/roczyny.duszpasterstwa.bielsko.pl\/wp-content\/uploads\/2023\/01\/tempImagewCqt0S-768x576.jpg 768w, http:\/\/roczyny.duszpasterstwa.bielsko.pl\/wp-content\/uploads\/2023\/01\/tempImagewCqt0S-200x150.jpg 200w, http:\/\/roczyny.duszpasterstwa.bielsko.pl\/wp-content\/uploads\/2023\/01\/tempImagewCqt0S-690x518.jpg 690w\" sizes=\"(max-width: 1024px) 100vw, 1024px\" \/><\/a> <a href=\"http:\/\/roczyny.duszpasterstwa.bielsko.pl\/wp-content\/uploads\/2023\/01\/tempImageEACxce.jpg\"><img loading=\"lazy\" decoding=\"async\" class=\"aligncenter size-large wp-image-8972\" src=\"http:\/\/roczyny.duszpasterstwa.bielsko.pl\/wp-content\/uploads\/2023\/01\/tempImageEACxce-1024x768.jpg\" alt=\"\" width=\"1024\" height=\"768\" srcset=\"http:\/\/roczyny.duszpasterstwa.bielsko.pl\/wp-content\/uploads\/2023\/01\/tempImageEACxce-1024x768.jpg 1024w, http:\/\/roczyny.duszpasterstwa.bielsko.pl\/wp-content\/uploads\/2023\/01\/tempImageEACxce-300x225.jpg 300w, http:\/\/roczyny.duszpasterstwa.bielsko.pl\/wp-content\/uploads\/2023\/01\/tempImageEACxce-768x576.jpg 768w, http:\/\/roczyny.duszpasterstwa.bielsko.pl\/wp-content\/uploads\/2023\/01\/tempImageEACxce-200x150.jpg 200w, http:\/\/roczyny.duszpasterstwa.bielsko.pl\/wp-content\/uploads\/2023\/01\/tempImageEACxce-690x518.jpg 690w\" sizes=\"(max-width: 1024px) 100vw, 1024px\" \/><\/a> <a href=\"http:\/\/roczyny.duszpasterstwa.bielsko.pl\/wp-content\/uploads\/2023\/01\/tempImageNQQUES.jpg\"><img loading=\"lazy\" decoding=\"async\" class=\"aligncenter size-large wp-image-8973\" src=\"http:\/\/roczyny.duszpasterstwa.bielsko.pl\/wp-content\/uploads\/2023\/01\/tempImageNQQUES-1024x768.jpg\" alt=\"\" width=\"1024\" height=\"768\" srcset=\"http:\/\/roczyny.duszpasterstwa.bielsko.pl\/wp-content\/uploads\/2023\/01\/tempImageNQQUES-1024x768.jpg 1024w, http:\/\/roczyny.duszpasterstwa.bielsko.pl\/wp-content\/uploads\/2023\/01\/tempImageNQQUES-300x225.jpg 300w, http:\/\/roczyny.duszpasterstwa.bielsko.pl\/wp-content\/uploads\/2023\/01\/tempImageNQQUES-768x576.jpg 768w, http:\/\/roczyny.duszpasterstwa.bielsko.pl\/wp-content\/uploads\/2023\/01\/tempImageNQQUES-200x150.jpg 200w, http:\/\/roczyny.duszpasterstwa.bielsko.pl\/wp-content\/uploads\/2023\/01\/tempImageNQQUES-690x518.jpg 690w\" sizes=\"(max-width: 1024px) 100vw, 1024px\" \/><\/a> <a href=\"http:\/\/roczyny.duszpasterstwa.bielsko.pl\/wp-content\/uploads\/2023\/01\/tempImagecjYmy6.jpg\"><img loading=\"lazy\" decoding=\"async\" class=\"aligncenter size-large wp-image-8974\" src=\"http:\/\/roczyny.duszpasterstwa.bielsko.pl\/wp-content\/uploads\/2023\/01\/tempImagecjYmy6-1024x768.jpg\" alt=\"\" width=\"1024\" height=\"768\" srcset=\"http:\/\/roczyny.duszpasterstwa.bielsko.pl\/wp-content\/uploads\/2023\/01\/tempImagecjYmy6-1024x768.jpg 1024w, http:\/\/roczyny.duszpasterstwa.bielsko.pl\/wp-content\/uploads\/2023\/01\/tempImagecjYmy6-300x225.jpg 300w, http:\/\/roczyny.duszpasterstwa.bielsko.pl\/wp-content\/uploads\/2023\/01\/tempImagecjYmy6-768x576.jpg 768w, http:\/\/roczyny.duszpasterstwa.bielsko.pl\/wp-content\/uploads\/2023\/01\/tempImagecjYmy6-200x150.jpg 200w, http:\/\/roczyny.duszpasterstwa.bielsko.pl\/wp-content\/uploads\/2023\/01\/tempImagecjYmy6-690x518.jpg 690w\" sizes=\"(max-width: 1024px) 100vw, 1024px\" \/><\/a> <a href=\"http:\/\/roczyny.duszpasterstwa.bielsko.pl\/wp-content\/uploads\/2023\/01\/tempImagexhUA8q.jpg\"><img loading=\"lazy\" decoding=\"async\" class=\"aligncenter size-large wp-image-8975\" src=\"http:\/\/roczyny.duszpasterstwa.bielsko.pl\/wp-content\/uploads\/2023\/01\/tempImagexhUA8q-1024x768.jpg\" alt=\"\" width=\"1024\" height=\"768\" srcset=\"http:\/\/roczyny.duszpasterstwa.bielsko.pl\/wp-content\/uploads\/2023\/01\/tempImagexhUA8q-1024x768.jpg 1024w, http:\/\/roczyny.duszpasterstwa.bielsko.pl\/wp-content\/uploads\/2023\/01\/tempImagexhUA8q-300x225.jpg 300w, http:\/\/roczyny.duszpasterstwa.bielsko.pl\/wp-content\/uploads\/2023\/01\/tempImagexhUA8q-768x576.jpg 768w, http:\/\/roczyny.duszpasterstwa.bielsko.pl\/wp-content\/uploads\/2023\/01\/tempImagexhUA8q-200x150.jpg 200w, http:\/\/roczyny.duszpasterstwa.bielsko.pl\/wp-content\/uploads\/2023\/01\/tempImagexhUA8q-690x518.jpg 690w\" sizes=\"(max-width: 1024px) 100vw, 1024px\" \/><\/a> <a href=\"http:\/\/roczyny.duszpasterstwa.bielsko.pl\/wp-content\/uploads\/2023\/01\/tempImage4M7pKv.jpg\"><img loading=\"lazy\" decoding=\"async\" class=\"aligncenter size-large wp-image-8976\" src=\"http:\/\/roczyny.duszpasterstwa.bielsko.pl\/wp-content\/uploads\/2023\/01\/tempImage4M7pKv-1024x768.jpg\" alt=\"\" width=\"1024\" height=\"768\" srcset=\"http:\/\/roczyny.duszpasterstwa.bielsko.pl\/wp-content\/uploads\/2023\/01\/tempImage4M7pKv-1024x768.jpg 1024w, http:\/\/roczyny.duszpasterstwa.bielsko.pl\/wp-content\/uploads\/2023\/01\/tempImage4M7pKv-300x225.jpg 300w, http:\/\/roczyny.duszpasterstwa.bielsko.pl\/wp-content\/uploads\/2023\/01\/tempImage4M7pKv-768x576.jpg 768w, http:\/\/roczyny.duszpasterstwa.bielsko.pl\/wp-content\/uploads\/2023\/01\/tempImage4M7pKv-200x150.jpg 200w, http:\/\/roczyny.duszpasterstwa.bielsko.pl\/wp-content\/uploads\/2023\/01\/tempImage4M7pKv-690x518.jpg 690w\" sizes=\"(max-width: 1024px) 100vw, 1024px\" \/><\/a> <a href=\"http:\/\/roczyny.duszpasterstwa.bielsko.pl\/wp-content\/uploads\/2023\/01\/tempImageitS8XV.jpg\"><img loading=\"lazy\" decoding=\"async\" class=\"aligncenter size-large wp-image-8977\" src=\"http:\/\/roczyny.duszpasterstwa.bielsko.pl\/wp-content\/uploads\/2023\/01\/tempImageitS8XV-1024x768.jpg\" alt=\"\" width=\"1024\" height=\"768\" srcset=\"http:\/\/roczyny.duszpasterstwa.bielsko.pl\/wp-content\/uploads\/2023\/01\/tempImageitS8XV-1024x768.jpg 1024w, http:\/\/roczyny.duszpasterstwa.bielsko.pl\/wp-content\/uploads\/2023\/01\/tempImageitS8XV-300x225.jpg 300w, http:\/\/roczyny.duszpasterstwa.bielsko.pl\/wp-content\/uploads\/2023\/01\/tempImageitS8XV-768x576.jpg 768w, http:\/\/roczyny.duszpasterstwa.bielsko.pl\/wp-content\/uploads\/2023\/01\/tempImageitS8XV-200x150.jpg 200w, http:\/\/roczyny.duszpasterstwa.bielsko.pl\/wp-content\/uploads\/2023\/01\/tempImageitS8XV-690x518.jpg 690w\" sizes=\"(max-width: 1024px) 100vw, 1024px\" \/><\/a> <a href=\"http:\/\/roczyny.duszpasterstwa.bielsko.pl\/wp-content\/uploads\/2023\/01\/tempImage9v4tfH.jpg\"><img loading=\"lazy\" decoding=\"async\" class=\"aligncenter size-large wp-image-8978\" src=\"http:\/\/roczyny.duszpasterstwa.bielsko.pl\/wp-content\/uploads\/2023\/01\/tempImage9v4tfH-1024x768.jpg\" alt=\"\" width=\"1024\" height=\"768\" srcset=\"http:\/\/roczyny.duszpasterstwa.bielsko.pl\/wp-content\/uploads\/2023\/01\/tempImage9v4tfH-1024x768.jpg 1024w, http:\/\/roczyny.duszpasterstwa.bielsko.pl\/wp-content\/uploads\/2023\/01\/tempImage9v4tfH-300x225.jpg 300w, http:\/\/roczyny.duszpasterstwa.bielsko.pl\/wp-content\/uploads\/2023\/01\/tempImage9v4tfH-768x576.jpg 768w, http:\/\/roczyny.duszpasterstwa.bielsko.pl\/wp-content\/uploads\/2023\/01\/tempImage9v4tfH-200x150.jpg 200w, http:\/\/roczyny.duszpasterstwa.bielsko.pl\/wp-content\/uploads\/2023\/01\/tempImage9v4tfH-690x518.jpg 690w\" sizes=\"(max-width: 1024px) 100vw, 1024px\" \/><\/a> <a href=\"http:\/\/roczyny.duszpasterstwa.bielsko.pl\/wp-content\/uploads\/2023\/01\/tempImageNTidI6.jpg\"><img loading=\"lazy\" decoding=\"async\" class=\"aligncenter size-large wp-image-8979\" src=\"http:\/\/roczyny.duszpasterstwa.bielsko.pl\/wp-content\/uploads\/2023\/01\/tempImageNTidI6-1024x768.jpg\" alt=\"\" width=\"1024\" height=\"768\" srcset=\"http:\/\/roczyny.duszpasterstwa.bielsko.pl\/wp-content\/uploads\/2023\/01\/tempImageNTidI6-1024x768.jpg 1024w, http:\/\/roczyny.duszpasterstwa.bielsko.pl\/wp-content\/uploads\/2023\/01\/tempImageNTidI6-300x225.jpg 300w, http:\/\/roczyny.duszpasterstwa.bielsko.pl\/wp-content\/uploads\/2023\/01\/tempImageNTidI6-768x576.jpg 768w, http:\/\/roczyny.duszpasterstwa.bielsko.pl\/wp-content\/uploads\/2023\/01\/tempImageNTidI6-200x150.jpg 200w, http:\/\/roczyny.duszpasterstwa.bielsko.pl\/wp-content\/uploads\/2023\/01\/tempImageNTidI6-690x518.jpg 690w\" sizes=\"(max-width: 1024px) 100vw, 1024px\" \/><\/a> <a href=\"http:\/\/roczyny.duszpasterstwa.bielsko.pl\/wp-content\/uploads\/2023\/01\/tempImage2HDyBF.jpg\"><img loading=\"lazy\" decoding=\"async\" class=\"aligncenter size-large wp-image-8980\" src=\"http:\/\/roczyny.duszpasterstwa.bielsko.pl\/wp-content\/uploads\/2023\/01\/tempImage2HDyBF-1024x768.jpg\" alt=\"\" width=\"1024\" height=\"768\" srcset=\"http:\/\/roczyny.duszpasterstwa.bielsko.pl\/wp-content\/uploads\/2023\/01\/tempImage2HDyBF-1024x768.jpg 1024w, http:\/\/roczyny.duszpasterstwa.bielsko.pl\/wp-content\/uploads\/2023\/01\/tempImage2HDyBF-300x225.jpg 300w, http:\/\/roczyny.duszpasterstwa.bielsko.pl\/wp-content\/uploads\/2023\/01\/tempImage2HDyBF-768x576.jpg 768w, http:\/\/roczyny.duszpasterstwa.bielsko.pl\/wp-content\/uploads\/2023\/01\/tempImage2HDyBF-200x150.jpg 200w, http:\/\/roczyny.duszpasterstwa.bielsko.pl\/wp-content\/uploads\/2023\/01\/tempImage2HDyBF-690x518.jpg 690w\" sizes=\"(max-width: 1024px) 100vw, 1024px\" \/><\/a> <a href=\"http:\/\/roczyny.duszpasterstwa.bielsko.pl\/wp-content\/uploads\/2023\/01\/tempImagerLNApj.jpg\"><img loading=\"lazy\" decoding=\"async\" class=\"aligncenter size-large wp-image-8981\" src=\"http:\/\/roczyny.duszpasterstwa.bielsko.pl\/wp-content\/uploads\/2023\/01\/tempImagerLNApj-1024x768.jpg\" alt=\"\" width=\"1024\" height=\"768\" srcset=\"http:\/\/roczyny.duszpasterstwa.bielsko.pl\/wp-content\/uploads\/2023\/01\/tempImagerLNApj-1024x768.jpg 1024w, http:\/\/roczyny.duszpasterstwa.bielsko.pl\/wp-content\/uploads\/2023\/01\/tempImagerLNApj-300x225.jpg 300w, http:\/\/roczyny.duszpasterstwa.bielsko.pl\/wp-content\/uploads\/2023\/01\/tempImagerLNApj-768x576.jpg 768w, http:\/\/roczyny.duszpasterstwa.bielsko.pl\/wp-content\/uploads\/2023\/01\/tempImagerLNApj-200x150.jpg 200w, http:\/\/roczyny.duszpasterstwa.bielsko.pl\/wp-content\/uploads\/2023\/01\/tempImagerLNApj-690x518.jpg 690w\" sizes=\"(max-width: 1024px) 100vw, 1024px\" \/><\/a> <a href=\"http:\/\/roczyny.duszpasterstwa.bielsko.pl\/wp-content\/uploads\/2023\/01\/tempImage6Iolv4.jpg\"><img loading=\"lazy\" decoding=\"async\" class=\"aligncenter size-large wp-image-8982\" src=\"http:\/\/roczyny.duszpasterstwa.bielsko.pl\/wp-content\/uploads\/2023\/01\/tempImage6Iolv4-1024x768.jpg\" alt=\"\" width=\"1024\" height=\"768\" srcset=\"http:\/\/roczyny.duszpasterstwa.bielsko.pl\/wp-content\/uploads\/2023\/01\/tempImage6Iolv4-1024x768.jpg 1024w, http:\/\/roczyny.duszpasterstwa.bielsko.pl\/wp-content\/uploads\/2023\/01\/tempImage6Iolv4-300x225.jpg 300w, http:\/\/roczyny.duszpasterstwa.bielsko.pl\/wp-content\/uploads\/2023\/01\/tempImage6Iolv4-768x576.jpg 768w, http:\/\/roczyny.duszpasterstwa.bielsko.pl\/wp-content\/uploads\/2023\/01\/tempImage6Iolv4-200x150.jpg 200w, http:\/\/roczyny.duszpasterstwa.bielsko.pl\/wp-content\/uploads\/2023\/01\/tempImage6Iolv4-690x518.jpg 690w\" sizes=\"(max-width: 1024px) 100vw, 1024px\" \/><\/a> <a href=\"http:\/\/roczyny.duszpasterstwa.bielsko.pl\/wp-content\/uploads\/2023\/01\/tempImagefkLu6k.jpg\"><img loading=\"lazy\" decoding=\"async\" class=\"aligncenter size-large wp-image-8983\" src=\"http:\/\/roczyny.duszpasterstwa.bielsko.pl\/wp-content\/uploads\/2023\/01\/tempImagefkLu6k-1024x768.jpg\" alt=\"\" width=\"1024\" height=\"768\" srcset=\"http:\/\/roczyny.duszpasterstwa.bielsko.pl\/wp-content\/uploads\/2023\/01\/tempImagefkLu6k-1024x768.jpg 1024w, http:\/\/roczyny.duszpasterstwa.bielsko.pl\/wp-content\/uploads\/2023\/01\/tempImagefkLu6k-300x225.jpg 300w, http:\/\/roczyny.duszpasterstwa.bielsko.pl\/wp-content\/uploads\/2023\/01\/tempImagefkLu6k-768x576.jpg 768w, http:\/\/roczyny.duszpasterstwa.bielsko.pl\/wp-content\/uploads\/2023\/01\/tempImagefkLu6k-200x150.jpg 200w, http:\/\/roczyny.duszpasterstwa.bielsko.pl\/wp-content\/uploads\/2023\/01\/tempImagefkLu6k-690x518.jpg 690w\" sizes=\"(max-width: 1024px) 100vw, 1024px\" \/><\/a> <a href=\"http:\/\/roczyny.duszpasterstwa.bielsko.pl\/wp-content\/uploads\/2023\/01\/tempImageRbZ0by.jpg\"><img loading=\"lazy\" decoding=\"async\" class=\"aligncenter size-large wp-image-8984\" src=\"http:\/\/roczyny.duszpasterstwa.bielsko.pl\/wp-content\/uploads\/2023\/01\/tempImageRbZ0by-1024x768.jpg\" alt=\"\" width=\"1024\" height=\"768\" srcset=\"http:\/\/roczyny.duszpasterstwa.bielsko.pl\/wp-content\/uploads\/2023\/01\/tempImageRbZ0by-1024x768.jpg 1024w, http:\/\/roczyny.duszpasterstwa.bielsko.pl\/wp-content\/uploads\/2023\/01\/tempImageRbZ0by-300x225.jpg 300w, http:\/\/roczyny.duszpasterstwa.bielsko.pl\/wp-content\/uploads\/2023\/01\/tempImageRbZ0by-768x576.jpg 768w, http:\/\/roczyny.duszpasterstwa.bielsko.pl\/wp-content\/uploads\/2023\/01\/tempImageRbZ0by-200x150.jpg 200w, http:\/\/roczyny.duszpasterstwa.bielsko.pl\/wp-content\/uploads\/2023\/01\/tempImageRbZ0by-690x518.jpg 690w\" sizes=\"(max-width: 1024px) 100vw, 1024px\" \/><\/a> <a href=\"http:\/\/roczyny.duszpasterstwa.bielsko.pl\/wp-content\/uploads\/2023\/01\/tempImage3lXuDg.jpg\"><img loading=\"lazy\" decoding=\"async\" class=\"aligncenter size-large wp-image-8985\" src=\"http:\/\/roczyny.duszpasterstwa.bielsko.pl\/wp-content\/uploads\/2023\/01\/tempImage3lXuDg-1024x768.jpg\" alt=\"\" width=\"1024\" height=\"768\" srcset=\"http:\/\/roczyny.duszpasterstwa.bielsko.pl\/wp-content\/uploads\/2023\/01\/tempImage3lXuDg-1024x768.jpg 1024w, http:\/\/roczyny.duszpasterstwa.bielsko.pl\/wp-content\/uploads\/2023\/01\/tempImage3lXuDg-300x225.jpg 300w, http:\/\/roczyny.duszpasterstwa.bielsko.pl\/wp-content\/uploads\/2023\/01\/tempImage3lXuDg-768x576.jpg 768w, http:\/\/roczyny.duszpasterstwa.bielsko.pl\/wp-content\/uploads\/2023\/01\/tempImage3lXuDg-200x150.jpg 200w, http:\/\/roczyny.duszpasterstwa.bielsko.pl\/wp-content\/uploads\/2023\/01\/tempImage3lXuDg-690x518.jpg 690w\" sizes=\"(max-width: 1024px) 100vw, 1024px\" \/><\/a> <a href=\"http:\/\/roczyny.duszpasterstwa.bielsko.pl\/wp-content\/uploads\/2023\/01\/tempImage1eiK4P.jpg\"><img loading=\"lazy\" decoding=\"async\" class=\"aligncenter size-large wp-image-8986\" src=\"http:\/\/roczyny.duszpasterstwa.bielsko.pl\/wp-content\/uploads\/2023\/01\/tempImage1eiK4P-1024x768.jpg\" alt=\"\" width=\"1024\" height=\"768\" srcset=\"http:\/\/roczyny.duszpasterstwa.bielsko.pl\/wp-content\/uploads\/2023\/01\/tempImage1eiK4P-1024x768.jpg 1024w, http:\/\/roczyny.duszpasterstwa.bielsko.pl\/wp-content\/uploads\/2023\/01\/tempImage1eiK4P-300x225.jpg 300w, http:\/\/roczyny.duszpasterstwa.bielsko.pl\/wp-content\/uploads\/2023\/01\/tempImage1eiK4P-768x576.jpg 768w, http:\/\/roczyny.duszpasterstwa.bielsko.pl\/wp-content\/uploads\/2023\/01\/tempImage1eiK4P-200x150.jpg 200w, http:\/\/roczyny.duszpasterstwa.bielsko.pl\/wp-content\/uploads\/2023\/01\/tempImage1eiK4P-690x518.jpg 690w\" sizes=\"(max-width: 1024px) 100vw, 1024px\" \/><\/a> <a href=\"http:\/\/roczyny.duszpasterstwa.bielsko.pl\/wp-content\/uploads\/2023\/01\/tempImagew6fY9o.jpg\"><img loading=\"lazy\" decoding=\"async\" class=\"aligncenter size-large wp-image-8987\" src=\"http:\/\/roczyny.duszpasterstwa.bielsko.pl\/wp-content\/uploads\/2023\/01\/tempImagew6fY9o-1024x768.jpg\" alt=\"\" width=\"1024\" height=\"768\" srcset=\"http:\/\/roczyny.duszpasterstwa.bielsko.pl\/wp-content\/uploads\/2023\/01\/tempImagew6fY9o-1024x768.jpg 1024w, http:\/\/roczyny.duszpasterstwa.bielsko.pl\/wp-content\/uploads\/2023\/01\/tempImagew6fY9o-300x225.jpg 300w, http:\/\/roczyny.duszpasterstwa.bielsko.pl\/wp-content\/uploads\/2023\/01\/tempImagew6fY9o-768x576.jpg 768w, http:\/\/roczyny.duszpasterstwa.bielsko.pl\/wp-content\/uploads\/2023\/01\/tempImagew6fY9o-200x150.jpg 200w, http:\/\/roczyny.duszpasterstwa.bielsko.pl\/wp-content\/uploads\/2023\/01\/tempImagew6fY9o-690x518.jpg 690w\" sizes=\"(max-width: 1024px) 100vw, 1024px\" \/><\/a> <a href=\"http:\/\/roczyny.duszpasterstwa.bielsko.pl\/wp-content\/uploads\/2023\/01\/tempImageiLfb95.jpg\"><img loading=\"lazy\" decoding=\"async\" class=\"aligncenter size-large wp-image-8988\" src=\"http:\/\/roczyny.duszpasterstwa.bielsko.pl\/wp-content\/uploads\/2023\/01\/tempImageiLfb95-1024x768.jpg\" alt=\"\" width=\"1024\" height=\"768\" srcset=\"http:\/\/roczyny.duszpasterstwa.bielsko.pl\/wp-content\/uploads\/2023\/01\/tempImageiLfb95-1024x768.jpg 1024w, http:\/\/roczyny.duszpasterstwa.bielsko.pl\/wp-content\/uploads\/2023\/01\/tempImageiLfb95-300x225.jpg 300w, http:\/\/roczyny.duszpasterstwa.bielsko.pl\/wp-content\/uploads\/2023\/01\/tempImageiLfb95-768x576.jpg 768w, http:\/\/roczyny.duszpasterstwa.bielsko.pl\/wp-content\/uploads\/2023\/01\/tempImageiLfb95-200x150.jpg 200w, http:\/\/roczyny.duszpasterstwa.bielsko.pl\/wp-content\/uploads\/2023\/01\/tempImageiLfb95-690x518.jpg 690w\" sizes=\"(max-width: 1024px) 100vw, 1024px\" \/><\/a> <a href=\"http:\/\/roczyny.duszpasterstwa.bielsko.pl\/wp-content\/uploads\/2023\/01\/tempImage4JVXI9.jpg\"><img loading=\"lazy\" decoding=\"async\" class=\"aligncenter size-large wp-image-8989\" src=\"http:\/\/roczyny.duszpasterstwa.bielsko.pl\/wp-content\/uploads\/2023\/01\/tempImage4JVXI9-1024x768.jpg\" alt=\"\" width=\"1024\" height=\"768\" srcset=\"http:\/\/roczyny.duszpasterstwa.bielsko.pl\/wp-content\/uploads\/2023\/01\/tempImage4JVXI9-1024x768.jpg 1024w, http:\/\/roczyny.duszpasterstwa.bielsko.pl\/wp-content\/uploads\/2023\/01\/tempImage4JVXI9-300x225.jpg 300w, http:\/\/roczyny.duszpasterstwa.bielsko.pl\/wp-content\/uploads\/2023\/01\/tempImage4JVXI9-768x576.jpg 768w, http:\/\/roczyny.duszpasterstwa.bielsko.pl\/wp-content\/uploads\/2023\/01\/tempImage4JVXI9-200x150.jpg 200w, http:\/\/roczyny.duszpasterstwa.bielsko.pl\/wp-content\/uploads\/2023\/01\/tempImage4JVXI9-690x518.jpg 690w\" sizes=\"(max-width: 1024px) 100vw, 1024px\" \/><\/a> <a href=\"http:\/\/roczyny.duszpasterstwa.bielsko.pl\/wp-content\/uploads\/2023\/01\/tempImageFBiaw3.jpg\"><img loading=\"lazy\" decoding=\"async\" class=\"aligncenter size-large wp-image-8990\" src=\"http:\/\/roczyny.duszpasterstwa.bielsko.pl\/wp-content\/uploads\/2023\/01\/tempImageFBiaw3-1024x768.jpg\" alt=\"\" width=\"1024\" height=\"768\" srcset=\"http:\/\/roczyny.duszpasterstwa.bielsko.pl\/wp-content\/uploads\/2023\/01\/tempImageFBiaw3-1024x768.jpg 1024w, http:\/\/roczyny.duszpasterstwa.bielsko.pl\/wp-content\/uploads\/2023\/01\/tempImageFBiaw3-300x225.jpg 300w, http:\/\/roczyny.duszpasterstwa.bielsko.pl\/wp-content\/uploads\/2023\/01\/tempImageFBiaw3-768x576.jpg 768w, http:\/\/roczyny.duszpasterstwa.bielsko.pl\/wp-content\/uploads\/2023\/01\/tempImageFBiaw3-200x150.jpg 200w, http:\/\/roczyny.duszpasterstwa.bielsko.pl\/wp-content\/uploads\/2023\/01\/tempImageFBiaw3-690x518.jpg 690w\" sizes=\"(max-width: 1024px) 100vw, 1024px\" \/><\/a> <a href=\"http:\/\/roczyny.duszpasterstwa.bielsko.pl\/wp-content\/uploads\/2023\/01\/tempImageeDuUWr.jpg\"><img loading=\"lazy\" decoding=\"async\" class=\"aligncenter size-large wp-image-8991\" src=\"http:\/\/roczyny.duszpasterstwa.bielsko.pl\/wp-content\/uploads\/2023\/01\/tempImageeDuUWr-1024x768.jpg\" alt=\"\" width=\"1024\" height=\"768\" srcset=\"http:\/\/roczyny.duszpasterstwa.bielsko.pl\/wp-content\/uploads\/2023\/01\/tempImageeDuUWr-1024x768.jpg 1024w, http:\/\/roczyny.duszpasterstwa.bielsko.pl\/wp-content\/uploads\/2023\/01\/tempImageeDuUWr-300x225.jpg 300w, http:\/\/roczyny.duszpasterstwa.bielsko.pl\/wp-content\/uploads\/2023\/01\/tempImageeDuUWr-768x576.jpg 768w, http:\/\/roczyny.duszpasterstwa.bielsko.pl\/wp-content\/uploads\/2023\/01\/tempImageeDuUWr-200x150.jpg 200w, http:\/\/roczyny.duszpasterstwa.bielsko.pl\/wp-content\/uploads\/2023\/01\/tempImageeDuUWr-690x518.jpg 690w\" sizes=\"(max-width: 1024px) 100vw, 1024px\" \/><\/a> <a href=\"http:\/\/roczyny.duszpasterstwa.bielsko.pl\/wp-content\/uploads\/2023\/01\/tempImageQL1eYE.jpg\"><img loading=\"lazy\" decoding=\"async\" class=\"aligncenter size-large wp-image-8992\" src=\"http:\/\/roczyny.duszpasterstwa.bielsko.pl\/wp-content\/uploads\/2023\/01\/tempImageQL1eYE-1024x768.jpg\" alt=\"\" width=\"1024\" height=\"768\" srcset=\"http:\/\/roczyny.duszpasterstwa.bielsko.pl\/wp-content\/uploads\/2023\/01\/tempImageQL1eYE-1024x768.jpg 1024w, http:\/\/roczyny.duszpasterstwa.bielsko.pl\/wp-content\/uploads\/2023\/01\/tempImageQL1eYE-300x225.jpg 300w, http:\/\/roczyny.duszpasterstwa.bielsko.pl\/wp-content\/uploads\/2023\/01\/tempImageQL1eYE-768x576.jpg 768w, http:\/\/roczyny.duszpasterstwa.bielsko.pl\/wp-content\/uploads\/2023\/01\/tempImageQL1eYE-200x150.jpg 200w, http:\/\/roczyny.duszpasterstwa.bielsko.pl\/wp-content\/uploads\/2023\/01\/tempImageQL1eYE-690x518.jpg 690w\" sizes=\"(max-width: 1024px) 100vw, 1024px\" \/><\/a> <a href=\"http:\/\/roczyny.duszpasterstwa.bielsko.pl\/wp-content\/uploads\/2023\/01\/tempImageE2Slgh.jpg\"><img loading=\"lazy\" decoding=\"async\" class=\"aligncenter size-large wp-image-8993\" src=\"http:\/\/roczyny.duszpasterstwa.bielsko.pl\/wp-content\/uploads\/2023\/01\/tempImageE2Slgh-1024x768.jpg\" alt=\"\" width=\"1024\" height=\"768\" srcset=\"http:\/\/roczyny.duszpasterstwa.bielsko.pl\/wp-content\/uploads\/2023\/01\/tempImageE2Slgh-1024x768.jpg 1024w, http:\/\/roczyny.duszpasterstwa.bielsko.pl\/wp-content\/uploads\/2023\/01\/tempImageE2Slgh-300x225.jpg 300w, http:\/\/roczyny.duszpasterstwa.bielsko.pl\/wp-content\/uploads\/2023\/01\/tempImageE2Slgh-768x576.jpg 768w, http:\/\/roczyny.duszpasterstwa.bielsko.pl\/wp-content\/uploads\/2023\/01\/tempImageE2Slgh-200x150.jpg 200w, http:\/\/roczyny.duszpasterstwa.bielsko.pl\/wp-content\/uploads\/2023\/01\/tempImageE2Slgh-690x518.jpg 690w\" sizes=\"(max-width: 1024px) 100vw, 1024px\" \/><\/a> <a href=\"http:\/\/roczyny.duszpasterstwa.bielsko.pl\/wp-content\/uploads\/2023\/01\/tempImageZi7Fe4.jpg\"><img loading=\"lazy\" decoding=\"async\" class=\"aligncenter size-large wp-image-8994\" src=\"http:\/\/roczyny.duszpasterstwa.bielsko.pl\/wp-content\/uploads\/2023\/01\/tempImageZi7Fe4-1024x768.jpg\" alt=\"\" width=\"1024\" height=\"768\" srcset=\"http:\/\/roczyny.duszpasterstwa.bielsko.pl\/wp-content\/uploads\/2023\/01\/tempImageZi7Fe4-1024x768.jpg 1024w, http:\/\/roczyny.duszpasterstwa.bielsko.pl\/wp-content\/uploads\/2023\/01\/tempImageZi7Fe4-300x225.jpg 300w, http:\/\/roczyny.duszpasterstwa.bielsko.pl\/wp-content\/uploads\/2023\/01\/tempImageZi7Fe4-768x576.jpg 768w, http:\/\/roczyny.duszpasterstwa.bielsko.pl\/wp-content\/uploads\/2023\/01\/tempImageZi7Fe4-200x150.jpg 200w, http:\/\/roczyny.duszpasterstwa.bielsko.pl\/wp-content\/uploads\/2023\/01\/tempImageZi7Fe4-690x518.jpg 690w\" sizes=\"(max-width: 1024px) 100vw, 1024px\" \/><\/a> <a href=\"http:\/\/roczyny.duszpasterstwa.bielsko.pl\/wp-content\/uploads\/2023\/01\/tempImageyv2sm6.jpg\"><img loading=\"lazy\" decoding=\"async\" class=\"aligncenter size-large wp-image-8995\" src=\"http:\/\/roczyny.duszpasterstwa.bielsko.pl\/wp-content\/uploads\/2023\/01\/tempImageyv2sm6-1024x768.jpg\" alt=\"\" width=\"1024\" height=\"768\" srcset=\"http:\/\/roczyny.duszpasterstwa.bielsko.pl\/wp-content\/uploads\/2023\/01\/tempImageyv2sm6-1024x768.jpg 1024w, http:\/\/roczyny.duszpasterstwa.bielsko.pl\/wp-content\/uploads\/2023\/01\/tempImageyv2sm6-300x225.jpg 300w, http:\/\/roczyny.duszpasterstwa.bielsko.pl\/wp-content\/uploads\/2023\/01\/tempImageyv2sm6-768x576.jpg 768w, http:\/\/roczyny.duszpasterstwa.bielsko.pl\/wp-content\/uploads\/2023\/01\/tempImageyv2sm6-200x150.jpg 200w, http:\/\/roczyny.duszpasterstwa.bielsko.pl\/wp-content\/uploads\/2023\/01\/tempImageyv2sm6-690x518.jpg 690w\" sizes=\"(max-width: 1024px) 100vw, 1024px\" \/><\/a><\/p>\n","protected":false},"excerpt":{"rendered":"<p>Tak wielu podj\u0119\u0142o trud, aby\u015bmy mogli przygotowa\u0107 te nietypowe jase\u0142ka&#8230; Chcia\u0142bym podzi\u0119kowa\u0107 najpierw naszej Dyrekcji&#8230; Panu Dyrektorowi Andrzejowi Kojdrowi &#8211; <a class=\"read-more\" href=\"http:\/\/roczyny.duszpasterstwa.bielsko.pl\/?p=8887\">czytaj dalej<\/a><\/p>\n","protected":false},"author":2,"featured_media":8971,"comment_status":"closed","ping_status":"open","sticky":false,"template":"","format":"standard","meta":{"ngg_post_thumbnail":0,"footnotes":""},"categories":[15,28],"tags":[],"class_list":["post-8887","post","type-post","status-publish","format-standard","has-post-thumbnail","hentry","category-aktualnosci","category-przedstawienia","post-item clearfix"],"_links":{"self":[{"href":"http:\/\/roczyny.duszpasterstwa.bielsko.pl\/index.php?rest_route=\/wp\/v2\/posts\/8887"}],"collection":[{"href":"http:\/\/roczyny.duszpasterstwa.bielsko.pl\/index.php?rest_route=\/wp\/v2\/posts"}],"about":[{"href":"http:\/\/roczyny.duszpasterstwa.bielsko.pl\/index.php?rest_route=\/wp\/v2\/types\/post"}],"author":[{"embeddable":true,"href":"http:\/\/roczyny.duszpasterstwa.bielsko.pl\/index.php?rest_route=\/wp\/v2\/users\/2"}],"replies":[{"embeddable":true,"href":"http:\/\/roczyny.duszpasterstwa.bielsko.pl\/index.php?rest_route=%2Fwp%2Fv2%2Fcomments&post=8887"}],"version-history":[{"count":3,"href":"http:\/\/roczyny.duszpasterstwa.bielsko.pl\/index.php?rest_route=\/wp\/v2\/posts\/8887\/revisions"}],"predecessor-version":[{"id":9000,"href":"http:\/\/roczyny.duszpasterstwa.bielsko.pl\/index.php?rest_route=\/wp\/v2\/posts\/8887\/revisions\/9000"}],"wp:featuredmedia":[{"embeddable":true,"href":"http:\/\/roczyny.duszpasterstwa.bielsko.pl\/index.php?rest_route=\/wp\/v2\/media\/8971"}],"wp:attachment":[{"href":"http:\/\/roczyny.duszpasterstwa.bielsko.pl\/index.php?rest_route=%2Fwp%2Fv2%2Fmedia&parent=8887"}],"wp:term":[{"taxonomy":"category","embeddable":true,"href":"http:\/\/roczyny.duszpasterstwa.bielsko.pl\/index.php?rest_route=%2Fwp%2Fv2%2Fcategories&post=8887"},{"taxonomy":"post_tag","embeddable":true,"href":"http:\/\/roczyny.duszpasterstwa.bielsko.pl\/index.php?rest_route=%2Fwp%2Fv2%2Ftags&post=8887"}],"curies":[{"name":"wp","href":"https:\/\/api.w.org\/{rel}","templated":true}]}}