{"id":8770,"date":"2023-01-13T21:55:36","date_gmt":"2023-01-13T20:55:36","guid":{"rendered":"http:\/\/roczyny.duszpasterstwa.bielsko.pl\/?p=8770"},"modified":"2023-01-14T17:38:09","modified_gmt":"2023-01-14T16:38:09","slug":"ogloszenia-i-intencje-ii-niedziela-zwykla-2","status":"publish","type":"post","link":"http:\/\/roczyny.duszpasterstwa.bielsko.pl\/?p=8770","title":{"rendered":"OG\u0141OSZENIA I INTENCJE &#8211; II NIEDZIELA ZWYK\u0141A&#8230;"},"content":{"rendered":"<h3 style=\"font-weight: 400;\"><strong><u>I I&nbsp;&nbsp;&nbsp; N I E D Z I E L A&nbsp;&nbsp;&nbsp; Z W Y K \u0141 A<\/u><\/strong> (15.o1.2023r.)<\/h3>\n<h3 style=\"font-weight: 400;\">W dniach 18-24 stycznia, w ca\u0142ym Ko\u015bciele prze\u017cywamy Tydzie\u0144 modlitw o jedno\u015b\u0107 chrze\u015bcijan.<\/h3>\n<h3 style=\"font-weight: 400;\">Wtorek&nbsp;&nbsp;&nbsp; &#8211; wsp. \u015bw. Antoniego, opata<\/h3>\n<h3 style=\"font-weight: 400;\">Czwartek \u2013 wsp. \u015bw. J\u00f3zefa Sebastiana Pelczara bp.<\/h3>\n<h3 style=\"font-weight: 400;\">Sobota&nbsp;&nbsp;&nbsp;&nbsp;&nbsp; &#8211; wsp. \u015bw. Agnieszki dz. i m.<\/h3>\n<h3 style=\"font-weight: 400;\">&nbsp;<\/h3>\n<h3 style=\"font-weight: 400;\">Dyrekcja, Nauczyciele i uczniowie zapraszaj\u0105 naszych Parafian na Jase\u0142ka \u2013 sztuk\u0119 Karola Dickensa pt.: <strong>\u201eOPOWIE\u015a\u0106 WIGILIJNA<\/strong>\u201d. Przedstawienie w najbli\u017csz\u0105 \u015brod\u0119 18 stycznia o godz. 18.00 w budynku naszej Szko\u0142y Podstawowej.&nbsp;<\/h3>\n<h3>Zapraszamy na kol\u0119dowanie przy Szopce z udzia\u0142em Scholi Parafialnej oraz kwartetu smyczkowego w przysz\u0142\u0105 niedziel\u0119 o godz. 10.30 w naszym ko\u015bciele.<\/h3>\n<h3 style=\"font-weight: 400;\"><strong><em>I N T E N C J E&nbsp;&nbsp; M S Z Y&nbsp;&nbsp; \u015a W.<\/em><\/strong><\/h3>\n<h3 style=\"font-weight: 400;\">Poniedzia\u0142ek(16)<\/h3>\n<h3 style=\"font-weight: 400;\">&nbsp;&nbsp; godz.6.3o&nbsp;&nbsp; &#8211; +Roberta Kramarczyk<\/h3>\n<h3 style=\"font-weight: 400;\">&nbsp;&nbsp; godz.17.oo &#8211; +Adama i Mariann\u0119 G\u00f3reckich<\/h3>\n<h3 style=\"font-weight: 400;\">Wtorek(17)<\/h3>\n<h3 style=\"font-weight: 400;\">&nbsp;&nbsp; godz.6.3o&nbsp;&nbsp; &#8211; +Karola Kawczak w 30-ty dzie\u0144 po \u015bmierci<\/h3>\n<h3 style=\"font-weight: 400;\">&nbsp;&nbsp; godz.17.oo &#8211; +Jadwig\u0119 G\u00f3ra 6 r.\u015bm.<\/h3>\n<h3 style=\"font-weight: 400;\">\u015aroda(18)<\/h3>\n<h3 style=\"font-weight: 400;\">&nbsp;&nbsp; godz.6.3o&nbsp;&nbsp; &#8211; +W\u0142adys\u0142awa Kolber<\/h3>\n<h3 style=\"font-weight: 400;\">&nbsp;&nbsp; godz.17.oo &#8211; +Jana Krucza\u0142\u0119<\/h3>\n<h3 style=\"font-weight: 400;\">Czwartek(19)<\/h3>\n<h3 style=\"font-weight: 400;\">&nbsp;&nbsp; godz.6.3o&nbsp;&nbsp; &#8211; +Krzysztofa Drabczyk<\/h3>\n<h3 style=\"font-weight: 400;\">&nbsp;&nbsp; godz.17.oo &#8211; +J\u00f3zefa Babi\u0144skiego z \u017con\u0105 Mari\u0105<\/h3>\n<h3 style=\"font-weight: 400;\">Pi\u0105tek(20)<\/h3>\n<h3 style=\"font-weight: 400;\">&nbsp;&nbsp; godz.6.3o&nbsp;&nbsp; &#8211; +Adama Matejko 1 r. \u015bm.<\/h3>\n<h3 style=\"font-weight: 400;\">&nbsp;&nbsp; godz.17.oo &#8211; +Franciszka i Mari\u0119 Kierpiec z c\u00f3rk\u0105 Emili\u0105 , Cecyli\u0105 i synem J\u00f3zefem<\/h3>\n<h3 style=\"font-weight: 400;\">Sobota(21)<\/h3>\n<h3 style=\"font-weight: 400;\">&nbsp;&nbsp; godz.6.3o&nbsp;&nbsp; &#8211; +Stanis\u0142aw\u0119 Zaremba w 30-ty dzie\u0144 po \u015bmierci<\/h3>\n<h3 style=\"font-weight: 400;\">&nbsp;&nbsp;&nbsp;&nbsp;&nbsp;&nbsp;&nbsp;&nbsp;&nbsp;&nbsp;&nbsp;&nbsp;&nbsp;&nbsp;&nbsp;&nbsp;&nbsp;&nbsp;&nbsp;&nbsp;&nbsp;&nbsp;&nbsp; &#8211;&nbsp; +Helen\u0119 Ku\u017ama w 30-ty dzie\u0144 po \u015bmierci<\/h3>\n<h3 style=\"font-weight: 400;\">&nbsp;&nbsp; godz.17.oo &#8211; +Paw\u0142a Wojewodzic 1 r. \u015bm.<\/h3>\n<h3 style=\"font-weight: 400;\">Niedziela(22)<\/h3>\n<h3 style=\"font-weight: 400;\">&nbsp;&nbsp; godz.7.oo&nbsp;&nbsp; &#8211; +\u0141ukasza Strycharz r. \u015bm.<\/h3>\n<h3 style=\"font-weight: 400;\">&nbsp;&nbsp;&nbsp;&nbsp;&nbsp;&nbsp;&nbsp;&nbsp;&nbsp;&nbsp;&nbsp;&nbsp;&nbsp;&nbsp;&nbsp;&nbsp;&nbsp;&nbsp;&nbsp;&nbsp;&nbsp;&nbsp;&nbsp; &#8211; +J\u00f3zefa Janosz<\/h3>\n<h3 style=\"font-weight: 400;\">&nbsp;&nbsp; godz.9.oo&nbsp;&nbsp; &#8211; +Czes\u0142awa Rajd\u0119 19 r. \u015bm. z rodzicami i te\u015bciami<\/h3>\n<h3 style=\"font-weight: 400;\">&nbsp;&nbsp;&nbsp;&nbsp;&nbsp;&nbsp;&nbsp;&nbsp;&nbsp;&nbsp;&nbsp;&nbsp;&nbsp;&nbsp;&nbsp;&nbsp;&nbsp;&nbsp;&nbsp;&nbsp;&nbsp;&nbsp;&nbsp; &#8211; +J\u00f3zefa Walusiaka z rodzicami Ludwik\u0105 i J\u00f3zefem<\/h3>\n<h3 style=\"font-weight: 400;\">&nbsp;&nbsp; godz.11.oo &#8211; +J\u00f3zefa Pietraszek r. \u015bmo od najbli\u017cszych<\/h3>\n<h3 style=\"font-weight: 400;\">&nbsp;&nbsp;&nbsp;&nbsp;&nbsp;&nbsp;&nbsp;&nbsp;&nbsp;&nbsp;&nbsp;&nbsp;&nbsp;&nbsp;&nbsp;&nbsp;&nbsp;&nbsp;&nbsp;&nbsp;&nbsp;&nbsp;&nbsp;&nbsp; &#8211; +Jana Sordyla 5 r. \u015bm. z \u017con\u0105 Rozali\u0105<\/h3>\n<h3 style=\"font-weight: 400;\">&nbsp;&nbsp; godz.15.oo &#8211; +Adama Mazgaj z synem Zdzis\u0142awem<\/h3>\n<h3 style=\"font-weight: 400;\">&nbsp;&nbsp;&nbsp;&nbsp;&nbsp;&nbsp;&nbsp;&nbsp;&nbsp;&nbsp;&nbsp;&nbsp;&nbsp;&nbsp;&nbsp;&nbsp;&nbsp;&nbsp;&nbsp;&nbsp;&nbsp;&nbsp;&nbsp;&nbsp; &#8211; +Mari\u0119 i J\u00f3zefa Bylica i Jacka Chwieruta<\/h3>\n","protected":false},"excerpt":{"rendered":"<p>I I&nbsp;&nbsp;&nbsp; N I E D Z I E L A&nbsp;&nbsp;&nbsp; Z W Y K \u0141 A (15.o1.2023r.) W dniach <a class=\"read-more\" href=\"http:\/\/roczyny.duszpasterstwa.bielsko.pl\/?p=8770\">czytaj dalej<\/a><\/p>\n","protected":false},"author":2,"featured_media":8745,"comment_status":"closed","ping_status":"open","sticky":false,"template":"","format":"standard","meta":{"ngg_post_thumbnail":0,"footnotes":""},"categories":[15,12],"tags":[],"class_list":["post-8770","post","type-post","status-publish","format-standard","has-post-thumbnail","hentry","category-aktualnosci","category-ogloszenia-parafialne","post-item clearfix"],"_links":{"self":[{"href":"http:\/\/roczyny.duszpasterstwa.bielsko.pl\/index.php?rest_route=\/wp\/v2\/posts\/8770"}],"collection":[{"href":"http:\/\/roczyny.duszpasterstwa.bielsko.pl\/index.php?rest_route=\/wp\/v2\/posts"}],"about":[{"href":"http:\/\/roczyny.duszpasterstwa.bielsko.pl\/index.php?rest_route=\/wp\/v2\/types\/post"}],"author":[{"embeddable":true,"href":"http:\/\/roczyny.duszpasterstwa.bielsko.pl\/index.php?rest_route=\/wp\/v2\/users\/2"}],"replies":[{"embeddable":true,"href":"http:\/\/roczyny.duszpasterstwa.bielsko.pl\/index.php?rest_route=%2Fwp%2Fv2%2Fcomments&post=8770"}],"version-history":[{"count":4,"href":"http:\/\/roczyny.duszpasterstwa.bielsko.pl\/index.php?rest_route=\/wp\/v2\/posts\/8770\/revisions"}],"predecessor-version":[{"id":8774,"href":"http:\/\/roczyny.duszpasterstwa.bielsko.pl\/index.php?rest_route=\/wp\/v2\/posts\/8770\/revisions\/8774"}],"wp:featuredmedia":[{"embeddable":true,"href":"http:\/\/roczyny.duszpasterstwa.bielsko.pl\/index.php?rest_route=\/wp\/v2\/media\/8745"}],"wp:attachment":[{"href":"http:\/\/roczyny.duszpasterstwa.bielsko.pl\/index.php?rest_route=%2Fwp%2Fv2%2Fmedia&parent=8770"}],"wp:term":[{"taxonomy":"category","embeddable":true,"href":"http:\/\/roczyny.duszpasterstwa.bielsko.pl\/index.php?rest_route=%2Fwp%2Fv2%2Fcategories&post=8770"},{"taxonomy":"post_tag","embeddable":true,"href":"http:\/\/roczyny.duszpasterstwa.bielsko.pl\/index.php?rest_route=%2Fwp%2Fv2%2Ftags&post=8770"}],"curies":[{"name":"wp","href":"https:\/\/api.w.org\/{rel}","templated":true}]}}