{"id":8480,"date":"2022-12-16T18:12:05","date_gmt":"2022-12-16T17:12:05","guid":{"rendered":"http:\/\/roczyny.duszpasterstwa.bielsko.pl\/?p=8480"},"modified":"2022-12-16T18:12:05","modified_gmt":"2022-12-16T17:12:05","slug":"ogloszenia-i-intencje-iv-niedziela-adwentu-2","status":"publish","type":"post","link":"http:\/\/roczyny.duszpasterstwa.bielsko.pl\/?p=8480","title":{"rendered":"OG\u0141OSZENIA I INTENCJE &#8211; IV NIEDZIELA ADWENTU&#8230;"},"content":{"rendered":"<h4 style=\"font-weight: 400;\"><strong><u>I V&nbsp;&nbsp;&nbsp; N I E D Z I E L A&nbsp;&nbsp;&nbsp; A D W E N T U<\/u><\/strong><strong><u>&nbsp; <\/u><\/strong>(18.12.2022r.)<\/h4>\n<h4 style=\"font-weight: 400;\">&nbsp;<\/h4>\n<h4 style=\"font-weight: 400;\">&nbsp;W najbli\u017cszy wtorek od godz.8.oo wyjazd do chorych z pos\u0142ug\u0105 spowiedzi \u015bw.<\/h4>\n<h4 style=\"font-weight: 400;\">Ze spowiedzi adwentowej w naszej parafii mo\u017cna skorzysta\u0107 codziennie rano i wieczorem przed Msz\u0105 \u015bw.<\/h4>\n<h4 style=\"font-weight: 400;\">W sobot\u0119 24 grudnia przypada wigilijna uroczysto\u015b\u0107 Narodzenia Pa\u0144skiego.<\/h4>\n<h4 style=\"font-weight: 400;\">Roraty w tym dniu b\u0119d\u0105 o godz.6.3o.<\/h4>\n<h4 style=\"font-weight: 400;\">Liturgiczny obch\u00f3d pami\u0105tki Narodzenia Chrystusa rozpoczniemy od Pasterki, czyli Mszy \u015bw. sprawowanej o p\u00f3\u0142nocy. Wcze\u015bniej w naszych domach, wsp\u00f3lnotach rodzinnych \u2013 zadbajmy o tradycyjn\u0105 chrze\u015bcija\u0144sk\u0105 opraw\u0119 wigilijnej wieczerzy. Niech to b\u0119dzie okazja do pojednania, zgody, wyci\u0105gni\u0119cia przyjaznej d\u0142oni do kogo\u015b po\u015br\u00f3d bliskich, znajomych, w s\u0105siedztwie. Niech wigilijnej wieczerzy towarzyszy wsp\u00f3lna modlitwa, \u0142amanie si\u0119 op\u0142atkiem, wsp\u00f3lny \u015bpiew kol\u0119d. Niech czas Bo\u017cego Narodzenia b\u0119dzie przepe\u0142niona chrze\u015bcija\u0144sk\u0105 wzajemn\u0105 \u017cyczliwo\u015bci\u0105 i dobroci\u0105. Pami\u0119ci\u0105 ogarnijmy r\u00f3wnie\u017c tych, kt\u00f3rzy ju\u017c od nas odeszli do domu Ojca, a \u017cyli z nami, kochali nas i dla nas si\u0119 trudzili.<\/h4>\n<h4 style=\"font-weight: 400;\">W przysz\u0142\u0105 niedziel\u0119 25 grudnia przypada uroczysto\u015b\u0107 Narodzenia Pa\u0144skiego.<\/h4>\n<h4 style=\"font-weight: 400;\">W poniedzia\u0142ek 26 grudnia \u2013 \u015bwi\u0119to \u015bw. Szczepana pierwszego m\u0119czennika.<\/h4>\n<h4 style=\"font-weight: 400;\">&nbsp;<\/h4>\n<h4 style=\"font-weight: 400;\"><strong><em>I N T E N C J E&nbsp;&nbsp; M S Z Y&nbsp;&nbsp; \u015a W.<\/em><\/strong><\/h4>\n<h4 style=\"font-weight: 400;\">Poniedzia\u0142ek(19)<\/h4>\n<h4 style=\"font-weight: 400;\">&nbsp;&nbsp; godz.6.3o&nbsp;&nbsp; &#8211; +Apoloni\u0119 Smaza w 30-ty dzie\u0144 po \u015bmierci<\/h4>\n<h4 style=\"font-weight: 400;\">&nbsp;&nbsp; godz.17.oo \u2013 O powr\u00f3t do zdrowia dla Ma\u0142gorzaty i Bartosza.<\/h4>\n<h4 style=\"font-weight: 400;\">Wtorek(2o)<\/h4>\n<h4 style=\"font-weight: 400;\">&nbsp;&nbsp; godz.6.3o&nbsp;&nbsp; &#8211; W intencji Bogu wiadomej<\/h4>\n<h4 style=\"font-weight: 400;\">&nbsp;&nbsp; godz.17.oo &#8211; +Janin\u0119 i Henryka Mrozek<\/h4>\n<h4 style=\"font-weight: 400;\">\u015aroda(21)<\/h4>\n<h4 style=\"font-weight: 400;\">&nbsp;&nbsp; godz.6.3o&nbsp;&nbsp; &#8211; +Kazimier\u0119 Jo\u0144czy<\/h4>\n<h4 style=\"font-weight: 400;\">&nbsp;&nbsp; godz.17.oo &#8211; +Stanis\u0142awa Pasternaka, Stanis\u0142awa syna<\/h4>\n<h4 style=\"font-weight: 400;\">Czwartek(22)<\/h4>\n<h4 style=\"font-weight: 400;\">&nbsp;&nbsp; godz.6.3o&nbsp;&nbsp; &#8211; +Stanis\u0142awa Sordyla<\/h4>\n<h4 style=\"font-weight: 400;\">&nbsp;&nbsp; godz.17.oo &#8211; +Andrzeja Ku\u017am\u0119 3 r. \u015bm.<\/h4>\n<h4 style=\"font-weight: 400;\">Pi\u0105tek(23)<\/h4>\n<h4 style=\"font-weight: 400;\">&nbsp;&nbsp; godz.6.3o&nbsp;&nbsp; &#8211; +Danut\u0119 Koral od przyjaci\u00f3\u0142<\/h4>\n<h4 style=\"font-weight: 400;\">&nbsp;&nbsp; godz.17.oo \u2013 Za zmar\u0142e cz\u0142onkinie z R\u00f3\u017cy \u015bw. Katarzyny<\/h4>\n<h4 style=\"font-weight: 400;\">Sobota(24)<\/h4>\n<h4 style=\"font-weight: 400;\">&nbsp;&nbsp; godz.6.3o&nbsp;&nbsp; &#8211; +Helen\u0119 Stanis\u0142awa Rajd\u0119 z synem ks. Janem<\/h4>\n<h4 style=\"font-weight: 400;\">&nbsp;&nbsp;&nbsp;&nbsp;&nbsp;&nbsp;&nbsp;&nbsp;&nbsp;&nbsp;&nbsp;&nbsp;&nbsp;&nbsp;&nbsp;&nbsp;&nbsp;&nbsp;&nbsp;&nbsp;&nbsp;&nbsp; &#8211; +Jana Krucza\u0142\u0119<\/h4>\n<h4 style=\"font-weight: 400;\">&nbsp;&nbsp; godz.24.oo &#8211; +Stanis\u0142awa Walczak z \u017con\u0105 Stanis\u0142aw\u0105 i synem Antonim<\/h4>\n<h4 style=\"font-weight: 400;\">&nbsp;&nbsp;&nbsp;&nbsp;&nbsp;&nbsp;&nbsp;&nbsp;&nbsp;&nbsp;&nbsp;&nbsp;&nbsp;&nbsp;&nbsp;&nbsp;&nbsp;&nbsp;&nbsp;&nbsp;&nbsp;&nbsp; &#8211; W int. rodziny dzi\u0119kczynna za otrzymane \u0142aski z pro\u015bb\u0105 o zdrowie i b\u0142. Bo\u017ce<\/h4>\n<h4 style=\"font-weight: 400;\">Niedziela(25)<\/h4>\n<h4 style=\"font-weight: 400;\">&nbsp;&nbsp; godz.7.oo&nbsp;&nbsp; &#8211; +Helen\u0119 Siwek z m\u0119\u017cem Ignacym i c\u00f3rk\u0105 Ma\u0142gorzat\u0105<\/h4>\n<h4 style=\"font-weight: 400;\">&nbsp;&nbsp;&nbsp;&nbsp;&nbsp;&nbsp;&nbsp;&nbsp;&nbsp;&nbsp;&nbsp;&nbsp;&nbsp;&nbsp;&nbsp;&nbsp;&nbsp;&nbsp;&nbsp;&nbsp;&nbsp;&nbsp; &#8211; +Hieronima Ku\u017am\u0119 z rodzicami Apoloni\u0105 i Stanis\u0142awem, z bra\u0107mi J\u00f3zefem<\/h4>\n<h4 style=\"font-weight: 400;\">&nbsp;&nbsp;&nbsp;&nbsp;&nbsp;&nbsp;&nbsp;&nbsp;&nbsp;&nbsp;&nbsp;&nbsp;&nbsp;&nbsp;&nbsp;&nbsp;&nbsp;&nbsp;&nbsp;&nbsp;&nbsp;&nbsp;&nbsp;&nbsp;&nbsp; i ks. Zygmuntem<\/h4>\n<h4 style=\"font-weight: 400;\">&nbsp;&nbsp; godz.9.oo&nbsp;&nbsp; &#8211; +Mari\u0119 Romana r. \u015bm.<\/h4>\n<h4 style=\"font-weight: 400;\">&nbsp;&nbsp;&nbsp;&nbsp;&nbsp;&nbsp;&nbsp;&nbsp;&nbsp;&nbsp;&nbsp;&nbsp;&nbsp;&nbsp;&nbsp;&nbsp;&nbsp;&nbsp;&nbsp;&nbsp;&nbsp;&nbsp; &#8211; +Jadwig\u0119 Matejko z c\u00f3rk\u0105 Alicj\u0105<\/h4>\n<h4 style=\"font-weight: 400;\">&nbsp;&nbsp; godz.11.oo &#8211; +J\u00f3zefa Balon 5 r. \u015bm. z rodzicami Helen\u0105 i Szczepanem<\/h4>\n<h4 style=\"font-weight: 400;\">&nbsp;&nbsp;&nbsp;&nbsp;&nbsp;&nbsp;&nbsp;&nbsp;&nbsp;&nbsp;&nbsp;&nbsp;&nbsp;&nbsp;&nbsp;&nbsp;&nbsp;&nbsp;&nbsp;&nbsp;&nbsp;&nbsp;&nbsp; &#8211; +Teres\u0119 Szwed z rodzicami i bratem<\/h4>\n<h4 style=\"font-weight: 400;\">&nbsp;&nbsp; godz.15.oo &#8211; +Jana Sordyla 4 r. \u015bm. od najbli\u017cszych<\/h4>\n<h4 style=\"font-weight: 400;\">&nbsp;&nbsp;&nbsp;&nbsp;&nbsp;&nbsp;&nbsp;&nbsp;&nbsp;&nbsp;&nbsp;&nbsp;&nbsp;&nbsp;&nbsp;&nbsp;&nbsp;&nbsp;&nbsp;&nbsp;&nbsp;&nbsp; &#8211; +Adama Sordyla z synami Janem i J\u00f3zefem<\/h4>\n<h4 style=\"font-weight: 400;\">Poniedzia\u0142ek(26)<\/h4>\n<h4 style=\"font-weight: 400;\">&nbsp;&nbsp; godz.7.oo&nbsp;&nbsp; &#8211; +Stanis\u0142awa Ku\u017am\u0119 od c\u00f3rki Doroty<\/h4>\n<h4 style=\"font-weight: 400;\">&nbsp;&nbsp;&nbsp;&nbsp;&nbsp;&nbsp;&nbsp;&nbsp;&nbsp;&nbsp;&nbsp;&nbsp;&nbsp;&nbsp;&nbsp;&nbsp;&nbsp;&nbsp;&nbsp;&nbsp;&nbsp;&nbsp; &#8211; +Stefani\u0119 Sordyl z c\u00f3rk\u0105 Janin\u0105 i Ma\u0142gorzat\u0105 wnuczk\u0105<\/h4>\n<h4 style=\"font-weight: 400;\">&nbsp;&nbsp; godz.9.oo&nbsp;&nbsp; &#8211; +Antoniego Ku\u017am\u0119 r. \u015bm.&nbsp; i zmar\u0142ych z rodziny Matyaszek<\/h4>\n<h4 style=\"font-weight: 400;\">&nbsp;&nbsp;&nbsp;&nbsp;&nbsp;&nbsp;&nbsp;&nbsp;&nbsp;&nbsp;&nbsp;&nbsp;&nbsp;&nbsp;&nbsp;&nbsp;&nbsp;&nbsp;&nbsp;&nbsp;&nbsp;&nbsp; &#8211;&nbsp; O zdrowie i b\u0142. Bo\u017ce dla uczestnik\u00f3w maj\u00f3wej z ul. Polana<\/h4>\n<h4 style=\"font-weight: 400;\">&nbsp;&nbsp; godz.11.oo &#8211; +Franciszk\u0119 Sordyl, Alojzego i Ann\u0119 Ptasznik<\/h4>\n<h4 style=\"font-weight: 400;\">&nbsp;&nbsp;&nbsp;&nbsp;&nbsp;&nbsp;&nbsp;&nbsp;&nbsp;&nbsp;&nbsp;&nbsp;&nbsp;&nbsp;&nbsp;&nbsp;&nbsp;&nbsp;&nbsp;&nbsp;&nbsp;&nbsp; &#8211; W int. Marii i Zdzis\u0142awa Byrskich w 50-t\u0105 r. \u015blubu<\/h4>\n<h4 style=\"font-weight: 400;\">&nbsp;&nbsp; godz.15.oo &#8211; +Jana Gwizdalskiego z \u017con\u0105 Zofi\u0105 i ich rodzicami<\/h4>\n<h4 style=\"font-weight: 400;\">&nbsp;&nbsp;&nbsp;&nbsp;&nbsp;&nbsp;&nbsp;&nbsp;&nbsp;&nbsp;&nbsp;&nbsp;&nbsp;&nbsp;&nbsp;&nbsp;&nbsp;&nbsp;&nbsp;&nbsp;&nbsp;&nbsp; &#8211; +Stanis\u0142awa Krucza\u0142\u0119 od kuzyna Zbigniewa &nbsp;z rodzin\u0105.<\/h4>\n","protected":false},"excerpt":{"rendered":"<p>I V&nbsp;&nbsp;&nbsp; N I E D Z I E L A&nbsp;&nbsp;&nbsp; A D W E N T U&nbsp; (18.12.2022r.) &nbsp; <a class=\"read-more\" href=\"http:\/\/roczyny.duszpasterstwa.bielsko.pl\/?p=8480\">czytaj dalej<\/a><\/p>\n","protected":false},"author":2,"featured_media":8239,"comment_status":"closed","ping_status":"open","sticky":false,"template":"","format":"standard","meta":{"ngg_post_thumbnail":0,"footnotes":""},"categories":[15,12],"tags":[],"class_list":["post-8480","post","type-post","status-publish","format-standard","has-post-thumbnail","hentry","category-aktualnosci","category-ogloszenia-parafialne","post-item clearfix"],"_links":{"self":[{"href":"http:\/\/roczyny.duszpasterstwa.bielsko.pl\/index.php?rest_route=\/wp\/v2\/posts\/8480"}],"collection":[{"href":"http:\/\/roczyny.duszpasterstwa.bielsko.pl\/index.php?rest_route=\/wp\/v2\/posts"}],"about":[{"href":"http:\/\/roczyny.duszpasterstwa.bielsko.pl\/index.php?rest_route=\/wp\/v2\/types\/post"}],"author":[{"embeddable":true,"href":"http:\/\/roczyny.duszpasterstwa.bielsko.pl\/index.php?rest_route=\/wp\/v2\/users\/2"}],"replies":[{"embeddable":true,"href":"http:\/\/roczyny.duszpasterstwa.bielsko.pl\/index.php?rest_route=%2Fwp%2Fv2%2Fcomments&post=8480"}],"version-history":[{"count":1,"href":"http:\/\/roczyny.duszpasterstwa.bielsko.pl\/index.php?rest_route=\/wp\/v2\/posts\/8480\/revisions"}],"predecessor-version":[{"id":8481,"href":"http:\/\/roczyny.duszpasterstwa.bielsko.pl\/index.php?rest_route=\/wp\/v2\/posts\/8480\/revisions\/8481"}],"wp:featuredmedia":[{"embeddable":true,"href":"http:\/\/roczyny.duszpasterstwa.bielsko.pl\/index.php?rest_route=\/wp\/v2\/media\/8239"}],"wp:attachment":[{"href":"http:\/\/roczyny.duszpasterstwa.bielsko.pl\/index.php?rest_route=%2Fwp%2Fv2%2Fmedia&parent=8480"}],"wp:term":[{"taxonomy":"category","embeddable":true,"href":"http:\/\/roczyny.duszpasterstwa.bielsko.pl\/index.php?rest_route=%2Fwp%2Fv2%2Fcategories&post=8480"},{"taxonomy":"post_tag","embeddable":true,"href":"http:\/\/roczyny.duszpasterstwa.bielsko.pl\/index.php?rest_route=%2Fwp%2Fv2%2Ftags&post=8480"}],"curies":[{"name":"wp","href":"https:\/\/api.w.org\/{rel}","templated":true}]}}