{"id":8456,"date":"2022-12-09T21:02:59","date_gmt":"2022-12-09T20:02:59","guid":{"rendered":"http:\/\/roczyny.duszpasterstwa.bielsko.pl\/?p=8456"},"modified":"2022-12-09T21:02:59","modified_gmt":"2022-12-09T20:02:59","slug":"ogloszenia-i-intencje-iii-niedziela-adwentu-2","status":"publish","type":"post","link":"http:\/\/roczyny.duszpasterstwa.bielsko.pl\/?p=8456","title":{"rendered":"OG\u0141OSZENIA I INTENCJE &#8211; III Niedziela Adwentu&#8230;"},"content":{"rendered":"<h3 style=\"font-weight: 400;\"><strong><u>I I I&nbsp;&nbsp;&nbsp; N I E D Z I E L A&nbsp;&nbsp;&nbsp; A D W E N T U<\/u><\/strong> &nbsp;(11.12.2022r.)<\/h3>\n<h3 style=\"font-weight: 400;\">Wtorek \u2013 wsp. \u015bw. \u0141ucji, dz. o m.<\/h3>\n<h3 style=\"font-weight: 400;\">\u015aroda&nbsp;&nbsp;&nbsp;&nbsp; &#8211; wsp. \u015bw. Jana od Krzy\u017ca, kap\u0142. i dK<\/h3>\n<h3 style=\"font-weight: 400;\">W tym tygodniu (\u015broda, pi\u0105tek i sobota) przypadaj\u0105 Kwartalne Dni Modlitw o \u017cycie chrze\u015bcija\u0144skie rodzin.<\/h3>\n<h3 style=\"font-weight: 400;\">So\u0142tys i Rada So\u0142ecka oraz Ko\u0142o Gospody\u0144 Wiejskich w Roczynach zapraszaj\u0105 mieszka\u0144c\u00f3w na wsp\u00f3lne spotkanie wigilijne i \u015bpiewanie Kol\u0119d w dniu 18 grudnia (niedziela) o godz.16.oo w Domu Stra\u017caka.<\/h3>\n<h3 style=\"font-weight: 400;\">Dzieci i m\u0142odzie\u017c naszych wsp\u00f3lnot parafialnych przygotowa\u0142a kiermasz \u015bwi\u0105teczny.<\/h3>\n<h3 style=\"font-weight: 400;\">W najbli\u017csz\u0105 niedziel\u0119 18 grudnia, b\u0119dzie mo\u017cna naby\u0107 stroiki, sianko i inne ozdoby \u015bwi\u0105teczne. Zarobione pieni\u0105dze przeznacz\u0105 na wsp\u00f3lny wyjazd podczas ferii zimowych.<\/h3>\n<h3 style=\"font-weight: 400;\"><strong><em>&nbsp;<\/em><\/strong><strong><em>I N T E N C J E&nbsp;&nbsp; M S Z Y&nbsp;&nbsp; \u015a W.<\/em><\/strong><\/h3>\n<h3 style=\"font-weight: 400;\">Poniedzia\u0142ek(12)<\/h3>\n<h3 style=\"font-weight: 400;\">&nbsp;&nbsp; godz.6.3o&nbsp;&nbsp;&nbsp; &#8211; +Zofi\u0119 Matura<\/h3>\n<h3 style=\"font-weight: 400;\">&nbsp;&nbsp; godz.17.oo &#8211; +Mari\u0119 Zar\u0119ba z m\u0119\u017cem J\u00f3zefem zi\u0119ciem Paw\u0142em<\/h3>\n<h3 style=\"font-weight: 400;\">Wtorek(13)<\/h3>\n<h3 style=\"font-weight: 400;\">&nbsp;&nbsp; godz.6.3o&nbsp;&nbsp; &#8211; +Agnieszk\u0119 Brzazgacz z m\u0119\u017cem Franciszkiem<\/h3>\n<h3 style=\"font-weight: 400;\">&nbsp;&nbsp; godz.17.oo &#8211; +Dorot\u0119 Marsza\u0142ek<\/h3>\n<h3 style=\"font-weight: 400;\">\u015aroda(14)<\/h3>\n<h3 style=\"font-weight: 400;\">&nbsp;&nbsp; godz.6.3o&nbsp;&nbsp; &#8211; +Zofi\u0119 Matura<\/h3>\n<h3 style=\"font-weight: 400;\">&nbsp;&nbsp; godz.17.oo &#8211; +Teofila Mrzyg\u0142\u00f3d z te\u015bciami<\/h3>\n<h3 style=\"font-weight: 400;\">Czwartek(15)<\/h3>\n<h3 style=\"font-weight: 400;\">&nbsp;&nbsp; godz.6.3o&nbsp;&nbsp; &#8211; +Halin\u0119 Piernik<\/h3>\n<h3 style=\"font-weight: 400;\">&nbsp;&nbsp;&nbsp;&nbsp;&nbsp;&nbsp;&nbsp;&nbsp;&nbsp;&nbsp;&nbsp;&nbsp;&nbsp;&nbsp;&nbsp;&nbsp;&nbsp;&nbsp;&nbsp;&nbsp;&nbsp;&nbsp; &#8211; W int. Ewy w 60-t\u0105 r. urodzin dzi\u0119kczynna za \u0142ask\u0119 zdrowia i o b\u0142. Bo\u017ce<\/h3>\n<h3 style=\"font-weight: 400;\">&nbsp;&nbsp; godz.17.oo &#8211; +Helen\u0119 J\u00f3zefa Jana Karkoszk\u00f3w<\/h3>\n<h3 style=\"font-weight: 400;\">Pi\u0105tek(16)<\/h3>\n<h3 style=\"font-weight: 400;\">&nbsp;&nbsp; godz.6.3o&nbsp;&nbsp; &#8211; +Kazimier\u0119 Jo\u0144czy<\/h3>\n<h3 style=\"font-weight: 400;\">&nbsp;&nbsp; godz.17.oo &#8211; +Zofi\u0119 i Edwarda Tomiczek z c\u00f3rk\u0105 Jadwig\u0105 Michalak<\/h3>\n<h3 style=\"font-weight: 400;\">Sobota(17)<\/h3>\n<h3 style=\"font-weight: 400;\">&nbsp;&nbsp; godz.6.3o&nbsp;&nbsp; &#8211; +Stanis\u0142awa Sordyla<\/h3>\n<h3 style=\"font-weight: 400;\">&nbsp;&nbsp; godz.17.oo \u2013 Mariana Kocemba z rodzicami<\/h3>\n<h3 style=\"font-weight: 400;\">Niedziela(18)<\/h3>\n<h3 style=\"font-weight: 400;\">&nbsp;&nbsp; godz.7.oo&nbsp;&nbsp; &#8211; +Tadeusza Kowalskiego z \u017con\u0105 Franciszk\u0105 synem Tadeuszem<\/h3>\n<h3 style=\"font-weight: 400;\">&nbsp;&nbsp;&nbsp;&nbsp;&nbsp;&nbsp;&nbsp;&nbsp;&nbsp;&nbsp;&nbsp;&nbsp;&nbsp;&nbsp;&nbsp;&nbsp;&nbsp;&nbsp;&nbsp;&nbsp;&nbsp;&nbsp; &#8211; +Wies\u0142awa Bylic\u0119 od rodzic\u00f3w<\/h3>\n<h3 style=\"font-weight: 400;\">&nbsp;&nbsp; godz.9.oo&nbsp;&nbsp; &#8211; +Bronis\u0142awa Zuzann\u0119 So\u0142tysiak r. \u015bm.<\/h3>\n<h3 style=\"font-weight: 400;\">&nbsp;&nbsp;&nbsp;&nbsp;&nbsp;&nbsp;&nbsp;&nbsp;&nbsp;&nbsp;&nbsp;&nbsp;&nbsp;&nbsp;&nbsp;&nbsp;&nbsp;&nbsp;&nbsp;&nbsp;&nbsp;&nbsp; &#8211; +Jana Orkisz 19 r. \u015bm. z \u017con\u0105 i synem<\/h3>\n<h3 style=\"font-weight: 400;\">&nbsp;&nbsp; godz.11.oo &#8211; +Andrzeja Rozali\u0119 Sordyl r. \u015bm<\/h3>\n<h3 style=\"font-weight: 400;\">&nbsp;&nbsp;&nbsp;&nbsp;&nbsp;&nbsp;&nbsp;&nbsp;&nbsp;&nbsp; &nbsp;&nbsp;&nbsp;&nbsp;&nbsp;&nbsp;&nbsp;&nbsp;&nbsp;&nbsp;&nbsp;&nbsp;&#8211; O opiek\u0119 Matki Bo\u017cej dla cz\u0142onki\u0144 z R\u00f3\u017cy \u015bw. Katarzyny<\/h3>\n<h3 style=\"font-weight: 400;\">&nbsp;&nbsp; godz.15.oo &#8211; +J\u00f3zefa Franciszk\u0119 Ku\u017ama z wnuczk\u0105 Ann\u0105 zi\u0119ciem Adamem, Tomasza<\/h3>\n<h3 style=\"font-weight: 400;\">&nbsp;&nbsp;&nbsp;&nbsp;&nbsp;&nbsp;&nbsp;&nbsp;&nbsp;&nbsp;&nbsp;&nbsp;&nbsp;&nbsp;&nbsp;&nbsp;&nbsp;&nbsp;&nbsp;&nbsp;&nbsp;&nbsp;&nbsp;&nbsp;&nbsp; i Antonin\u0119 \u0141yso\u0144.<\/h3>\n<h3 style=\"font-weight: 400;\">&nbsp;&nbsp;&nbsp;&nbsp;&nbsp;&nbsp;&nbsp;&nbsp;&nbsp;&nbsp;&nbsp;&nbsp;&nbsp;&nbsp;&nbsp;&nbsp;&nbsp;&nbsp;&nbsp;&nbsp;&nbsp;&nbsp; &#8211; +Stanis\u0142awa Krucza\u0142\u0119 od rodziny Miastko.<\/h3>\n<h3 style=\"font-weight: 400;\">&nbsp;<\/h3>\n<p style=\"font-weight: 400;\">&nbsp;<\/p>\n<p style=\"font-weight: 400;\">&nbsp;<\/p>\n<p style=\"font-weight: 400;\">&nbsp;<\/p>\n","protected":false},"excerpt":{"rendered":"<p>I I I&nbsp;&nbsp;&nbsp; N I E D Z I E L A&nbsp;&nbsp;&nbsp; A D W E N T U &nbsp;(11.12.2022r.) <a class=\"read-more\" href=\"http:\/\/roczyny.duszpasterstwa.bielsko.pl\/?p=8456\">czytaj dalej<\/a><\/p>\n","protected":false},"author":2,"featured_media":8239,"comment_status":"closed","ping_status":"open","sticky":false,"template":"","format":"standard","meta":{"ngg_post_thumbnail":0,"footnotes":""},"categories":[15,12],"tags":[],"class_list":["post-8456","post","type-post","status-publish","format-standard","has-post-thumbnail","hentry","category-aktualnosci","category-ogloszenia-parafialne","post-item clearfix"],"_links":{"self":[{"href":"http:\/\/roczyny.duszpasterstwa.bielsko.pl\/index.php?rest_route=\/wp\/v2\/posts\/8456"}],"collection":[{"href":"http:\/\/roczyny.duszpasterstwa.bielsko.pl\/index.php?rest_route=\/wp\/v2\/posts"}],"about":[{"href":"http:\/\/roczyny.duszpasterstwa.bielsko.pl\/index.php?rest_route=\/wp\/v2\/types\/post"}],"author":[{"embeddable":true,"href":"http:\/\/roczyny.duszpasterstwa.bielsko.pl\/index.php?rest_route=\/wp\/v2\/users\/2"}],"replies":[{"embeddable":true,"href":"http:\/\/roczyny.duszpasterstwa.bielsko.pl\/index.php?rest_route=%2Fwp%2Fv2%2Fcomments&post=8456"}],"version-history":[{"count":1,"href":"http:\/\/roczyny.duszpasterstwa.bielsko.pl\/index.php?rest_route=\/wp\/v2\/posts\/8456\/revisions"}],"predecessor-version":[{"id":8457,"href":"http:\/\/roczyny.duszpasterstwa.bielsko.pl\/index.php?rest_route=\/wp\/v2\/posts\/8456\/revisions\/8457"}],"wp:featuredmedia":[{"embeddable":true,"href":"http:\/\/roczyny.duszpasterstwa.bielsko.pl\/index.php?rest_route=\/wp\/v2\/media\/8239"}],"wp:attachment":[{"href":"http:\/\/roczyny.duszpasterstwa.bielsko.pl\/index.php?rest_route=%2Fwp%2Fv2%2Fmedia&parent=8456"}],"wp:term":[{"taxonomy":"category","embeddable":true,"href":"http:\/\/roczyny.duszpasterstwa.bielsko.pl\/index.php?rest_route=%2Fwp%2Fv2%2Fcategories&post=8456"},{"taxonomy":"post_tag","embeddable":true,"href":"http:\/\/roczyny.duszpasterstwa.bielsko.pl\/index.php?rest_route=%2Fwp%2Fv2%2Ftags&post=8456"}],"curies":[{"name":"wp","href":"https:\/\/api.w.org\/{rel}","templated":true}]}}