{"id":8380,"date":"2022-12-03T15:12:48","date_gmt":"2022-12-03T14:12:48","guid":{"rendered":"http:\/\/roczyny.duszpasterstwa.bielsko.pl\/?p=8380"},"modified":"2022-12-03T15:12:48","modified_gmt":"2022-12-03T14:12:48","slug":"teatr-janowy-zaprasza","status":"publish","type":"post","link":"http:\/\/roczyny.duszpasterstwa.bielsko.pl\/?p=8380","title":{"rendered":"TEATR JaNowy &#8211; zaprasza&#8230;"},"content":{"rendered":"<h4><strong>\u201ePrzyjd\u017a\u201d \u2013 teatralna opowie\u015b\u0107 o Bo\u017cym mi\u0142osierdziu z muzyk\u0105 na \u017cywo <\/strong><\/h4>\n<h4>&nbsp;<\/h4>\n<h4>W czwartek, 8 grudnia br. serdecznie zapraszamy na godz. 19.00 do kina \u201eBeskid\u201d w Andrychowie na premier\u0119 widowiska pt. \u201ePrzyjd\u017a\u201d. To sk\u0142adaj\u0105ca si\u0119 z pi\u0119ciu scen teatralna opowie\u015b\u0107 o Bo\u017cym Mi\u0142osierdziu i jego o\u017cywiaj\u0105cej sile, oparta m.in. na ta\u0144cu, pe\u0142nej symboliki scenografii, grze \u015bwiate\u0142 i wykonywanej na \u017cywo muzyce.<\/h4>\n<h4>Spektakl <em>JaNowego Teatru<\/em> z Andrychowa wychodzi naprzeciw tematyce aktualnych zmaga\u0144 i l\u0119k\u00f3w a zarazem t\u0119sknot i pragnie\u0144 wsp\u00f3\u0142czesnego cz\u0142owieka. Krucho\u015b\u0107 i niepewno\u015b\u0107 naszego losu oraz daremne pr\u00f3by poradzenia sobie \u201etak po ludzku\u201d z l\u0119kami i troskami, s\u0105 punktem wyj\u015bcia do otwarcia si\u0119 na spotkanie z Bogiem. &#8211; <em>Tytu\u0142owe \u201ePrzyjd\u017a\u201d jest z jednej strony t\u0119sknym wo\u0142aniem, szukaniem Boga, zamieszkuj\u0105cego w rozleg\u0142ych przestrzeniach duszy cz\u0142owieka. Z drugiej strony jest to wo\u0142anie Boga, pragn\u0105cego spotkania z cz\u0142owiekiem. To Bo\u017ce wezwanie i przynaglenie, by cz\u0142owiek zanurzony w \u015bwiecie zewn\u0119trznym, pe\u0142nym rozterek, sprzecznych bod\u017ac\u00f3w i zgie\u0142ku, zechcia\u0142 wej\u015b\u0107 w siebie, do w\u0142asnego wn\u0119trza. To zaproszenie, aby cz\u0142owiek odzyska\u0142 orientacj\u0119 na \u015bwiat duchowy<\/em> \u2013 m\u00f3wi autorka spektaklu Barbara Surzyn.<\/h4>\n<h4>Je\u015bli jeste\u015b spragniony teatru dobra, to widowisko jest w\u0142a\u015bnie dla Ciebie! Zapraszamy ka\u017cdego z osobna, zapraszamy ca\u0142e rodziny.<\/h4>\n<h4>***<\/h4>\n<h4>Premiera \u2013 czwartek, 8 grudnia o godz. 19.00 w kinie \u201eBeskid\u201d w Andrychowie (ul. Krakowska 132). Kolejne dwa spektakle \u2013 pi\u0105tek, 9 grudnia o godz. 17.00 i 19.00, tak\u017ce w kinie \u201eBeskid\u201d. Wst\u0119p na widowisko zar\u00f3wno w czwartek, jak i pi\u0105tek \u2013 wolny!<\/h4>\n<p><a href=\"http:\/\/roczyny.duszpasterstwa.bielsko.pl\/wp-content\/uploads\/2022\/12\/Przyjdz-fb.jpg\"><img fetchpriority=\"high\" decoding=\"async\" class=\"aligncenter size-full wp-image-8381\" src=\"http:\/\/roczyny.duszpasterstwa.bielsko.pl\/wp-content\/uploads\/2022\/12\/Przyjdz-fb.jpg\" alt=\"\" width=\"920\" height=\"950\" srcset=\"http:\/\/roczyny.duszpasterstwa.bielsko.pl\/wp-content\/uploads\/2022\/12\/Przyjdz-fb.jpg 920w, http:\/\/roczyny.duszpasterstwa.bielsko.pl\/wp-content\/uploads\/2022\/12\/Przyjdz-fb-291x300.jpg 291w, http:\/\/roczyny.duszpasterstwa.bielsko.pl\/wp-content\/uploads\/2022\/12\/Przyjdz-fb-768x793.jpg 768w, http:\/\/roczyny.duszpasterstwa.bielsko.pl\/wp-content\/uploads\/2022\/12\/Przyjdz-fb-200x207.jpg 200w, http:\/\/roczyny.duszpasterstwa.bielsko.pl\/wp-content\/uploads\/2022\/12\/Przyjdz-fb-690x713.jpg 690w\" sizes=\"(max-width: 920px) 100vw, 920px\" \/><\/a><\/p>\n","protected":false},"excerpt":{"rendered":"<p>\u201ePrzyjd\u017a\u201d \u2013 teatralna opowie\u015b\u0107 o Bo\u017cym mi\u0142osierdziu z muzyk\u0105 na \u017cywo &nbsp; W czwartek, 8 grudnia br. serdecznie zapraszamy na <a class=\"read-more\" href=\"http:\/\/roczyny.duszpasterstwa.bielsko.pl\/?p=8380\">czytaj dalej<\/a><\/p>\n","protected":false},"author":2,"featured_media":8381,"comment_status":"closed","ping_status":"open","sticky":false,"template":"","format":"standard","meta":{"ngg_post_thumbnail":0,"footnotes":""},"categories":[15],"tags":[],"class_list":["post-8380","post","type-post","status-publish","format-standard","has-post-thumbnail","hentry","category-aktualnosci","post-item clearfix"],"_links":{"self":[{"href":"http:\/\/roczyny.duszpasterstwa.bielsko.pl\/index.php?rest_route=\/wp\/v2\/posts\/8380"}],"collection":[{"href":"http:\/\/roczyny.duszpasterstwa.bielsko.pl\/index.php?rest_route=\/wp\/v2\/posts"}],"about":[{"href":"http:\/\/roczyny.duszpasterstwa.bielsko.pl\/index.php?rest_route=\/wp\/v2\/types\/post"}],"author":[{"embeddable":true,"href":"http:\/\/roczyny.duszpasterstwa.bielsko.pl\/index.php?rest_route=\/wp\/v2\/users\/2"}],"replies":[{"embeddable":true,"href":"http:\/\/roczyny.duszpasterstwa.bielsko.pl\/index.php?rest_route=%2Fwp%2Fv2%2Fcomments&post=8380"}],"version-history":[{"count":1,"href":"http:\/\/roczyny.duszpasterstwa.bielsko.pl\/index.php?rest_route=\/wp\/v2\/posts\/8380\/revisions"}],"predecessor-version":[{"id":8382,"href":"http:\/\/roczyny.duszpasterstwa.bielsko.pl\/index.php?rest_route=\/wp\/v2\/posts\/8380\/revisions\/8382"}],"wp:featuredmedia":[{"embeddable":true,"href":"http:\/\/roczyny.duszpasterstwa.bielsko.pl\/index.php?rest_route=\/wp\/v2\/media\/8381"}],"wp:attachment":[{"href":"http:\/\/roczyny.duszpasterstwa.bielsko.pl\/index.php?rest_route=%2Fwp%2Fv2%2Fmedia&parent=8380"}],"wp:term":[{"taxonomy":"category","embeddable":true,"href":"http:\/\/roczyny.duszpasterstwa.bielsko.pl\/index.php?rest_route=%2Fwp%2Fv2%2Fcategories&post=8380"},{"taxonomy":"post_tag","embeddable":true,"href":"http:\/\/roczyny.duszpasterstwa.bielsko.pl\/index.php?rest_route=%2Fwp%2Fv2%2Ftags&post=8380"}],"curies":[{"name":"wp","href":"https:\/\/api.w.org\/{rel}","templated":true}]}}