{"id":7051,"date":"2022-08-27T18:36:10","date_gmt":"2022-08-27T16:36:10","guid":{"rendered":"http:\/\/roczyny.duszpasterstwa.bielsko.pl\/?p=7051"},"modified":"2022-08-27T18:36:10","modified_gmt":"2022-08-27T16:36:10","slug":"msza-sw-na-rozpoczecie-roku-szkolnego","status":"publish","type":"post","link":"http:\/\/roczyny.duszpasterstwa.bielsko.pl\/?p=7051","title":{"rendered":"MSZA \u015aW. NA ROZPOCZ\u0118CIE ROKU SZKOLNEGO&#8230;"},"content":{"rendered":"<h2>Zapraszamy m\u0142odzie\u017c i dzieci na Msz\u0119 \u015bw. na rozpocz\u0119cie Roku Szkolnego w czwartek 1 wrze\u015bnia o godz. 9.00 w naszej Roczy\u0144skiej \u015awi\u0105tyni&#8230;<\/h2>\n<h2>Spowied\u017a dla wszystkich w \u015brod\u0119 od godz. 17.00 &#8211; tak\u017ce w pozosta\u0142e dni tygodnia na 30 minut przed Msz\u0105 \u015aw. porann\u0105 i wieczorn\u0105&#8230;<\/h2>\n<h2>&nbsp;<\/h2>\n<h2>Przyjd\u017a i przeka\u017c innym!!!<\/h2>\n<p><a href=\"http:\/\/roczyny.duszpasterstwa.bielsko.pl\/wp-content\/uploads\/2022\/08\/dddddd.jpg\"><img fetchpriority=\"high\" decoding=\"async\" class=\"aligncenter size-full wp-image-7052\" src=\"http:\/\/roczyny.duszpasterstwa.bielsko.pl\/wp-content\/uploads\/2022\/08\/dddddd.jpg\" alt=\"\" width=\"512\" height=\"355\" srcset=\"http:\/\/roczyny.duszpasterstwa.bielsko.pl\/wp-content\/uploads\/2022\/08\/dddddd.jpg 512w, http:\/\/roczyny.duszpasterstwa.bielsko.pl\/wp-content\/uploads\/2022\/08\/dddddd-300x208.jpg 300w, http:\/\/roczyny.duszpasterstwa.bielsko.pl\/wp-content\/uploads\/2022\/08\/dddddd-200x139.jpg 200w\" sizes=\"(max-width: 512px) 100vw, 512px\" \/><\/a><\/p>\n<p>&nbsp;<\/p>\n","protected":false},"excerpt":{"rendered":"<p>Zapraszamy m\u0142odzie\u017c i dzieci na Msz\u0119 \u015bw. na rozpocz\u0119cie Roku Szkolnego w czwartek 1 wrze\u015bnia o godz. 9.00 w naszej <a class=\"read-more\" href=\"http:\/\/roczyny.duszpasterstwa.bielsko.pl\/?p=7051\">czytaj dalej<\/a><\/p>\n","protected":false},"author":2,"featured_media":7052,"comment_status":"closed","ping_status":"open","sticky":false,"template":"","format":"standard","meta":{"ngg_post_thumbnail":0,"footnotes":""},"categories":[15],"tags":[],"class_list":["post-7051","post","type-post","status-publish","format-standard","has-post-thumbnail","hentry","category-aktualnosci","post-item clearfix"],"_links":{"self":[{"href":"http:\/\/roczyny.duszpasterstwa.bielsko.pl\/index.php?rest_route=\/wp\/v2\/posts\/7051"}],"collection":[{"href":"http:\/\/roczyny.duszpasterstwa.bielsko.pl\/index.php?rest_route=\/wp\/v2\/posts"}],"about":[{"href":"http:\/\/roczyny.duszpasterstwa.bielsko.pl\/index.php?rest_route=\/wp\/v2\/types\/post"}],"author":[{"embeddable":true,"href":"http:\/\/roczyny.duszpasterstwa.bielsko.pl\/index.php?rest_route=\/wp\/v2\/users\/2"}],"replies":[{"embeddable":true,"href":"http:\/\/roczyny.duszpasterstwa.bielsko.pl\/index.php?rest_route=%2Fwp%2Fv2%2Fcomments&post=7051"}],"version-history":[{"count":1,"href":"http:\/\/roczyny.duszpasterstwa.bielsko.pl\/index.php?rest_route=\/wp\/v2\/posts\/7051\/revisions"}],"predecessor-version":[{"id":7053,"href":"http:\/\/roczyny.duszpasterstwa.bielsko.pl\/index.php?rest_route=\/wp\/v2\/posts\/7051\/revisions\/7053"}],"wp:featuredmedia":[{"embeddable":true,"href":"http:\/\/roczyny.duszpasterstwa.bielsko.pl\/index.php?rest_route=\/wp\/v2\/media\/7052"}],"wp:attachment":[{"href":"http:\/\/roczyny.duszpasterstwa.bielsko.pl\/index.php?rest_route=%2Fwp%2Fv2%2Fmedia&parent=7051"}],"wp:term":[{"taxonomy":"category","embeddable":true,"href":"http:\/\/roczyny.duszpasterstwa.bielsko.pl\/index.php?rest_route=%2Fwp%2Fv2%2Fcategories&post=7051"},{"taxonomy":"post_tag","embeddable":true,"href":"http:\/\/roczyny.duszpasterstwa.bielsko.pl\/index.php?rest_route=%2Fwp%2Fv2%2Ftags&post=7051"}],"curies":[{"name":"wp","href":"https:\/\/api.w.org\/{rel}","templated":true}]}}