{"id":7049,"date":"2022-08-27T18:22:12","date_gmt":"2022-08-27T16:22:12","guid":{"rendered":"http:\/\/roczyny.duszpasterstwa.bielsko.pl\/?p=7049"},"modified":"2022-08-27T18:22:12","modified_gmt":"2022-08-27T16:22:12","slug":"ogloszenia-i-intencje-xxii-niedziela-zwykla","status":"publish","type":"post","link":"http:\/\/roczyny.duszpasterstwa.bielsko.pl\/?p=7049","title":{"rendered":"OG\u0141OSZENIA I INTENCJE &#8211; XXII NIEDZIELA ZWYK\u0141A&#8230;"},"content":{"rendered":"<h4 style=\"font-weight: 400;\"><strong><u>X X I I&nbsp;&nbsp; N I E D Z I E L A&nbsp;&nbsp; Z W Y K \u0141 A<\/u><\/strong> (28.o8.2022r.)<\/h4>\n<h4 style=\"font-weight: 400;\">Poniedzia\u0142ek \u2013 wsp. m\u0119cze\u0144stwa \u015bw. Jana Chrzciciela<\/h4>\n<h4 style=\"font-weight: 400;\">Sobota&nbsp;&nbsp;&nbsp;&nbsp;&nbsp;&nbsp;&nbsp;&nbsp;&nbsp;&nbsp;&nbsp; &#8211; wsp. \u015bw. Grzegorza Wielkiego, papie\u017ca i dk<\/h4>\n<h4 style=\"font-weight: 400;\">W czwartek 1 wrze\u015bnia rozpoczyna si\u0119 nowy rok szkolny i katechetyczny o godz. 9.00<\/h4>\n<h4 style=\"font-weight: 400;\">Spowied\u017a \u015bw. na rozpocz\u0119cie roku szkolnego w \u015brod\u0119 od godz.17.oo<\/h4>\n<h4 style=\"font-weight: 400;\">W tym tygodniu I-wszy czwartek i I-wszy pi\u0105tek miesi\u0105ca<\/h4>\n<h4 style=\"font-weight: 400;\"><strong><em>I N T E N C J E&nbsp;&nbsp;&nbsp; M S Z Y&nbsp;&nbsp; \u015a W.<\/em><\/strong><\/h4>\n<h4 style=\"font-weight: 400;\">Poniedzia\u0142ek(29)<\/h4>\n<h4 style=\"font-weight: 400;\">&nbsp;&nbsp; godz.6.3o&nbsp;&nbsp; &#8211; +Bronis\u0142awa Sordyla<\/h4>\n<h4 style=\"font-weight: 400;\">&nbsp;&nbsp; godz.18.oo -+Helen\u0119 Hudeck\u0105 z m\u0119\u017cem Piotrem<\/h4>\n<h4 style=\"font-weight: 400;\">Wtorek(3o)<\/h4>\n<h4 style=\"font-weight: 400;\">&nbsp;&nbsp; godz.6.3o&nbsp;&nbsp; &#8211; +Jana Krucza\u0142\u0119 w 30-ty dzie\u0144 po \u015bmierci<\/h4>\n<h4 style=\"font-weight: 400;\">&nbsp;&nbsp; godz.18.oo &#8211; +Romana Mazgaj z \u017con\u0105 Rozali\u0105 i c\u00f3rk\u0105 Stefani\u0105<\/h4>\n<h4 style=\"font-weight: 400;\">\u015aroda(31)<\/h4>\n<h4 style=\"font-weight: 400;\">&nbsp;&nbsp; godz.6.3o&nbsp;&nbsp; &#8211; +\u0141ukasza Strychasz<\/h4>\n<h4 style=\"font-weight: 400;\">&nbsp;&nbsp; godz.18.oo \u2013 W int. Joanny i Roberta w 23 r. \u015blubu.<\/h4>\n<h4 style=\"font-weight: 400;\">Czwartek(1)<\/h4>\n<h4 style=\"font-weight: 400;\">&nbsp;&nbsp; godz.6.3o&nbsp;&nbsp; &#8211; Za dusze wypominane (WYPOMINKI)<\/h4>\n<h4 style=\"font-weight: 400;\">&nbsp;&nbsp; godz.18.oo \u2013 W int. Ojczyzny i pomordowanych w II-giej Wojnie \u015awiatowej<\/h4>\n<h4 style=\"font-weight: 400;\">Pi\u0105tek(2)<\/h4>\n<h4 style=\"font-weight: 400;\">&nbsp;&nbsp; godz.6.3o&nbsp;&nbsp; &#8211; +Halin\u0119 Sordyl<\/h4>\n<h4 style=\"font-weight: 400;\">&nbsp;&nbsp; godz.18.oo &#8211; +El\u017cbiet\u0119 Stanis\u0142awa Trojak<\/h4>\n<h4 style=\"font-weight: 400;\">Sobota(3)<\/h4>\n<h4 style=\"font-weight: 400;\">&nbsp;&nbsp; godz.6.3o&nbsp;&nbsp; &#8211; +Krzysztofa Grabczyk w 30-ty dzie\u0144 po \u015bmierci<\/h4>\n<h4 style=\"font-weight: 400;\">&nbsp;&nbsp; godz.18.oo &#8211; +Andrzeja Tomiak<\/h4>\n<h4 style=\"font-weight: 400;\">Niedziela(4)<\/h4>\n<h4 style=\"font-weight: 400;\">&nbsp;&nbsp; godz.7.oo&nbsp;&nbsp; &#8211; +J\u00f3zefa Prus 25 r. \u015bm. z \u017con\u0105 Stafani\u0105 od najbli\u017cszych<\/h4>\n<h4 style=\"font-weight: 400;\">&nbsp;&nbsp;&nbsp;&nbsp;&nbsp;&nbsp;&nbsp;&nbsp;&nbsp;&nbsp;&nbsp;&nbsp;&nbsp;&nbsp;&nbsp;&nbsp;&nbsp;&nbsp;&nbsp;&nbsp;&nbsp;&nbsp;&nbsp; &#8211;&nbsp; +Halin\u0119 Rajda<\/h4>\n<h4 style=\"font-weight: 400;\">&nbsp;&nbsp; godz.9.oo&nbsp;&nbsp; &#8211; +J\u00f3zefa Ku\u017am\u0119 r. \u015bm.<\/h4>\n<h4 style=\"font-weight: 400;\">&nbsp;&nbsp;&nbsp;&nbsp;&nbsp;&nbsp;&nbsp;&nbsp;&nbsp;&nbsp;&nbsp;&nbsp;&nbsp;&nbsp;&nbsp;&nbsp;&nbsp;&nbsp;&nbsp;&nbsp;&nbsp;&nbsp;&nbsp;&nbsp;&nbsp;&nbsp; +Stanis\u0142awa \u0106wiertnia<\/h4>\n<h4 style=\"font-weight: 400;\">&nbsp;&nbsp; godz.11.oo &#8211; +Rozali\u0119 Stanis\u0142awa Jo\u0144czy Monik\u0119 W\u0142adys\u0142awa Ku\u017ama<\/h4>\n<h4 style=\"font-weight: 400;\">&nbsp;&nbsp;&nbsp;&nbsp;&nbsp;&nbsp;&nbsp;&nbsp;&nbsp;&nbsp;&nbsp;&nbsp;&nbsp;&nbsp;&nbsp;&nbsp;&nbsp;&nbsp;&nbsp;&nbsp;&nbsp;&nbsp;&nbsp;&nbsp;&nbsp;&nbsp;&nbsp; +Jerzego Babik<\/h4>\n<h4 style=\"font-weight: 400;\">&nbsp;&nbsp; godz.15.oo &#8211; +Zofi\u0119 Aleksandra Wo\u015b r. \u015bm.<\/h4>\n<h4 style=\"font-weight: 400;\">&nbsp;&nbsp;&nbsp;&nbsp;&nbsp;&nbsp;&nbsp;&nbsp;&nbsp;&nbsp;&nbsp;&nbsp;&nbsp;&nbsp;&nbsp;&nbsp;&nbsp;&nbsp;&nbsp;&nbsp;&nbsp;&nbsp;&nbsp;&nbsp;&nbsp;&nbsp;&nbsp; +Jana Wojewodzic<\/h4>\n","protected":false},"excerpt":{"rendered":"<p>X X I I&nbsp;&nbsp; N I E D Z I E L A&nbsp;&nbsp; Z W Y K \u0141 A (28.o8.2022r.) <a class=\"read-more\" href=\"http:\/\/roczyny.duszpasterstwa.bielsko.pl\/?p=7049\">czytaj dalej<\/a><\/p>\n","protected":false},"author":2,"featured_media":6418,"comment_status":"closed","ping_status":"open","sticky":false,"template":"","format":"standard","meta":{"ngg_post_thumbnail":0,"footnotes":""},"categories":[15,12],"tags":[],"class_list":["post-7049","post","type-post","status-publish","format-standard","has-post-thumbnail","hentry","category-aktualnosci","category-ogloszenia-parafialne","post-item clearfix"],"_links":{"self":[{"href":"http:\/\/roczyny.duszpasterstwa.bielsko.pl\/index.php?rest_route=\/wp\/v2\/posts\/7049"}],"collection":[{"href":"http:\/\/roczyny.duszpasterstwa.bielsko.pl\/index.php?rest_route=\/wp\/v2\/posts"}],"about":[{"href":"http:\/\/roczyny.duszpasterstwa.bielsko.pl\/index.php?rest_route=\/wp\/v2\/types\/post"}],"author":[{"embeddable":true,"href":"http:\/\/roczyny.duszpasterstwa.bielsko.pl\/index.php?rest_route=\/wp\/v2\/users\/2"}],"replies":[{"embeddable":true,"href":"http:\/\/roczyny.duszpasterstwa.bielsko.pl\/index.php?rest_route=%2Fwp%2Fv2%2Fcomments&post=7049"}],"version-history":[{"count":1,"href":"http:\/\/roczyny.duszpasterstwa.bielsko.pl\/index.php?rest_route=\/wp\/v2\/posts\/7049\/revisions"}],"predecessor-version":[{"id":7050,"href":"http:\/\/roczyny.duszpasterstwa.bielsko.pl\/index.php?rest_route=\/wp\/v2\/posts\/7049\/revisions\/7050"}],"wp:featuredmedia":[{"embeddable":true,"href":"http:\/\/roczyny.duszpasterstwa.bielsko.pl\/index.php?rest_route=\/wp\/v2\/media\/6418"}],"wp:attachment":[{"href":"http:\/\/roczyny.duszpasterstwa.bielsko.pl\/index.php?rest_route=%2Fwp%2Fv2%2Fmedia&parent=7049"}],"wp:term":[{"taxonomy":"category","embeddable":true,"href":"http:\/\/roczyny.duszpasterstwa.bielsko.pl\/index.php?rest_route=%2Fwp%2Fv2%2Fcategories&post=7049"},{"taxonomy":"post_tag","embeddable":true,"href":"http:\/\/roczyny.duszpasterstwa.bielsko.pl\/index.php?rest_route=%2Fwp%2Fv2%2Ftags&post=7049"}],"curies":[{"name":"wp","href":"https:\/\/api.w.org\/{rel}","templated":true}]}}