{"id":7046,"date":"2022-08-20T19:21:49","date_gmt":"2022-08-20T17:21:49","guid":{"rendered":"http:\/\/roczyny.duszpasterstwa.bielsko.pl\/?p=7046"},"modified":"2022-08-20T19:21:49","modified_gmt":"2022-08-20T17:21:49","slug":"ogloszenia-i-intencje-xxi-niedziela-zwykla","status":"publish","type":"post","link":"http:\/\/roczyny.duszpasterstwa.bielsko.pl\/?p=7046","title":{"rendered":"OG\u0141OSZENIA I INTENCJE &#8211; XXI NIEDZIELA ZWYK\u0141A&#8230;"},"content":{"rendered":"<p style=\"font-weight: 400;\"><strong><u>X X I&nbsp;&nbsp; N I E D Z I E L A&nbsp;&nbsp; Z W Y K \u0141 A<\/u><\/strong>&nbsp;&nbsp; (21.o8.2022r.)<\/p>\n<p style=\"font-weight: 400;\">&nbsp;<\/p>\n<p style=\"font-weight: 400;\">Poniedzia\u0142ek \u2013 wsp. NMP Kr\u00f3lowej<\/p>\n<p style=\"font-weight: 400;\">\u015aroda&nbsp;&nbsp;&nbsp;&nbsp;&nbsp;&nbsp;&nbsp;&nbsp;&nbsp;&nbsp;&nbsp;&nbsp;&nbsp; &#8211; \u015bwi\u0119to \u015bw. Bart\u0142omieja, Ap.<\/p>\n<p style=\"font-weight: 400;\">Pi\u0105tek&nbsp;&nbsp;&nbsp;&nbsp;&nbsp;&nbsp;&nbsp;&nbsp;&nbsp;&nbsp;&nbsp;&nbsp; &#8211; uroczysto\u015b\u0107 NMP&nbsp; Cz\u0119stochowskiej<\/p>\n<p style=\"font-weight: 400;\">&nbsp;&nbsp;&nbsp;&nbsp;&nbsp;&nbsp;&nbsp;&nbsp;&nbsp;&nbsp;&nbsp;&nbsp;&nbsp;&nbsp;&nbsp;&nbsp;&nbsp;&nbsp;&nbsp;&nbsp;&nbsp;&nbsp;&nbsp;&nbsp;&nbsp;&nbsp; W tym dniu nie obowi\u0105zuje zachowanie od wstrzemi\u0119\u017aliwo\u015bci od pokarm\u00f3w<\/p>\n<p style=\"font-weight: 400;\">&nbsp;&nbsp;&nbsp;&nbsp;&nbsp;&nbsp;&nbsp;&nbsp;&nbsp;&nbsp;&nbsp;&nbsp;&nbsp;&nbsp;&nbsp;&nbsp;&nbsp;&nbsp;&nbsp;&nbsp;&nbsp;&nbsp;&nbsp;&nbsp;&nbsp;&nbsp;&nbsp; mi\u0119snych.<\/p>\n<p style=\"font-weight: 400;\">Sobota&nbsp;&nbsp;&nbsp;&nbsp;&nbsp;&nbsp;&nbsp;&nbsp;&nbsp;&nbsp; &#8211;&nbsp; wsp. \u015bw. Moniki<\/p>\n<p style=\"font-weight: 400;\">Od przysz\u0142ej niedzieli&nbsp; b\u0119dzie Msza \u015bw. o godz.15.oo<\/p>\n<p style=\"font-weight: 400;\"><strong><em>I N T E N C J E&nbsp;&nbsp;&nbsp; M S Z Y&nbsp;&nbsp; \u015a W.<\/em><\/strong><\/p>\n<p style=\"font-weight: 400;\">Poniedzia\u0142ek(22)<\/p>\n<p style=\"font-weight: 400;\">&nbsp;&nbsp; godz.18.oo &#8211; +Aleksandr\u0119 Pilarczyk od m\u0119\u017ca i c\u00f3rki<\/p>\n<p style=\"font-weight: 400;\">Wtorek(23)<\/p>\n<p style=\"font-weight: 400;\">&nbsp;&nbsp; godz.6.3o&nbsp;&nbsp; &#8211; +Halin\u0119 Rajda<\/p>\n<p style=\"font-weight: 400;\">\u015aroda(24)<\/p>\n<p style=\"font-weight: 400;\">&nbsp;&nbsp; godz.18.oo &#8211; +Jana Matejko 3 r. \u015bm.<\/p>\n<p style=\"font-weight: 400;\">Czwartek(25)<\/p>\n<p style=\"font-weight: 400;\">&nbsp;&nbsp; godz.6.3o&nbsp;&nbsp; &#8211; +\u0141ukasza Strycharz<\/p>\n<p style=\"font-weight: 400;\">Pi\u0105tek(26)<\/p>\n<p style=\"font-weight: 400;\">&nbsp;&nbsp; godz.6.3o&nbsp;&nbsp; &#8211; +Helen\u0119 Sordyl<\/p>\n<p style=\"font-weight: 400;\">Sobota(27)<\/p>\n<p style=\"font-weight: 400;\">&nbsp;&nbsp; godz.18.oo &#8211; +Henryka Pietraszek 20 r. \u015bm. z rodzicami<\/p>\n<p style=\"font-weight: 400;\">Niedziela(28)<\/p>\n<p style=\"font-weight: 400;\">&nbsp;&nbsp; godz.7.oo&nbsp;&nbsp; &#8211; Za zmar\u0142e cz\u0142onkinie i zmar\u0142ych z rodzin \u015bw. Teresy<\/p>\n<p style=\"font-weight: 400;\">&nbsp;&nbsp; godz.9.oo&nbsp;&nbsp; &#8211; +Zuzann\u0119 Leona Trojak 6 r. \u015bm. z rodzicami obu stron<\/p>\n<p style=\"font-weight: 400;\">&nbsp;&nbsp; godz.11.oo &#8211; +Ludwik\u0119 Talar z m\u0119\u017cem Janem i rodzicami<\/p>\n<p style=\"font-weight: 400;\">&nbsp;&nbsp; godz.15.oo &#8211; +Piotra Kud\u0142acik 19 r. \u015bm.<\/p>\n","protected":false},"excerpt":{"rendered":"<p>X X I&nbsp;&nbsp; N I E D Z I E L A&nbsp;&nbsp; Z W Y K \u0141 A&nbsp;&nbsp; (21.o8.2022r.) &nbsp; <a class=\"read-more\" href=\"http:\/\/roczyny.duszpasterstwa.bielsko.pl\/?p=7046\">czytaj dalej<\/a><\/p>\n","protected":false},"author":2,"featured_media":6418,"comment_status":"closed","ping_status":"open","sticky":false,"template":"","format":"standard","meta":{"ngg_post_thumbnail":0,"footnotes":""},"categories":[15,12],"tags":[],"class_list":["post-7046","post","type-post","status-publish","format-standard","has-post-thumbnail","hentry","category-aktualnosci","category-ogloszenia-parafialne","post-item clearfix"],"_links":{"self":[{"href":"http:\/\/roczyny.duszpasterstwa.bielsko.pl\/index.php?rest_route=\/wp\/v2\/posts\/7046"}],"collection":[{"href":"http:\/\/roczyny.duszpasterstwa.bielsko.pl\/index.php?rest_route=\/wp\/v2\/posts"}],"about":[{"href":"http:\/\/roczyny.duszpasterstwa.bielsko.pl\/index.php?rest_route=\/wp\/v2\/types\/post"}],"author":[{"embeddable":true,"href":"http:\/\/roczyny.duszpasterstwa.bielsko.pl\/index.php?rest_route=\/wp\/v2\/users\/2"}],"replies":[{"embeddable":true,"href":"http:\/\/roczyny.duszpasterstwa.bielsko.pl\/index.php?rest_route=%2Fwp%2Fv2%2Fcomments&post=7046"}],"version-history":[{"count":1,"href":"http:\/\/roczyny.duszpasterstwa.bielsko.pl\/index.php?rest_route=\/wp\/v2\/posts\/7046\/revisions"}],"predecessor-version":[{"id":7047,"href":"http:\/\/roczyny.duszpasterstwa.bielsko.pl\/index.php?rest_route=\/wp\/v2\/posts\/7046\/revisions\/7047"}],"wp:featuredmedia":[{"embeddable":true,"href":"http:\/\/roczyny.duszpasterstwa.bielsko.pl\/index.php?rest_route=\/wp\/v2\/media\/6418"}],"wp:attachment":[{"href":"http:\/\/roczyny.duszpasterstwa.bielsko.pl\/index.php?rest_route=%2Fwp%2Fv2%2Fmedia&parent=7046"}],"wp:term":[{"taxonomy":"category","embeddable":true,"href":"http:\/\/roczyny.duszpasterstwa.bielsko.pl\/index.php?rest_route=%2Fwp%2Fv2%2Fcategories&post=7046"},{"taxonomy":"post_tag","embeddable":true,"href":"http:\/\/roczyny.duszpasterstwa.bielsko.pl\/index.php?rest_route=%2Fwp%2Fv2%2Ftags&post=7046"}],"curies":[{"name":"wp","href":"https:\/\/api.w.org\/{rel}","templated":true}]}}