{"id":6932,"date":"2022-08-13T18:37:48","date_gmt":"2022-08-13T16:37:48","guid":{"rendered":"http:\/\/roczyny.duszpasterstwa.bielsko.pl\/?p=6932"},"modified":"2023-06-06T13:33:54","modified_gmt":"2023-06-06T11:33:54","slug":"doszlismy-do-celu-a-moze-to-poczatek","status":"publish","type":"post","link":"http:\/\/roczyny.duszpasterstwa.bielsko.pl\/?p=6932","title":{"rendered":"DOSZLI\u015aMY DO CELU&#8230; A MO\u017bE TO POCZ\u0104TEK?"},"content":{"rendered":"<h3>Doszli\u015bmy do celu.<br \/>\nA mo\u017ce to pocz\u0105tek?<\/h3>\n<p>Ostatni etap 11 sierpie\u0144 pe\u0142en entuzjazmu i niesamowitej rado\u015bci od rana na spotkanie z Nasz\u0105 Kr\u00f3low\u0105. Wszyscy wystrojeni w jednakowe koszulki stawiamy si\u0119 w ko\u015bciele na nabo\u017ce\u0144stwie pokutnym, podczas kt\u00f3rego ws\u0142uchuj\u0105c si\u0119 w ewangeli\u0119 szukamy ,,pokoju &#8221;<br \/>\nKo\u0144czymy ca\u0142o\u015b\u0107 przepraszaj\u0105c si\u0119 za to co by\u0142o nie tak i dzi\u0119kuj\u0105c &nbsp;ka\u017cdemu z osobna za dar wsp\u00f3lnego pielgrzymowania.<br \/>\nTradycyjnie osoby id\u0105ce pierwszy raz na ten ostatni odcinek przygotowuj\u0105 wianki z polnych kwiat\u00f3w, tak jak Oskar i \u0141ukasz &#8211; nasi m\u0142odzi parafianie.<\/p>\n<p>Jest zm\u0119czenie, ale rado\u015b\u0107 i entuzjazm przes\u0142ania wszystko. Nie da si\u0119 opisa\u0107 co czuje ka\u017cdy z nas podchodz\u0105c na Wa\u0142y Jasnog\u00f3rskie, a nast\u0119pnie przed Cudowny obraz.<br \/>\nKa\u017cdy niesie do Matki Bo\u017cej baga\u017c swoich trosk ale i podzi\u0119kowa\u0144. Wiedz\u0105c, &nbsp;\u017ce powierzaj\u0105c je Maryi wszystko b\u0119dzie \u0142atwiejsze.<\/p>\n<p>W kaplicy Jasnog\u00f3rskiej &nbsp;jeste\u015bmy tylko chwil\u0119, ale jaka ta chwila&#8230;.<\/p>\n<p>Pielgrzymka ko\u0144czy si\u0119 Eucharysti\u0105 dla ca\u0142ej diecezji.<\/p>\n<p>Wracamy do dom\u00f3w pe\u0142ni mocy.<br \/>\nWiemy, \u017ce nasza Matka Kr\u00f3lowa Polski okry\u0142a nas swoim p\u0142aszczem i kolejne dni i miesi\u0105ce \u0142atwiej &nbsp;b\u0119dzie nam prze\u017cy\u0107. Nawet je\u015bli pojawi\u0105 si\u0119 problemy.<\/p>\n<p>Ju\u017c czekamy na kolejny rok wsp\u00f3lnego pielgrzymowania zach\u0119caj\u0105c do tego innych.<br \/>\nBo ka\u017cdy mo\u017ce ruszy\u0107. My ju\u017c wybrali\u015bmy t\u0105 drog\u0119.<br \/>\nMo\u017ce ta droga jest r\u00f3wnie\u017c dla Ciebie?<\/p>\n<h3>P.S. Bardzo dzi\u0119kujemy Wam za modlitw\u0119 a Siostrze Iwonce za relacje<\/h3>\n<p>&nbsp;<\/p>\n<div style=\"width: 352px;\" class=\"wp-video\"><!--[if lt IE 9]><script>document.createElement('video');<\/script><![endif]-->\n<video class=\"wp-video-shortcode\" id=\"video-6932-1\" width=\"352\" height=\"640\" preload=\"metadata\" controls=\"controls\"><source type=\"video\/mp4\" src=\"http:\/\/roczyny.duszpasterstwa.bielsko.pl\/wp-content\/uploads\/2022\/08\/9B0955BC-369F-42F3-9878-32CA1940746B.mp4?_=1\" \/><a href=\"http:\/\/roczyny.duszpasterstwa.bielsko.pl\/wp-content\/uploads\/2022\/08\/9B0955BC-369F-42F3-9878-32CA1940746B.mp4\">http:\/\/roczyny.duszpasterstwa.bielsko.pl\/wp-content\/uploads\/2022\/08\/9B0955BC-369F-42F3-9878-32CA1940746B.mp4<\/a><\/video><\/div>\n<div style=\"width: 352px;\" class=\"wp-video\"><video class=\"wp-video-shortcode\" id=\"video-6932-2\" width=\"352\" height=\"640\" preload=\"metadata\" controls=\"controls\"><source type=\"video\/mp4\" src=\"http:\/\/roczyny.duszpasterstwa.bielsko.pl\/wp-content\/uploads\/2022\/08\/CE30A5A0-F736-4D88-A942-B634756A91CF.mp4?_=2\" \/><a href=\"http:\/\/roczyny.duszpasterstwa.bielsko.pl\/wp-content\/uploads\/2022\/08\/CE30A5A0-F736-4D88-A942-B634756A91CF.mp4\">http:\/\/roczyny.duszpasterstwa.bielsko.pl\/wp-content\/uploads\/2022\/08\/CE30A5A0-F736-4D88-A942-B634756A91CF.mp4<\/a><\/video><\/div>\n<p><a href=\"http:\/\/roczyny.duszpasterstwa.bielsko.pl\/wp-content\/uploads\/2022\/08\/06C80EE6-F85C-4A3A-ABA7-3AF680D28AA7.jpeg\"><img fetchpriority=\"high\" decoding=\"async\" class=\"aligncenter size-large wp-image-6935\" src=\"http:\/\/roczyny.duszpasterstwa.bielsko.pl\/wp-content\/uploads\/2022\/08\/06C80EE6-F85C-4A3A-ABA7-3AF680D28AA7-576x1024.jpeg\" alt=\"\" width=\"576\" height=\"1024\" srcset=\"http:\/\/roczyny.duszpasterstwa.bielsko.pl\/wp-content\/uploads\/2022\/08\/06C80EE6-F85C-4A3A-ABA7-3AF680D28AA7-576x1024.jpeg 576w, http:\/\/roczyny.duszpasterstwa.bielsko.pl\/wp-content\/uploads\/2022\/08\/06C80EE6-F85C-4A3A-ABA7-3AF680D28AA7-169x300.jpeg 169w, http:\/\/roczyny.duszpasterstwa.bielsko.pl\/wp-content\/uploads\/2022\/08\/06C80EE6-F85C-4A3A-ABA7-3AF680D28AA7-768x1365.jpeg 768w, http:\/\/roczyny.duszpasterstwa.bielsko.pl\/wp-content\/uploads\/2022\/08\/06C80EE6-F85C-4A3A-ABA7-3AF680D28AA7-200x356.jpeg 200w, http:\/\/roczyny.duszpasterstwa.bielsko.pl\/wp-content\/uploads\/2022\/08\/06C80EE6-F85C-4A3A-ABA7-3AF680D28AA7-690x1227.jpeg 690w, http:\/\/roczyny.duszpasterstwa.bielsko.pl\/wp-content\/uploads\/2022\/08\/06C80EE6-F85C-4A3A-ABA7-3AF680D28AA7.jpeg 900w\" sizes=\"(max-width: 576px) 100vw, 576px\" \/><\/a> <a href=\"http:\/\/roczyny.duszpasterstwa.bielsko.pl\/wp-content\/uploads\/2022\/08\/ED665158-3BDE-45B4-B464-C7B12E3C87E5.jpeg\"><img decoding=\"async\" class=\"aligncenter size-large wp-image-6936\" src=\"http:\/\/roczyny.duszpasterstwa.bielsko.pl\/wp-content\/uploads\/2022\/08\/ED665158-3BDE-45B4-B464-C7B12E3C87E5-1024x768.jpeg\" alt=\"\" width=\"1024\" height=\"768\" srcset=\"http:\/\/roczyny.duszpasterstwa.bielsko.pl\/wp-content\/uploads\/2022\/08\/ED665158-3BDE-45B4-B464-C7B12E3C87E5-1024x768.jpeg 1024w, http:\/\/roczyny.duszpasterstwa.bielsko.pl\/wp-content\/uploads\/2022\/08\/ED665158-3BDE-45B4-B464-C7B12E3C87E5-300x225.jpeg 300w, http:\/\/roczyny.duszpasterstwa.bielsko.pl\/wp-content\/uploads\/2022\/08\/ED665158-3BDE-45B4-B464-C7B12E3C87E5-768x576.jpeg 768w, http:\/\/roczyny.duszpasterstwa.bielsko.pl\/wp-content\/uploads\/2022\/08\/ED665158-3BDE-45B4-B464-C7B12E3C87E5-200x150.jpeg 200w, http:\/\/roczyny.duszpasterstwa.bielsko.pl\/wp-content\/uploads\/2022\/08\/ED665158-3BDE-45B4-B464-C7B12E3C87E5-690x518.jpeg 690w, http:\/\/roczyny.duszpasterstwa.bielsko.pl\/wp-content\/uploads\/2022\/08\/ED665158-3BDE-45B4-B464-C7B12E3C87E5.jpeg 1600w\" sizes=\"(max-width: 1024px) 100vw, 1024px\" \/><\/a> <a href=\"http:\/\/roczyny.duszpasterstwa.bielsko.pl\/wp-content\/uploads\/2022\/08\/CAD54AC6-27D9-4B61-9186-B3AE6E42C2AA.jpeg\"><img decoding=\"async\" class=\"aligncenter size-large wp-image-6937\" src=\"http:\/\/roczyny.duszpasterstwa.bielsko.pl\/wp-content\/uploads\/2022\/08\/CAD54AC6-27D9-4B61-9186-B3AE6E42C2AA-768x1024.jpeg\" alt=\"\" width=\"768\" height=\"1024\" srcset=\"http:\/\/roczyny.duszpasterstwa.bielsko.pl\/wp-content\/uploads\/2022\/08\/CAD54AC6-27D9-4B61-9186-B3AE6E42C2AA-768x1024.jpeg 768w, http:\/\/roczyny.duszpasterstwa.bielsko.pl\/wp-content\/uploads\/2022\/08\/CAD54AC6-27D9-4B61-9186-B3AE6E42C2AA-225x300.jpeg 225w, http:\/\/roczyny.duszpasterstwa.bielsko.pl\/wp-content\/uploads\/2022\/08\/CAD54AC6-27D9-4B61-9186-B3AE6E42C2AA-200x267.jpeg 200w, http:\/\/roczyny.duszpasterstwa.bielsko.pl\/wp-content\/uploads\/2022\/08\/CAD54AC6-27D9-4B61-9186-B3AE6E42C2AA-690x920.jpeg 690w, http:\/\/roczyny.duszpasterstwa.bielsko.pl\/wp-content\/uploads\/2022\/08\/CAD54AC6-27D9-4B61-9186-B3AE6E42C2AA.jpeg 1200w\" sizes=\"(max-width: 768px) 100vw, 768px\" \/><\/a> <a href=\"http:\/\/roczyny.duszpasterstwa.bielsko.pl\/wp-content\/uploads\/2022\/08\/C55524CB-15AD-4555-BE85-9438B1250030.jpeg\"><img loading=\"lazy\" decoding=\"async\" class=\"aligncenter size-large wp-image-6938\" src=\"http:\/\/roczyny.duszpasterstwa.bielsko.pl\/wp-content\/uploads\/2022\/08\/C55524CB-15AD-4555-BE85-9438B1250030-1024x768.jpeg\" alt=\"\" width=\"1024\" height=\"768\" srcset=\"http:\/\/roczyny.duszpasterstwa.bielsko.pl\/wp-content\/uploads\/2022\/08\/C55524CB-15AD-4555-BE85-9438B1250030-1024x768.jpeg 1024w, http:\/\/roczyny.duszpasterstwa.bielsko.pl\/wp-content\/uploads\/2022\/08\/C55524CB-15AD-4555-BE85-9438B1250030-300x225.jpeg 300w, http:\/\/roczyny.duszpasterstwa.bielsko.pl\/wp-content\/uploads\/2022\/08\/C55524CB-15AD-4555-BE85-9438B1250030-768x576.jpeg 768w, http:\/\/roczyny.duszpasterstwa.bielsko.pl\/wp-content\/uploads\/2022\/08\/C55524CB-15AD-4555-BE85-9438B1250030-200x150.jpeg 200w, http:\/\/roczyny.duszpasterstwa.bielsko.pl\/wp-content\/uploads\/2022\/08\/C55524CB-15AD-4555-BE85-9438B1250030-690x518.jpeg 690w, http:\/\/roczyny.duszpasterstwa.bielsko.pl\/wp-content\/uploads\/2022\/08\/C55524CB-15AD-4555-BE85-9438B1250030.jpeg 1600w\" sizes=\"(max-width: 1024px) 100vw, 1024px\" \/><\/a> <a href=\"http:\/\/roczyny.duszpasterstwa.bielsko.pl\/wp-content\/uploads\/2022\/08\/22E42A24-2770-42D3-8406-20A382141F2C.jpeg\"><img loading=\"lazy\" decoding=\"async\" class=\"aligncenter size-large wp-image-6939\" src=\"http:\/\/roczyny.duszpasterstwa.bielsko.pl\/wp-content\/uploads\/2022\/08\/22E42A24-2770-42D3-8406-20A382141F2C-1024x768.jpeg\" alt=\"\" width=\"1024\" height=\"768\" srcset=\"http:\/\/roczyny.duszpasterstwa.bielsko.pl\/wp-content\/uploads\/2022\/08\/22E42A24-2770-42D3-8406-20A382141F2C-1024x768.jpeg 1024w, http:\/\/roczyny.duszpasterstwa.bielsko.pl\/wp-content\/uploads\/2022\/08\/22E42A24-2770-42D3-8406-20A382141F2C-300x225.jpeg 300w, http:\/\/roczyny.duszpasterstwa.bielsko.pl\/wp-content\/uploads\/2022\/08\/22E42A24-2770-42D3-8406-20A382141F2C-768x576.jpeg 768w, http:\/\/roczyny.duszpasterstwa.bielsko.pl\/wp-content\/uploads\/2022\/08\/22E42A24-2770-42D3-8406-20A382141F2C-200x150.jpeg 200w, http:\/\/roczyny.duszpasterstwa.bielsko.pl\/wp-content\/uploads\/2022\/08\/22E42A24-2770-42D3-8406-20A382141F2C-690x518.jpeg 690w, http:\/\/roczyny.duszpasterstwa.bielsko.pl\/wp-content\/uploads\/2022\/08\/22E42A24-2770-42D3-8406-20A382141F2C.jpeg 1600w\" sizes=\"(max-width: 1024px) 100vw, 1024px\" \/><\/a> <a href=\"http:\/\/roczyny.duszpasterstwa.bielsko.pl\/wp-content\/uploads\/2022\/08\/9ECA93D6-2F5A-47B6-9D44-5BB736D67ED3.jpeg\"><img loading=\"lazy\" decoding=\"async\" class=\"aligncenter size-large wp-image-6940\" src=\"http:\/\/roczyny.duszpasterstwa.bielsko.pl\/wp-content\/uploads\/2022\/08\/9ECA93D6-2F5A-47B6-9D44-5BB736D67ED3-1024x768.jpeg\" alt=\"\" width=\"1024\" height=\"768\" srcset=\"http:\/\/roczyny.duszpasterstwa.bielsko.pl\/wp-content\/uploads\/2022\/08\/9ECA93D6-2F5A-47B6-9D44-5BB736D67ED3-1024x768.jpeg 1024w, http:\/\/roczyny.duszpasterstwa.bielsko.pl\/wp-content\/uploads\/2022\/08\/9ECA93D6-2F5A-47B6-9D44-5BB736D67ED3-300x225.jpeg 300w, http:\/\/roczyny.duszpasterstwa.bielsko.pl\/wp-content\/uploads\/2022\/08\/9ECA93D6-2F5A-47B6-9D44-5BB736D67ED3-768x576.jpeg 768w, http:\/\/roczyny.duszpasterstwa.bielsko.pl\/wp-content\/uploads\/2022\/08\/9ECA93D6-2F5A-47B6-9D44-5BB736D67ED3-200x150.jpeg 200w, http:\/\/roczyny.duszpasterstwa.bielsko.pl\/wp-content\/uploads\/2022\/08\/9ECA93D6-2F5A-47B6-9D44-5BB736D67ED3-690x518.jpeg 690w, http:\/\/roczyny.duszpasterstwa.bielsko.pl\/wp-content\/uploads\/2022\/08\/9ECA93D6-2F5A-47B6-9D44-5BB736D67ED3.jpeg 1600w\" sizes=\"(max-width: 1024px) 100vw, 1024px\" \/><\/a> <a href=\"http:\/\/roczyny.duszpasterstwa.bielsko.pl\/wp-content\/uploads\/2022\/08\/E86CAD3D-021C-4F16-B112-BF3E4B68A620.jpeg\"><img loading=\"lazy\" decoding=\"async\" class=\"aligncenter size-large wp-image-6941\" src=\"http:\/\/roczyny.duszpasterstwa.bielsko.pl\/wp-content\/uploads\/2022\/08\/E86CAD3D-021C-4F16-B112-BF3E4B68A620-1024x768.jpeg\" alt=\"\" width=\"1024\" height=\"768\" srcset=\"http:\/\/roczyny.duszpasterstwa.bielsko.pl\/wp-content\/uploads\/2022\/08\/E86CAD3D-021C-4F16-B112-BF3E4B68A620-1024x768.jpeg 1024w, http:\/\/roczyny.duszpasterstwa.bielsko.pl\/wp-content\/uploads\/2022\/08\/E86CAD3D-021C-4F16-B112-BF3E4B68A620-300x225.jpeg 300w, http:\/\/roczyny.duszpasterstwa.bielsko.pl\/wp-content\/uploads\/2022\/08\/E86CAD3D-021C-4F16-B112-BF3E4B68A620-768x576.jpeg 768w, http:\/\/roczyny.duszpasterstwa.bielsko.pl\/wp-content\/uploads\/2022\/08\/E86CAD3D-021C-4F16-B112-BF3E4B68A620-200x150.jpeg 200w, http:\/\/roczyny.duszpasterstwa.bielsko.pl\/wp-content\/uploads\/2022\/08\/E86CAD3D-021C-4F16-B112-BF3E4B68A620-690x518.jpeg 690w, http:\/\/roczyny.duszpasterstwa.bielsko.pl\/wp-content\/uploads\/2022\/08\/E86CAD3D-021C-4F16-B112-BF3E4B68A620.jpeg 1600w\" sizes=\"(max-width: 1024px) 100vw, 1024px\" \/><\/a> <a href=\"http:\/\/roczyny.duszpasterstwa.bielsko.pl\/wp-content\/uploads\/2022\/08\/09408E4A-AFD8-4441-AB35-EC3578081F09.jpeg\"><img loading=\"lazy\" decoding=\"async\" class=\"aligncenter size-large wp-image-6942\" src=\"http:\/\/roczyny.duszpasterstwa.bielsko.pl\/wp-content\/uploads\/2022\/08\/09408E4A-AFD8-4441-AB35-EC3578081F09-768x1024.jpeg\" alt=\"\" width=\"768\" height=\"1024\" srcset=\"http:\/\/roczyny.duszpasterstwa.bielsko.pl\/wp-content\/uploads\/2022\/08\/09408E4A-AFD8-4441-AB35-EC3578081F09-768x1024.jpeg 768w, http:\/\/roczyny.duszpasterstwa.bielsko.pl\/wp-content\/uploads\/2022\/08\/09408E4A-AFD8-4441-AB35-EC3578081F09-225x300.jpeg 225w, http:\/\/roczyny.duszpasterstwa.bielsko.pl\/wp-content\/uploads\/2022\/08\/09408E4A-AFD8-4441-AB35-EC3578081F09-200x267.jpeg 200w, http:\/\/roczyny.duszpasterstwa.bielsko.pl\/wp-content\/uploads\/2022\/08\/09408E4A-AFD8-4441-AB35-EC3578081F09-690x920.jpeg 690w, http:\/\/roczyny.duszpasterstwa.bielsko.pl\/wp-content\/uploads\/2022\/08\/09408E4A-AFD8-4441-AB35-EC3578081F09.jpeg 1200w\" sizes=\"(max-width: 768px) 100vw, 768px\" \/><\/a> <a href=\"http:\/\/roczyny.duszpasterstwa.bielsko.pl\/wp-content\/uploads\/2022\/08\/0BDC6376-FD06-4F73-B24D-A24305D1654D.jpeg\"><img loading=\"lazy\" decoding=\"async\" class=\"aligncenter size-large wp-image-6943\" src=\"http:\/\/roczyny.duszpasterstwa.bielsko.pl\/wp-content\/uploads\/2022\/08\/0BDC6376-FD06-4F73-B24D-A24305D1654D-1024x768.jpeg\" alt=\"\" width=\"1024\" height=\"768\" srcset=\"http:\/\/roczyny.duszpasterstwa.bielsko.pl\/wp-content\/uploads\/2022\/08\/0BDC6376-FD06-4F73-B24D-A24305D1654D-1024x768.jpeg 1024w, http:\/\/roczyny.duszpasterstwa.bielsko.pl\/wp-content\/uploads\/2022\/08\/0BDC6376-FD06-4F73-B24D-A24305D1654D-300x225.jpeg 300w, http:\/\/roczyny.duszpasterstwa.bielsko.pl\/wp-content\/uploads\/2022\/08\/0BDC6376-FD06-4F73-B24D-A24305D1654D-768x576.jpeg 768w, http:\/\/roczyny.duszpasterstwa.bielsko.pl\/wp-content\/uploads\/2022\/08\/0BDC6376-FD06-4F73-B24D-A24305D1654D-200x150.jpeg 200w, http:\/\/roczyny.duszpasterstwa.bielsko.pl\/wp-content\/uploads\/2022\/08\/0BDC6376-FD06-4F73-B24D-A24305D1654D-690x518.jpeg 690w, http:\/\/roczyny.duszpasterstwa.bielsko.pl\/wp-content\/uploads\/2022\/08\/0BDC6376-FD06-4F73-B24D-A24305D1654D.jpeg 1600w\" sizes=\"(max-width: 1024px) 100vw, 1024px\" \/><\/a> <a href=\"http:\/\/roczyny.duszpasterstwa.bielsko.pl\/wp-content\/uploads\/2022\/08\/BAC3005F-42B4-4ED1-B613-0AAEDC696879.jpeg\"><img loading=\"lazy\" decoding=\"async\" class=\"aligncenter size-large wp-image-6944\" src=\"http:\/\/roczyny.duszpasterstwa.bielsko.pl\/wp-content\/uploads\/2022\/08\/BAC3005F-42B4-4ED1-B613-0AAEDC696879-1024x768.jpeg\" alt=\"\" width=\"1024\" height=\"768\" srcset=\"http:\/\/roczyny.duszpasterstwa.bielsko.pl\/wp-content\/uploads\/2022\/08\/BAC3005F-42B4-4ED1-B613-0AAEDC696879-1024x768.jpeg 1024w, http:\/\/roczyny.duszpasterstwa.bielsko.pl\/wp-content\/uploads\/2022\/08\/BAC3005F-42B4-4ED1-B613-0AAEDC696879-300x225.jpeg 300w, http:\/\/roczyny.duszpasterstwa.bielsko.pl\/wp-content\/uploads\/2022\/08\/BAC3005F-42B4-4ED1-B613-0AAEDC696879-768x576.jpeg 768w, http:\/\/roczyny.duszpasterstwa.bielsko.pl\/wp-content\/uploads\/2022\/08\/BAC3005F-42B4-4ED1-B613-0AAEDC696879-200x150.jpeg 200w, http:\/\/roczyny.duszpasterstwa.bielsko.pl\/wp-content\/uploads\/2022\/08\/BAC3005F-42B4-4ED1-B613-0AAEDC696879-690x518.jpeg 690w, http:\/\/roczyny.duszpasterstwa.bielsko.pl\/wp-content\/uploads\/2022\/08\/BAC3005F-42B4-4ED1-B613-0AAEDC696879.jpeg 1600w\" sizes=\"(max-width: 1024px) 100vw, 1024px\" \/><\/a> <a href=\"http:\/\/roczyny.duszpasterstwa.bielsko.pl\/wp-content\/uploads\/2022\/08\/BC9DA066-AB1A-436B-81DC-C4F07040F56B.jpeg\"><img loading=\"lazy\" decoding=\"async\" class=\"aligncenter size-large wp-image-6945\" src=\"http:\/\/roczyny.duszpasterstwa.bielsko.pl\/wp-content\/uploads\/2022\/08\/BC9DA066-AB1A-436B-81DC-C4F07040F56B-1024x768.jpeg\" alt=\"\" width=\"1024\" height=\"768\" srcset=\"http:\/\/roczyny.duszpasterstwa.bielsko.pl\/wp-content\/uploads\/2022\/08\/BC9DA066-AB1A-436B-81DC-C4F07040F56B-1024x768.jpeg 1024w, http:\/\/roczyny.duszpasterstwa.bielsko.pl\/wp-content\/uploads\/2022\/08\/BC9DA066-AB1A-436B-81DC-C4F07040F56B-300x225.jpeg 300w, http:\/\/roczyny.duszpasterstwa.bielsko.pl\/wp-content\/uploads\/2022\/08\/BC9DA066-AB1A-436B-81DC-C4F07040F56B-768x576.jpeg 768w, http:\/\/roczyny.duszpasterstwa.bielsko.pl\/wp-content\/uploads\/2022\/08\/BC9DA066-AB1A-436B-81DC-C4F07040F56B-200x150.jpeg 200w, http:\/\/roczyny.duszpasterstwa.bielsko.pl\/wp-content\/uploads\/2022\/08\/BC9DA066-AB1A-436B-81DC-C4F07040F56B-690x518.jpeg 690w, http:\/\/roczyny.duszpasterstwa.bielsko.pl\/wp-content\/uploads\/2022\/08\/BC9DA066-AB1A-436B-81DC-C4F07040F56B.jpeg 1600w\" sizes=\"(max-width: 1024px) 100vw, 1024px\" \/><\/a> <a href=\"http:\/\/roczyny.duszpasterstwa.bielsko.pl\/wp-content\/uploads\/2022\/08\/F348DBEC-1074-485C-B0FE-7651A5659995.jpeg\"><img loading=\"lazy\" decoding=\"async\" class=\"aligncenter size-large wp-image-6946\" src=\"http:\/\/roczyny.duszpasterstwa.bielsko.pl\/wp-content\/uploads\/2022\/08\/F348DBEC-1074-485C-B0FE-7651A5659995-1024x768.jpeg\" alt=\"\" width=\"1024\" height=\"768\" srcset=\"http:\/\/roczyny.duszpasterstwa.bielsko.pl\/wp-content\/uploads\/2022\/08\/F348DBEC-1074-485C-B0FE-7651A5659995-1024x768.jpeg 1024w, http:\/\/roczyny.duszpasterstwa.bielsko.pl\/wp-content\/uploads\/2022\/08\/F348DBEC-1074-485C-B0FE-7651A5659995-300x225.jpeg 300w, http:\/\/roczyny.duszpasterstwa.bielsko.pl\/wp-content\/uploads\/2022\/08\/F348DBEC-1074-485C-B0FE-7651A5659995-768x576.jpeg 768w, http:\/\/roczyny.duszpasterstwa.bielsko.pl\/wp-content\/uploads\/2022\/08\/F348DBEC-1074-485C-B0FE-7651A5659995-200x150.jpeg 200w, http:\/\/roczyny.duszpasterstwa.bielsko.pl\/wp-content\/uploads\/2022\/08\/F348DBEC-1074-485C-B0FE-7651A5659995-690x518.jpeg 690w, http:\/\/roczyny.duszpasterstwa.bielsko.pl\/wp-content\/uploads\/2022\/08\/F348DBEC-1074-485C-B0FE-7651A5659995.jpeg 1600w\" sizes=\"(max-width: 1024px) 100vw, 1024px\" \/><\/a> <a href=\"http:\/\/roczyny.duszpasterstwa.bielsko.pl\/wp-content\/uploads\/2022\/08\/E2A1A446-896E-4C52-801C-EEE2C5A70182.jpeg\"><img loading=\"lazy\" decoding=\"async\" class=\"aligncenter size-large wp-image-6947\" src=\"http:\/\/roczyny.duszpasterstwa.bielsko.pl\/wp-content\/uploads\/2022\/08\/E2A1A446-896E-4C52-801C-EEE2C5A70182-1024x768.jpeg\" alt=\"\" width=\"1024\" height=\"768\" srcset=\"http:\/\/roczyny.duszpasterstwa.bielsko.pl\/wp-content\/uploads\/2022\/08\/E2A1A446-896E-4C52-801C-EEE2C5A70182-1024x768.jpeg 1024w, http:\/\/roczyny.duszpasterstwa.bielsko.pl\/wp-content\/uploads\/2022\/08\/E2A1A446-896E-4C52-801C-EEE2C5A70182-300x225.jpeg 300w, http:\/\/roczyny.duszpasterstwa.bielsko.pl\/wp-content\/uploads\/2022\/08\/E2A1A446-896E-4C52-801C-EEE2C5A70182-768x576.jpeg 768w, http:\/\/roczyny.duszpasterstwa.bielsko.pl\/wp-content\/uploads\/2022\/08\/E2A1A446-896E-4C52-801C-EEE2C5A70182-200x150.jpeg 200w, http:\/\/roczyny.duszpasterstwa.bielsko.pl\/wp-content\/uploads\/2022\/08\/E2A1A446-896E-4C52-801C-EEE2C5A70182-690x518.jpeg 690w, http:\/\/roczyny.duszpasterstwa.bielsko.pl\/wp-content\/uploads\/2022\/08\/E2A1A446-896E-4C52-801C-EEE2C5A70182.jpeg 1600w\" sizes=\"(max-width: 1024px) 100vw, 1024px\" \/><\/a> <a href=\"http:\/\/roczyny.duszpasterstwa.bielsko.pl\/wp-content\/uploads\/2022\/08\/42C9A1F2-12F8-4847-A36F-F7E08C4C2F29.jpeg\"><img loading=\"lazy\" decoding=\"async\" class=\"aligncenter size-large wp-image-6948\" src=\"http:\/\/roczyny.duszpasterstwa.bielsko.pl\/wp-content\/uploads\/2022\/08\/42C9A1F2-12F8-4847-A36F-F7E08C4C2F29-1024x768.jpeg\" alt=\"\" width=\"1024\" height=\"768\" srcset=\"http:\/\/roczyny.duszpasterstwa.bielsko.pl\/wp-content\/uploads\/2022\/08\/42C9A1F2-12F8-4847-A36F-F7E08C4C2F29-1024x768.jpeg 1024w, http:\/\/roczyny.duszpasterstwa.bielsko.pl\/wp-content\/uploads\/2022\/08\/42C9A1F2-12F8-4847-A36F-F7E08C4C2F29-300x225.jpeg 300w, http:\/\/roczyny.duszpasterstwa.bielsko.pl\/wp-content\/uploads\/2022\/08\/42C9A1F2-12F8-4847-A36F-F7E08C4C2F29-768x576.jpeg 768w, http:\/\/roczyny.duszpasterstwa.bielsko.pl\/wp-content\/uploads\/2022\/08\/42C9A1F2-12F8-4847-A36F-F7E08C4C2F29-200x150.jpeg 200w, http:\/\/roczyny.duszpasterstwa.bielsko.pl\/wp-content\/uploads\/2022\/08\/42C9A1F2-12F8-4847-A36F-F7E08C4C2F29-690x518.jpeg 690w, http:\/\/roczyny.duszpasterstwa.bielsko.pl\/wp-content\/uploads\/2022\/08\/42C9A1F2-12F8-4847-A36F-F7E08C4C2F29.jpeg 1600w\" sizes=\"(max-width: 1024px) 100vw, 1024px\" \/><\/a> <a href=\"http:\/\/roczyny.duszpasterstwa.bielsko.pl\/wp-content\/uploads\/2022\/08\/F17BBDCB-7C2F-4947-9331-F0E57700C4F6.jpeg\"><img loading=\"lazy\" decoding=\"async\" class=\"aligncenter size-large wp-image-6949\" src=\"http:\/\/roczyny.duszpasterstwa.bielsko.pl\/wp-content\/uploads\/2022\/08\/F17BBDCB-7C2F-4947-9331-F0E57700C4F6-768x1024.jpeg\" alt=\"\" width=\"768\" height=\"1024\" srcset=\"http:\/\/roczyny.duszpasterstwa.bielsko.pl\/wp-content\/uploads\/2022\/08\/F17BBDCB-7C2F-4947-9331-F0E57700C4F6-768x1024.jpeg 768w, http:\/\/roczyny.duszpasterstwa.bielsko.pl\/wp-content\/uploads\/2022\/08\/F17BBDCB-7C2F-4947-9331-F0E57700C4F6-225x300.jpeg 225w, http:\/\/roczyny.duszpasterstwa.bielsko.pl\/wp-content\/uploads\/2022\/08\/F17BBDCB-7C2F-4947-9331-F0E57700C4F6-200x267.jpeg 200w, http:\/\/roczyny.duszpasterstwa.bielsko.pl\/wp-content\/uploads\/2022\/08\/F17BBDCB-7C2F-4947-9331-F0E57700C4F6-690x920.jpeg 690w, http:\/\/roczyny.duszpasterstwa.bielsko.pl\/wp-content\/uploads\/2022\/08\/F17BBDCB-7C2F-4947-9331-F0E57700C4F6.jpeg 1200w\" sizes=\"(max-width: 768px) 100vw, 768px\" \/><\/a> <a href=\"http:\/\/roczyny.duszpasterstwa.bielsko.pl\/wp-content\/uploads\/2022\/08\/B1A09E71-2B46-43EB-9C85-403B003DF43B.jpeg\"><img loading=\"lazy\" decoding=\"async\" class=\"aligncenter size-large wp-image-6950\" src=\"http:\/\/roczyny.duszpasterstwa.bielsko.pl\/wp-content\/uploads\/2022\/08\/B1A09E71-2B46-43EB-9C85-403B003DF43B-1024x768.jpeg\" alt=\"\" width=\"1024\" height=\"768\" srcset=\"http:\/\/roczyny.duszpasterstwa.bielsko.pl\/wp-content\/uploads\/2022\/08\/B1A09E71-2B46-43EB-9C85-403B003DF43B-1024x768.jpeg 1024w, http:\/\/roczyny.duszpasterstwa.bielsko.pl\/wp-content\/uploads\/2022\/08\/B1A09E71-2B46-43EB-9C85-403B003DF43B-300x225.jpeg 300w, http:\/\/roczyny.duszpasterstwa.bielsko.pl\/wp-content\/uploads\/2022\/08\/B1A09E71-2B46-43EB-9C85-403B003DF43B-768x576.jpeg 768w, http:\/\/roczyny.duszpasterstwa.bielsko.pl\/wp-content\/uploads\/2022\/08\/B1A09E71-2B46-43EB-9C85-403B003DF43B-200x150.jpeg 200w, http:\/\/roczyny.duszpasterstwa.bielsko.pl\/wp-content\/uploads\/2022\/08\/B1A09E71-2B46-43EB-9C85-403B003DF43B-690x518.jpeg 690w, http:\/\/roczyny.duszpasterstwa.bielsko.pl\/wp-content\/uploads\/2022\/08\/B1A09E71-2B46-43EB-9C85-403B003DF43B.jpeg 1600w\" sizes=\"(max-width: 1024px) 100vw, 1024px\" \/><\/a> <a href=\"http:\/\/roczyny.duszpasterstwa.bielsko.pl\/wp-content\/uploads\/2022\/08\/37916382-6079-431E-A3F0-2D40A458BBF4.jpeg\"><img loading=\"lazy\" decoding=\"async\" class=\"aligncenter size-large wp-image-6951\" src=\"http:\/\/roczyny.duszpasterstwa.bielsko.pl\/wp-content\/uploads\/2022\/08\/37916382-6079-431E-A3F0-2D40A458BBF4-1024x768.jpeg\" alt=\"\" width=\"1024\" height=\"768\" srcset=\"http:\/\/roczyny.duszpasterstwa.bielsko.pl\/wp-content\/uploads\/2022\/08\/37916382-6079-431E-A3F0-2D40A458BBF4-1024x768.jpeg 1024w, http:\/\/roczyny.duszpasterstwa.bielsko.pl\/wp-content\/uploads\/2022\/08\/37916382-6079-431E-A3F0-2D40A458BBF4-300x225.jpeg 300w, http:\/\/roczyny.duszpasterstwa.bielsko.pl\/wp-content\/uploads\/2022\/08\/37916382-6079-431E-A3F0-2D40A458BBF4-768x576.jpeg 768w, http:\/\/roczyny.duszpasterstwa.bielsko.pl\/wp-content\/uploads\/2022\/08\/37916382-6079-431E-A3F0-2D40A458BBF4-200x150.jpeg 200w, http:\/\/roczyny.duszpasterstwa.bielsko.pl\/wp-content\/uploads\/2022\/08\/37916382-6079-431E-A3F0-2D40A458BBF4-690x518.jpeg 690w, http:\/\/roczyny.duszpasterstwa.bielsko.pl\/wp-content\/uploads\/2022\/08\/37916382-6079-431E-A3F0-2D40A458BBF4.jpeg 1600w\" sizes=\"(max-width: 1024px) 100vw, 1024px\" \/><\/a> <a href=\"http:\/\/roczyny.duszpasterstwa.bielsko.pl\/wp-content\/uploads\/2022\/08\/35AEE82A-8092-4991-A411-101CFAFC218F.jpeg\"><img loading=\"lazy\" decoding=\"async\" class=\"aligncenter size-large wp-image-6952\" src=\"http:\/\/roczyny.duszpasterstwa.bielsko.pl\/wp-content\/uploads\/2022\/08\/35AEE82A-8092-4991-A411-101CFAFC218F-1024x768.jpeg\" alt=\"\" width=\"1024\" height=\"768\" srcset=\"http:\/\/roczyny.duszpasterstwa.bielsko.pl\/wp-content\/uploads\/2022\/08\/35AEE82A-8092-4991-A411-101CFAFC218F-1024x768.jpeg 1024w, http:\/\/roczyny.duszpasterstwa.bielsko.pl\/wp-content\/uploads\/2022\/08\/35AEE82A-8092-4991-A411-101CFAFC218F-300x225.jpeg 300w, http:\/\/roczyny.duszpasterstwa.bielsko.pl\/wp-content\/uploads\/2022\/08\/35AEE82A-8092-4991-A411-101CFAFC218F-768x576.jpeg 768w, http:\/\/roczyny.duszpasterstwa.bielsko.pl\/wp-content\/uploads\/2022\/08\/35AEE82A-8092-4991-A411-101CFAFC218F-200x150.jpeg 200w, http:\/\/roczyny.duszpasterstwa.bielsko.pl\/wp-content\/uploads\/2022\/08\/35AEE82A-8092-4991-A411-101CFAFC218F-690x518.jpeg 690w, http:\/\/roczyny.duszpasterstwa.bielsko.pl\/wp-content\/uploads\/2022\/08\/35AEE82A-8092-4991-A411-101CFAFC218F.jpeg 1600w\" sizes=\"(max-width: 1024px) 100vw, 1024px\" \/><\/a> <a href=\"http:\/\/roczyny.duszpasterstwa.bielsko.pl\/wp-content\/uploads\/2022\/08\/119227CB-E9E3-4CA5-81C5-B0587A514094.jpeg\"><img loading=\"lazy\" decoding=\"async\" class=\"aligncenter size-large wp-image-6953\" src=\"http:\/\/roczyny.duszpasterstwa.bielsko.pl\/wp-content\/uploads\/2022\/08\/119227CB-E9E3-4CA5-81C5-B0587A514094-1024x768.jpeg\" alt=\"\" width=\"1024\" height=\"768\" srcset=\"http:\/\/roczyny.duszpasterstwa.bielsko.pl\/wp-content\/uploads\/2022\/08\/119227CB-E9E3-4CA5-81C5-B0587A514094-1024x768.jpeg 1024w, http:\/\/roczyny.duszpasterstwa.bielsko.pl\/wp-content\/uploads\/2022\/08\/119227CB-E9E3-4CA5-81C5-B0587A514094-300x225.jpeg 300w, http:\/\/roczyny.duszpasterstwa.bielsko.pl\/wp-content\/uploads\/2022\/08\/119227CB-E9E3-4CA5-81C5-B0587A514094-768x576.jpeg 768w, http:\/\/roczyny.duszpasterstwa.bielsko.pl\/wp-content\/uploads\/2022\/08\/119227CB-E9E3-4CA5-81C5-B0587A514094-200x150.jpeg 200w, http:\/\/roczyny.duszpasterstwa.bielsko.pl\/wp-content\/uploads\/2022\/08\/119227CB-E9E3-4CA5-81C5-B0587A514094-690x518.jpeg 690w, http:\/\/roczyny.duszpasterstwa.bielsko.pl\/wp-content\/uploads\/2022\/08\/119227CB-E9E3-4CA5-81C5-B0587A514094.jpeg 1600w\" sizes=\"(max-width: 1024px) 100vw, 1024px\" \/><\/a> <a href=\"http:\/\/roczyny.duszpasterstwa.bielsko.pl\/wp-content\/uploads\/2022\/08\/39618C08-CC22-4017-9F06-AD8FBF25A92A.jpeg\"><img loading=\"lazy\" decoding=\"async\" class=\"aligncenter size-large wp-image-6954\" src=\"http:\/\/roczyny.duszpasterstwa.bielsko.pl\/wp-content\/uploads\/2022\/08\/39618C08-CC22-4017-9F06-AD8FBF25A92A-768x1024.jpeg\" alt=\"\" width=\"768\" height=\"1024\" srcset=\"http:\/\/roczyny.duszpasterstwa.bielsko.pl\/wp-content\/uploads\/2022\/08\/39618C08-CC22-4017-9F06-AD8FBF25A92A-768x1024.jpeg 768w, http:\/\/roczyny.duszpasterstwa.bielsko.pl\/wp-content\/uploads\/2022\/08\/39618C08-CC22-4017-9F06-AD8FBF25A92A-225x300.jpeg 225w, http:\/\/roczyny.duszpasterstwa.bielsko.pl\/wp-content\/uploads\/2022\/08\/39618C08-CC22-4017-9F06-AD8FBF25A92A-200x267.jpeg 200w, http:\/\/roczyny.duszpasterstwa.bielsko.pl\/wp-content\/uploads\/2022\/08\/39618C08-CC22-4017-9F06-AD8FBF25A92A-690x920.jpeg 690w, http:\/\/roczyny.duszpasterstwa.bielsko.pl\/wp-content\/uploads\/2022\/08\/39618C08-CC22-4017-9F06-AD8FBF25A92A.jpeg 1200w\" sizes=\"(max-width: 768px) 100vw, 768px\" \/><\/a> <a href=\"http:\/\/roczyny.duszpasterstwa.bielsko.pl\/wp-content\/uploads\/2022\/08\/96482F12-7607-4CDE-BCCD-27666B803BF6.jpeg\"><img loading=\"lazy\" decoding=\"async\" class=\"aligncenter size-large wp-image-6955\" src=\"http:\/\/roczyny.duszpasterstwa.bielsko.pl\/wp-content\/uploads\/2022\/08\/96482F12-7607-4CDE-BCCD-27666B803BF6-768x1024.jpeg\" alt=\"\" width=\"768\" height=\"1024\" srcset=\"http:\/\/roczyny.duszpasterstwa.bielsko.pl\/wp-content\/uploads\/2022\/08\/96482F12-7607-4CDE-BCCD-27666B803BF6-768x1024.jpeg 768w, http:\/\/roczyny.duszpasterstwa.bielsko.pl\/wp-content\/uploads\/2022\/08\/96482F12-7607-4CDE-BCCD-27666B803BF6-225x300.jpeg 225w, http:\/\/roczyny.duszpasterstwa.bielsko.pl\/wp-content\/uploads\/2022\/08\/96482F12-7607-4CDE-BCCD-27666B803BF6-200x267.jpeg 200w, http:\/\/roczyny.duszpasterstwa.bielsko.pl\/wp-content\/uploads\/2022\/08\/96482F12-7607-4CDE-BCCD-27666B803BF6-690x920.jpeg 690w, http:\/\/roczyny.duszpasterstwa.bielsko.pl\/wp-content\/uploads\/2022\/08\/96482F12-7607-4CDE-BCCD-27666B803BF6.jpeg 1200w\" sizes=\"(max-width: 768px) 100vw, 768px\" \/><\/a> <a href=\"http:\/\/roczyny.duszpasterstwa.bielsko.pl\/wp-content\/uploads\/2022\/08\/DE39C449-602F-494C-BC0D-6D875FC8CC33.jpeg\"><img loading=\"lazy\" decoding=\"async\" class=\"aligncenter size-large wp-image-6956\" src=\"http:\/\/roczyny.duszpasterstwa.bielsko.pl\/wp-content\/uploads\/2022\/08\/DE39C449-602F-494C-BC0D-6D875FC8CC33-1024x768.jpeg\" alt=\"\" width=\"1024\" height=\"768\" srcset=\"http:\/\/roczyny.duszpasterstwa.bielsko.pl\/wp-content\/uploads\/2022\/08\/DE39C449-602F-494C-BC0D-6D875FC8CC33-1024x768.jpeg 1024w, http:\/\/roczyny.duszpasterstwa.bielsko.pl\/wp-content\/uploads\/2022\/08\/DE39C449-602F-494C-BC0D-6D875FC8CC33-300x225.jpeg 300w, http:\/\/roczyny.duszpasterstwa.bielsko.pl\/wp-content\/uploads\/2022\/08\/DE39C449-602F-494C-BC0D-6D875FC8CC33-768x576.jpeg 768w, http:\/\/roczyny.duszpasterstwa.bielsko.pl\/wp-content\/uploads\/2022\/08\/DE39C449-602F-494C-BC0D-6D875FC8CC33-200x150.jpeg 200w, http:\/\/roczyny.duszpasterstwa.bielsko.pl\/wp-content\/uploads\/2022\/08\/DE39C449-602F-494C-BC0D-6D875FC8CC33-690x518.jpeg 690w, http:\/\/roczyny.duszpasterstwa.bielsko.pl\/wp-content\/uploads\/2022\/08\/DE39C449-602F-494C-BC0D-6D875FC8CC33.jpeg 1600w\" sizes=\"(max-width: 1024px) 100vw, 1024px\" \/><\/a> <a href=\"http:\/\/roczyny.duszpasterstwa.bielsko.pl\/wp-content\/uploads\/2022\/08\/E25D4F7E-9CB1-47EC-B560-00F3562444E3.jpeg\"><img loading=\"lazy\" decoding=\"async\" class=\"aligncenter size-large wp-image-6957\" src=\"http:\/\/roczyny.duszpasterstwa.bielsko.pl\/wp-content\/uploads\/2022\/08\/E25D4F7E-9CB1-47EC-B560-00F3562444E3-768x1024.jpeg\" alt=\"\" width=\"768\" height=\"1024\" srcset=\"http:\/\/roczyny.duszpasterstwa.bielsko.pl\/wp-content\/uploads\/2022\/08\/E25D4F7E-9CB1-47EC-B560-00F3562444E3-768x1024.jpeg 768w, http:\/\/roczyny.duszpasterstwa.bielsko.pl\/wp-content\/uploads\/2022\/08\/E25D4F7E-9CB1-47EC-B560-00F3562444E3-225x300.jpeg 225w, http:\/\/roczyny.duszpasterstwa.bielsko.pl\/wp-content\/uploads\/2022\/08\/E25D4F7E-9CB1-47EC-B560-00F3562444E3-200x267.jpeg 200w, http:\/\/roczyny.duszpasterstwa.bielsko.pl\/wp-content\/uploads\/2022\/08\/E25D4F7E-9CB1-47EC-B560-00F3562444E3-690x920.jpeg 690w, http:\/\/roczyny.duszpasterstwa.bielsko.pl\/wp-content\/uploads\/2022\/08\/E25D4F7E-9CB1-47EC-B560-00F3562444E3.jpeg 1200w\" sizes=\"(max-width: 768px) 100vw, 768px\" \/><\/a> <a href=\"http:\/\/roczyny.duszpasterstwa.bielsko.pl\/wp-content\/uploads\/2022\/08\/7C308920-A13A-4570-965F-C3783E2AE38C.jpeg\"><img loading=\"lazy\" decoding=\"async\" class=\"aligncenter size-large wp-image-6958\" src=\"http:\/\/roczyny.duszpasterstwa.bielsko.pl\/wp-content\/uploads\/2022\/08\/7C308920-A13A-4570-965F-C3783E2AE38C-1024x768.jpeg\" alt=\"\" width=\"1024\" height=\"768\" srcset=\"http:\/\/roczyny.duszpasterstwa.bielsko.pl\/wp-content\/uploads\/2022\/08\/7C308920-A13A-4570-965F-C3783E2AE38C-1024x768.jpeg 1024w, http:\/\/roczyny.duszpasterstwa.bielsko.pl\/wp-content\/uploads\/2022\/08\/7C308920-A13A-4570-965F-C3783E2AE38C-300x225.jpeg 300w, http:\/\/roczyny.duszpasterstwa.bielsko.pl\/wp-content\/uploads\/2022\/08\/7C308920-A13A-4570-965F-C3783E2AE38C-768x576.jpeg 768w, http:\/\/roczyny.duszpasterstwa.bielsko.pl\/wp-content\/uploads\/2022\/08\/7C308920-A13A-4570-965F-C3783E2AE38C-200x150.jpeg 200w, http:\/\/roczyny.duszpasterstwa.bielsko.pl\/wp-content\/uploads\/2022\/08\/7C308920-A13A-4570-965F-C3783E2AE38C-690x518.jpeg 690w, http:\/\/roczyny.duszpasterstwa.bielsko.pl\/wp-content\/uploads\/2022\/08\/7C308920-A13A-4570-965F-C3783E2AE38C.jpeg 1600w\" sizes=\"(max-width: 1024px) 100vw, 1024px\" \/><\/a> <a href=\"http:\/\/roczyny.duszpasterstwa.bielsko.pl\/wp-content\/uploads\/2022\/08\/89878BE7-B73C-42F7-B192-C2C879BF41F9.jpeg\"><img loading=\"lazy\" decoding=\"async\" class=\"aligncenter size-large wp-image-6959\" src=\"http:\/\/roczyny.duszpasterstwa.bielsko.pl\/wp-content\/uploads\/2022\/08\/89878BE7-B73C-42F7-B192-C2C879BF41F9-768x1024.jpeg\" alt=\"\" width=\"768\" height=\"1024\" srcset=\"http:\/\/roczyny.duszpasterstwa.bielsko.pl\/wp-content\/uploads\/2022\/08\/89878BE7-B73C-42F7-B192-C2C879BF41F9-768x1024.jpeg 768w, http:\/\/roczyny.duszpasterstwa.bielsko.pl\/wp-content\/uploads\/2022\/08\/89878BE7-B73C-42F7-B192-C2C879BF41F9-225x300.jpeg 225w, http:\/\/roczyny.duszpasterstwa.bielsko.pl\/wp-content\/uploads\/2022\/08\/89878BE7-B73C-42F7-B192-C2C879BF41F9-200x267.jpeg 200w, http:\/\/roczyny.duszpasterstwa.bielsko.pl\/wp-content\/uploads\/2022\/08\/89878BE7-B73C-42F7-B192-C2C879BF41F9-690x920.jpeg 690w, http:\/\/roczyny.duszpasterstwa.bielsko.pl\/wp-content\/uploads\/2022\/08\/89878BE7-B73C-42F7-B192-C2C879BF41F9.jpeg 1200w\" sizes=\"(max-width: 768px) 100vw, 768px\" \/><\/a> <a href=\"http:\/\/roczyny.duszpasterstwa.bielsko.pl\/wp-content\/uploads\/2022\/08\/A9D7DABD-9F26-4E7E-B76B-5F0501018A0D.jpeg\"><img loading=\"lazy\" decoding=\"async\" class=\"aligncenter size-large wp-image-6960\" src=\"http:\/\/roczyny.duszpasterstwa.bielsko.pl\/wp-content\/uploads\/2022\/08\/A9D7DABD-9F26-4E7E-B76B-5F0501018A0D-1024x768.jpeg\" alt=\"\" width=\"1024\" height=\"768\" srcset=\"http:\/\/roczyny.duszpasterstwa.bielsko.pl\/wp-content\/uploads\/2022\/08\/A9D7DABD-9F26-4E7E-B76B-5F0501018A0D-1024x768.jpeg 1024w, http:\/\/roczyny.duszpasterstwa.bielsko.pl\/wp-content\/uploads\/2022\/08\/A9D7DABD-9F26-4E7E-B76B-5F0501018A0D-300x225.jpeg 300w, http:\/\/roczyny.duszpasterstwa.bielsko.pl\/wp-content\/uploads\/2022\/08\/A9D7DABD-9F26-4E7E-B76B-5F0501018A0D-768x576.jpeg 768w, http:\/\/roczyny.duszpasterstwa.bielsko.pl\/wp-content\/uploads\/2022\/08\/A9D7DABD-9F26-4E7E-B76B-5F0501018A0D-200x150.jpeg 200w, http:\/\/roczyny.duszpasterstwa.bielsko.pl\/wp-content\/uploads\/2022\/08\/A9D7DABD-9F26-4E7E-B76B-5F0501018A0D-690x518.jpeg 690w, http:\/\/roczyny.duszpasterstwa.bielsko.pl\/wp-content\/uploads\/2022\/08\/A9D7DABD-9F26-4E7E-B76B-5F0501018A0D.jpeg 1600w\" sizes=\"(max-width: 1024px) 100vw, 1024px\" \/><\/a> <a href=\"http:\/\/roczyny.duszpasterstwa.bielsko.pl\/wp-content\/uploads\/2022\/08\/92EE862E-906B-4347-B38A-1B8DB0A7C540.jpeg\"><img loading=\"lazy\" decoding=\"async\" class=\"aligncenter size-large wp-image-6961\" src=\"http:\/\/roczyny.duszpasterstwa.bielsko.pl\/wp-content\/uploads\/2022\/08\/92EE862E-906B-4347-B38A-1B8DB0A7C540-1024x768.jpeg\" alt=\"\" width=\"1024\" height=\"768\" srcset=\"http:\/\/roczyny.duszpasterstwa.bielsko.pl\/wp-content\/uploads\/2022\/08\/92EE862E-906B-4347-B38A-1B8DB0A7C540-1024x768.jpeg 1024w, http:\/\/roczyny.duszpasterstwa.bielsko.pl\/wp-content\/uploads\/2022\/08\/92EE862E-906B-4347-B38A-1B8DB0A7C540-300x225.jpeg 300w, http:\/\/roczyny.duszpasterstwa.bielsko.pl\/wp-content\/uploads\/2022\/08\/92EE862E-906B-4347-B38A-1B8DB0A7C540-768x576.jpeg 768w, http:\/\/roczyny.duszpasterstwa.bielsko.pl\/wp-content\/uploads\/2022\/08\/92EE862E-906B-4347-B38A-1B8DB0A7C540-200x150.jpeg 200w, http:\/\/roczyny.duszpasterstwa.bielsko.pl\/wp-content\/uploads\/2022\/08\/92EE862E-906B-4347-B38A-1B8DB0A7C540-690x518.jpeg 690w, http:\/\/roczyny.duszpasterstwa.bielsko.pl\/wp-content\/uploads\/2022\/08\/92EE862E-906B-4347-B38A-1B8DB0A7C540.jpeg 1600w\" sizes=\"(max-width: 1024px) 100vw, 1024px\" \/><\/a> <a href=\"http:\/\/roczyny.duszpasterstwa.bielsko.pl\/wp-content\/uploads\/2022\/08\/AC870F15-DE15-4E27-B305-EEC539B9A141.jpeg\"><img loading=\"lazy\" decoding=\"async\" class=\"aligncenter size-large wp-image-6962\" src=\"http:\/\/roczyny.duszpasterstwa.bielsko.pl\/wp-content\/uploads\/2022\/08\/AC870F15-DE15-4E27-B305-EEC539B9A141-768x1024.jpeg\" alt=\"\" width=\"768\" height=\"1024\" srcset=\"http:\/\/roczyny.duszpasterstwa.bielsko.pl\/wp-content\/uploads\/2022\/08\/AC870F15-DE15-4E27-B305-EEC539B9A141-768x1024.jpeg 768w, http:\/\/roczyny.duszpasterstwa.bielsko.pl\/wp-content\/uploads\/2022\/08\/AC870F15-DE15-4E27-B305-EEC539B9A141-225x300.jpeg 225w, http:\/\/roczyny.duszpasterstwa.bielsko.pl\/wp-content\/uploads\/2022\/08\/AC870F15-DE15-4E27-B305-EEC539B9A141-200x267.jpeg 200w, http:\/\/roczyny.duszpasterstwa.bielsko.pl\/wp-content\/uploads\/2022\/08\/AC870F15-DE15-4E27-B305-EEC539B9A141-690x920.jpeg 690w, http:\/\/roczyny.duszpasterstwa.bielsko.pl\/wp-content\/uploads\/2022\/08\/AC870F15-DE15-4E27-B305-EEC539B9A141.jpeg 1200w\" sizes=\"(max-width: 768px) 100vw, 768px\" \/><\/a> <a href=\"http:\/\/roczyny.duszpasterstwa.bielsko.pl\/wp-content\/uploads\/2022\/08\/3CA89083-A179-4AA5-926E-6472AEC2B1E5.jpeg\"><img loading=\"lazy\" decoding=\"async\" class=\"aligncenter size-large wp-image-6963\" src=\"http:\/\/roczyny.duszpasterstwa.bielsko.pl\/wp-content\/uploads\/2022\/08\/3CA89083-A179-4AA5-926E-6472AEC2B1E5-1024x768.jpeg\" alt=\"\" width=\"1024\" height=\"768\" srcset=\"http:\/\/roczyny.duszpasterstwa.bielsko.pl\/wp-content\/uploads\/2022\/08\/3CA89083-A179-4AA5-926E-6472AEC2B1E5-1024x768.jpeg 1024w, http:\/\/roczyny.duszpasterstwa.bielsko.pl\/wp-content\/uploads\/2022\/08\/3CA89083-A179-4AA5-926E-6472AEC2B1E5-300x225.jpeg 300w, http:\/\/roczyny.duszpasterstwa.bielsko.pl\/wp-content\/uploads\/2022\/08\/3CA89083-A179-4AA5-926E-6472AEC2B1E5-768x576.jpeg 768w, http:\/\/roczyny.duszpasterstwa.bielsko.pl\/wp-content\/uploads\/2022\/08\/3CA89083-A179-4AA5-926E-6472AEC2B1E5-200x150.jpeg 200w, http:\/\/roczyny.duszpasterstwa.bielsko.pl\/wp-content\/uploads\/2022\/08\/3CA89083-A179-4AA5-926E-6472AEC2B1E5-690x518.jpeg 690w, http:\/\/roczyny.duszpasterstwa.bielsko.pl\/wp-content\/uploads\/2022\/08\/3CA89083-A179-4AA5-926E-6472AEC2B1E5.jpeg 1600w\" sizes=\"(max-width: 1024px) 100vw, 1024px\" \/><\/a> <a href=\"http:\/\/roczyny.duszpasterstwa.bielsko.pl\/wp-content\/uploads\/2022\/08\/B5F55DAF-A7F7-42CF-9F9E-83B7AD02392E.jpeg\"><img loading=\"lazy\" decoding=\"async\" class=\"aligncenter size-large wp-image-6964\" src=\"http:\/\/roczyny.duszpasterstwa.bielsko.pl\/wp-content\/uploads\/2022\/08\/B5F55DAF-A7F7-42CF-9F9E-83B7AD02392E-768x1024.jpeg\" alt=\"\" width=\"768\" height=\"1024\" srcset=\"http:\/\/roczyny.duszpasterstwa.bielsko.pl\/wp-content\/uploads\/2022\/08\/B5F55DAF-A7F7-42CF-9F9E-83B7AD02392E-768x1024.jpeg 768w, http:\/\/roczyny.duszpasterstwa.bielsko.pl\/wp-content\/uploads\/2022\/08\/B5F55DAF-A7F7-42CF-9F9E-83B7AD02392E-225x300.jpeg 225w, http:\/\/roczyny.duszpasterstwa.bielsko.pl\/wp-content\/uploads\/2022\/08\/B5F55DAF-A7F7-42CF-9F9E-83B7AD02392E-200x267.jpeg 200w, http:\/\/roczyny.duszpasterstwa.bielsko.pl\/wp-content\/uploads\/2022\/08\/B5F55DAF-A7F7-42CF-9F9E-83B7AD02392E-690x920.jpeg 690w, http:\/\/roczyny.duszpasterstwa.bielsko.pl\/wp-content\/uploads\/2022\/08\/B5F55DAF-A7F7-42CF-9F9E-83B7AD02392E.jpeg 1200w\" sizes=\"(max-width: 768px) 100vw, 768px\" \/><\/a> <a href=\"http:\/\/roczyny.duszpasterstwa.bielsko.pl\/wp-content\/uploads\/2022\/08\/395B282C-1E9B-4707-97D7-074EE08926A3.jpeg\"><img loading=\"lazy\" decoding=\"async\" class=\"aligncenter size-large wp-image-6965\" src=\"http:\/\/roczyny.duszpasterstwa.bielsko.pl\/wp-content\/uploads\/2022\/08\/395B282C-1E9B-4707-97D7-074EE08926A3-768x1024.jpeg\" alt=\"\" width=\"768\" height=\"1024\" srcset=\"http:\/\/roczyny.duszpasterstwa.bielsko.pl\/wp-content\/uploads\/2022\/08\/395B282C-1E9B-4707-97D7-074EE08926A3-768x1024.jpeg 768w, http:\/\/roczyny.duszpasterstwa.bielsko.pl\/wp-content\/uploads\/2022\/08\/395B282C-1E9B-4707-97D7-074EE08926A3-225x300.jpeg 225w, http:\/\/roczyny.duszpasterstwa.bielsko.pl\/wp-content\/uploads\/2022\/08\/395B282C-1E9B-4707-97D7-074EE08926A3-200x267.jpeg 200w, http:\/\/roczyny.duszpasterstwa.bielsko.pl\/wp-content\/uploads\/2022\/08\/395B282C-1E9B-4707-97D7-074EE08926A3-690x920.jpeg 690w, http:\/\/roczyny.duszpasterstwa.bielsko.pl\/wp-content\/uploads\/2022\/08\/395B282C-1E9B-4707-97D7-074EE08926A3.jpeg 1200w\" sizes=\"(max-width: 768px) 100vw, 768px\" \/><\/a> <a href=\"http:\/\/roczyny.duszpasterstwa.bielsko.pl\/wp-content\/uploads\/2022\/08\/9AABF239-9091-4851-9368-D70F806E260B.jpeg\"><img loading=\"lazy\" decoding=\"async\" class=\"aligncenter size-large wp-image-6966\" src=\"http:\/\/roczyny.duszpasterstwa.bielsko.pl\/wp-content\/uploads\/2022\/08\/9AABF239-9091-4851-9368-D70F806E260B-1024x768.jpeg\" alt=\"\" width=\"1024\" height=\"768\" srcset=\"http:\/\/roczyny.duszpasterstwa.bielsko.pl\/wp-content\/uploads\/2022\/08\/9AABF239-9091-4851-9368-D70F806E260B-1024x768.jpeg 1024w, http:\/\/roczyny.duszpasterstwa.bielsko.pl\/wp-content\/uploads\/2022\/08\/9AABF239-9091-4851-9368-D70F806E260B-300x225.jpeg 300w, http:\/\/roczyny.duszpasterstwa.bielsko.pl\/wp-content\/uploads\/2022\/08\/9AABF239-9091-4851-9368-D70F806E260B-768x576.jpeg 768w, http:\/\/roczyny.duszpasterstwa.bielsko.pl\/wp-content\/uploads\/2022\/08\/9AABF239-9091-4851-9368-D70F806E260B-200x150.jpeg 200w, http:\/\/roczyny.duszpasterstwa.bielsko.pl\/wp-content\/uploads\/2022\/08\/9AABF239-9091-4851-9368-D70F806E260B-690x518.jpeg 690w, http:\/\/roczyny.duszpasterstwa.bielsko.pl\/wp-content\/uploads\/2022\/08\/9AABF239-9091-4851-9368-D70F806E260B.jpeg 1600w\" sizes=\"(max-width: 1024px) 100vw, 1024px\" \/><\/a> <a href=\"http:\/\/roczyny.duszpasterstwa.bielsko.pl\/wp-content\/uploads\/2022\/08\/500B1489-9E22-4200-B7CF-0BFBB0C87D61.jpeg\"><img loading=\"lazy\" decoding=\"async\" class=\"aligncenter size-large wp-image-6967\" src=\"http:\/\/roczyny.duszpasterstwa.bielsko.pl\/wp-content\/uploads\/2022\/08\/500B1489-9E22-4200-B7CF-0BFBB0C87D61-1024x768.jpeg\" alt=\"\" width=\"1024\" height=\"768\" srcset=\"http:\/\/roczyny.duszpasterstwa.bielsko.pl\/wp-content\/uploads\/2022\/08\/500B1489-9E22-4200-B7CF-0BFBB0C87D61-1024x768.jpeg 1024w, http:\/\/roczyny.duszpasterstwa.bielsko.pl\/wp-content\/uploads\/2022\/08\/500B1489-9E22-4200-B7CF-0BFBB0C87D61-300x225.jpeg 300w, http:\/\/roczyny.duszpasterstwa.bielsko.pl\/wp-content\/uploads\/2022\/08\/500B1489-9E22-4200-B7CF-0BFBB0C87D61-768x576.jpeg 768w, http:\/\/roczyny.duszpasterstwa.bielsko.pl\/wp-content\/uploads\/2022\/08\/500B1489-9E22-4200-B7CF-0BFBB0C87D61-200x150.jpeg 200w, http:\/\/roczyny.duszpasterstwa.bielsko.pl\/wp-content\/uploads\/2022\/08\/500B1489-9E22-4200-B7CF-0BFBB0C87D61-690x518.jpeg 690w, http:\/\/roczyny.duszpasterstwa.bielsko.pl\/wp-content\/uploads\/2022\/08\/500B1489-9E22-4200-B7CF-0BFBB0C87D61.jpeg 1600w\" sizes=\"(max-width: 1024px) 100vw, 1024px\" \/><\/a> <a href=\"http:\/\/roczyny.duszpasterstwa.bielsko.pl\/wp-content\/uploads\/2022\/08\/12170D1D-96C0-41F7-9CE8-1D2271CB4A0C.jpeg\"><img loading=\"lazy\" decoding=\"async\" class=\"aligncenter size-large wp-image-6968\" src=\"http:\/\/roczyny.duszpasterstwa.bielsko.pl\/wp-content\/uploads\/2022\/08\/12170D1D-96C0-41F7-9CE8-1D2271CB4A0C-768x1024.jpeg\" alt=\"\" width=\"768\" height=\"1024\" srcset=\"http:\/\/roczyny.duszpasterstwa.bielsko.pl\/wp-content\/uploads\/2022\/08\/12170D1D-96C0-41F7-9CE8-1D2271CB4A0C-768x1024.jpeg 768w, http:\/\/roczyny.duszpasterstwa.bielsko.pl\/wp-content\/uploads\/2022\/08\/12170D1D-96C0-41F7-9CE8-1D2271CB4A0C-225x300.jpeg 225w, http:\/\/roczyny.duszpasterstwa.bielsko.pl\/wp-content\/uploads\/2022\/08\/12170D1D-96C0-41F7-9CE8-1D2271CB4A0C-200x267.jpeg 200w, http:\/\/roczyny.duszpasterstwa.bielsko.pl\/wp-content\/uploads\/2022\/08\/12170D1D-96C0-41F7-9CE8-1D2271CB4A0C-690x920.jpeg 690w, http:\/\/roczyny.duszpasterstwa.bielsko.pl\/wp-content\/uploads\/2022\/08\/12170D1D-96C0-41F7-9CE8-1D2271CB4A0C.jpeg 1200w\" sizes=\"(max-width: 768px) 100vw, 768px\" \/><\/a> <a href=\"http:\/\/roczyny.duszpasterstwa.bielsko.pl\/wp-content\/uploads\/2022\/08\/937C4E2B-FF50-45EE-AB12-BAF2F79C8FF4.jpeg\"><img loading=\"lazy\" decoding=\"async\" class=\"aligncenter size-large wp-image-6969\" src=\"http:\/\/roczyny.duszpasterstwa.bielsko.pl\/wp-content\/uploads\/2022\/08\/937C4E2B-FF50-45EE-AB12-BAF2F79C8FF4-768x1024.jpeg\" alt=\"\" width=\"768\" height=\"1024\" srcset=\"http:\/\/roczyny.duszpasterstwa.bielsko.pl\/wp-content\/uploads\/2022\/08\/937C4E2B-FF50-45EE-AB12-BAF2F79C8FF4-768x1024.jpeg 768w, http:\/\/roczyny.duszpasterstwa.bielsko.pl\/wp-content\/uploads\/2022\/08\/937C4E2B-FF50-45EE-AB12-BAF2F79C8FF4-225x300.jpeg 225w, http:\/\/roczyny.duszpasterstwa.bielsko.pl\/wp-content\/uploads\/2022\/08\/937C4E2B-FF50-45EE-AB12-BAF2F79C8FF4-200x267.jpeg 200w, http:\/\/roczyny.duszpasterstwa.bielsko.pl\/wp-content\/uploads\/2022\/08\/937C4E2B-FF50-45EE-AB12-BAF2F79C8FF4-690x920.jpeg 690w, http:\/\/roczyny.duszpasterstwa.bielsko.pl\/wp-content\/uploads\/2022\/08\/937C4E2B-FF50-45EE-AB12-BAF2F79C8FF4.jpeg 1200w\" sizes=\"(max-width: 768px) 100vw, 768px\" \/><\/a> <a href=\"http:\/\/roczyny.duszpasterstwa.bielsko.pl\/wp-content\/uploads\/2022\/08\/24636F97-8D38-4CA3-A253-4B073A02DBEE.jpeg\"><img loading=\"lazy\" decoding=\"async\" class=\"aligncenter size-large wp-image-6970\" src=\"http:\/\/roczyny.duszpasterstwa.bielsko.pl\/wp-content\/uploads\/2022\/08\/24636F97-8D38-4CA3-A253-4B073A02DBEE-1024x768.jpeg\" alt=\"\" width=\"1024\" height=\"768\" srcset=\"http:\/\/roczyny.duszpasterstwa.bielsko.pl\/wp-content\/uploads\/2022\/08\/24636F97-8D38-4CA3-A253-4B073A02DBEE-1024x768.jpeg 1024w, http:\/\/roczyny.duszpasterstwa.bielsko.pl\/wp-content\/uploads\/2022\/08\/24636F97-8D38-4CA3-A253-4B073A02DBEE-300x225.jpeg 300w, http:\/\/roczyny.duszpasterstwa.bielsko.pl\/wp-content\/uploads\/2022\/08\/24636F97-8D38-4CA3-A253-4B073A02DBEE-768x576.jpeg 768w, http:\/\/roczyny.duszpasterstwa.bielsko.pl\/wp-content\/uploads\/2022\/08\/24636F97-8D38-4CA3-A253-4B073A02DBEE-200x150.jpeg 200w, http:\/\/roczyny.duszpasterstwa.bielsko.pl\/wp-content\/uploads\/2022\/08\/24636F97-8D38-4CA3-A253-4B073A02DBEE-690x518.jpeg 690w, http:\/\/roczyny.duszpasterstwa.bielsko.pl\/wp-content\/uploads\/2022\/08\/24636F97-8D38-4CA3-A253-4B073A02DBEE.jpeg 1600w\" sizes=\"(max-width: 1024px) 100vw, 1024px\" \/><\/a> <a href=\"http:\/\/roczyny.duszpasterstwa.bielsko.pl\/wp-content\/uploads\/2022\/08\/A777DCC1-DB94-4000-95EC-DE3FEBF1F415.jpeg\"><img loading=\"lazy\" decoding=\"async\" class=\"aligncenter size-large wp-image-6971\" src=\"http:\/\/roczyny.duszpasterstwa.bielsko.pl\/wp-content\/uploads\/2022\/08\/A777DCC1-DB94-4000-95EC-DE3FEBF1F415-1024x768.jpeg\" alt=\"\" width=\"1024\" height=\"768\" srcset=\"http:\/\/roczyny.duszpasterstwa.bielsko.pl\/wp-content\/uploads\/2022\/08\/A777DCC1-DB94-4000-95EC-DE3FEBF1F415-1024x768.jpeg 1024w, http:\/\/roczyny.duszpasterstwa.bielsko.pl\/wp-content\/uploads\/2022\/08\/A777DCC1-DB94-4000-95EC-DE3FEBF1F415-300x225.jpeg 300w, http:\/\/roczyny.duszpasterstwa.bielsko.pl\/wp-content\/uploads\/2022\/08\/A777DCC1-DB94-4000-95EC-DE3FEBF1F415-768x576.jpeg 768w, http:\/\/roczyny.duszpasterstwa.bielsko.pl\/wp-content\/uploads\/2022\/08\/A777DCC1-DB94-4000-95EC-DE3FEBF1F415-200x150.jpeg 200w, http:\/\/roczyny.duszpasterstwa.bielsko.pl\/wp-content\/uploads\/2022\/08\/A777DCC1-DB94-4000-95EC-DE3FEBF1F415-690x518.jpeg 690w, http:\/\/roczyny.duszpasterstwa.bielsko.pl\/wp-content\/uploads\/2022\/08\/A777DCC1-DB94-4000-95EC-DE3FEBF1F415.jpeg 1600w\" sizes=\"(max-width: 1024px) 100vw, 1024px\" \/><\/a> <a href=\"http:\/\/roczyny.duszpasterstwa.bielsko.pl\/wp-content\/uploads\/2022\/08\/906AADEE-8447-4E3D-BFE3-D18DD09BD33C.jpeg\"><img loading=\"lazy\" decoding=\"async\" class=\"aligncenter size-large wp-image-6972\" src=\"http:\/\/roczyny.duszpasterstwa.bielsko.pl\/wp-content\/uploads\/2022\/08\/906AADEE-8447-4E3D-BFE3-D18DD09BD33C-768x1024.jpeg\" alt=\"\" width=\"768\" height=\"1024\" srcset=\"http:\/\/roczyny.duszpasterstwa.bielsko.pl\/wp-content\/uploads\/2022\/08\/906AADEE-8447-4E3D-BFE3-D18DD09BD33C-768x1024.jpeg 768w, http:\/\/roczyny.duszpasterstwa.bielsko.pl\/wp-content\/uploads\/2022\/08\/906AADEE-8447-4E3D-BFE3-D18DD09BD33C-225x300.jpeg 225w, http:\/\/roczyny.duszpasterstwa.bielsko.pl\/wp-content\/uploads\/2022\/08\/906AADEE-8447-4E3D-BFE3-D18DD09BD33C-200x267.jpeg 200w, http:\/\/roczyny.duszpasterstwa.bielsko.pl\/wp-content\/uploads\/2022\/08\/906AADEE-8447-4E3D-BFE3-D18DD09BD33C-690x920.jpeg 690w, http:\/\/roczyny.duszpasterstwa.bielsko.pl\/wp-content\/uploads\/2022\/08\/906AADEE-8447-4E3D-BFE3-D18DD09BD33C.jpeg 1200w\" sizes=\"(max-width: 768px) 100vw, 768px\" \/><\/a> <a href=\"http:\/\/roczyny.duszpasterstwa.bielsko.pl\/wp-content\/uploads\/2022\/08\/7EE32955-841E-41DD-80F4-55258FF0A380.jpeg\"><img loading=\"lazy\" decoding=\"async\" class=\"aligncenter size-large wp-image-6973\" src=\"http:\/\/roczyny.duszpasterstwa.bielsko.pl\/wp-content\/uploads\/2022\/08\/7EE32955-841E-41DD-80F4-55258FF0A380-768x1024.jpeg\" alt=\"\" width=\"768\" height=\"1024\" srcset=\"http:\/\/roczyny.duszpasterstwa.bielsko.pl\/wp-content\/uploads\/2022\/08\/7EE32955-841E-41DD-80F4-55258FF0A380-768x1024.jpeg 768w, http:\/\/roczyny.duszpasterstwa.bielsko.pl\/wp-content\/uploads\/2022\/08\/7EE32955-841E-41DD-80F4-55258FF0A380-225x300.jpeg 225w, http:\/\/roczyny.duszpasterstwa.bielsko.pl\/wp-content\/uploads\/2022\/08\/7EE32955-841E-41DD-80F4-55258FF0A380-200x267.jpeg 200w, http:\/\/roczyny.duszpasterstwa.bielsko.pl\/wp-content\/uploads\/2022\/08\/7EE32955-841E-41DD-80F4-55258FF0A380-690x920.jpeg 690w, http:\/\/roczyny.duszpasterstwa.bielsko.pl\/wp-content\/uploads\/2022\/08\/7EE32955-841E-41DD-80F4-55258FF0A380.jpeg 1200w\" sizes=\"(max-width: 768px) 100vw, 768px\" \/><\/a> <a href=\"http:\/\/roczyny.duszpasterstwa.bielsko.pl\/wp-content\/uploads\/2022\/08\/991A0CE0-68BD-4621-9739-A0DA682FE425.jpeg\"><img loading=\"lazy\" decoding=\"async\" class=\"aligncenter size-large wp-image-6974\" src=\"http:\/\/roczyny.duszpasterstwa.bielsko.pl\/wp-content\/uploads\/2022\/08\/991A0CE0-68BD-4621-9739-A0DA682FE425-768x1024.jpeg\" alt=\"\" width=\"768\" height=\"1024\" srcset=\"http:\/\/roczyny.duszpasterstwa.bielsko.pl\/wp-content\/uploads\/2022\/08\/991A0CE0-68BD-4621-9739-A0DA682FE425-768x1024.jpeg 768w, http:\/\/roczyny.duszpasterstwa.bielsko.pl\/wp-content\/uploads\/2022\/08\/991A0CE0-68BD-4621-9739-A0DA682FE425-225x300.jpeg 225w, http:\/\/roczyny.duszpasterstwa.bielsko.pl\/wp-content\/uploads\/2022\/08\/991A0CE0-68BD-4621-9739-A0DA682FE425-200x267.jpeg 200w, http:\/\/roczyny.duszpasterstwa.bielsko.pl\/wp-content\/uploads\/2022\/08\/991A0CE0-68BD-4621-9739-A0DA682FE425-690x920.jpeg 690w, http:\/\/roczyny.duszpasterstwa.bielsko.pl\/wp-content\/uploads\/2022\/08\/991A0CE0-68BD-4621-9739-A0DA682FE425.jpeg 1200w\" sizes=\"(max-width: 768px) 100vw, 768px\" \/><\/a> <a href=\"http:\/\/roczyny.duszpasterstwa.bielsko.pl\/wp-content\/uploads\/2022\/08\/5DEFCFEB-F2F4-4B30-9432-AE086A117A5C.jpeg\"><img loading=\"lazy\" decoding=\"async\" class=\"aligncenter size-large wp-image-6975\" src=\"http:\/\/roczyny.duszpasterstwa.bielsko.pl\/wp-content\/uploads\/2022\/08\/5DEFCFEB-F2F4-4B30-9432-AE086A117A5C-765x1024.jpeg\" alt=\"\" width=\"765\" height=\"1024\" srcset=\"http:\/\/roczyny.duszpasterstwa.bielsko.pl\/wp-content\/uploads\/2022\/08\/5DEFCFEB-F2F4-4B30-9432-AE086A117A5C-765x1024.jpeg 765w, http:\/\/roczyny.duszpasterstwa.bielsko.pl\/wp-content\/uploads\/2022\/08\/5DEFCFEB-F2F4-4B30-9432-AE086A117A5C-224x300.jpeg 224w, http:\/\/roczyny.duszpasterstwa.bielsko.pl\/wp-content\/uploads\/2022\/08\/5DEFCFEB-F2F4-4B30-9432-AE086A117A5C-768x1027.jpeg 768w, http:\/\/roczyny.duszpasterstwa.bielsko.pl\/wp-content\/uploads\/2022\/08\/5DEFCFEB-F2F4-4B30-9432-AE086A117A5C-200x268.jpeg 200w, http:\/\/roczyny.duszpasterstwa.bielsko.pl\/wp-content\/uploads\/2022\/08\/5DEFCFEB-F2F4-4B30-9432-AE086A117A5C-690x923.jpeg 690w, http:\/\/roczyny.duszpasterstwa.bielsko.pl\/wp-content\/uploads\/2022\/08\/5DEFCFEB-F2F4-4B30-9432-AE086A117A5C.jpeg 1196w\" sizes=\"(max-width: 765px) 100vw, 765px\" \/><\/a> <a href=\"http:\/\/roczyny.duszpasterstwa.bielsko.pl\/wp-content\/uploads\/2022\/08\/0FFEA395-1DC0-4DE4-A22B-C2DAF099BCE4.jpeg\"><img loading=\"lazy\" decoding=\"async\" class=\"aligncenter size-large wp-image-6976\" src=\"http:\/\/roczyny.duszpasterstwa.bielsko.pl\/wp-content\/uploads\/2022\/08\/0FFEA395-1DC0-4DE4-A22B-C2DAF099BCE4-768x1024.jpeg\" alt=\"\" width=\"768\" height=\"1024\" srcset=\"http:\/\/roczyny.duszpasterstwa.bielsko.pl\/wp-content\/uploads\/2022\/08\/0FFEA395-1DC0-4DE4-A22B-C2DAF099BCE4-768x1024.jpeg 768w, http:\/\/roczyny.duszpasterstwa.bielsko.pl\/wp-content\/uploads\/2022\/08\/0FFEA395-1DC0-4DE4-A22B-C2DAF099BCE4-225x300.jpeg 225w, http:\/\/roczyny.duszpasterstwa.bielsko.pl\/wp-content\/uploads\/2022\/08\/0FFEA395-1DC0-4DE4-A22B-C2DAF099BCE4-200x267.jpeg 200w, http:\/\/roczyny.duszpasterstwa.bielsko.pl\/wp-content\/uploads\/2022\/08\/0FFEA395-1DC0-4DE4-A22B-C2DAF099BCE4-690x920.jpeg 690w, http:\/\/roczyny.duszpasterstwa.bielsko.pl\/wp-content\/uploads\/2022\/08\/0FFEA395-1DC0-4DE4-A22B-C2DAF099BCE4.jpeg 1200w\" sizes=\"(max-width: 768px) 100vw, 768px\" \/><\/a> <a href=\"http:\/\/roczyny.duszpasterstwa.bielsko.pl\/wp-content\/uploads\/2022\/08\/17BB7134-076C-42DA-A6C6-CE311ED6F75F.jpeg\"><img loading=\"lazy\" decoding=\"async\" class=\"aligncenter size-large wp-image-6977\" src=\"http:\/\/roczyny.duszpasterstwa.bielsko.pl\/wp-content\/uploads\/2022\/08\/17BB7134-076C-42DA-A6C6-CE311ED6F75F-768x1024.jpeg\" alt=\"\" width=\"768\" height=\"1024\" srcset=\"http:\/\/roczyny.duszpasterstwa.bielsko.pl\/wp-content\/uploads\/2022\/08\/17BB7134-076C-42DA-A6C6-CE311ED6F75F-768x1024.jpeg 768w, http:\/\/roczyny.duszpasterstwa.bielsko.pl\/wp-content\/uploads\/2022\/08\/17BB7134-076C-42DA-A6C6-CE311ED6F75F-225x300.jpeg 225w, http:\/\/roczyny.duszpasterstwa.bielsko.pl\/wp-content\/uploads\/2022\/08\/17BB7134-076C-42DA-A6C6-CE311ED6F75F-200x267.jpeg 200w, http:\/\/roczyny.duszpasterstwa.bielsko.pl\/wp-content\/uploads\/2022\/08\/17BB7134-076C-42DA-A6C6-CE311ED6F75F-690x920.jpeg 690w, http:\/\/roczyny.duszpasterstwa.bielsko.pl\/wp-content\/uploads\/2022\/08\/17BB7134-076C-42DA-A6C6-CE311ED6F75F.jpeg 1200w\" sizes=\"(max-width: 768px) 100vw, 768px\" \/><\/a> <a href=\"http:\/\/roczyny.duszpasterstwa.bielsko.pl\/wp-content\/uploads\/2022\/08\/4E0658E0-F767-41F3-9E09-0BEC30431EB7.jpeg\"><img loading=\"lazy\" decoding=\"async\" class=\"aligncenter size-large wp-image-6978\" src=\"http:\/\/roczyny.duszpasterstwa.bielsko.pl\/wp-content\/uploads\/2022\/08\/4E0658E0-F767-41F3-9E09-0BEC30431EB7-768x1024.jpeg\" alt=\"\" width=\"768\" height=\"1024\" srcset=\"http:\/\/roczyny.duszpasterstwa.bielsko.pl\/wp-content\/uploads\/2022\/08\/4E0658E0-F767-41F3-9E09-0BEC30431EB7-768x1024.jpeg 768w, http:\/\/roczyny.duszpasterstwa.bielsko.pl\/wp-content\/uploads\/2022\/08\/4E0658E0-F767-41F3-9E09-0BEC30431EB7-225x300.jpeg 225w, http:\/\/roczyny.duszpasterstwa.bielsko.pl\/wp-content\/uploads\/2022\/08\/4E0658E0-F767-41F3-9E09-0BEC30431EB7-200x267.jpeg 200w, http:\/\/roczyny.duszpasterstwa.bielsko.pl\/wp-content\/uploads\/2022\/08\/4E0658E0-F767-41F3-9E09-0BEC30431EB7-690x920.jpeg 690w, http:\/\/roczyny.duszpasterstwa.bielsko.pl\/wp-content\/uploads\/2022\/08\/4E0658E0-F767-41F3-9E09-0BEC30431EB7.jpeg 1200w\" sizes=\"(max-width: 768px) 100vw, 768px\" \/><\/a> <a href=\"http:\/\/roczyny.duszpasterstwa.bielsko.pl\/wp-content\/uploads\/2022\/08\/C692ABA8-E8E0-49B5-9346-0F99AB30C4A7.jpeg\"><img loading=\"lazy\" decoding=\"async\" class=\"aligncenter size-large wp-image-6979\" src=\"http:\/\/roczyny.duszpasterstwa.bielsko.pl\/wp-content\/uploads\/2022\/08\/C692ABA8-E8E0-49B5-9346-0F99AB30C4A7-768x1024.jpeg\" alt=\"\" width=\"768\" height=\"1024\" srcset=\"http:\/\/roczyny.duszpasterstwa.bielsko.pl\/wp-content\/uploads\/2022\/08\/C692ABA8-E8E0-49B5-9346-0F99AB30C4A7-768x1024.jpeg 768w, http:\/\/roczyny.duszpasterstwa.bielsko.pl\/wp-content\/uploads\/2022\/08\/C692ABA8-E8E0-49B5-9346-0F99AB30C4A7-225x300.jpeg 225w, http:\/\/roczyny.duszpasterstwa.bielsko.pl\/wp-content\/uploads\/2022\/08\/C692ABA8-E8E0-49B5-9346-0F99AB30C4A7-200x267.jpeg 200w, http:\/\/roczyny.duszpasterstwa.bielsko.pl\/wp-content\/uploads\/2022\/08\/C692ABA8-E8E0-49B5-9346-0F99AB30C4A7-690x920.jpeg 690w, http:\/\/roczyny.duszpasterstwa.bielsko.pl\/wp-content\/uploads\/2022\/08\/C692ABA8-E8E0-49B5-9346-0F99AB30C4A7.jpeg 1200w\" sizes=\"(max-width: 768px) 100vw, 768px\" \/><\/a><\/p>\n<p>&nbsp;<\/p>\n","protected":false},"excerpt":{"rendered":"<p>Doszli\u015bmy do celu. A mo\u017ce to pocz\u0105tek? Ostatni etap 11 sierpie\u0144 pe\u0142en entuzjazmu i niesamowitej rado\u015bci od rana na spotkanie <a class=\"read-more\" href=\"http:\/\/roczyny.duszpasterstwa.bielsko.pl\/?p=6932\">czytaj dalej<\/a><\/p>\n","protected":false},"author":2,"featured_media":6943,"comment_status":"closed","ping_status":"open","sticky":false,"template":"","format":"standard","meta":{"ngg_post_thumbnail":0,"footnotes":""},"categories":[15,30],"tags":[],"class_list":["post-6932","post","type-post","status-publish","format-standard","has-post-thumbnail","hentry","category-aktualnosci","category-pielgrzymki","post-item clearfix"],"_links":{"self":[{"href":"http:\/\/roczyny.duszpasterstwa.bielsko.pl\/index.php?rest_route=\/wp\/v2\/posts\/6932"}],"collection":[{"href":"http:\/\/roczyny.duszpasterstwa.bielsko.pl\/index.php?rest_route=\/wp\/v2\/posts"}],"about":[{"href":"http:\/\/roczyny.duszpasterstwa.bielsko.pl\/index.php?rest_route=\/wp\/v2\/types\/post"}],"author":[{"embeddable":true,"href":"http:\/\/roczyny.duszpasterstwa.bielsko.pl\/index.php?rest_route=\/wp\/v2\/users\/2"}],"replies":[{"embeddable":true,"href":"http:\/\/roczyny.duszpasterstwa.bielsko.pl\/index.php?rest_route=%2Fwp%2Fv2%2Fcomments&post=6932"}],"version-history":[{"count":2,"href":"http:\/\/roczyny.duszpasterstwa.bielsko.pl\/index.php?rest_route=\/wp\/v2\/posts\/6932\/revisions"}],"predecessor-version":[{"id":11769,"href":"http:\/\/roczyny.duszpasterstwa.bielsko.pl\/index.php?rest_route=\/wp\/v2\/posts\/6932\/revisions\/11769"}],"wp:featuredmedia":[{"embeddable":true,"href":"http:\/\/roczyny.duszpasterstwa.bielsko.pl\/index.php?rest_route=\/wp\/v2\/media\/6943"}],"wp:attachment":[{"href":"http:\/\/roczyny.duszpasterstwa.bielsko.pl\/index.php?rest_route=%2Fwp%2Fv2%2Fmedia&parent=6932"}],"wp:term":[{"taxonomy":"category","embeddable":true,"href":"http:\/\/roczyny.duszpasterstwa.bielsko.pl\/index.php?rest_route=%2Fwp%2Fv2%2Fcategories&post=6932"},{"taxonomy":"post_tag","embeddable":true,"href":"http:\/\/roczyny.duszpasterstwa.bielsko.pl\/index.php?rest_route=%2Fwp%2Fv2%2Ftags&post=6932"}],"curies":[{"name":"wp","href":"https:\/\/api.w.org\/{rel}","templated":true}]}}