{"id":4147,"date":"2022-03-12T15:45:31","date_gmt":"2022-03-12T14:45:31","guid":{"rendered":"http:\/\/roczyny.duszpasterstwa.bielsko.pl\/?p=4147"},"modified":"2022-03-12T15:45:31","modified_gmt":"2022-03-12T14:45:31","slug":"ogloszenia-i-intencje-ii-niedziela-w-postu","status":"publish","type":"post","link":"http:\/\/roczyny.duszpasterstwa.bielsko.pl\/?p=4147","title":{"rendered":"OG\u0141OSZENIA i INTENCJE &#8211; II NIEDZIELA W. POSTU"},"content":{"rendered":"<h4><strong><u>I I&nbsp;&nbsp; N I E D Z I E L A&nbsp;&nbsp; W I E L K I E GO&nbsp;&nbsp; P O S T U<\/u><\/strong> (13.o3.2022r.)<\/h4>\n<h4>W dniu dzisiejszym go\u015bcimy w naszej parafii ks. bp. Piotra Gregera, kt\u00f3ry przeprowadza wizytacj\u0119 Kanoniczn\u0105<\/h4>\n<h4>Pr\u00f3ba scholii akatystowej we wtorek o godz. 19.00<\/h4>\n<h4>Grupa Synodalna zaprasza w pi\u0105tek o godz. 16.30 na Drog\u0119 Krzy\u017cow\u0105, Eucharysti\u0119. Po Mszy \u015aw. spotkanie formacyjne na probostwie.<\/h4>\n<h4>W sobot\u0119, 19 marca, przypada liturgiczna uroczysto\u015b\u0107 \u015bw. J\u00f3zefa, Oblubie\u0144ca NMP<\/h4>\n<h4>&nbsp;<\/h4>\n<h4><strong><em>I N T E N C J E&nbsp;&nbsp; M S Z Y&nbsp;&nbsp; \u015a W.<\/em><\/strong><\/h4>\n<h4>Poniedzia\u0142ek(14)<\/h4>\n<h4>&nbsp;&nbsp; godz.6.3o&nbsp;&nbsp; &#8211; +Mari\u0119 Babi\u0144sk\u0105 w 30-ty dzie\u0144 po \u015bmierci<\/h4>\n<h4>&nbsp;&nbsp; godz.17.oo &#8211; +Aleksandra Kud\u0142acika z \u017con\u0105 Mari\u0105<\/h4>\n<h4>Wtorek(15)<\/h4>\n<h4>&nbsp;&nbsp; godz.6.3o&nbsp;&nbsp; &#8211; +Stanis\u0142awa Dyduch<\/h4>\n<h4>&nbsp;&nbsp; godz.17.oo &#8211; +J\u00f3zef\u0119 Kazimierza Talar J\u00f3zefa syna<\/h4>\n<h4>\u015aroda(16)<\/h4>\n<h4>&nbsp;&nbsp; godz.6.3o&nbsp;&nbsp; &#8211; +Karolin\u0119 Bury<\/h4>\n<h4>&nbsp;&nbsp; godz.17.oo &#8211; +Helen\u0119 J\u00f3zefa M\u0142ocek<\/h4>\n<h4>Czwartek(17)<\/h4>\n<h4>&nbsp;&nbsp; godz.6.3o&nbsp;&nbsp; &#8211; +Jana Babi\u0144skiego w 30-ty dzie\u0144 po \u015bmierci<\/h4>\n<h4>&nbsp;&nbsp;&nbsp;&nbsp;&nbsp;&nbsp;&nbsp;&nbsp;&nbsp;&nbsp;&nbsp;&nbsp;&nbsp;&nbsp;&nbsp;&nbsp;&nbsp;&nbsp;&nbsp;&nbsp;&nbsp;&nbsp;&nbsp; &#8211; +Albin\u0119 Paczek<\/h4>\n<h4>&nbsp;&nbsp; godz.17.oo &#8211; +Stanis\u0142awa Kami\u0144skiego 1 r. \u015bm.<\/h4>\n<h4>Pi\u0105tek(18)<\/h4>\n<h4>&nbsp;&nbsp; godz.6.3o&nbsp;&nbsp; &#8211; +Helen\u0119 Stanis\u0142awa Sordyl<\/h4>\n<h4>&nbsp;&nbsp; godz.17.oo &#8211; +Mari\u0119 Chrapkiewicz 16 r. \u015bm Antoniego m\u0119\u017ca Helen\u0119 c\u00f3rka<\/h4>\n<h4>Sobota(19)<\/h4>\n<h4>&nbsp;&nbsp; godz.6.3o&nbsp;&nbsp; &#8211; +J\u00f3zefa \u0141yso\u0144 1 r. \u015bm.<\/h4>\n<h4>&nbsp;&nbsp; godz.17.oo &#8211; +Antoniego Dwojak z \u017con\u0105 W\u0142adys\u0142aw\u0105<\/h4>\n<h4>Niedziela(20)<\/h4>\n<h4>&nbsp;&nbsp; godz.7.oo&nbsp;&nbsp; &#8211; +W\u0142adys\u0142awa Chmiel 1 r. \u015bm od najbli\u017cszych<\/h4>\n<h4>&nbsp;&nbsp;&nbsp;&nbsp;&nbsp;&nbsp;&nbsp;&nbsp;&nbsp;&nbsp;&nbsp;&nbsp;&nbsp;&nbsp;&nbsp;&nbsp;&nbsp;&nbsp;&nbsp;&nbsp;&nbsp;&nbsp;&nbsp; &#8211; +Kazimierza Wie\u017aniarowskiego r \u015bm. z Helen\u0105 \u017con\u0105<\/h4>\n<h4>&nbsp;&nbsp; godz.9.oo&nbsp;&nbsp; &#8211; +Paw\u0142a Zaremba 5 r. \u015bm.<\/h4>\n<h4>&nbsp;&nbsp;&nbsp;&nbsp;&nbsp;&nbsp;&nbsp;&nbsp;&nbsp;&nbsp;&nbsp;&nbsp;&nbsp;&nbsp;&nbsp;&nbsp;&nbsp;&nbsp;&nbsp;&nbsp;&nbsp;&nbsp;&nbsp; &#8211; +J\u00f3zefa Jana Walczak<\/h4>\n<h4>&nbsp;&nbsp; godz.11.oo &#8211; +J\u00f3zefa Skupie\u0144 z rodzicami<\/h4>\n<h4>&nbsp;&nbsp;&nbsp;&nbsp;&nbsp;&nbsp;&nbsp;&nbsp;&nbsp;&nbsp;&nbsp;&nbsp;&nbsp;&nbsp;&nbsp;&nbsp;&nbsp;&nbsp;&nbsp;&nbsp;&nbsp;&nbsp;&nbsp;&nbsp; &#8211; +Stanis\u0142awa Osowskiego 15 r. \u015bm.<\/h4>\n<h4>&nbsp;&nbsp; godz.15.oo &#8211; +Ludwik\u0119 Talar jana m\u0119\u017ca z rodzicami<\/h4>\n<h4>&nbsp;&nbsp;&nbsp;&nbsp;&nbsp;&nbsp;&nbsp;&nbsp;&nbsp;&nbsp;&nbsp;&nbsp;&nbsp;&nbsp;&nbsp;&nbsp;&nbsp;&nbsp;&nbsp;&nbsp;&nbsp;&nbsp;&nbsp;&nbsp; &#8211; +Zuzann\u0119 Jura 1 r. \u015bm.<\/h4>\n<p>&nbsp;<\/p>\n<p><a href=\"http:\/\/roczyny.duszpasterstwa.bielsko.pl\/wp-content\/uploads\/2022\/03\/IMG_9500-2.jpg\"><img fetchpriority=\"high\" decoding=\"async\" class=\"aligncenter size-large wp-image-4148\" src=\"http:\/\/roczyny.duszpasterstwa.bielsko.pl\/wp-content\/uploads\/2022\/03\/IMG_9500-2-409x1024.jpg\" alt=\"\" width=\"409\" height=\"1024\" srcset=\"http:\/\/roczyny.duszpasterstwa.bielsko.pl\/wp-content\/uploads\/2022\/03\/IMG_9500-2-409x1024.jpg 409w, http:\/\/roczyny.duszpasterstwa.bielsko.pl\/wp-content\/uploads\/2022\/03\/IMG_9500-2-120x300.jpg 120w, http:\/\/roczyny.duszpasterstwa.bielsko.pl\/wp-content\/uploads\/2022\/03\/IMG_9500-2-768x1922.jpg 768w, http:\/\/roczyny.duszpasterstwa.bielsko.pl\/wp-content\/uploads\/2022\/03\/IMG_9500-2-200x500.jpg 200w, http:\/\/roczyny.duszpasterstwa.bielsko.pl\/wp-content\/uploads\/2022\/03\/IMG_9500-2-690x1726.jpg 690w\" sizes=\"(max-width: 409px) 100vw, 409px\" \/><\/a><\/p>\n","protected":false},"excerpt":{"rendered":"<p>I I&nbsp;&nbsp; N I E D Z I E L A&nbsp;&nbsp; W I E L K I E GO&nbsp;&nbsp; P <a class=\"read-more\" href=\"http:\/\/roczyny.duszpasterstwa.bielsko.pl\/?p=4147\">czytaj dalej<\/a><\/p>\n","protected":false},"author":2,"featured_media":4149,"comment_status":"closed","ping_status":"open","sticky":false,"template":"","format":"standard","meta":{"ngg_post_thumbnail":0,"footnotes":""},"categories":[15],"tags":[],"class_list":["post-4147","post","type-post","status-publish","format-standard","has-post-thumbnail","hentry","category-aktualnosci","post-item clearfix"],"_links":{"self":[{"href":"http:\/\/roczyny.duszpasterstwa.bielsko.pl\/index.php?rest_route=\/wp\/v2\/posts\/4147"}],"collection":[{"href":"http:\/\/roczyny.duszpasterstwa.bielsko.pl\/index.php?rest_route=\/wp\/v2\/posts"}],"about":[{"href":"http:\/\/roczyny.duszpasterstwa.bielsko.pl\/index.php?rest_route=\/wp\/v2\/types\/post"}],"author":[{"embeddable":true,"href":"http:\/\/roczyny.duszpasterstwa.bielsko.pl\/index.php?rest_route=\/wp\/v2\/users\/2"}],"replies":[{"embeddable":true,"href":"http:\/\/roczyny.duszpasterstwa.bielsko.pl\/index.php?rest_route=%2Fwp%2Fv2%2Fcomments&post=4147"}],"version-history":[{"count":1,"href":"http:\/\/roczyny.duszpasterstwa.bielsko.pl\/index.php?rest_route=\/wp\/v2\/posts\/4147\/revisions"}],"predecessor-version":[{"id":4150,"href":"http:\/\/roczyny.duszpasterstwa.bielsko.pl\/index.php?rest_route=\/wp\/v2\/posts\/4147\/revisions\/4150"}],"wp:featuredmedia":[{"embeddable":true,"href":"http:\/\/roczyny.duszpasterstwa.bielsko.pl\/index.php?rest_route=\/wp\/v2\/media\/4149"}],"wp:attachment":[{"href":"http:\/\/roczyny.duszpasterstwa.bielsko.pl\/index.php?rest_route=%2Fwp%2Fv2%2Fmedia&parent=4147"}],"wp:term":[{"taxonomy":"category","embeddable":true,"href":"http:\/\/roczyny.duszpasterstwa.bielsko.pl\/index.php?rest_route=%2Fwp%2Fv2%2Fcategories&post=4147"},{"taxonomy":"post_tag","embeddable":true,"href":"http:\/\/roczyny.duszpasterstwa.bielsko.pl\/index.php?rest_route=%2Fwp%2Fv2%2Ftags&post=4147"}],"curies":[{"name":"wp","href":"https:\/\/api.w.org\/{rel}","templated":true}]}}