{"id":4130,"date":"2022-03-10T18:03:51","date_gmt":"2022-03-10T17:03:51","guid":{"rendered":"http:\/\/roczyny.duszpasterstwa.bielsko.pl\/?p=4130"},"modified":"2023-06-06T13:19:55","modified_gmt":"2023-06-06T11:19:55","slug":"nasza-mlodziez-jaselkowa-dzieciom-z-ukrainy","status":"publish","type":"post","link":"http:\/\/roczyny.duszpasterstwa.bielsko.pl\/?p=4130","title":{"rendered":"NASZA M\u0141ODZIE\u017b JASE\u0141KOWA &#8211; DZIECIOM Z UKRAINY&#8230;"},"content":{"rendered":"<h4>Po feriach zimowych przedstawili\u015bmy w naszej Szkole JASE\u0141KA&#8230; Wielkie zaanga\u017cowanie dzieciak\u00f3w i m\u0142odzie\u017cy&#8230;<\/h4>\n<h4>Po przedstawieniu dla Rodzic\u00f3w &#8211; otrzymali\u015bmy dar materialny &#8211; prawie 2000 z\u0142&#8230; No i planujemy&#8230; Kino Helios&#8230; Pizza&#8230;<\/h4>\n<h4>Termin ustalony&#8230; a tu g\u0142os naszej m\u0142odzie\u017cy &#8211; te pieni\u0105\u017cki przeka\u017cmy Dzieciakom, kt\u00f3re przyby\u0142y z Ukrainy do Mi\u0119dzybrodzia Bialskiego&#8230;<\/h4>\n<h4>Niech One pojad\u0105 do kina&#8230; Dlatego pokryli\u015bmy koszty przejazdu do kina. Nast\u0119pnie pojad\u0105 do Funparku w Andrychowie. Na koniec zaopatrzymy dzieci w buty wiosenne&#8230;<\/h4>\n<h4>Serce &#8211; sercu&#8230;<\/h4>\n<h4>Czy mo\u017ce by\u0107 co\u015b pi\u0119kniejszego?<\/h4>\n<h4>Jako doro\u015bli bardzo Wam za t\u0105 POSTAW\u0118 SERCA &#8211; dzi\u0119kujemy!<\/h4>\n<h4>Dzi\u0119ki uprzejmo\u015bci Pani Agnieszki Sma\u017cy otrzymali\u015bmy zdj\u0119cia z ich wizyty w kinie&#8230;<\/h4>\n<h4>Cz\u0119\u015b\u0107 Dzieciak\u00f3w nie mog\u0142a by\u0107 w kinie &#8211; jak pisze Pani Agnieszka &#8211; gdy\u017c jest bardzo przezi\u0119biona i chora wiec \u017cyczymy im du\u017co zdr\u00f3wka!<\/h4>\n<h4>&nbsp;<\/h4>\n<p><a href=\"http:\/\/roczyny.duszpasterstwa.bielsko.pl\/wp-content\/uploads\/2022\/03\/275667727_2612114362266717_7274463243864422281_n.jpg\"><img fetchpriority=\"high\" decoding=\"async\" class=\"aligncenter size-large wp-image-4131\" src=\"http:\/\/roczyny.duszpasterstwa.bielsko.pl\/wp-content\/uploads\/2022\/03\/275667727_2612114362266717_7274463243864422281_n-461x1024.jpg\" alt=\"\" width=\"461\" height=\"1024\" srcset=\"http:\/\/roczyny.duszpasterstwa.bielsko.pl\/wp-content\/uploads\/2022\/03\/275667727_2612114362266717_7274463243864422281_n-461x1024.jpg 461w, http:\/\/roczyny.duszpasterstwa.bielsko.pl\/wp-content\/uploads\/2022\/03\/275667727_2612114362266717_7274463243864422281_n-135x300.jpg 135w, http:\/\/roczyny.duszpasterstwa.bielsko.pl\/wp-content\/uploads\/2022\/03\/275667727_2612114362266717_7274463243864422281_n-768x1704.jpg 768w, http:\/\/roczyny.duszpasterstwa.bielsko.pl\/wp-content\/uploads\/2022\/03\/275667727_2612114362266717_7274463243864422281_n-200x444.jpg 200w, http:\/\/roczyny.duszpasterstwa.bielsko.pl\/wp-content\/uploads\/2022\/03\/275667727_2612114362266717_7274463243864422281_n-690x1531.jpg 690w, http:\/\/roczyny.duszpasterstwa.bielsko.pl\/wp-content\/uploads\/2022\/03\/275667727_2612114362266717_7274463243864422281_n.jpg 1374w\" sizes=\"(max-width: 461px) 100vw, 461px\" \/><\/a> <a href=\"http:\/\/roczyny.duszpasterstwa.bielsko.pl\/wp-content\/uploads\/2022\/03\/275378912_2612114365600050_6618536978115964510_n.jpg\"><img decoding=\"async\" class=\"aligncenter size-large wp-image-4132\" src=\"http:\/\/roczyny.duszpasterstwa.bielsko.pl\/wp-content\/uploads\/2022\/03\/275378912_2612114365600050_6618536978115964510_n-461x1024.jpg\" alt=\"\" width=\"461\" height=\"1024\" srcset=\"http:\/\/roczyny.duszpasterstwa.bielsko.pl\/wp-content\/uploads\/2022\/03\/275378912_2612114365600050_6618536978115964510_n-461x1024.jpg 461w, http:\/\/roczyny.duszpasterstwa.bielsko.pl\/wp-content\/uploads\/2022\/03\/275378912_2612114365600050_6618536978115964510_n-135x300.jpg 135w, http:\/\/roczyny.duszpasterstwa.bielsko.pl\/wp-content\/uploads\/2022\/03\/275378912_2612114365600050_6618536978115964510_n-768x1704.jpg 768w, http:\/\/roczyny.duszpasterstwa.bielsko.pl\/wp-content\/uploads\/2022\/03\/275378912_2612114365600050_6618536978115964510_n-200x444.jpg 200w, http:\/\/roczyny.duszpasterstwa.bielsko.pl\/wp-content\/uploads\/2022\/03\/275378912_2612114365600050_6618536978115964510_n-690x1531.jpg 690w, http:\/\/roczyny.duszpasterstwa.bielsko.pl\/wp-content\/uploads\/2022\/03\/275378912_2612114365600050_6618536978115964510_n.jpg 1374w\" sizes=\"(max-width: 461px) 100vw, 461px\" \/><\/a> <a href=\"http:\/\/roczyny.duszpasterstwa.bielsko.pl\/wp-content\/uploads\/2022\/03\/275091753_2612114278933392_6659939285275117926_n.jpg\"><img decoding=\"async\" class=\"aligncenter size-large wp-image-4133\" src=\"http:\/\/roczyny.duszpasterstwa.bielsko.pl\/wp-content\/uploads\/2022\/03\/275091753_2612114278933392_6659939285275117926_n-1024x461.jpg\" alt=\"\" width=\"1024\" height=\"461\" srcset=\"http:\/\/roczyny.duszpasterstwa.bielsko.pl\/wp-content\/uploads\/2022\/03\/275091753_2612114278933392_6659939285275117926_n-1024x461.jpg 1024w, http:\/\/roczyny.duszpasterstwa.bielsko.pl\/wp-content\/uploads\/2022\/03\/275091753_2612114278933392_6659939285275117926_n-300x135.jpg 300w, http:\/\/roczyny.duszpasterstwa.bielsko.pl\/wp-content\/uploads\/2022\/03\/275091753_2612114278933392_6659939285275117926_n-768x346.jpg 768w, http:\/\/roczyny.duszpasterstwa.bielsko.pl\/wp-content\/uploads\/2022\/03\/275091753_2612114278933392_6659939285275117926_n-200x90.jpg 200w, http:\/\/roczyny.duszpasterstwa.bielsko.pl\/wp-content\/uploads\/2022\/03\/275091753_2612114278933392_6659939285275117926_n-690x311.jpg 690w\" sizes=\"(max-width: 1024px) 100vw, 1024px\" \/><\/a> <a href=\"http:\/\/roczyny.duszpasterstwa.bielsko.pl\/wp-content\/uploads\/2022\/03\/275252539_2612114178933402_2697952014147430327_n.jpg\"><img loading=\"lazy\" decoding=\"async\" class=\"aligncenter size-large wp-image-4134\" src=\"http:\/\/roczyny.duszpasterstwa.bielsko.pl\/wp-content\/uploads\/2022\/03\/275252539_2612114178933402_2697952014147430327_n-1024x594.jpg\" alt=\"\" width=\"1024\" height=\"594\" srcset=\"http:\/\/roczyny.duszpasterstwa.bielsko.pl\/wp-content\/uploads\/2022\/03\/275252539_2612114178933402_2697952014147430327_n-1024x594.jpg 1024w, http:\/\/roczyny.duszpasterstwa.bielsko.pl\/wp-content\/uploads\/2022\/03\/275252539_2612114178933402_2697952014147430327_n-300x174.jpg 300w, http:\/\/roczyny.duszpasterstwa.bielsko.pl\/wp-content\/uploads\/2022\/03\/275252539_2612114178933402_2697952014147430327_n-768x446.jpg 768w, http:\/\/roczyny.duszpasterstwa.bielsko.pl\/wp-content\/uploads\/2022\/03\/275252539_2612114178933402_2697952014147430327_n-200x116.jpg 200w, http:\/\/roczyny.duszpasterstwa.bielsko.pl\/wp-content\/uploads\/2022\/03\/275252539_2612114178933402_2697952014147430327_n-690x400.jpg 690w, http:\/\/roczyny.duszpasterstwa.bielsko.pl\/wp-content\/uploads\/2022\/03\/275252539_2612114178933402_2697952014147430327_n.jpg 2048w\" sizes=\"(max-width: 1024px) 100vw, 1024px\" \/><\/a> <a href=\"http:\/\/roczyny.duszpasterstwa.bielsko.pl\/wp-content\/uploads\/2022\/03\/275309761_2612114305600056_7498871834961096030_n.jpg\"><img loading=\"lazy\" decoding=\"async\" class=\"aligncenter size-large wp-image-4135\" src=\"http:\/\/roczyny.duszpasterstwa.bielsko.pl\/wp-content\/uploads\/2022\/03\/275309761_2612114305600056_7498871834961096030_n-1024x461.jpg\" alt=\"\" width=\"1024\" height=\"461\" srcset=\"http:\/\/roczyny.duszpasterstwa.bielsko.pl\/wp-content\/uploads\/2022\/03\/275309761_2612114305600056_7498871834961096030_n-1024x461.jpg 1024w, http:\/\/roczyny.duszpasterstwa.bielsko.pl\/wp-content\/uploads\/2022\/03\/275309761_2612114305600056_7498871834961096030_n-300x135.jpg 300w, http:\/\/roczyny.duszpasterstwa.bielsko.pl\/wp-content\/uploads\/2022\/03\/275309761_2612114305600056_7498871834961096030_n-768x346.jpg 768w, http:\/\/roczyny.duszpasterstwa.bielsko.pl\/wp-content\/uploads\/2022\/03\/275309761_2612114305600056_7498871834961096030_n-200x90.jpg 200w, http:\/\/roczyny.duszpasterstwa.bielsko.pl\/wp-content\/uploads\/2022\/03\/275309761_2612114305600056_7498871834961096030_n-690x311.jpg 690w\" sizes=\"(max-width: 1024px) 100vw, 1024px\" \/><\/a> <a href=\"http:\/\/roczyny.duszpasterstwa.bielsko.pl\/wp-content\/uploads\/2022\/03\/275381748_2612114198933400_2841625626715509446_n.jpg\"><img loading=\"lazy\" decoding=\"async\" class=\"aligncenter size-large wp-image-4136\" src=\"http:\/\/roczyny.duszpasterstwa.bielsko.pl\/wp-content\/uploads\/2022\/03\/275381748_2612114198933400_2841625626715509446_n-1024x576.jpg\" alt=\"\" width=\"1024\" height=\"576\" srcset=\"http:\/\/roczyny.duszpasterstwa.bielsko.pl\/wp-content\/uploads\/2022\/03\/275381748_2612114198933400_2841625626715509446_n-1024x576.jpg 1024w, http:\/\/roczyny.duszpasterstwa.bielsko.pl\/wp-content\/uploads\/2022\/03\/275381748_2612114198933400_2841625626715509446_n-300x169.jpg 300w, http:\/\/roczyny.duszpasterstwa.bielsko.pl\/wp-content\/uploads\/2022\/03\/275381748_2612114198933400_2841625626715509446_n-768x432.jpg 768w, http:\/\/roczyny.duszpasterstwa.bielsko.pl\/wp-content\/uploads\/2022\/03\/275381748_2612114198933400_2841625626715509446_n-200x112.jpg 200w, http:\/\/roczyny.duszpasterstwa.bielsko.pl\/wp-content\/uploads\/2022\/03\/275381748_2612114198933400_2841625626715509446_n-690x388.jpg 690w, http:\/\/roczyny.duszpasterstwa.bielsko.pl\/wp-content\/uploads\/2022\/03\/275381748_2612114198933400_2841625626715509446_n.jpg 2048w\" sizes=\"(max-width: 1024px) 100vw, 1024px\" \/><\/a> <a href=\"http:\/\/roczyny.duszpasterstwa.bielsko.pl\/wp-content\/uploads\/2022\/03\/275052140_2612114085600078_3170455153293940153_n.jpg\"><img loading=\"lazy\" decoding=\"async\" class=\"aligncenter size-large wp-image-4137\" src=\"http:\/\/roczyny.duszpasterstwa.bielsko.pl\/wp-content\/uploads\/2022\/03\/275052140_2612114085600078_3170455153293940153_n-1024x487.jpg\" alt=\"\" width=\"1024\" height=\"487\" srcset=\"http:\/\/roczyny.duszpasterstwa.bielsko.pl\/wp-content\/uploads\/2022\/03\/275052140_2612114085600078_3170455153293940153_n-1024x487.jpg 1024w, http:\/\/roczyny.duszpasterstwa.bielsko.pl\/wp-content\/uploads\/2022\/03\/275052140_2612114085600078_3170455153293940153_n-300x143.jpg 300w, http:\/\/roczyny.duszpasterstwa.bielsko.pl\/wp-content\/uploads\/2022\/03\/275052140_2612114085600078_3170455153293940153_n-768x365.jpg 768w, http:\/\/roczyny.duszpasterstwa.bielsko.pl\/wp-content\/uploads\/2022\/03\/275052140_2612114085600078_3170455153293940153_n-200x95.jpg 200w, http:\/\/roczyny.duszpasterstwa.bielsko.pl\/wp-content\/uploads\/2022\/03\/275052140_2612114085600078_3170455153293940153_n-690x328.jpg 690w\" sizes=\"(max-width: 1024px) 100vw, 1024px\" \/><\/a> <a href=\"http:\/\/roczyny.duszpasterstwa.bielsko.pl\/wp-content\/uploads\/2022\/03\/275229214_2612114378933382_8907590214320033298_n.jpg\"><img loading=\"lazy\" decoding=\"async\" class=\"aligncenter size-large wp-image-4138\" src=\"http:\/\/roczyny.duszpasterstwa.bielsko.pl\/wp-content\/uploads\/2022\/03\/275229214_2612114378933382_8907590214320033298_n-1024x461.jpg\" alt=\"\" width=\"1024\" height=\"461\" srcset=\"http:\/\/roczyny.duszpasterstwa.bielsko.pl\/wp-content\/uploads\/2022\/03\/275229214_2612114378933382_8907590214320033298_n-1024x461.jpg 1024w, http:\/\/roczyny.duszpasterstwa.bielsko.pl\/wp-content\/uploads\/2022\/03\/275229214_2612114378933382_8907590214320033298_n-300x135.jpg 300w, http:\/\/roczyny.duszpasterstwa.bielsko.pl\/wp-content\/uploads\/2022\/03\/275229214_2612114378933382_8907590214320033298_n-768x346.jpg 768w, http:\/\/roczyny.duszpasterstwa.bielsko.pl\/wp-content\/uploads\/2022\/03\/275229214_2612114378933382_8907590214320033298_n-200x90.jpg 200w, http:\/\/roczyny.duszpasterstwa.bielsko.pl\/wp-content\/uploads\/2022\/03\/275229214_2612114378933382_8907590214320033298_n-690x311.jpg 690w\" sizes=\"(max-width: 1024px) 100vw, 1024px\" \/><\/a> <a href=\"http:\/\/roczyny.duszpasterstwa.bielsko.pl\/wp-content\/uploads\/2022\/03\/275499141_2612114162266737_1452635899909751054_n.jpg\"><img loading=\"lazy\" decoding=\"async\" class=\"aligncenter size-large wp-image-4139\" src=\"http:\/\/roczyny.duszpasterstwa.bielsko.pl\/wp-content\/uploads\/2022\/03\/275499141_2612114162266737_1452635899909751054_n-720x1024.jpg\" alt=\"\" width=\"720\" height=\"1024\" srcset=\"http:\/\/roczyny.duszpasterstwa.bielsko.pl\/wp-content\/uploads\/2022\/03\/275499141_2612114162266737_1452635899909751054_n-720x1024.jpg 720w, http:\/\/roczyny.duszpasterstwa.bielsko.pl\/wp-content\/uploads\/2022\/03\/275499141_2612114162266737_1452635899909751054_n-211x300.jpg 211w, http:\/\/roczyny.duszpasterstwa.bielsko.pl\/wp-content\/uploads\/2022\/03\/275499141_2612114162266737_1452635899909751054_n-768x1092.jpg 768w, http:\/\/roczyny.duszpasterstwa.bielsko.pl\/wp-content\/uploads\/2022\/03\/275499141_2612114162266737_1452635899909751054_n-200x284.jpg 200w, http:\/\/roczyny.duszpasterstwa.bielsko.pl\/wp-content\/uploads\/2022\/03\/275499141_2612114162266737_1452635899909751054_n-690x981.jpg 690w, http:\/\/roczyny.duszpasterstwa.bielsko.pl\/wp-content\/uploads\/2022\/03\/275499141_2612114162266737_1452635899909751054_n.jpg 1440w\" sizes=\"(max-width: 720px) 100vw, 720px\" \/><\/a> <a href=\"http:\/\/roczyny.duszpasterstwa.bielsko.pl\/wp-content\/uploads\/2022\/03\/275121567_2612114038933416_2470652770670113498_n.jpg\"><img loading=\"lazy\" decoding=\"async\" class=\"aligncenter size-large wp-image-4140\" src=\"http:\/\/roczyny.duszpasterstwa.bielsko.pl\/wp-content\/uploads\/2022\/03\/275121567_2612114038933416_2470652770670113498_n-805x1024.jpg\" alt=\"\" width=\"805\" height=\"1024\" srcset=\"http:\/\/roczyny.duszpasterstwa.bielsko.pl\/wp-content\/uploads\/2022\/03\/275121567_2612114038933416_2470652770670113498_n-805x1024.jpg 805w, http:\/\/roczyny.duszpasterstwa.bielsko.pl\/wp-content\/uploads\/2022\/03\/275121567_2612114038933416_2470652770670113498_n-236x300.jpg 236w, http:\/\/roczyny.duszpasterstwa.bielsko.pl\/wp-content\/uploads\/2022\/03\/275121567_2612114038933416_2470652770670113498_n-768x978.jpg 768w, http:\/\/roczyny.duszpasterstwa.bielsko.pl\/wp-content\/uploads\/2022\/03\/275121567_2612114038933416_2470652770670113498_n-200x255.jpg 200w, http:\/\/roczyny.duszpasterstwa.bielsko.pl\/wp-content\/uploads\/2022\/03\/275121567_2612114038933416_2470652770670113498_n-690x878.jpg 690w, http:\/\/roczyny.duszpasterstwa.bielsko.pl\/wp-content\/uploads\/2022\/03\/275121567_2612114038933416_2470652770670113498_n.jpg 1609w\" sizes=\"(max-width: 805px) 100vw, 805px\" \/><\/a> <a href=\"http:\/\/roczyny.duszpasterstwa.bielsko.pl\/wp-content\/uploads\/2022\/03\/275427597_2612114255600061_6618594550291201115_n.jpg\"><img loading=\"lazy\" decoding=\"async\" class=\"aligncenter size-large wp-image-4141\" src=\"http:\/\/roczyny.duszpasterstwa.bielsko.pl\/wp-content\/uploads\/2022\/03\/275427597_2612114255600061_6618594550291201115_n-1024x461.jpg\" alt=\"\" width=\"1024\" height=\"461\" srcset=\"http:\/\/roczyny.duszpasterstwa.bielsko.pl\/wp-content\/uploads\/2022\/03\/275427597_2612114255600061_6618594550291201115_n-1024x461.jpg 1024w, http:\/\/roczyny.duszpasterstwa.bielsko.pl\/wp-content\/uploads\/2022\/03\/275427597_2612114255600061_6618594550291201115_n-300x135.jpg 300w, http:\/\/roczyny.duszpasterstwa.bielsko.pl\/wp-content\/uploads\/2022\/03\/275427597_2612114255600061_6618594550291201115_n-768x346.jpg 768w, http:\/\/roczyny.duszpasterstwa.bielsko.pl\/wp-content\/uploads\/2022\/03\/275427597_2612114255600061_6618594550291201115_n-200x90.jpg 200w, http:\/\/roczyny.duszpasterstwa.bielsko.pl\/wp-content\/uploads\/2022\/03\/275427597_2612114255600061_6618594550291201115_n-690x311.jpg 690w\" sizes=\"(max-width: 1024px) 100vw, 1024px\" \/><\/a> <a href=\"http:\/\/roczyny.duszpasterstwa.bielsko.pl\/wp-content\/uploads\/2022\/03\/275095130_2612114095600077_1977133299034984453_n.jpg\"><img loading=\"lazy\" decoding=\"async\" class=\"aligncenter size-large wp-image-4142\" src=\"http:\/\/roczyny.duszpasterstwa.bielsko.pl\/wp-content\/uploads\/2022\/03\/275095130_2612114095600077_1977133299034984453_n-664x1024.jpg\" alt=\"\" width=\"664\" height=\"1024\" srcset=\"http:\/\/roczyny.duszpasterstwa.bielsko.pl\/wp-content\/uploads\/2022\/03\/275095130_2612114095600077_1977133299034984453_n-664x1024.jpg 664w, http:\/\/roczyny.duszpasterstwa.bielsko.pl\/wp-content\/uploads\/2022\/03\/275095130_2612114095600077_1977133299034984453_n-194x300.jpg 194w, http:\/\/roczyny.duszpasterstwa.bielsko.pl\/wp-content\/uploads\/2022\/03\/275095130_2612114095600077_1977133299034984453_n-768x1185.jpg 768w, http:\/\/roczyny.duszpasterstwa.bielsko.pl\/wp-content\/uploads\/2022\/03\/275095130_2612114095600077_1977133299034984453_n-200x309.jpg 200w, http:\/\/roczyny.duszpasterstwa.bielsko.pl\/wp-content\/uploads\/2022\/03\/275095130_2612114095600077_1977133299034984453_n-690x1065.jpg 690w, http:\/\/roczyny.duszpasterstwa.bielsko.pl\/wp-content\/uploads\/2022\/03\/275095130_2612114095600077_1977133299034984453_n.jpg 843w\" sizes=\"(max-width: 664px) 100vw, 664px\" \/><\/a> <a href=\"http:\/\/roczyny.duszpasterstwa.bielsko.pl\/wp-content\/uploads\/2022\/03\/275402771_2612114152266738_155662565643893206_n.jpg\"><img loading=\"lazy\" decoding=\"async\" class=\"aligncenter size-large wp-image-4143\" src=\"http:\/\/roczyny.duszpasterstwa.bielsko.pl\/wp-content\/uploads\/2022\/03\/275402771_2612114152266738_155662565643893206_n-583x1024.jpg\" alt=\"\" width=\"583\" height=\"1024\" srcset=\"http:\/\/roczyny.duszpasterstwa.bielsko.pl\/wp-content\/uploads\/2022\/03\/275402771_2612114152266738_155662565643893206_n-583x1024.jpg 583w, http:\/\/roczyny.duszpasterstwa.bielsko.pl\/wp-content\/uploads\/2022\/03\/275402771_2612114152266738_155662565643893206_n-171x300.jpg 171w, http:\/\/roczyny.duszpasterstwa.bielsko.pl\/wp-content\/uploads\/2022\/03\/275402771_2612114152266738_155662565643893206_n-200x351.jpg 200w, http:\/\/roczyny.duszpasterstwa.bielsko.pl\/wp-content\/uploads\/2022\/03\/275402771_2612114152266738_155662565643893206_n-690x1212.jpg 690w, http:\/\/roczyny.duszpasterstwa.bielsko.pl\/wp-content\/uploads\/2022\/03\/275402771_2612114152266738_155662565643893206_n.jpg 720w\" sizes=\"(max-width: 583px) 100vw, 583px\" \/><\/a><\/p>\n","protected":false},"excerpt":{"rendered":"<p>Po feriach zimowych przedstawili\u015bmy w naszej Szkole JASE\u0141KA&#8230; Wielkie zaanga\u017cowanie dzieciak\u00f3w i m\u0142odzie\u017cy&#8230; Po przedstawieniu dla Rodzic\u00f3w &#8211; otrzymali\u015bmy dar <a class=\"read-more\" href=\"http:\/\/roczyny.duszpasterstwa.bielsko.pl\/?p=4130\">czytaj dalej<\/a><\/p>\n","protected":false},"author":2,"featured_media":4136,"comment_status":"closed","ping_status":"open","sticky":false,"template":"","format":"standard","meta":{"ngg_post_thumbnail":0,"footnotes":""},"categories":[15,28],"tags":[],"class_list":["post-4130","post","type-post","status-publish","format-standard","has-post-thumbnail","hentry","category-aktualnosci","category-przedstawienia","post-item clearfix"],"_links":{"self":[{"href":"http:\/\/roczyny.duszpasterstwa.bielsko.pl\/index.php?rest_route=\/wp\/v2\/posts\/4130"}],"collection":[{"href":"http:\/\/roczyny.duszpasterstwa.bielsko.pl\/index.php?rest_route=\/wp\/v2\/posts"}],"about":[{"href":"http:\/\/roczyny.duszpasterstwa.bielsko.pl\/index.php?rest_route=\/wp\/v2\/types\/post"}],"author":[{"embeddable":true,"href":"http:\/\/roczyny.duszpasterstwa.bielsko.pl\/index.php?rest_route=\/wp\/v2\/users\/2"}],"replies":[{"embeddable":true,"href":"http:\/\/roczyny.duszpasterstwa.bielsko.pl\/index.php?rest_route=%2Fwp%2Fv2%2Fcomments&post=4130"}],"version-history":[{"count":3,"href":"http:\/\/roczyny.duszpasterstwa.bielsko.pl\/index.php?rest_route=\/wp\/v2\/posts\/4130\/revisions"}],"predecessor-version":[{"id":4146,"href":"http:\/\/roczyny.duszpasterstwa.bielsko.pl\/index.php?rest_route=\/wp\/v2\/posts\/4130\/revisions\/4146"}],"wp:featuredmedia":[{"embeddable":true,"href":"http:\/\/roczyny.duszpasterstwa.bielsko.pl\/index.php?rest_route=\/wp\/v2\/media\/4136"}],"wp:attachment":[{"href":"http:\/\/roczyny.duszpasterstwa.bielsko.pl\/index.php?rest_route=%2Fwp%2Fv2%2Fmedia&parent=4130"}],"wp:term":[{"taxonomy":"category","embeddable":true,"href":"http:\/\/roczyny.duszpasterstwa.bielsko.pl\/index.php?rest_route=%2Fwp%2Fv2%2Fcategories&post=4130"},{"taxonomy":"post_tag","embeddable":true,"href":"http:\/\/roczyny.duszpasterstwa.bielsko.pl\/index.php?rest_route=%2Fwp%2Fv2%2Ftags&post=4130"}],"curies":[{"name":"wp","href":"https:\/\/api.w.org\/{rel}","templated":true}]}}