{"id":4099,"date":"2022-03-05T13:19:52","date_gmt":"2022-03-05T12:19:52","guid":{"rendered":"http:\/\/roczyny.duszpasterstwa.bielsko.pl\/?p=4099"},"modified":"2022-03-05T13:19:52","modified_gmt":"2022-03-05T12:19:52","slug":"wielki-post-swiadkowie-zbawienia","status":"publish","type":"post","link":"http:\/\/roczyny.duszpasterstwa.bielsko.pl\/?p=4099","title":{"rendered":"WIELKI POST&#8230; \u015aWIADKOWIE ZBAWIENIA&#8230;"},"content":{"rendered":"<h4><strong>Wielki Post\u2026 spotykamy \u015bwiadk\u00f3w zbawienia\u2026 cz.1<\/strong><\/h4>\n<h4>&nbsp;<\/h4>\n<h4>Okres Wielkiego Postu to wyj\u0105tkowy czas kiedy powinni\u015bmy wzmocni\u0107 nie tyle cia\u0142o\u2026 zmierzmy ku wio\u015bnie, ale przede wszystkim naszego DUCHA.<\/h4>\n<h4>Polskie powiedzenie m\u00f3wi: w zdrowym ciele zdrowy duch&#8221;, ale z do\u015bwiadczenia wiemy, \u017ce gdy duch jest zdrowy, to i cia\u0142o ma wi\u0119cej energii. Dlatego podczas Wielkiego Postu naszego DUCHA chcemy wzmocni\u0107 przez zatrzymanie si\u0119 z Panem Jezusem na &nbsp;DRODZE KRZY\u017bOWEJ i GORZKICH &nbsp;\u017bALACH.<\/h4>\n<h4>W ka\u017cdym z tych nabo\u017ce\u0144stw spotykamy \u015bwiadk\u00f3w m\u00f3wi\u0105cych o tym, co Jezus zrobi\u0142 dla nas, nawet je\u015bli s\u0105 to niemi \u015bwiadkowie. To oni doprowadzaj\u0105&nbsp; nas do najwi\u0119kszego cudu w historii \u015bwiata, jakim jest Zmartwychwstanie Pana Jezusa.<\/h4>\n<h4><strong>DROGA KRZY\u017bOWA<\/strong> to inaczej via dolorosa (droga cierpienia). Jako pierwszy drog\u0119 14 stacji wprowadzi\u0142 w XVIII wieku papie\u017c Benedykt XIV w rzymskim Koloseum. I trwa ona a\u017c do dzisiaj\u2026<\/h4>\n<h4>Poszczeg\u00f3lni \u015bwiadkowie m\u0119ki Pana Jezusa pragn\u0105 zada\u0107 nam pytania i zapewnienia:<\/h4>\n<h4><strong>PI\u0141AT<\/strong> \u2013 Czy twoje s\u0105dy w domu, w pracy, szkole, uczelni, w s\u0105siedztwie \u2013 s\u0105 sprawiedliwe? Czy nie oskar\u017casz innych nies\u0142usznie?<\/h4>\n<h4><strong>MARYJA<\/strong> \u2013 C\u00f3rko moja, Synu m\u00f3j przez wieki spod st\u00f3p krzy\u017ca na Golgocie za\u015bwiadczam, \u017ce bior\u0119 Ci\u0119 w swoj\u0105 opiek\u0119 i zapewniam Was, ze m\u00f3j Syn jest z Wami tu i teraz, a\u017c do sko\u0144czenia \u015bwiata.<\/h4>\n<h4><strong>SZYMON <\/strong>\u2013 Czy wiesz, \u017ce je\u015bli Ci jest ci\u0119\u017cko, trudno, \u017ale, to przytulenie do jezusowego krzy\u017ca mo\u017ce Ci pom\u00f3c? Czy z ch\u0119ci\u0105 podejmujesz swoje krzy\u017ce &#8211;&nbsp; obowi\u0105zki, zadania?<\/h4>\n<h4><strong>WERONIKA<\/strong> \u2013 Czy spe\u0142niasz swoje obowi\u0105zki w rodzinie, w pracy, w szkole, na uczelni? Czy jeste\u015b odwa\u017cny\/ odwa\u017cna, kiedy trzeba by\u0107 \u015bwiadkiem Pana Jezusa? Pami\u0119taj &#8211;&nbsp; Twoje uczynki te\u017c mog\u0105 pozostawi\u0107 odbicie w ludzkich sercach.<\/h4>\n<h4><strong>P\u0141ACZ\u0104CE NIEWIASTY <\/strong>\u2013 Czy Twoi bliscy nie p\u0142acz\u0105 z Twojego powodu?&nbsp; Czy szczerze potrafisz komu\u015b wsp\u00f3\u0142czu\u0107?<\/h4>\n<h4><strong>SKRUSZONY \u0141OTR<\/strong> \u2013 Jezus dotrzyma\u0142 s\u0142owa m\u00f3wi\u0105c mi \u201edzi\u015b ze mn\u0105 b\u0119dziesz w raju\u201d \u2013 jestem pierwszym \u015bwi\u0119tym kanonizowanym przez samego Pana Jezusa, bo prosi\u0142em o przebaczenie. Czy wiesz, \u017ce zawsze, do ko\u0144ca swojego \u017cycia mo\u017cesz prosi\u0107 o przebaczenie grzech\u00f3w Boga i ludzi?<\/h4>\n<h4>DROGA KRZY\u017bOWA W NASZYM KO\u015aCIELE\u2026.. &nbsp; PI\u0104TKI &#8211; 16.30. &nbsp; &nbsp;NIEDZIELA &#8211; PO MSZY O GODZ. 7.00<\/h4>\n<h4>CDN<\/h4>\n<p><a href=\"http:\/\/roczyny.duszpasterstwa.bielsko.pl\/wp-content\/uploads\/2022\/03\/AdobeStock_198011457-696x464-1.jpeg\"><img fetchpriority=\"high\" decoding=\"async\" class=\"aligncenter size-full wp-image-4100\" src=\"http:\/\/roczyny.duszpasterstwa.bielsko.pl\/wp-content\/uploads\/2022\/03\/AdobeStock_198011457-696x464-1.jpeg\" alt=\"\" width=\"696\" height=\"464\" srcset=\"http:\/\/roczyny.duszpasterstwa.bielsko.pl\/wp-content\/uploads\/2022\/03\/AdobeStock_198011457-696x464-1.jpeg 696w, http:\/\/roczyny.duszpasterstwa.bielsko.pl\/wp-content\/uploads\/2022\/03\/AdobeStock_198011457-696x464-1-300x200.jpeg 300w, http:\/\/roczyny.duszpasterstwa.bielsko.pl\/wp-content\/uploads\/2022\/03\/AdobeStock_198011457-696x464-1-200x133.jpeg 200w, http:\/\/roczyny.duszpasterstwa.bielsko.pl\/wp-content\/uploads\/2022\/03\/AdobeStock_198011457-696x464-1-690x460.jpeg 690w\" sizes=\"(max-width: 696px) 100vw, 696px\" \/><\/a><\/p>\n","protected":false},"excerpt":{"rendered":"<p>Wielki Post\u2026 spotykamy \u015bwiadk\u00f3w zbawienia\u2026 cz.1 &nbsp; Okres Wielkiego Postu to wyj\u0105tkowy czas kiedy powinni\u015bmy wzmocni\u0107 nie tyle cia\u0142o\u2026 zmierzmy <a class=\"read-more\" href=\"http:\/\/roczyny.duszpasterstwa.bielsko.pl\/?p=4099\">czytaj dalej<\/a><\/p>\n","protected":false},"author":2,"featured_media":4100,"comment_status":"closed","ping_status":"open","sticky":false,"template":"","format":"standard","meta":{"ngg_post_thumbnail":0,"footnotes":""},"categories":[15],"tags":[],"class_list":["post-4099","post","type-post","status-publish","format-standard","has-post-thumbnail","hentry","category-aktualnosci","post-item clearfix"],"_links":{"self":[{"href":"http:\/\/roczyny.duszpasterstwa.bielsko.pl\/index.php?rest_route=\/wp\/v2\/posts\/4099"}],"collection":[{"href":"http:\/\/roczyny.duszpasterstwa.bielsko.pl\/index.php?rest_route=\/wp\/v2\/posts"}],"about":[{"href":"http:\/\/roczyny.duszpasterstwa.bielsko.pl\/index.php?rest_route=\/wp\/v2\/types\/post"}],"author":[{"embeddable":true,"href":"http:\/\/roczyny.duszpasterstwa.bielsko.pl\/index.php?rest_route=\/wp\/v2\/users\/2"}],"replies":[{"embeddable":true,"href":"http:\/\/roczyny.duszpasterstwa.bielsko.pl\/index.php?rest_route=%2Fwp%2Fv2%2Fcomments&post=4099"}],"version-history":[{"count":1,"href":"http:\/\/roczyny.duszpasterstwa.bielsko.pl\/index.php?rest_route=\/wp\/v2\/posts\/4099\/revisions"}],"predecessor-version":[{"id":4101,"href":"http:\/\/roczyny.duszpasterstwa.bielsko.pl\/index.php?rest_route=\/wp\/v2\/posts\/4099\/revisions\/4101"}],"wp:featuredmedia":[{"embeddable":true,"href":"http:\/\/roczyny.duszpasterstwa.bielsko.pl\/index.php?rest_route=\/wp\/v2\/media\/4100"}],"wp:attachment":[{"href":"http:\/\/roczyny.duszpasterstwa.bielsko.pl\/index.php?rest_route=%2Fwp%2Fv2%2Fmedia&parent=4099"}],"wp:term":[{"taxonomy":"category","embeddable":true,"href":"http:\/\/roczyny.duszpasterstwa.bielsko.pl\/index.php?rest_route=%2Fwp%2Fv2%2Fcategories&post=4099"},{"taxonomy":"post_tag","embeddable":true,"href":"http:\/\/roczyny.duszpasterstwa.bielsko.pl\/index.php?rest_route=%2Fwp%2Fv2%2Ftags&post=4099"}],"curies":[{"name":"wp","href":"https:\/\/api.w.org\/{rel}","templated":true}]}}