{"id":4095,"date":"2022-03-05T12:19:52","date_gmt":"2022-03-05T11:19:52","guid":{"rendered":"http:\/\/roczyny.duszpasterstwa.bielsko.pl\/?p=4095"},"modified":"2022-03-05T12:19:52","modified_gmt":"2022-03-05T11:19:52","slug":"ogloszenia-i-intencje-i-nwp-plan-wizytacji","status":"publish","type":"post","link":"http:\/\/roczyny.duszpasterstwa.bielsko.pl\/?p=4095","title":{"rendered":"OG\u0141OSZENIA I INTENCJE &#8211; I NWP &#8211; PLAN WIZYTACJI&#8230;"},"content":{"rendered":"<h4><strong><u>I&nbsp;&nbsp; N I E D Z I E L A&nbsp;&nbsp; W I E L K I E G O&nbsp;&nbsp; P O S T U<\/u><\/strong> (6.o3.2022r.)<\/h4>\n<h4>W dniach 30-go kwietnia do 3-go maja 2022r. odb\u0119dzie si\u0119 X Pielgrzymka Diecezji Bielsko-\u017bywieckiej do Sanktuarium Mi\u0142osierdzia Bo\u017cego i Sanktuarium Jana Paw\u0142a II w Krakowie \u0141agiewnikach.<\/h4>\n<h4>Zapisy na Piesz\u0105 Pielgrzymk\u0119 trwaj\u0105 od 6 marca do 3 kwietnia w Andrychowie parafia \u015bw. Macieja.<\/h4>\n<h4>W \u015brod\u0119 9 marca zapraszamy m\u0142odzie\u017c przygotowuj\u0105c\u0105 si\u0119 do bierzmowania na Eucharysti\u0119 przez nich przygotowan\u0105 o godz. 18.00. Przed Msz\u0105 b\u0119d\u0105 mieli mo\u017cliwo\u015b\u0107 spowiedzi<\/h4>\n<h4>W przysz\u0142\u0105 niedziel\u0119 13 marca w naszej parafii odb\u0119dzie si\u0119 wizytacja kanoniczna, kt\u00f3r\u0105 przeprowadzi ks. bp. Piotr Greger.<\/h4>\n<h4><strong>Plan wizytacji<\/strong><\/h4>\n<h4>godz.6.45&nbsp;&nbsp; -Kanoniczne wprowadzenie ksi\u0119dza biskupa<\/h4>\n<h4>godz.7.oo&nbsp;&nbsp; &#8211; Msza \u015bw. z homili\u0105 ks. biskupa<\/h4>\n<h4>godz.9.oo&nbsp;&nbsp; &#8211; Msza \u015bw. z homili\u0105 ks. biskupa<\/h4>\n<h4>&nbsp;&nbsp;&nbsp;&nbsp;&nbsp;&nbsp;&nbsp;&nbsp;&nbsp;&nbsp;&nbsp;&nbsp;&nbsp;&nbsp;&nbsp;&nbsp;&nbsp;&nbsp;&nbsp;&nbsp;&nbsp;&nbsp;&nbsp; Po Mszy \u015bw. spotkanie z grupami formacyjnymi doros\u0142ych<\/h4>\n<h4>&nbsp;&nbsp;&nbsp;&nbsp;&nbsp;&nbsp;&nbsp;&nbsp;&nbsp;&nbsp;&nbsp;&nbsp;&nbsp;&nbsp;&nbsp;&nbsp;&nbsp;&nbsp;&nbsp;&nbsp;&nbsp;&nbsp;&nbsp;&nbsp;&nbsp; &#8211; z cz\u0142onkami \u017bywego R\u00f3\u017ca\u0144ca<\/h4>\n<h4>&nbsp;&nbsp;&nbsp;&nbsp;&nbsp;&nbsp;&nbsp;&nbsp;&nbsp;&nbsp;&nbsp;&nbsp;&nbsp;&nbsp;&nbsp;&nbsp;&nbsp;&nbsp;&nbsp;&nbsp;&nbsp;&nbsp;&nbsp;&nbsp;&nbsp; &#8211; z Domowy Ko\u015bcio\u0142em<\/h4>\n<h4>&nbsp;&nbsp;&nbsp;&nbsp;&nbsp;&nbsp;&nbsp;&nbsp;&nbsp;&nbsp;&nbsp;&nbsp;&nbsp;&nbsp;&nbsp;&nbsp;&nbsp;&nbsp;&nbsp;&nbsp;&nbsp;&nbsp;&nbsp;&nbsp;&nbsp; &#8211; z Rad\u0105 Parafialn\u0105<\/h4>\n<h4>&nbsp;&nbsp;&nbsp;&nbsp;&nbsp;&nbsp;&nbsp;&nbsp;&nbsp;&nbsp;&nbsp;&nbsp;&nbsp;&nbsp;&nbsp;&nbsp;&nbsp;&nbsp;&nbsp;&nbsp;&nbsp;&nbsp;&nbsp;&nbsp;&nbsp; &#8211; M\u0119sk\u0105 Stron\u0105 Rzeczywisto\u015bci<\/h4>\n<h4>godz.11.o&nbsp; &#8211; Msza \u015bw. pod przewodnictwem i homili\u0105 ks. bp. \u2013 na zako\u0144czenie liturgii<\/h4>\n<h4>&nbsp;&nbsp;&nbsp;&nbsp;&nbsp;&nbsp;&nbsp;&nbsp;&nbsp;&nbsp;&nbsp;&nbsp;&nbsp;&nbsp;&nbsp;&nbsp;&nbsp;&nbsp;&nbsp;&nbsp;&nbsp;&nbsp; b\u0142ogos\u0142awie\u0144stwo ma\u0142ych dzieci i matek oczekuj\u0105cych potomstwa<\/h4>\n<h4>&nbsp;&nbsp;&nbsp;&nbsp;&nbsp;&nbsp;&nbsp;&nbsp;&nbsp;&nbsp;&nbsp;&nbsp;&nbsp;&nbsp;&nbsp;&nbsp;&nbsp;&nbsp;&nbsp;&nbsp;&nbsp;&nbsp;&nbsp;&nbsp; &#8211; spotkanie z grupami formacyjnymi dzieci i m\u0142odzie\u017cy<\/h4>\n<h4>godz.14.3o \u2013 Gorzkie \u017bale z kazaniem Pasyjnym \u2013 po nabo\u017ce\u0144stwie Msza \u015bw. z homili\u0105 ks. biskupa<\/h4>\n<h4><strong><em>I N T E N C J E&nbsp;&nbsp; M S Z Y&nbsp;&nbsp; \u015a W.<\/em><\/strong><\/h4>\n<h4>Poniedzia\u0142ek(7)<\/h4>\n<h4>&nbsp;&nbsp; godz.6.3o&nbsp;&nbsp; &#8211; +Henryka Kiszczaka<\/h4>\n<h4>&nbsp;&nbsp; godz.17.oo &#8211; +Jana Zawarus<\/h4>\n<h4>Wtorek(8)<\/h4>\n<h4>&nbsp;&nbsp; godz.6.3o&nbsp;&nbsp; &#8211; +Stanis\u0142awa Wi\u0119ckowskiego<\/h4>\n<h4>&nbsp;&nbsp; godz.17.oo &#8211; +Teres\u0119 Maci\u0105ga z m\u0119\u017cem<\/h4>\n<h4>\u015aroda(9)<\/h4>\n<h4>&nbsp;&nbsp; godz.6.3o&nbsp;&nbsp; &#8211; +Stanis\u0142awa Rozali\u0119 brata Dominika<\/h4>\n<h4>&nbsp;&nbsp; godz.17.oo &#8211; +Teres\u0119 Maci\u0105ga<\/h4>\n<h4>Czwartek(1o)<\/h4>\n<h4>&nbsp;&nbsp; godz.6.3o&nbsp;&nbsp; &#8211; Za zmar\u0142ych z okresu rocznego naszej parafii<\/h4>\n<h4>&nbsp;&nbsp; godz.17.oo &#8211; +Franciszk\u0119 J\u00f3zefa Kojder<\/h4>\n<h4>Pi\u0105tek(11)<\/h4>\n<h4>&nbsp;&nbsp; godz.6.3o&nbsp;&nbsp; &#8211; +Franciszka Ma\u0142ys\u0119 z \u017con\u0105 Franciszk\u0105<\/h4>\n<h4>&nbsp;&nbsp; godz.17.oo &#8211; +Tadeusza Iwan<\/h4>\n<h4>Sobota(12)<\/h4>\n<h4>&nbsp;&nbsp; godz.6.3o&nbsp;&nbsp; &#8211; +J\u00f3zefa Fia\u0142ek z \u017con\u0105 Franciszk\u0105<\/h4>\n<h4>&nbsp;&nbsp; godz.17.oo &#8211; +Helen\u0119 Walczak Jana m\u0119\u017ca J\u00f3zef\u0119 Babik<\/h4>\n<h4>Niedziela(13)<\/h4>\n<h4>&nbsp;&nbsp; godz.7.oo&nbsp;&nbsp; &#8211; +Stanis\u0142awa Ku\u017am\u0119<\/h4>\n<h4>&nbsp;&nbsp; godz.9.oo&nbsp;&nbsp; &#8211; +J\u00f3zefa Walusiaka z rodzicami<\/h4>\n<h4>&nbsp;&nbsp; godz.11.oo \u2013 W int. Miko\u0142aja w 1-wsz\u0105 r. urodzin<\/h4>\n<h4>&nbsp;&nbsp; godz.15.oo &#8211; +Mari\u0119 Prus W\u0142adys\u0142awa m\u0119\u017ca<\/h4>\n<h4>&nbsp;<\/h4>\n<p><a href=\"http:\/\/roczyny.duszpasterstwa.bielsko.pl\/wp-content\/uploads\/2022\/03\/IMG_9499.jpg\"><img fetchpriority=\"high\" decoding=\"async\" class=\"aligncenter size-large wp-image-4096\" src=\"http:\/\/roczyny.duszpasterstwa.bielsko.pl\/wp-content\/uploads\/2022\/03\/IMG_9499-417x1024.jpg\" alt=\"\" width=\"417\" height=\"1024\" srcset=\"http:\/\/roczyny.duszpasterstwa.bielsko.pl\/wp-content\/uploads\/2022\/03\/IMG_9499-417x1024.jpg 417w, http:\/\/roczyny.duszpasterstwa.bielsko.pl\/wp-content\/uploads\/2022\/03\/IMG_9499-122x300.jpg 122w, http:\/\/roczyny.duszpasterstwa.bielsko.pl\/wp-content\/uploads\/2022\/03\/IMG_9499-768x1885.jpg 768w, http:\/\/roczyny.duszpasterstwa.bielsko.pl\/wp-content\/uploads\/2022\/03\/IMG_9499-200x491.jpg 200w, http:\/\/roczyny.duszpasterstwa.bielsko.pl\/wp-content\/uploads\/2022\/03\/IMG_9499-690x1693.jpg 690w\" sizes=\"(max-width: 417px) 100vw, 417px\" \/><\/a><\/p>\n<p>&nbsp;<\/p>\n","protected":false},"excerpt":{"rendered":"<p>I&nbsp;&nbsp; N I E D Z I E L A&nbsp;&nbsp; W I E L K I E G O&nbsp;&nbsp; P <a class=\"read-more\" href=\"http:\/\/roczyny.duszpasterstwa.bielsko.pl\/?p=4095\">czytaj dalej<\/a><\/p>\n","protected":false},"author":2,"featured_media":4097,"comment_status":"closed","ping_status":"open","sticky":false,"template":"","format":"standard","meta":{"ngg_post_thumbnail":0,"footnotes":""},"categories":[15,12],"tags":[],"class_list":["post-4095","post","type-post","status-publish","format-standard","has-post-thumbnail","hentry","category-aktualnosci","category-ogloszenia-parafialne","post-item clearfix"],"_links":{"self":[{"href":"http:\/\/roczyny.duszpasterstwa.bielsko.pl\/index.php?rest_route=\/wp\/v2\/posts\/4095"}],"collection":[{"href":"http:\/\/roczyny.duszpasterstwa.bielsko.pl\/index.php?rest_route=\/wp\/v2\/posts"}],"about":[{"href":"http:\/\/roczyny.duszpasterstwa.bielsko.pl\/index.php?rest_route=\/wp\/v2\/types\/post"}],"author":[{"embeddable":true,"href":"http:\/\/roczyny.duszpasterstwa.bielsko.pl\/index.php?rest_route=\/wp\/v2\/users\/2"}],"replies":[{"embeddable":true,"href":"http:\/\/roczyny.duszpasterstwa.bielsko.pl\/index.php?rest_route=%2Fwp%2Fv2%2Fcomments&post=4095"}],"version-history":[{"count":1,"href":"http:\/\/roczyny.duszpasterstwa.bielsko.pl\/index.php?rest_route=\/wp\/v2\/posts\/4095\/revisions"}],"predecessor-version":[{"id":4098,"href":"http:\/\/roczyny.duszpasterstwa.bielsko.pl\/index.php?rest_route=\/wp\/v2\/posts\/4095\/revisions\/4098"}],"wp:featuredmedia":[{"embeddable":true,"href":"http:\/\/roczyny.duszpasterstwa.bielsko.pl\/index.php?rest_route=\/wp\/v2\/media\/4097"}],"wp:attachment":[{"href":"http:\/\/roczyny.duszpasterstwa.bielsko.pl\/index.php?rest_route=%2Fwp%2Fv2%2Fmedia&parent=4095"}],"wp:term":[{"taxonomy":"category","embeddable":true,"href":"http:\/\/roczyny.duszpasterstwa.bielsko.pl\/index.php?rest_route=%2Fwp%2Fv2%2Fcategories&post=4095"},{"taxonomy":"post_tag","embeddable":true,"href":"http:\/\/roczyny.duszpasterstwa.bielsko.pl\/index.php?rest_route=%2Fwp%2Fv2%2Ftags&post=4095"}],"curies":[{"name":"wp","href":"https:\/\/api.w.org\/{rel}","templated":true}]}}