{"id":4088,"date":"2022-03-01T19:34:26","date_gmt":"2022-03-01T18:34:26","guid":{"rendered":"http:\/\/roczyny.duszpasterstwa.bielsko.pl\/?p=4088"},"modified":"2022-03-01T19:34:26","modified_gmt":"2022-03-01T18:34:26","slug":"zaproszenie-biskupa-na-marsz-solidarnosci-z-ukraina","status":"publish","type":"post","link":"http:\/\/roczyny.duszpasterstwa.bielsko.pl\/?p=4088","title":{"rendered":"ZAPROSZENIE BISKUPA&#8230; NA MARSZ SOLIDARNO\u015aCI Z UKRAIN\u0104&#8230;"},"content":{"rendered":"<p><strong>Serdecznie zapraszam, wszystkich wiernych \u015bwieckich, siostry zakonne, zakonnik\u00f3w oraz ksi\u0119\u017cy na mi\u0119dzyreligijne spotkanie i modlitw\u0119 w intencji pokoju na Ukrainie i w \u015awiecie.<\/p>\n<p>Spotykamy si\u0119 na Placu Boles\u0142awa Chrobrego w Bielsku-Bia\u0142ej w sobot\u0119, 5 marca, o godzinie 19:30.<\/p>\n<p>Spotkanie rozpoczniemy ekumeniczn\u0105 modlitw\u0105, a nast\u0119pnie przejdziemy w cichym marszu solidarno\u015bci z Ukrain\u0105 oraz jej obywatelami do Katedry \u015awi\u0119tego Miko\u0142aja, w kt\u00f3rej b\u0119d\u0119 przewodniczy\u0142 Mszy \u015bwi\u0119tej w intencji pokoju. Na zako\u0144czenie od\u015bpiewamy wsp\u00f3lnie Suplikacje.<\/p>\n<p>Oczekuj\u0105c na spotkanie i wsp\u00f3ln\u0105 modlitw\u0119,<\/p>\n<p>Wasz biskup Roman Pindel<\/strong><\/p>\n<p><a href=\"http:\/\/roczyny.duszpasterstwa.bielsko.pl\/wp-content\/uploads\/2022\/03\/ffff.jpg\"><img fetchpriority=\"high\" decoding=\"async\" src=\"http:\/\/roczyny.duszpasterstwa.bielsko.pl\/wp-content\/uploads\/2022\/03\/ffff-1024x859.jpg\" alt=\"\" width=\"1024\" height=\"859\" class=\"aligncenter size-large wp-image-4081\" srcset=\"http:\/\/roczyny.duszpasterstwa.bielsko.pl\/wp-content\/uploads\/2022\/03\/ffff-1024x859.jpg 1024w, http:\/\/roczyny.duszpasterstwa.bielsko.pl\/wp-content\/uploads\/2022\/03\/ffff-300x252.jpg 300w, http:\/\/roczyny.duszpasterstwa.bielsko.pl\/wp-content\/uploads\/2022\/03\/ffff-768x644.jpg 768w, http:\/\/roczyny.duszpasterstwa.bielsko.pl\/wp-content\/uploads\/2022\/03\/ffff-200x168.jpg 200w, http:\/\/roczyny.duszpasterstwa.bielsko.pl\/wp-content\/uploads\/2022\/03\/ffff-690x579.jpg 690w, http:\/\/roczyny.duszpasterstwa.bielsko.pl\/wp-content\/uploads\/2022\/03\/ffff.jpg 1832w\" sizes=\"(max-width: 1024px) 100vw, 1024px\" \/><\/a><\/p>\n","protected":false},"excerpt":{"rendered":"<p>Serdecznie zapraszam, wszystkich wiernych \u015bwieckich, siostry zakonne, zakonnik\u00f3w oraz ksi\u0119\u017cy na mi\u0119dzyreligijne spotkanie i modlitw\u0119 w intencji pokoju na Ukrainie <a class=\"read-more\" href=\"http:\/\/roczyny.duszpasterstwa.bielsko.pl\/?p=4088\">czytaj dalej<\/a><\/p>\n","protected":false},"author":2,"featured_media":4081,"comment_status":"closed","ping_status":"open","sticky":false,"template":"","format":"standard","meta":{"ngg_post_thumbnail":0,"footnotes":""},"categories":[15],"tags":[],"class_list":["post-4088","post","type-post","status-publish","format-standard","has-post-thumbnail","hentry","category-aktualnosci","post-item clearfix"],"_links":{"self":[{"href":"http:\/\/roczyny.duszpasterstwa.bielsko.pl\/index.php?rest_route=\/wp\/v2\/posts\/4088"}],"collection":[{"href":"http:\/\/roczyny.duszpasterstwa.bielsko.pl\/index.php?rest_route=\/wp\/v2\/posts"}],"about":[{"href":"http:\/\/roczyny.duszpasterstwa.bielsko.pl\/index.php?rest_route=\/wp\/v2\/types\/post"}],"author":[{"embeddable":true,"href":"http:\/\/roczyny.duszpasterstwa.bielsko.pl\/index.php?rest_route=\/wp\/v2\/users\/2"}],"replies":[{"embeddable":true,"href":"http:\/\/roczyny.duszpasterstwa.bielsko.pl\/index.php?rest_route=%2Fwp%2Fv2%2Fcomments&post=4088"}],"version-history":[{"count":1,"href":"http:\/\/roczyny.duszpasterstwa.bielsko.pl\/index.php?rest_route=\/wp\/v2\/posts\/4088\/revisions"}],"predecessor-version":[{"id":4089,"href":"http:\/\/roczyny.duszpasterstwa.bielsko.pl\/index.php?rest_route=\/wp\/v2\/posts\/4088\/revisions\/4089"}],"wp:featuredmedia":[{"embeddable":true,"href":"http:\/\/roczyny.duszpasterstwa.bielsko.pl\/index.php?rest_route=\/wp\/v2\/media\/4081"}],"wp:attachment":[{"href":"http:\/\/roczyny.duszpasterstwa.bielsko.pl\/index.php?rest_route=%2Fwp%2Fv2%2Fmedia&parent=4088"}],"wp:term":[{"taxonomy":"category","embeddable":true,"href":"http:\/\/roczyny.duszpasterstwa.bielsko.pl\/index.php?rest_route=%2Fwp%2Fv2%2Fcategories&post=4088"},{"taxonomy":"post_tag","embeddable":true,"href":"http:\/\/roczyny.duszpasterstwa.bielsko.pl\/index.php?rest_route=%2Fwp%2Fv2%2Ftags&post=4088"}],"curies":[{"name":"wp","href":"https:\/\/api.w.org\/{rel}","templated":true}]}}