{"id":4049,"date":"2022-02-26T13:00:02","date_gmt":"2022-02-26T12:00:02","guid":{"rendered":"http:\/\/roczyny.duszpasterstwa.bielsko.pl\/?p=4049"},"modified":"2022-02-26T13:00:02","modified_gmt":"2022-02-26T12:00:02","slug":"ogloszenia-i-intencje-viii-niedziela-zwykla","status":"publish","type":"post","link":"http:\/\/roczyny.duszpasterstwa.bielsko.pl\/?p=4049","title":{"rendered":"OG\u0141oSZENIA I INTENCJE &#8211; VIII NIEDZIELA ZWYK\u0141A&#8230;"},"content":{"rendered":"<h4><strong><u>V I I I&nbsp;&nbsp;&nbsp; N I E D Z I E L A&nbsp;&nbsp;&nbsp; Z W Y K \u0141 A<\/u><\/strong>&nbsp; (27.o2.2022r.)<\/h4>\n<h4>&nbsp;<\/h4>\n<h4>Od dzi\u015b do soboty w\u0142\u0105cznie b\u0119dzie trwa\u0142 55 Tydzie\u0144 modlitw o trze\u017awo\u015b\u0107 narodu. Jest to czas przeb\u0142agania za pija\u0144stwo i inne grzechy, a tak\u017ce czas podejmowania ofiar w intencji nawr\u00f3cenia grzesznik\u00f3w.<\/h4>\n<h4>W tym tygodniu 2 marca przypada \u015aroda Popielcowa. Wraz z ca\u0142ym Ko\u015bcio\u0142em rozpoczynamy okres wielkopostnej pokuty oraz dzie\u0144 postu i modlitwy w intencji pokoju na Ukrainie. Jest to dzie\u0144 postu i wstrzemi\u0119\u017aliwo\u015bci od pokarm\u00f3w mi\u0119snych (post \u015bcis\u0142y).<\/h4>\n<h4><strong>Msze \u015bw. o godz.7.oo; 9.oo; 17.oo<\/strong><\/h4>\n<h4>W \u015brod\u0119, pi\u0105tek i sobot\u0119 przypadaj\u0105 Kwartalne Dni Modlitwy o ducha pokuty.<\/h4>\n<h4>W \u015brod\u0119 po Mszy \u015bw. wieczornej Zmiana Tajemnic R\u00f3\u017ca\u0144cowych.<\/h4>\n<h4>W g\u0142\u0119bszym prze\u017cywaniu Wielkiego Postu pomog\u0105 nam nabo\u017ce\u0144stwa:<\/h4>\n<ol>\n<li>\n<h4>Droga Krzy\u017cowa w pi\u0105tki o godz.16.3o i w niedziel\u0119 po Mszy \u015bw. o godz.7.oo<\/h4>\n<\/li>\n<li>\n<h4>Gorzkie \u017bale w niedziel\u0119 o godz.14.3o z nauk\u0105 Pasyjn\u0105 \u2013 po nabo\u017ce\u0144stwie<\/h4>\n<\/li>\n<\/ol>\n<h4>Msza \u015bw.<\/h4>\n<h4>W pi\u0105tek \u2013 4 marca, obchodzimy \u015bwi\u0119to \u015bw. Kazimierza, kr\u00f3lewicza. Po Mszy \u015bw. wieczornej spotkanie rodzic\u00f3w dzieci I komunijnych.<\/h4>\n<h4>W tym tygodniu I-wszy czwartek i I-wszy pi\u0105tek miesi\u0105ca<\/h4>\n<h4>&nbsp;<\/h4>\n<h4><strong><em>I N T E N C J E&nbsp;&nbsp;&nbsp; M S Z Y&nbsp;&nbsp; \u015a W.<\/em><\/strong><\/h4>\n<h4>Poniedzia\u0142ek(28)<\/h4>\n<h4>&nbsp;&nbsp; godz.6.3o&nbsp;&nbsp; &#8211; +J\u00f3zefa Sordyla w 30-ty dzie\u0144 po \u015bmierci<\/h4>\n<h4>&nbsp;&nbsp; godz.17.oo &#8211; +Teofila Mrzyg\u0142\u00f3d z te\u015bciami<\/h4>\n<h4>Wtorek(1)<\/h4>\n<h4>&nbsp;&nbsp; godz.6.3o&nbsp;&nbsp; &#8211; +El\u017cbiet\u0119 \u0141a\u017any w 30-ty dzie\u0144 po \u015bmierci<\/h4>\n<h4>&nbsp;&nbsp; godz.17.oo &#8211; +Ryszarda Czubak<\/h4>\n<h4>\u015aroda(2)<\/h4>\n<h4>&nbsp;&nbsp; godz.7.oo&nbsp;&nbsp; &#8211; +Stanis\u0142aw\u0119 Wojewodzic<\/h4>\n<h4>&nbsp;&nbsp;&nbsp;&nbsp;&nbsp;&nbsp;&nbsp;&nbsp;&nbsp;&nbsp;&nbsp;&nbsp;&nbsp;&nbsp;&nbsp;&nbsp;&nbsp;&nbsp;&nbsp;&nbsp;&nbsp;&nbsp;&nbsp; &#8211;&nbsp; +J\u00f3zef\u0119 Buda<\/h4>\n<h4>&nbsp;&nbsp; godz.9.oo&nbsp;&nbsp; &#8211; +Henryka Kiszczak<\/h4>\n<h4>&nbsp;&nbsp; godz.17.oo &#8211; +Stanis\u0142awa z rodzicami Mari\u0105 W\u0142adys\u0142awa Kierpiec od dzieci<\/h4>\n<h4>&nbsp;&nbsp;&nbsp;&nbsp;&nbsp;&nbsp;&nbsp;&nbsp;&nbsp;&nbsp;&nbsp;&nbsp;&nbsp;&nbsp;&nbsp;&nbsp;&nbsp;&nbsp;&nbsp;&nbsp;&nbsp;&nbsp;&nbsp;&nbsp; &#8211; +Czes\u0142awa Mizer\u0119<\/h4>\n<h4>Czwartek(3)<\/h4>\n<h4>&nbsp;&nbsp; godz.6.3o&nbsp;&nbsp; &#8211; +Antoniego Tomiak<\/h4>\n<h4>&nbsp;&nbsp; godz.17.oo \u2013 Za dusze wypominane(WYPOMINKI)<\/h4>\n<h4>Pi\u0105tek(4)<\/h4>\n<h4>&nbsp;&nbsp; godz.6.3o&nbsp;&nbsp; &#8211; +Stanis\u0142awa Dyduch<\/h4>\n<h4>&nbsp;&nbsp; godz.17.oo &#8211; +Mari\u0119 Roman<\/h4>\n<h4>Sobota(5)<\/h4>\n<h4>&nbsp;&nbsp; godz.6.3o&nbsp;&nbsp; &#8211; +Mieczys\u0142awa Handzlik<\/h4>\n<h4>&nbsp;&nbsp; godz.17.oo &#8211; +Micha\u0142a Mari\u0119 Rajda, Tomasza Antonin\u0119 \u0141yso\u0144 z wnuczk\u0105 Ann\u0105 Nied\u017awieck\u0105<\/h4>\n<h4>&nbsp;&nbsp;&nbsp;&nbsp;&nbsp;&nbsp;&nbsp;&nbsp;&nbsp;&nbsp;&nbsp;&nbsp;&nbsp;&nbsp;&nbsp;&nbsp;&nbsp;&nbsp;&nbsp;&nbsp;&nbsp;&nbsp;&nbsp;&nbsp;&nbsp;&nbsp;&nbsp; prawnukiem Micha\u0142em Gondko<\/h4>\n<h4>Niedziela(6)<\/h4>\n<h4>&nbsp;&nbsp; godz.7.oo&nbsp;&nbsp; &#8211; +Mariana Karcz 1 r. \u015bm.<\/h4>\n<h4>&nbsp;&nbsp;&nbsp;&nbsp;&nbsp;&nbsp;&nbsp;&nbsp;&nbsp;&nbsp;&nbsp;&nbsp;&nbsp;&nbsp;&nbsp;&nbsp;&nbsp;&nbsp;&nbsp;&nbsp;&nbsp;&nbsp;&nbsp;&nbsp; &#8211; +Sylwestra Stachur\u0119<\/h4>\n<h4>&nbsp;&nbsp; godz.9.oo&nbsp;&nbsp; &#8211; Dzi\u0119kczynna z pro\u015bb\u0105 o wytrwa\u0142o\u015b\u0107 w odmawianiu R\u00f3\u017ca\u0144ca z 9 R\u00f3\u017cy \u015bw.<\/h4>\n<h4>&nbsp;&nbsp;&nbsp;&nbsp;&nbsp;&nbsp;&nbsp;&nbsp;&nbsp;&nbsp;&nbsp;&nbsp;&nbsp;&nbsp;&nbsp;&nbsp;&nbsp;&nbsp;&nbsp;&nbsp;&nbsp;&nbsp;&nbsp;&nbsp;&nbsp;&nbsp; Jana Paw\u0142a II<\/h4>\n<h4>&nbsp;&nbsp;&nbsp;&nbsp;&nbsp;&nbsp;&nbsp;&nbsp;&nbsp;&nbsp;&nbsp;&nbsp;&nbsp;&nbsp;&nbsp;&nbsp;&nbsp;&nbsp;&nbsp;&nbsp;&nbsp;&nbsp;&nbsp;&nbsp; &#8211; +Kazimierza Ku\u017am\u0119 z synem Andrzejem<\/h4>\n<h4>&nbsp;&nbsp; godz.11.oo &#8211; +J\u00f3zefa Fr\u0105czek r. \u015bm. z rodzicami od najbli\u017cszych<\/h4>\n<h4>&nbsp;&nbsp;&nbsp;&nbsp;&nbsp;&nbsp;&nbsp;&nbsp;&nbsp;&nbsp;&nbsp;&nbsp;&nbsp;&nbsp;&nbsp;&nbsp;&nbsp;&nbsp;&nbsp;&nbsp;&nbsp;&nbsp;&nbsp;&nbsp; &#8211; 50-ta r. urodzin Macieja od \u017cony i dzieci<\/h4>\n<h4>&nbsp;&nbsp; godz.15.oo &#8211; +J\u00f3zefa Szyd\u0142owskiego r. \u015bm.<\/h4>\n<h4>&nbsp;&nbsp;&nbsp;&nbsp;&nbsp;&nbsp;&nbsp;&nbsp;&nbsp;&nbsp;&nbsp;&nbsp;&nbsp;&nbsp;&nbsp;&nbsp;&nbsp;&nbsp;&nbsp;&nbsp;&nbsp;&nbsp;&nbsp;&nbsp; &#8211; +Kazimierza Smyrak<\/h4>\n<p><a href=\"http:\/\/roczyny.duszpasterstwa.bielsko.pl\/wp-content\/uploads\/2022\/02\/IMG_9498.jpg\"><img fetchpriority=\"high\" decoding=\"async\" class=\"aligncenter size-large wp-image-4051\" src=\"http:\/\/roczyny.duszpasterstwa.bielsko.pl\/wp-content\/uploads\/2022\/02\/IMG_9498-415x1024.jpg\" alt=\"\" width=\"415\" height=\"1024\" srcset=\"http:\/\/roczyny.duszpasterstwa.bielsko.pl\/wp-content\/uploads\/2022\/02\/IMG_9498-415x1024.jpg 415w, http:\/\/roczyny.duszpasterstwa.bielsko.pl\/wp-content\/uploads\/2022\/02\/IMG_9498-122x300.jpg 122w, http:\/\/roczyny.duszpasterstwa.bielsko.pl\/wp-content\/uploads\/2022\/02\/IMG_9498-768x1893.jpg 768w, http:\/\/roczyny.duszpasterstwa.bielsko.pl\/wp-content\/uploads\/2022\/02\/IMG_9498-200x493.jpg 200w, http:\/\/roczyny.duszpasterstwa.bielsko.pl\/wp-content\/uploads\/2022\/02\/IMG_9498-690x1701.jpg 690w\" sizes=\"(max-width: 415px) 100vw, 415px\" \/><\/a><\/p>\n","protected":false},"excerpt":{"rendered":"<p>V I I I&nbsp;&nbsp;&nbsp; N I E D Z I E L A&nbsp;&nbsp;&nbsp; Z W Y K \u0141 A&nbsp; (27.o2.2022r.) <a class=\"read-more\" href=\"http:\/\/roczyny.duszpasterstwa.bielsko.pl\/?p=4049\">czytaj dalej<\/a><\/p>\n","protected":false},"author":2,"featured_media":4052,"comment_status":"closed","ping_status":"open","sticky":false,"template":"","format":"standard","meta":{"ngg_post_thumbnail":0,"footnotes":""},"categories":[15,12,1],"tags":[],"class_list":["post-4049","post","type-post","status-publish","format-standard","has-post-thumbnail","hentry","category-aktualnosci","category-ogloszenia-parafialne","category-uncategorized","post-item clearfix"],"_links":{"self":[{"href":"http:\/\/roczyny.duszpasterstwa.bielsko.pl\/index.php?rest_route=\/wp\/v2\/posts\/4049"}],"collection":[{"href":"http:\/\/roczyny.duszpasterstwa.bielsko.pl\/index.php?rest_route=\/wp\/v2\/posts"}],"about":[{"href":"http:\/\/roczyny.duszpasterstwa.bielsko.pl\/index.php?rest_route=\/wp\/v2\/types\/post"}],"author":[{"embeddable":true,"href":"http:\/\/roczyny.duszpasterstwa.bielsko.pl\/index.php?rest_route=\/wp\/v2\/users\/2"}],"replies":[{"embeddable":true,"href":"http:\/\/roczyny.duszpasterstwa.bielsko.pl\/index.php?rest_route=%2Fwp%2Fv2%2Fcomments&post=4049"}],"version-history":[{"count":2,"href":"http:\/\/roczyny.duszpasterstwa.bielsko.pl\/index.php?rest_route=\/wp\/v2\/posts\/4049\/revisions"}],"predecessor-version":[{"id":4053,"href":"http:\/\/roczyny.duszpasterstwa.bielsko.pl\/index.php?rest_route=\/wp\/v2\/posts\/4049\/revisions\/4053"}],"wp:featuredmedia":[{"embeddable":true,"href":"http:\/\/roczyny.duszpasterstwa.bielsko.pl\/index.php?rest_route=\/wp\/v2\/media\/4052"}],"wp:attachment":[{"href":"http:\/\/roczyny.duszpasterstwa.bielsko.pl\/index.php?rest_route=%2Fwp%2Fv2%2Fmedia&parent=4049"}],"wp:term":[{"taxonomy":"category","embeddable":true,"href":"http:\/\/roczyny.duszpasterstwa.bielsko.pl\/index.php?rest_route=%2Fwp%2Fv2%2Fcategories&post=4049"},{"taxonomy":"post_tag","embeddable":true,"href":"http:\/\/roczyny.duszpasterstwa.bielsko.pl\/index.php?rest_route=%2Fwp%2Fv2%2Ftags&post=4049"}],"curies":[{"name":"wp","href":"https:\/\/api.w.org\/{rel}","templated":true}]}}