{"id":4003,"date":"2022-02-19T09:08:33","date_gmt":"2022-02-19T08:08:33","guid":{"rendered":"http:\/\/roczyny.duszpasterstwa.bielsko.pl\/?p=4003"},"modified":"2022-02-19T09:08:33","modified_gmt":"2022-02-19T08:08:33","slug":"ogloszenia-i-intencje-vii-niedziela-zwykla","status":"publish","type":"post","link":"http:\/\/roczyny.duszpasterstwa.bielsko.pl\/?p=4003","title":{"rendered":"OG\u0141OSZENIA i INTENCJE &#8211; VII NIEDZIELA ZWYK\u0141A&#8230;"},"content":{"rendered":"<h4><strong><u>V I I&nbsp;&nbsp; N I E D Z I E L A&nbsp;&nbsp; Z W Y K \u0141 A<\/u><\/strong>&nbsp; (20.o2.2022r.)<\/h4>\n<h4>Wtorek \u2013 \u015bwi\u0119to Katedry \u015bw. Piotra, Ap.<\/h4>\n<h4>\u015aroda&nbsp;&nbsp;&nbsp;&nbsp; &#8211; wsp. \u015bw. Polikarpa, bp. i m.<\/h4>\n<h4>Za tydzie\u0144 27 lutego, przedostatnia niedziela przed tegorocznym okresem W. Postu<\/h4>\n<h4>W tym dniu rozpoczynamy tzw. Czterdziestogodzinne nabo\u017ce\u0144stwo. Wystawienie Naj\u015bw. Sakramentu po Mszy \u015bw. o godz.11.oo \u2013 zako\u0144czenie przed Msz\u0105 \u015bw. o godz.15.oo<\/h4>\n<h4>Pr\u00f3ba scholii akatystowej w najbli\u017cszy wtorek o godz. 17.30 w ko\u015bciele.<\/h4>\n<h4>M\u0142odzie\u017c przygotowuj\u0105c\u0105 si\u0119 do bierzmowania zapraszamy w \u015brod\u0119 23 lutego. Rozpoczniemy Msz\u0105 \u015bw. o godz. 17.00<\/h4>\n<h4>Nasze przypomnienie kierujemy do m\u0119\u017cczyzn zapraszaj\u0105c ich na msze \u015bw. i spotkanie w sobot\u0119 26 lutego o godz. 19.00<\/h4>\n<h4>Spotkanie Rodzic\u00f3w Dzieci I Komunijnych w pi\u0105tek 4 marca po mszy \u015bw. wieczornej<\/h4>\n<h4><strong><em>I N T E N C J E &nbsp;&nbsp;M S Z Y&nbsp;&nbsp; \u015a W.<\/em><\/strong><\/h4>\n<h4>Poniedzia\u0142ek(21)<\/h4>\n<h4>&nbsp;&nbsp; godz.6.3o&nbsp;&nbsp;&nbsp; &#8211; +Adama Matejko w 30-ty dzie\u0144 po \u015bmierci<\/h4>\n<h4>&nbsp;&nbsp; godz.17.oo \u2013 +J\u00f3zefa Mari\u0119 Babi\u0144ski w 31 r. \u015bm.<\/h4>\n<h4>Wtorek(22)<\/h4>\n<h4>&nbsp;&nbsp; godz.6.3o&nbsp;&nbsp; &#8211; \u0141ukasza Strycharz w 30-ty dzie\u0144 po \u015bmierci<\/h4>\n<h4>&nbsp;&nbsp; godz.17.oo \u2013 +Ann\u0119 W\u0142adys\u0142awa Fry\u015b z c\u00f3rk\u0105 Janin\u0105 z Francji<\/h4>\n<h4>\u015aroda(23)<\/h4>\n<h4>&nbsp;&nbsp; godz.6.3o&nbsp;&nbsp; &#8211; +Helen\u0119 Sordyl w 30-ty dzie\u0144 po \u015bmierci<\/h4>\n<h4>&nbsp;&nbsp; godz.17.oo \u2013 +Mari\u0119 Stanis\u0142awa, Stefani\u0119, Stanis\u0142aw\u0119, Zofi\u0119 Artura Wiechman, Tadeusza<\/h4>\n<h4>&nbsp;&nbsp;&nbsp;&nbsp;&nbsp;&nbsp;&nbsp;&nbsp;&nbsp;&nbsp;&nbsp;&nbsp;&nbsp;&nbsp;&nbsp;&nbsp;&nbsp;&nbsp;&nbsp;&nbsp;&nbsp;&nbsp;&nbsp;&nbsp;&nbsp;&nbsp;&nbsp; Grabowskiego, Kazimier\u0119 Zbigniewa D\u0105browskiego<\/h4>\n<h4>Czwartek(24)<\/h4>\n<h4>&nbsp;&nbsp; godz.6.3o&nbsp;&nbsp; &#8211; +Halin\u0119 Rajda w 30-ty dzie\u0144 po \u015bmierci<\/h4>\n<h4>&nbsp;&nbsp; godz.17.oo \u2013 +Helen\u0119 Kazimierza We\u017aranowski r. \u015bm.<\/h4>\n<h4>Pi\u0105tek(25)<\/h4>\n<h4>&nbsp;&nbsp; godz.6.3o&nbsp;&nbsp; &#8211; +Czes\u0142awa Mizera<\/h4>\n<h4>&nbsp;&nbsp; godz.17.oo \u2013 +Helen\u0119 Franciszka Bizo\u0144 r. \u015bm. z dziadkami<\/h4>\n<h4>Sobota(26)<\/h4>\n<h4>&nbsp;&nbsp; godz.6.3o&nbsp;&nbsp; &#8211; +Andrzeja Tomiak<\/h4>\n<h4>&nbsp;&nbsp; godz.17.oo \u2013 +Ew\u0119 \u017bydek od kolegi Mariana z rodzin\u0105<\/h4>\n<h4>Niedziela(27)<\/h4>\n<h4>&nbsp;&nbsp; godz.7.oo&nbsp;&nbsp; &#8211; +Rozali\u0119 Ga\u0142osz 3 r. \u015bm. z m\u0119\u017cem Boles\u0142awem synem Edwardem<\/h4>\n<h4>&nbsp;&nbsp;&nbsp;&nbsp;&nbsp;&nbsp;&nbsp;&nbsp;&nbsp;&nbsp;&nbsp;&nbsp;&nbsp;&nbsp;&nbsp;&nbsp;&nbsp;&nbsp;&nbsp;&nbsp;&nbsp;&nbsp;&nbsp; &#8211;&nbsp; +Franciszka Szostak r. \u015bm. z \u017con\u0105 Anastazj\u0105 Franciszkiem synem<\/h4>\n<h4>&nbsp;&nbsp; godz.9.oo&nbsp;&nbsp; &#8211; +Jana Karolin\u0119 Smaza Jana syna z \u017con\u0105 Kazimierza zi\u0119cia<\/h4>\n<h4>&nbsp;&nbsp;&nbsp;&nbsp;&nbsp;&nbsp;&nbsp;&nbsp;&nbsp;&nbsp;&nbsp;&nbsp;&nbsp;&nbsp;&nbsp;&nbsp;&nbsp;&nbsp;&nbsp;&nbsp;&nbsp;&nbsp;&nbsp; &#8211; +Aniel\u0119 Micha\u0142a Kurzyniec z synem Adamem<\/h4>\n<h4>&nbsp;&nbsp; godz.11.oo \u2013 +J\u00f3zefa Wach z mam\u0105 J\u00f3zef\u0105<\/h4>\n<h4>&nbsp;&nbsp;&nbsp;&nbsp;&nbsp;&nbsp;&nbsp;&nbsp;&nbsp;&nbsp;&nbsp;&nbsp;&nbsp;&nbsp;&nbsp;&nbsp;&nbsp;&nbsp;&nbsp;&nbsp;&nbsp;&nbsp;&nbsp; &#8211; +Stanis\u0142awa Leokadi\u0119 Sordyl<\/h4>\n<h4>&nbsp;&nbsp; godz.15.oo &#8211; +Genowef\u0119 Kurzyniec z m\u0119\u017cem Marianem<\/h4>\n<h4>&nbsp;&nbsp;&nbsp;&nbsp;&nbsp;&nbsp;&nbsp;&nbsp;&nbsp;&nbsp;&nbsp;&nbsp;&nbsp;&nbsp;&nbsp;&nbsp;&nbsp;&nbsp;&nbsp;&nbsp;&nbsp;&nbsp;&nbsp; &#8211; +Stanis\u0142aw\u0119 Wojewodzic<\/h4>\n<p>&nbsp;<\/p>\n<p>&nbsp;<\/p>\n<p><a href=\"http:\/\/roczyny.duszpasterstwa.bielsko.pl\/wp-content\/uploads\/2022\/02\/IMG_9497.jpg\"><img fetchpriority=\"high\" decoding=\"async\" class=\"aligncenter size-large wp-image-4004\" src=\"http:\/\/roczyny.duszpasterstwa.bielsko.pl\/wp-content\/uploads\/2022\/02\/IMG_9497-409x1024.jpg\" alt=\"\" width=\"409\" height=\"1024\" srcset=\"http:\/\/roczyny.duszpasterstwa.bielsko.pl\/wp-content\/uploads\/2022\/02\/IMG_9497-409x1024.jpg 409w, http:\/\/roczyny.duszpasterstwa.bielsko.pl\/wp-content\/uploads\/2022\/02\/IMG_9497-120x300.jpg 120w, http:\/\/roczyny.duszpasterstwa.bielsko.pl\/wp-content\/uploads\/2022\/02\/IMG_9497-768x1922.jpg 768w, http:\/\/roczyny.duszpasterstwa.bielsko.pl\/wp-content\/uploads\/2022\/02\/IMG_9497-200x500.jpg 200w, http:\/\/roczyny.duszpasterstwa.bielsko.pl\/wp-content\/uploads\/2022\/02\/IMG_9497-690x1726.jpg 690w\" sizes=\"(max-width: 409px) 100vw, 409px\" \/><\/a><\/p>\n","protected":false},"excerpt":{"rendered":"<p>V I I&nbsp;&nbsp; N I E D Z I E L A&nbsp;&nbsp; Z W Y K \u0141 A&nbsp; (20.o2.2022r.) Wtorek <a class=\"read-more\" href=\"http:\/\/roczyny.duszpasterstwa.bielsko.pl\/?p=4003\">czytaj dalej<\/a><\/p>\n","protected":false},"author":2,"featured_media":4005,"comment_status":"closed","ping_status":"open","sticky":false,"template":"","format":"standard","meta":{"ngg_post_thumbnail":0,"footnotes":""},"categories":[15,12],"tags":[],"class_list":["post-4003","post","type-post","status-publish","format-standard","has-post-thumbnail","hentry","category-aktualnosci","category-ogloszenia-parafialne","post-item clearfix"],"_links":{"self":[{"href":"http:\/\/roczyny.duszpasterstwa.bielsko.pl\/index.php?rest_route=\/wp\/v2\/posts\/4003"}],"collection":[{"href":"http:\/\/roczyny.duszpasterstwa.bielsko.pl\/index.php?rest_route=\/wp\/v2\/posts"}],"about":[{"href":"http:\/\/roczyny.duszpasterstwa.bielsko.pl\/index.php?rest_route=\/wp\/v2\/types\/post"}],"author":[{"embeddable":true,"href":"http:\/\/roczyny.duszpasterstwa.bielsko.pl\/index.php?rest_route=\/wp\/v2\/users\/2"}],"replies":[{"embeddable":true,"href":"http:\/\/roczyny.duszpasterstwa.bielsko.pl\/index.php?rest_route=%2Fwp%2Fv2%2Fcomments&post=4003"}],"version-history":[{"count":1,"href":"http:\/\/roczyny.duszpasterstwa.bielsko.pl\/index.php?rest_route=\/wp\/v2\/posts\/4003\/revisions"}],"predecessor-version":[{"id":4006,"href":"http:\/\/roczyny.duszpasterstwa.bielsko.pl\/index.php?rest_route=\/wp\/v2\/posts\/4003\/revisions\/4006"}],"wp:featuredmedia":[{"embeddable":true,"href":"http:\/\/roczyny.duszpasterstwa.bielsko.pl\/index.php?rest_route=\/wp\/v2\/media\/4005"}],"wp:attachment":[{"href":"http:\/\/roczyny.duszpasterstwa.bielsko.pl\/index.php?rest_route=%2Fwp%2Fv2%2Fmedia&parent=4003"}],"wp:term":[{"taxonomy":"category","embeddable":true,"href":"http:\/\/roczyny.duszpasterstwa.bielsko.pl\/index.php?rest_route=%2Fwp%2Fv2%2Fcategories&post=4003"},{"taxonomy":"post_tag","embeddable":true,"href":"http:\/\/roczyny.duszpasterstwa.bielsko.pl\/index.php?rest_route=%2Fwp%2Fv2%2Ftags&post=4003"}],"curies":[{"name":"wp","href":"https:\/\/api.w.org\/{rel}","templated":true}]}}