{"id":3997,"date":"2022-02-12T18:19:21","date_gmt":"2022-02-12T17:19:21","guid":{"rendered":"http:\/\/roczyny.duszpasterstwa.bielsko.pl\/?p=3997"},"modified":"2023-06-06T12:24:14","modified_gmt":"2023-06-06T10:24:14","slug":"przygotowujemy-akatyst-czy-nam-pomozesz","status":"publish","type":"post","link":"http:\/\/roczyny.duszpasterstwa.bielsko.pl\/?p=3997","title":{"rendered":"PRZYGOTOWUJEMY AKATYST! Czy nam pomo\u017cesz?"},"content":{"rendered":"<h3><strong>Na Uroczysto\u015b\u0107 Zwiastowania Pa\u0144skiego pragniemy przygotowa\u0107 AKATYST KU CZCI BOGARODZICY&#8230;<\/strong><\/h3>\n<h3><strong>Chcemy utworzy\u0107 schol\u0119, kt\u00f3ra ten akatyst w spos\u00f3b uroczysty wy\u015bpiewa&#8230;<\/strong><\/h3>\n<h3><strong>Je\u017celi chcesz, a ROCZYNIANIE s\u0105 bardzo utalentowani &#8211; to do\u0142\u0105cz do naszej SCHOLI!!!<\/strong><\/h3>\n<h3><strong>Pani Maria &#8211; nasza Organistka czeka &#8211; podejd\u017a &#8211; a \u015bwiat pi\u0119knych hymn\u00f3w wychwalaj\u0105cych obecno\u015b\u0107&nbsp;Maryi&nbsp;w \u017cyciu Jezusa -&#8222;STANIE PRZED TOB\u0104 OTWOREM&#8221; &#8211; A PRZEZ CIEBIE TAK\u017bE I PRZED NAMI!!!<\/strong><\/h3>\n<h3>Pod ikon\u0105 Matki Bo\u017cej umie\u015bcili\u015bmy histori\u0119 AKATYSTU&#8230;<\/h3>\n<p>&nbsp;<\/p>\n<p><a href=\"http:\/\/roczyny.duszpasterstwa.bielsko.pl\/wp-content\/uploads\/2022\/02\/84895_1.png\"><img fetchpriority=\"high\" decoding=\"async\" class=\"aligncenter size-full wp-image-3998\" src=\"http:\/\/roczyny.duszpasterstwa.bielsko.pl\/wp-content\/uploads\/2022\/02\/84895_1.png\" alt=\"\" width=\"600\" height=\"900\" srcset=\"http:\/\/roczyny.duszpasterstwa.bielsko.pl\/wp-content\/uploads\/2022\/02\/84895_1.png 600w, http:\/\/roczyny.duszpasterstwa.bielsko.pl\/wp-content\/uploads\/2022\/02\/84895_1-200x300.png 200w\" sizes=\"(max-width: 600px) 100vw, 600px\" \/><\/a><\/p>\n<h4>Od pierwszych wieko\u0301w chrzes\u0301cijanie czcili na ro\u0301z\u0307ne sposoby Matke\u0328 Boz\u0307a\u0328. Kult ten, szczego\u0301lnie w Bizancjum, znajdowa\u0142 swo\u0301j wyraz w liturgii, a takz\u0307e w poezji. Jednym z najwspanialszych dowodo\u0301w mi\u0142os\u0301ci, jaka\u0328 otaczano Matke\u0328 Pana Jezusa, jest hymn liturgiczny ku czci Bogurodzicy zwany <strong><em>Akatyst<\/em><\/strong>.<\/h4>\n<h4>S\u0142owo <strong><em>Akatyst <\/em><\/strong>oznacza naboz\u0307en\u0301stwo sk\u0142adaja\u0328ce sie\u0328 z pies\u0301ni pochwalnych, modlitw ku czci Chrystusa, Naj\u015bwi\u0119tszej Maryi Panny i S\u0301wie\u0328tych, odmawianych na stoja\u0328co, z uwagi na greckie znaczenie tego s\u0142owa (czyli gr. <em>Akathistos \u2013 \u201ehymn s\u0301piewany na stoja\u0328co\u201d)<\/em>.<\/h4>\n<h4>Uwaz\u0307a sie\u0328, z\u0307e <strong><em>Akatyst <\/em><\/strong>jest najstarszym hymnem Maryjnym, wykonanym 7 sierpnia 626 r. n.e., kiedy dzie\u0328ki opiece Bogurodzicy Konstantynopol zosta\u0142 uratowany przed atakiem pogan\u0301skich Awaro\u0301w. Wo\u0301wczas gwa\u0142towny huragan rozpe\u0328dzi\u0142 nieprzyjacielska\u0328 flote\u0328, rzucaja\u0328c statki na wybrzez\u0307e niedaleko sanktuarium Deipara \u2013 Matki Boz\u0307ej w Blachernach, dzielnicy Konstantynopola. Ludnos\u0301c\u0301 miasta s\u0301piewa\u0142a wtedy ca\u0142a\u0328 noc na stoja\u0328co, hymn ku czci Bogurodzicy, dzie\u0328kuja\u0328c Jej w ten sposo\u0301b za ratunek. Dodano wtedy do <strong><em>Akatystu <\/em><\/strong>dzie\u0328kczynna\u0328 dedykacje\u0328 \u201eO Waleczna Hetmanko\u201d.<\/h4>\n<h4>Oko\u0142o VIII wieku, dzie\u0328ki kontaktom Wenecjan ze Wschodem, <strong><em>Akatyst <\/em><\/strong>zosta\u0142 przeniesiony do W\u0142och i przet\u0142umaczony na \u0142acine\u0328. Polski przek\u0142ad zosta\u0142 dokonany w 1965 r. Najwie\u0328ksze zas\u0142ugi w powrocie Akatystu do liturgii ma \u015awi\u0119ty &nbsp;Jan Pawe\u0142 II, wskazuja\u0328c to naboz\u0307en\u0301stwo, wspo\u0301lne dla obu Kos\u0301cio\u0142o\u0301w, jako droge\u0328 prowadza\u0328ca\u0328 do pe\u0142ni jednos\u0301ci.<\/h4>\n<h4>Ojciec s\u0301w. Benedykt XVI jedna\u0328 ze zwyczajowych katechez podczas audiencji generalnej pos\u0301wie\u0328ci\u0142 autorowi <strong><em>Akatystu<\/em><\/strong>, s\u0301w. Romanowi Pies\u0301niarzowi. S\u0301wie\u0328temu zosta\u0142y objawione w cudowny sposo\u0301b s\u0142owa i melodia <strong><em>Akatystu<\/em><\/strong>. W czasie snu ukaza\u0142a mu sie\u0328 bowiem Matka Boska, kto\u0301ra da\u0142a mu do spoz\u0307ycia zwo\u0301j. Po przebudzeniu s\u0301wie\u0328ty Roman wys\u0301piewa\u0142 tres\u0301c\u0301 zwoju, by\u0142 to hymn ku czci Bogurodzicy. Podobny Motyw snu jest napisany w Ks. Ezechiela 3,1 : \u201e[&#8230;] Wez\u0301 ten zwo\u0301j, a jedz i mo\u0301w [&#8230;]\u201d wykorzystywany w chrzes\u0301cijan\u0301skich legendach.<\/h4>\n<h4>Tres\u0301c\u0301 hymnu koncentruje sie\u0328 woko\u0301\u0142 tematu obecnos\u0301ci Maryi w Tajemnicy S\u0142owa Wcielonego i jego Kos\u0301cio\u0142a. Zwrotki zaczynaja\u0328 sie\u0328 od kolejnych liter alfabetu greckiego. Na przemian przeplataja\u0328 sie\u0328 teksty maryjne i chrystologiczne. Kaz\u0307da strofa zaczyna sie\u0328 od zapowiedzi wydarzenia lub tematu, co ma skierowac\u0301 rozmys\u0301lanie ku wne\u0328trzu tajemnicy.<\/h4>\n<h4><strong><em>Akatyst <\/em><\/strong>sk\u0142ada sie\u0328 z dwo\u0301ch cze\u0328s\u0301ci:<\/h4>\n<ul>\n<li>\n<h4>&#8211; &nbsp;pierwszej, przedstawiaja\u0328cej historie z z\u0307ycia Maryi od Zwiastowania do Ofiarowania Jezusa w S\u0301wia\u0328tyni<\/h4>\n<\/li>\n<li>\n<h4>&#8211; &nbsp;drugiej teologicznej, rozwaz\u0307aja\u0328ca\u0328 boska\u0328 i ludzka\u0328 nature\u0328 Chrystusa i dziewictwo Maryi.<\/h4>\n<\/li>\n<\/ul>\n<h4><strong><em>Akatyst <\/em><\/strong>jest hymnem rados\u0301ci sk\u0142adaja\u0328cym sie\u0328 z dwunastu strof zwanych <em>Ikosami<\/em>. Anielskie \u201eAve Maria\u201d nie odpowiada polskiemu t\u0142umaczeniu \u201eWitaj\u201d, kto\u0301rym rozpoczyna sie\u0328 kaz\u0307dy werset litanijnej cze\u0328s\u0301ci <em>Ikosu<\/em>.<\/h4>\n<h4>Obecnie jest s\u0301piewany w czasie Wielkiego Postu, w s\u0301wie\u0328to Zwiastowania Najs\u0301wie\u0328tszej Maryi Panny oraz w S\u0301wie\u0328to Niepokalanego Pocze\u0328cia Maryi.<\/h4>\n<h4>&nbsp;<\/h4>\n","protected":false},"excerpt":{"rendered":"<p>Na Uroczysto\u015b\u0107 Zwiastowania Pa\u0144skiego pragniemy przygotowa\u0107 AKATYST KU CZCI BOGARODZICY&#8230; Chcemy utworzy\u0107 schol\u0119, kt\u00f3ra ten akatyst w spos\u00f3b uroczysty wy\u015bpiewa&#8230; <a class=\"read-more\" href=\"http:\/\/roczyny.duszpasterstwa.bielsko.pl\/?p=3997\">czytaj dalej<\/a><\/p>\n","protected":false},"author":2,"featured_media":4001,"comment_status":"closed","ping_status":"open","sticky":false,"template":"","format":"standard","meta":{"ngg_post_thumbnail":0,"footnotes":""},"categories":[15,24],"tags":[],"class_list":["post-3997","post","type-post","status-publish","format-standard","has-post-thumbnail","hentry","category-aktualnosci","category-schola-doroslych","post-item clearfix"],"_links":{"self":[{"href":"http:\/\/roczyny.duszpasterstwa.bielsko.pl\/index.php?rest_route=\/wp\/v2\/posts\/3997"}],"collection":[{"href":"http:\/\/roczyny.duszpasterstwa.bielsko.pl\/index.php?rest_route=\/wp\/v2\/posts"}],"about":[{"href":"http:\/\/roczyny.duszpasterstwa.bielsko.pl\/index.php?rest_route=\/wp\/v2\/types\/post"}],"author":[{"embeddable":true,"href":"http:\/\/roczyny.duszpasterstwa.bielsko.pl\/index.php?rest_route=\/wp\/v2\/users\/2"}],"replies":[{"embeddable":true,"href":"http:\/\/roczyny.duszpasterstwa.bielsko.pl\/index.php?rest_route=%2Fwp%2Fv2%2Fcomments&post=3997"}],"version-history":[{"count":1,"href":"http:\/\/roczyny.duszpasterstwa.bielsko.pl\/index.php?rest_route=\/wp\/v2\/posts\/3997\/revisions"}],"predecessor-version":[{"id":4000,"href":"http:\/\/roczyny.duszpasterstwa.bielsko.pl\/index.php?rest_route=\/wp\/v2\/posts\/3997\/revisions\/4000"}],"wp:featuredmedia":[{"embeddable":true,"href":"http:\/\/roczyny.duszpasterstwa.bielsko.pl\/index.php?rest_route=\/wp\/v2\/media\/4001"}],"wp:attachment":[{"href":"http:\/\/roczyny.duszpasterstwa.bielsko.pl\/index.php?rest_route=%2Fwp%2Fv2%2Fmedia&parent=3997"}],"wp:term":[{"taxonomy":"category","embeddable":true,"href":"http:\/\/roczyny.duszpasterstwa.bielsko.pl\/index.php?rest_route=%2Fwp%2Fv2%2Fcategories&post=3997"},{"taxonomy":"post_tag","embeddable":true,"href":"http:\/\/roczyny.duszpasterstwa.bielsko.pl\/index.php?rest_route=%2Fwp%2Fv2%2Ftags&post=3997"}],"curies":[{"name":"wp","href":"https:\/\/api.w.org\/{rel}","templated":true}]}}