{"id":3993,"date":"2022-02-12T15:39:51","date_gmt":"2022-02-12T14:39:51","guid":{"rendered":"http:\/\/roczyny.duszpasterstwa.bielsko.pl\/?p=3993"},"modified":"2023-06-06T12:24:28","modified_gmt":"2023-06-06T10:24:28","slug":"a-moze-cos-dla-mezczyzn-proponujemy","status":"publish","type":"post","link":"http:\/\/roczyny.duszpasterstwa.bielsko.pl\/?p=3993","title":{"rendered":"A MO\u017bE CO\u015a DLA M\u0118\u017bCZYZN&#8230; PROPONUJEMY&#8230;"},"content":{"rendered":"<h3>Zapraszamy m\u0119\u017cczyzn na specjalnie im dedykowan\u0105 Msz\u0119 \u015aw.&nbsp; 26 lutego w sobot\u0119 o godz. 19.00<\/h3>\n<h3>To duchowe spotkanie z Bogiem poprowadzi ks. Prof. Tadeusz Dzidek.<\/h3>\n<h3>Obok wsp\u00f3lnej modlitwy, kazania dla m\u0119\u017cczyzn, g\u0142oszona b\u0119dzie kr\u00f3tka konferencja.<\/h3>\n<h3>Jest to tak\u017ce okazja do &nbsp;wsp\u00f3lnej rozmowy i spotkania.<\/h3>\n<h3>Patronat nad tym wydarzeniem obj\u0119\u0142a wsp\u00f3lnota \u2013 M\u0119ska Strona Rzeczywisto\u015bci.<\/h3>\n<p>&nbsp;<\/p>\n<p><a href=\"http:\/\/roczyny.duszpasterstwa.bielsko.pl\/wp-content\/uploads\/2022\/02\/MSR8.jpg\"><img fetchpriority=\"high\" decoding=\"async\" class=\"aligncenter size-full wp-image-3995\" src=\"http:\/\/roczyny.duszpasterstwa.bielsko.pl\/wp-content\/uploads\/2022\/02\/MSR8.jpg\" alt=\"\" width=\"709\" height=\"992\" srcset=\"http:\/\/roczyny.duszpasterstwa.bielsko.pl\/wp-content\/uploads\/2022\/02\/MSR8.jpg 709w, http:\/\/roczyny.duszpasterstwa.bielsko.pl\/wp-content\/uploads\/2022\/02\/MSR8-214x300.jpg 214w, http:\/\/roczyny.duszpasterstwa.bielsko.pl\/wp-content\/uploads\/2022\/02\/MSR8-200x280.jpg 200w, http:\/\/roczyny.duszpasterstwa.bielsko.pl\/wp-content\/uploads\/2022\/02\/MSR8-690x965.jpg 690w\" sizes=\"(max-width: 709px) 100vw, 709px\" \/><\/a><\/p>\n","protected":false},"excerpt":{"rendered":"<p>Zapraszamy m\u0119\u017cczyzn na specjalnie im dedykowan\u0105 Msz\u0119 \u015aw.&nbsp; 26 lutego w sobot\u0119 o godz. 19.00 To duchowe spotkanie z Bogiem <a class=\"read-more\" href=\"http:\/\/roczyny.duszpasterstwa.bielsko.pl\/?p=3993\">czytaj dalej<\/a><\/p>\n","protected":false},"author":2,"featured_media":3994,"comment_status":"closed","ping_status":"open","sticky":false,"template":"","format":"standard","meta":{"ngg_post_thumbnail":0,"footnotes":""},"categories":[15,26],"tags":[],"class_list":["post-3993","post","type-post","status-publish","format-standard","has-post-thumbnail","hentry","category-aktualnosci","category-formacja-meskiej-tozsamosci","post-item clearfix"],"_links":{"self":[{"href":"http:\/\/roczyny.duszpasterstwa.bielsko.pl\/index.php?rest_route=\/wp\/v2\/posts\/3993"}],"collection":[{"href":"http:\/\/roczyny.duszpasterstwa.bielsko.pl\/index.php?rest_route=\/wp\/v2\/posts"}],"about":[{"href":"http:\/\/roczyny.duszpasterstwa.bielsko.pl\/index.php?rest_route=\/wp\/v2\/types\/post"}],"author":[{"embeddable":true,"href":"http:\/\/roczyny.duszpasterstwa.bielsko.pl\/index.php?rest_route=\/wp\/v2\/users\/2"}],"replies":[{"embeddable":true,"href":"http:\/\/roczyny.duszpasterstwa.bielsko.pl\/index.php?rest_route=%2Fwp%2Fv2%2Fcomments&post=3993"}],"version-history":[{"count":1,"href":"http:\/\/roczyny.duszpasterstwa.bielsko.pl\/index.php?rest_route=\/wp\/v2\/posts\/3993\/revisions"}],"predecessor-version":[{"id":3996,"href":"http:\/\/roczyny.duszpasterstwa.bielsko.pl\/index.php?rest_route=\/wp\/v2\/posts\/3993\/revisions\/3996"}],"wp:featuredmedia":[{"embeddable":true,"href":"http:\/\/roczyny.duszpasterstwa.bielsko.pl\/index.php?rest_route=\/wp\/v2\/media\/3994"}],"wp:attachment":[{"href":"http:\/\/roczyny.duszpasterstwa.bielsko.pl\/index.php?rest_route=%2Fwp%2Fv2%2Fmedia&parent=3993"}],"wp:term":[{"taxonomy":"category","embeddable":true,"href":"http:\/\/roczyny.duszpasterstwa.bielsko.pl\/index.php?rest_route=%2Fwp%2Fv2%2Fcategories&post=3993"},{"taxonomy":"post_tag","embeddable":true,"href":"http:\/\/roczyny.duszpasterstwa.bielsko.pl\/index.php?rest_route=%2Fwp%2Fv2%2Ftags&post=3993"}],"curies":[{"name":"wp","href":"https:\/\/api.w.org\/{rel}","templated":true}]}}