{"id":3438,"date":"2022-01-08T17:42:37","date_gmt":"2022-01-08T16:42:37","guid":{"rendered":"http:\/\/roczyny.duszpasterstwa.bielsko.pl\/?p=3438"},"modified":"2022-01-08T17:42:37","modified_gmt":"2022-01-08T16:42:37","slug":"chrzest-panski-ogloszenia-i-intencje","status":"publish","type":"post","link":"http:\/\/roczyny.duszpasterstwa.bielsko.pl\/?p=3438","title":{"rendered":"CHRZEST PA\u0143SKI &#8211; OG\u0141OSZENIA I INTENCJE&#8230;"},"content":{"rendered":"<h4><strong><u>\u015aWI\u0118TO&nbsp;&nbsp; CHRZTU&nbsp;&nbsp; PA\u0143SKIEGO (9.o1.2022r.)<\/u><\/strong><\/h4>\n<h4>W dzisiejsze \u015bwi\u0119to Chrztu Pa\u0144skiego, ko\u0144czy si\u0119 liturgiczny okres Bo\u017cego Narodzenia.<\/h4>\n<h4>W pi\u0105tek 16 stycznia, obchodzimy Dzie\u0144 migranta i uchod\u017acy.<\/h4>\n<h4>Dyrekcja, Nauczyciele i M\u0142odzie\u017c klas starszych naszej Szko\u0142y Podstawowej zaprasza Rodzic\u00f3w i ch\u0119tnych na <strong>wsp\u00f3\u0142czesne Jase\u0142ka pt.: ZAOPIEKUJ SI\u0118 MN\u0104\u2026<\/strong><\/h4>\n<h4>Przedstawienie odb\u0119dzie si\u0119 jutro, czyli 10 stycznia o godz. 18.00 w Sali gimnastycznej.<\/h4>\n<h4>Spotkanie b\u0119dzie utrzymane w re\u017cimie sanitarnym. Zapraszamy!<\/h4>\n<h4>&nbsp;<\/h4>\n<h4><strong><em>I N T E N C J E&nbsp;&nbsp; M S Z Y&nbsp;&nbsp; \u015a W.<\/em><\/strong><\/h4>\n<h4>Poniedzia\u0142ek(10)<\/h4>\n<h4>&nbsp;&nbsp; godz.6.3o&nbsp;&nbsp; &#8211; +Stanis\u0142awa Miko\u0142ajek<\/h4>\n<h4>&nbsp;&nbsp; godz.17.oo &#8211; +Helen\u0119 Bury 4 r. \u015bm.<\/h4>\n<h4>Wtorek(11)<\/h4>\n<h4>&nbsp;&nbsp; godz.6.3o&nbsp;&nbsp; &#8211; +Stanis\u0142awa Ku\u017am\u0119<\/h4>\n<h4>&nbsp;&nbsp;&nbsp;&nbsp;&nbsp;&nbsp;&nbsp;&nbsp;&nbsp;&nbsp;&nbsp;&nbsp;&nbsp;&nbsp;&nbsp;&nbsp;&nbsp; &#8211; Za ++ dusze wypominane \/WYPOMINKI\/<\/h4>\n<h4>&nbsp;&nbsp; godz.17.oo &#8211; +Jana Orkisza z \u017con\u0105 Janin\u0105 i synem Franciszkiem<\/h4>\n<h4>\u015aroda(12)<\/h4>\n<h4>&nbsp;&nbsp; godz.6.3o&nbsp;&nbsp; &#8211; +Mari\u0119 Wi\u015bniowsk\u0105<\/h4>\n<h4>&nbsp;&nbsp; godz.17.oo &#8211; +Andrzeja \u015alesak z rodzicami Emili\u0105 i Franciszkiem<\/h4>\n<h4>Czwartek(13)<\/h4>\n<h4>&nbsp;&nbsp; godz.6.3o&nbsp;&nbsp; &#8211; +Kazimierza Matejko<\/h4>\n<h4>&nbsp;&nbsp;&nbsp;&nbsp;&nbsp;&nbsp;&nbsp;&nbsp;&nbsp;&nbsp;&nbsp;&nbsp;&nbsp;&nbsp;&nbsp;&nbsp;&nbsp; &#8211; Za ++ zamar\u0142ych z okresu rocznego<\/h4>\n<h4>&nbsp;&nbsp; godz.17.oo \u2013 Dzi\u0119kczynna o intronizacj\u0119 Jezusa Chrystusa na Kr\u00f3la Polski<\/h4>\n<h4>Pi\u0105tek(14)<\/h4>\n<h4>&nbsp;&nbsp; godz.6.3o&nbsp;&nbsp; &#8211; +Mariana Gumo\u015b, Ignacego Juli\u0119 Smaza<\/h4>\n<h4>&nbsp;&nbsp; godz.17.oo &#8211; +ks. Krzysztofa Staniszewskiego, ks. Jana Nowaka, ks. Jana Rajd\u0119<\/h4>\n<h4>&nbsp;&nbsp;&nbsp;&nbsp;&nbsp;&nbsp;&nbsp;&nbsp;&nbsp;&nbsp;&nbsp;&nbsp;&nbsp;&nbsp;&nbsp;&nbsp;&nbsp;&nbsp;&nbsp;&nbsp;&nbsp;&nbsp;&nbsp;&nbsp;&nbsp; z R\u00f3\u017cy \u015bw. Jadwigi Kr\u00f3lowej<\/h4>\n<h4>Sobota(15)<\/h4>\n<h4>&nbsp;&nbsp; godz.6.3o&nbsp;&nbsp; &#8211; +Rozali\u0119 Sordyl<\/h4>\n<h4>&nbsp;&nbsp; godz.17.oo &#8211; +Tadeusza Tomiczek 4 r. \u015bm. z synami Krzysztofem i Stanis\u0142awem<\/h4>\n<h4>Niedziela(16)<\/h4>\n<h4>&nbsp;&nbsp; godz.7.oo&nbsp;&nbsp; &#8211; +Natali\u0119 Stanis\u0142awa Stachowicz<\/h4>\n<h4>&nbsp;&nbsp;&nbsp;&nbsp;&nbsp;&nbsp;&nbsp;&nbsp;&nbsp;&nbsp;&nbsp;&nbsp;&nbsp;&nbsp;&nbsp;&nbsp;&nbsp;&nbsp;&nbsp;&nbsp;&nbsp;&nbsp; &#8211; W int. Mieczys\u0142awa w 60-t\u0105 r. urodzin<\/h4>\n<h4>&nbsp;&nbsp; godz.9.oo&nbsp;&nbsp; &#8211; +Jana Sordyla 4 r. \u015bm. z \u017con\u0105 Rozali\u0105 od najbli\u017cszych<\/h4>\n<h4>&nbsp;&nbsp;&nbsp;&nbsp;&nbsp;&nbsp;&nbsp;&nbsp;&nbsp;&nbsp;&nbsp;&nbsp;&nbsp;&nbsp;&nbsp;&nbsp;&nbsp;&nbsp;&nbsp;&nbsp;&nbsp;&nbsp; &#8211; +Kazimierza Matejko<\/h4>\n<h4>&nbsp;&nbsp; godz.11.oo &#8211; +Eugeni\u0119 Mrowiec 1 r. \u015bm. z m\u0119\u017cem Edwardem<\/h4>\n<h4>&nbsp;&nbsp;&nbsp;&nbsp;&nbsp;&nbsp;&nbsp;&nbsp;&nbsp;&nbsp;&nbsp;&nbsp;&nbsp;&nbsp;&nbsp;&nbsp;&nbsp;&nbsp;&nbsp;&nbsp;&nbsp;&nbsp; &#8211; +Stanis\u0142aw\u0119 Sordyl 22 r. \u015bm. z m\u0119\u017cem W\u0142adys\u0142awem z rodzicami<\/h4>\n<h4>&nbsp;&nbsp; godz.15.oo &#8211; +J\u00f3zefa Ga\u0142osz z \u017con\u0105 Rozali\u0105<\/h4>\n<h4>&nbsp;&nbsp;&nbsp;&nbsp;&nbsp;&nbsp;&nbsp;&nbsp;&nbsp;&nbsp;&nbsp;&nbsp;&nbsp;&nbsp;&nbsp;&nbsp;&nbsp;&nbsp;&nbsp;&nbsp;&nbsp;&nbsp; &#8211; +Leokadi\u0119 Stefana Kud\u0142acik<\/h4>\n<h4><a href=\"http:\/\/roczyny.duszpasterstwa.bielsko.pl\/wp-content\/uploads\/2022\/01\/IMG_9474.jpg\"><img fetchpriority=\"high\" decoding=\"async\" class=\"aligncenter size-large wp-image-3439\" src=\"http:\/\/roczyny.duszpasterstwa.bielsko.pl\/wp-content\/uploads\/2022\/01\/IMG_9474-452x1024.jpg\" alt=\"\" width=\"452\" height=\"1024\" srcset=\"http:\/\/roczyny.duszpasterstwa.bielsko.pl\/wp-content\/uploads\/2022\/01\/IMG_9474-452x1024.jpg 452w, http:\/\/roczyny.duszpasterstwa.bielsko.pl\/wp-content\/uploads\/2022\/01\/IMG_9474-133x300.jpg 133w, http:\/\/roczyny.duszpasterstwa.bielsko.pl\/wp-content\/uploads\/2022\/01\/IMG_9474-768x1739.jpg 768w, http:\/\/roczyny.duszpasterstwa.bielsko.pl\/wp-content\/uploads\/2022\/01\/IMG_9474-200x453.jpg 200w, http:\/\/roczyny.duszpasterstwa.bielsko.pl\/wp-content\/uploads\/2022\/01\/IMG_9474-690x1562.jpg 690w\" sizes=\"(max-width: 452px) 100vw, 452px\" \/><\/a><\/h4>\n","protected":false},"excerpt":{"rendered":"<p>\u015aWI\u0118TO&nbsp;&nbsp; CHRZTU&nbsp;&nbsp; PA\u0143SKIEGO (9.o1.2022r.) W dzisiejsze \u015bwi\u0119to Chrztu Pa\u0144skiego, ko\u0144czy si\u0119 liturgiczny okres Bo\u017cego Narodzenia. W pi\u0105tek 16 stycznia, obchodzimy <a class=\"read-more\" href=\"http:\/\/roczyny.duszpasterstwa.bielsko.pl\/?p=3438\">czytaj dalej<\/a><\/p>\n","protected":false},"author":2,"featured_media":3440,"comment_status":"closed","ping_status":"open","sticky":false,"template":"","format":"standard","meta":{"ngg_post_thumbnail":0,"footnotes":""},"categories":[15,12],"tags":[],"class_list":["post-3438","post","type-post","status-publish","format-standard","has-post-thumbnail","hentry","category-aktualnosci","category-ogloszenia-parafialne","post-item clearfix"],"_links":{"self":[{"href":"http:\/\/roczyny.duszpasterstwa.bielsko.pl\/index.php?rest_route=\/wp\/v2\/posts\/3438"}],"collection":[{"href":"http:\/\/roczyny.duszpasterstwa.bielsko.pl\/index.php?rest_route=\/wp\/v2\/posts"}],"about":[{"href":"http:\/\/roczyny.duszpasterstwa.bielsko.pl\/index.php?rest_route=\/wp\/v2\/types\/post"}],"author":[{"embeddable":true,"href":"http:\/\/roczyny.duszpasterstwa.bielsko.pl\/index.php?rest_route=\/wp\/v2\/users\/2"}],"replies":[{"embeddable":true,"href":"http:\/\/roczyny.duszpasterstwa.bielsko.pl\/index.php?rest_route=%2Fwp%2Fv2%2Fcomments&post=3438"}],"version-history":[{"count":1,"href":"http:\/\/roczyny.duszpasterstwa.bielsko.pl\/index.php?rest_route=\/wp\/v2\/posts\/3438\/revisions"}],"predecessor-version":[{"id":3441,"href":"http:\/\/roczyny.duszpasterstwa.bielsko.pl\/index.php?rest_route=\/wp\/v2\/posts\/3438\/revisions\/3441"}],"wp:featuredmedia":[{"embeddable":true,"href":"http:\/\/roczyny.duszpasterstwa.bielsko.pl\/index.php?rest_route=\/wp\/v2\/media\/3440"}],"wp:attachment":[{"href":"http:\/\/roczyny.duszpasterstwa.bielsko.pl\/index.php?rest_route=%2Fwp%2Fv2%2Fmedia&parent=3438"}],"wp:term":[{"taxonomy":"category","embeddable":true,"href":"http:\/\/roczyny.duszpasterstwa.bielsko.pl\/index.php?rest_route=%2Fwp%2Fv2%2Fcategories&post=3438"},{"taxonomy":"post_tag","embeddable":true,"href":"http:\/\/roczyny.duszpasterstwa.bielsko.pl\/index.php?rest_route=%2Fwp%2Fv2%2Ftags&post=3438"}],"curies":[{"name":"wp","href":"https:\/\/api.w.org\/{rel}","templated":true}]}}