{"id":3393,"date":"2022-01-01T16:01:12","date_gmt":"2022-01-01T15:01:12","guid":{"rendered":"http:\/\/roczyny.duszpasterstwa.bielsko.pl\/?p=3393"},"modified":"2022-01-05T14:30:13","modified_gmt":"2022-01-05T13:30:13","slug":"ogloszenia-i-intencje-ii-niedziela-po-narodzeniu","status":"publish","type":"post","link":"http:\/\/roczyny.duszpasterstwa.bielsko.pl\/?p=3393","title":{"rendered":"OG\u0141OSZENIA I INTENCJE &#8211; II Niedziela po Narodzeniu&#8230;"},"content":{"rendered":"<h4><strong><u>I I&nbsp;&nbsp;&nbsp; N I E D Z I E L A&nbsp;&nbsp;&nbsp; P O&nbsp;&nbsp;&nbsp; NARODZENIU P A \u0143 S K I M<\/u><\/strong>&nbsp; (2.o1.2022r.)<\/h4>\n<h4>W czwartek 6 stycznia przypada uroczysto\u015b\u0107 Objawienia Pa\u0144skiego (Trzech Kr\u00f3li).<\/h4>\n<h4>Msze \u015bw. tak jak w niedziel\u0119: <strong>7.oo; 9.oo; 11.oo i 15.oo<\/strong><\/h4>\n<h4>W ca\u0142ym Ko\u015bciele jest to Dzie\u0144 Modlitwy i Pomocy Misjom.<\/h4>\n<h4>W tym tygodniu I-wszy pi\u0105tek miesi\u0105ca<\/h4>\n<h4>W przysz\u0142\u0105 niedziel\u0119 9 stycznia przypada \u015bwi\u0119to Chrztu Pa\u0144skiego, kt\u00f3ra ko\u0144czy okres Bo\u017cego Narodzenia.<\/h4>\n<h4><strong><em>&nbsp;<\/em><\/strong><\/h4>\n<h4>Zapraszamy w najbli\u017csz\u0105 \u015brod\u0119 5 stycznia R\u00f3\u017ce \u017bywego R\u00f3\u017ca\u0144ca na zmian\u0119 tajemnic r\u00f3\u017ca\u0144cowych po Mszy \u015bw. o godz. 17.00<\/h4>\n<h4>Ministranci naszej parafii w Uroczysto\u015b\u0107 Objawienie Pa\u0144skiego 6 stycznia po ka\u017cdej Mszy \u015bw. b\u0119d\u0105 rozprowadzali ma\u0142e zestawy na \u015awi\u0119to Trzech Kr\u00f3li \u2013 w\u0119gielek, kadzid\u0142o i kred\u0119. Kred\u0105 mo\u017cemy oznaczy\u0107 drzwi naszego domu \u2013 a wo\u0144 kadzid\u0142a utrwali atmosfer\u0119 \u015bwi\u0105teczn\u0105.<\/h4>\n<h4>Ofiary sk\u0142adane przy tej okazji b\u0119d\u0105 form\u0105 podzi\u0119kowania ministrantom za ich ca\u0142oroczn\u0105 pos\u0142ug\u0119 w naszej parafii.<\/h4>\n<div class=\"\" data-block=\"true\" data-editor=\"e8dba\" data-offset-key=\"m4s8-0-0\">\n<h3 class=\"_1mf _1mj\" data-offset-key=\"m4s8-0-0\"><span data-offset-key=\"m4s8-1-0\">PODSUMOWANIE<\/span><span data-offset-key=\"m4s8-2-0\"> ROKU:<\/span><\/h3>\n<\/div>\n<div class=\"_1mf _1mj\" data-offset-key=\"cpuhc-0-0\"><span data-offset-key=\"cpuhc-0-0\">CHRZTY &#8211; 53<\/span><\/div>\n<div class=\"_1mf _1mj\" data-offset-key=\"50geu-0-0\"><span data-offset-key=\"50geu-0-0\">\u015aLUBY &#8211; 17<\/span><\/div>\n<div class=\"\" data-block=\"true\" data-editor=\"e8dba\" data-offset-key=\"cia-0-0\">\n<h3 class=\"_1mf _1mj\" data-offset-key=\"cia-0-0\"><span data-offset-key=\"cia-0-0\">POGRZEBY &#8211; 54<\/span><\/h3>\n<\/div>\n<h4><strong><em>&nbsp;<a href=\"http:\/\/roczyny.duszpasterstwa.bielsko.pl\/wp-content\/uploads\/2021\/12\/tempImageKBTOph.jpg\"><br \/>\n<\/a><\/em><\/strong><strong><em>I N T E N C J E&nbsp;&nbsp;&nbsp; M S Z Y&nbsp;&nbsp; \u015a W.<\/em><\/strong><\/h4>\n<h4>Poniedzia\u0142ek(3)<\/h4>\n<h4>&nbsp;&nbsp; godz.6.3o&nbsp;&nbsp; &#8211; +Kazimierza Sordyla<\/h4>\n<h4>&nbsp;&nbsp; godz.17.oo &#8211; +Jana Piernika Jacka syna<\/h4>\n<h4>Wtorek(4)<\/h4>\n<h4>&nbsp;&nbsp; godz.6.3o&nbsp;&nbsp; &#8211; +Andrzeja Wi\u015bniowskiego<\/h4>\n<h4>&nbsp;&nbsp; godz.17.oo &#8211; +Rozali\u0119 W\u0142adys\u0142awa Sordyl<\/h4>\n<h4>\u015aroda(5)<\/h4>\n<h4>&nbsp;&nbsp; godz.6.3o&nbsp;&nbsp; &#8211; +Stanis\u0142awa Migda\u0142ek<\/h4>\n<h4>&nbsp;&nbsp; godz.17.oo &#8211; +Wand\u0119 Kud\u0142acik r. r. \u015bm. z synem Tomaszem<\/h4>\n<h4>Czwartek(6)<\/h4>\n<h4>&nbsp; &nbsp;godz.7.oo&nbsp;&nbsp; &#8211; +Stanis\u0142awa Ku\u017am\u0119<\/h4>\n<h4>&nbsp;&nbsp;&nbsp;&nbsp;&nbsp;&nbsp;&nbsp;&nbsp;&nbsp;&nbsp;&nbsp;&nbsp;&nbsp;&nbsp;&nbsp;&nbsp;&nbsp;&nbsp;&nbsp;&nbsp;&nbsp;&nbsp;&nbsp;&nbsp; &#8211; +Andrzeja Chwastek w 30-ty dzie\u0144 po \u015bmierci<\/h4>\n<h4>&nbsp;&nbsp; godz.9.oo&nbsp;&nbsp; &#8211; +Wies\u0142awa Bylic\u0119<\/h4>\n<h4>&nbsp;&nbsp;&nbsp;&nbsp;&nbsp;&nbsp;&nbsp;&nbsp;&nbsp;&nbsp;&nbsp;&nbsp;&nbsp;&nbsp;&nbsp;&nbsp;&nbsp;&nbsp;&nbsp;&nbsp;&nbsp;&nbsp;&nbsp; &#8211; W int. Oskara w 1-wsz\u0105 r. urodzin<\/h4>\n<h4>&nbsp;&nbsp; godz.11.oo &#8211; +Tadeusza Oleksy od najbli\u017cszych<\/h4>\n<h4>&nbsp;&nbsp;&nbsp;&nbsp;&nbsp;&nbsp;&nbsp;&nbsp;&nbsp;&nbsp;&nbsp;&nbsp;&nbsp;&nbsp;&nbsp;&nbsp;&nbsp;&nbsp;&nbsp;&nbsp;&nbsp;&nbsp;&nbsp;&nbsp; &#8211; +Damiana \u017bydek 6 r. \u015bm<\/h4>\n<h4>&nbsp;&nbsp; godz.15.oo &#8211; +Kazimierz Tomiaka 2 r. \u015bm.<\/h4>\n<h4>&nbsp;&nbsp;&nbsp;&nbsp;&nbsp;&nbsp;&nbsp;&nbsp;&nbsp;&nbsp;&nbsp;&nbsp;&nbsp;&nbsp;&nbsp;&nbsp;&nbsp;&nbsp;&nbsp;&nbsp;&nbsp;&nbsp;&nbsp;&nbsp; &#8211; +Stanis\u0142awa Wi\u0119ckowskiego<\/h4>\n<h4>Pi\u0105tek(7)<\/h4>\n<h4>&nbsp;&nbsp; godz.6.3o&nbsp;&nbsp; &#8211; +Kazimierza Matejko<\/h4>\n<h4>&nbsp;&nbsp; godz.17.oo &#8211; + Zofi\u0119 J\u00f3zefa Kowalczyk z c\u00f3rk\u0105<\/h4>\n<h4>Sobota(8)<\/h4>\n<h4>&nbsp;&nbsp; godz.6.3o&nbsp;&nbsp; &#8211; +Mari\u0119 Wi\u015bniowsk\u0105<\/h4>\n<h4>&nbsp;&nbsp; godz.17.oo &#8211; +Stanis\u0142awa Karbowiak z rodzicami i te\u015bciami<\/h4>\n<h4>Niedziela(9)<\/h4>\n<h4>&nbsp;&nbsp; godz.7.oo&nbsp;&nbsp; &#8211; +Mieczys\u0142aw\u0119 Stanis\u0142awa Bu\u0142at z rodzicami<\/h4>\n<h4>&nbsp;&nbsp;&nbsp;&nbsp;&nbsp;&nbsp;&nbsp;&nbsp;&nbsp;&nbsp;&nbsp;&nbsp;&nbsp;&nbsp;&nbsp;&nbsp;&nbsp;&nbsp;&nbsp;&nbsp;&nbsp;&nbsp;&nbsp; &#8211; +J\u00f3zefa Janosz r. \u015bm.<\/h4>\n<h4>&nbsp;&nbsp; godz.9.oo&nbsp;&nbsp; &#8211; +Kazimierza P\u0119kala 1 r. \u015bm.<\/h4>\n<h4>&nbsp;&nbsp;&nbsp;&nbsp;&nbsp;&nbsp;&nbsp;&nbsp;&nbsp;&nbsp;&nbsp;&nbsp;&nbsp;&nbsp;&nbsp;&nbsp;&nbsp;&nbsp;&nbsp;&nbsp;&nbsp;&nbsp;&nbsp; &#8211; W int. Krzysztofa w 18-t\u0105 r. urodzin<\/h4>\n<h4>&nbsp;&nbsp; godz.11.oo &#8211; +Ryszarda Malczyk z ojcem J\u00f3zefem i te\u015bciami<\/h4>\n<h4>&nbsp;&nbsp;&nbsp;&nbsp;&nbsp;&nbsp;&nbsp;&nbsp;&nbsp;&nbsp;&nbsp;&nbsp;&nbsp;&nbsp;&nbsp;&nbsp;&nbsp;&nbsp;&nbsp;&nbsp;&nbsp;&nbsp;&nbsp;&nbsp; &#8211; +W\u0142adys\u0142aw\u0119 Kr\u00f3lewsk\u0105<\/h4>\n<h4>&nbsp;&nbsp; godz.15.oo &#8211; +J\u00f3zefa Franciszk\u0119 Ku\u017ama z wnuczk\u0105 Ann\u0105 Adamem zi\u0119ciem Tomasza<\/h4>\n<h4>&nbsp;&nbsp;&nbsp;&nbsp;&nbsp;&nbsp;&nbsp;&nbsp;&nbsp;&nbsp;&nbsp;&nbsp;&nbsp;&nbsp;&nbsp;&nbsp;&nbsp;&nbsp;&nbsp;&nbsp;&nbsp;&nbsp;&nbsp;&nbsp;&nbsp;&nbsp;&nbsp; Antonin\u0119 \u0141yso\u0144<\/h4>\n<h4>&nbsp;&nbsp;&nbsp;&nbsp;&nbsp;&nbsp;&nbsp;&nbsp;&nbsp;&nbsp;&nbsp;&nbsp;&nbsp;&nbsp;&nbsp;&nbsp;&nbsp;&nbsp;&nbsp;&nbsp;&nbsp;&nbsp;&nbsp;&nbsp; &#8211; +Stefana Leokadi\u0119 Kud\u0142acik 24 r. \u015bm.<\/h4>\n<h4>&nbsp;<\/h4>\n<p><strong><em><a href=\"http:\/\/roczyny.duszpasterstwa.bielsko.pl\/wp-content\/uploads\/2021\/12\/tempImageKBTOph.jpg\"><img fetchpriority=\"high\" decoding=\"async\" class=\"aligncenter size-large wp-image-3375\" src=\"http:\/\/roczyny.duszpasterstwa.bielsko.pl\/wp-content\/uploads\/2021\/12\/tempImageKBTOph-1024x768.jpg\" alt=\"\" width=\"1024\" height=\"768\" srcset=\"http:\/\/roczyny.duszpasterstwa.bielsko.pl\/wp-content\/uploads\/2021\/12\/tempImageKBTOph-1024x768.jpg 1024w, http:\/\/roczyny.duszpasterstwa.bielsko.pl\/wp-content\/uploads\/2021\/12\/tempImageKBTOph-300x225.jpg 300w, http:\/\/roczyny.duszpasterstwa.bielsko.pl\/wp-content\/uploads\/2021\/12\/tempImageKBTOph-768x576.jpg 768w, http:\/\/roczyny.duszpasterstwa.bielsko.pl\/wp-content\/uploads\/2021\/12\/tempImageKBTOph-200x150.jpg 200w, http:\/\/roczyny.duszpasterstwa.bielsko.pl\/wp-content\/uploads\/2021\/12\/tempImageKBTOph-690x518.jpg 690w\" sizes=\"(max-width: 1024px) 100vw, 1024px\" \/><\/a><\/em><\/strong><\/p>\n<p>&nbsp;<\/p>\n","protected":false},"excerpt":{"rendered":"<p>I I&nbsp;&nbsp;&nbsp; N I E D Z I E L A&nbsp;&nbsp;&nbsp; P O&nbsp;&nbsp;&nbsp; NARODZENIU P A \u0143 S K I <a class=\"read-more\" href=\"http:\/\/roczyny.duszpasterstwa.bielsko.pl\/?p=3393\">czytaj dalej<\/a><\/p>\n","protected":false},"author":2,"featured_media":3380,"comment_status":"closed","ping_status":"open","sticky":false,"template":"","format":"standard","meta":{"ngg_post_thumbnail":0,"footnotes":""},"categories":[15],"tags":[],"class_list":["post-3393","post","type-post","status-publish","format-standard","has-post-thumbnail","hentry","category-aktualnosci","post-item clearfix"],"_links":{"self":[{"href":"http:\/\/roczyny.duszpasterstwa.bielsko.pl\/index.php?rest_route=\/wp\/v2\/posts\/3393"}],"collection":[{"href":"http:\/\/roczyny.duszpasterstwa.bielsko.pl\/index.php?rest_route=\/wp\/v2\/posts"}],"about":[{"href":"http:\/\/roczyny.duszpasterstwa.bielsko.pl\/index.php?rest_route=\/wp\/v2\/types\/post"}],"author":[{"embeddable":true,"href":"http:\/\/roczyny.duszpasterstwa.bielsko.pl\/index.php?rest_route=\/wp\/v2\/users\/2"}],"replies":[{"embeddable":true,"href":"http:\/\/roczyny.duszpasterstwa.bielsko.pl\/index.php?rest_route=%2Fwp%2Fv2%2Fcomments&post=3393"}],"version-history":[{"count":3,"href":"http:\/\/roczyny.duszpasterstwa.bielsko.pl\/index.php?rest_route=\/wp\/v2\/posts\/3393\/revisions"}],"predecessor-version":[{"id":3396,"href":"http:\/\/roczyny.duszpasterstwa.bielsko.pl\/index.php?rest_route=\/wp\/v2\/posts\/3393\/revisions\/3396"}],"wp:featuredmedia":[{"embeddable":true,"href":"http:\/\/roczyny.duszpasterstwa.bielsko.pl\/index.php?rest_route=\/wp\/v2\/media\/3380"}],"wp:attachment":[{"href":"http:\/\/roczyny.duszpasterstwa.bielsko.pl\/index.php?rest_route=%2Fwp%2Fv2%2Fmedia&parent=3393"}],"wp:term":[{"taxonomy":"category","embeddable":true,"href":"http:\/\/roczyny.duszpasterstwa.bielsko.pl\/index.php?rest_route=%2Fwp%2Fv2%2Fcategories&post=3393"},{"taxonomy":"post_tag","embeddable":true,"href":"http:\/\/roczyny.duszpasterstwa.bielsko.pl\/index.php?rest_route=%2Fwp%2Fv2%2Ftags&post=3393"}],"curies":[{"name":"wp","href":"https:\/\/api.w.org\/{rel}","templated":true}]}}