{"id":3388,"date":"2021-12-25T16:14:33","date_gmt":"2021-12-25T15:14:33","guid":{"rendered":"http:\/\/roczyny.duszpasterstwa.bielsko.pl\/?p=3388"},"modified":"2021-12-25T16:15:18","modified_gmt":"2021-12-25T15:15:18","slug":"ogloszenia-i-intencje-swietej-rodziny","status":"publish","type":"post","link":"http:\/\/roczyny.duszpasterstwa.bielsko.pl\/?p=3388","title":{"rendered":"OG\u0141OSZENIA I INTENCJE &#8211; \u015aWI\u0118TEJ RODZINY&#8230;"},"content":{"rendered":"<h4><strong><u>\u015a W I \u0118 T O&nbsp;&nbsp;&nbsp; \u015a W.&nbsp;&nbsp;&nbsp; R O D Z I N Y<\/u><\/strong>&nbsp; (26.12.2021r.)<\/h4>\n<h4>&nbsp;<\/h4>\n<h4>Poniedzia\u0142ek \u2013 \u015bwi\u0119to \u015bw. Jana Ap. i Ew.<\/h4>\n<h4>Wtorek&nbsp;&nbsp;&nbsp;&nbsp;&nbsp;&nbsp;&nbsp;&nbsp;&nbsp;&nbsp; &#8211; \u015bwi\u0119to \u015awi\u0119tych M\u0142odziank\u00f3w, m\u0119czennik\u00f3w<\/h4>\n<h4>Rozpoczyna si\u0119 tydzie\u0144 \u0142\u0105cz\u0105cy Stary i Nowy Rok.&nbsp;<\/h4>\n<h4>W pi\u0105tek 31 grudnia w ostatni dzie\u0144 roku kalendarzowego zapraszamy na nabo\u017ce\u0144stwo dzi\u0119kczynno- b\u0142agalne o godz.17.oo. Z ca\u0142\u0105 pewno\u015bci\u0105 ka\u017cdy z nas ma za co dzi\u0119kowa\u0107 Bogu jak i za co przeprasza\u0107, nie zapominaj\u0105c, \u017ce Bo\u017ce mi\u0142osierdzie potrafi wyprowadzi\u0107 dobro r\u00f3wnie\u017c z tego, co samo w sobie dobrem nie jest i czym nie by\u0142o.<\/h4>\n<h4>W sobot\u0119 1 stycznia uroczysto\u015b\u0107 \u015awi\u0119tej Bo\u017cej Rodzicielki Maryi. Jest to Dzie\u0144 Modlitwy o pok\u00f3j na \u015bwiecie.<\/h4>\n<h4><strong>Msze \u015bw. tak jak w niedziel\u0119: 7.oo; 9.oo; 11.oo i 15.oo.<\/strong><\/h4>\n<h4>&nbsp;<\/h4>\n<h4><strong><em>I N T E N C J E&nbsp;&nbsp; M S Z Y&nbsp;&nbsp; \u015a W.<\/em><\/strong><\/h4>\n<h4>Poniedzia\u0142ek(27)<\/h4>\n<h4>&nbsp;&nbsp; godz.6.3o&nbsp;&nbsp; &#8211; +Kazimierza Sordyla<\/h4>\n<h4>&nbsp;&nbsp; godz.17.oo &#8211; +Mari\u0119 Jo\u0144czy 30 r. \u015bm. z m\u0119\u017cem Stefanem<\/h4>\n<h4>Wtorek(28)<\/h4>\n<h4>&nbsp;&nbsp; godz.6.3o&nbsp;&nbsp; &#8211; +Andrzeja Wi\u015bniowskiego<\/h4>\n<h4>&nbsp;&nbsp; godz.17.oo &#8211; +Katarzyn\u0119 i Franciszka Karcz<\/h4>\n<h4>\u015aroda(29)<\/h4>\n<h4>&nbsp;&nbsp; godz.6.3o&nbsp;&nbsp; &#8211; +Stanis\u0142awa Ku\u017am\u0119<\/h4>\n<h4>&nbsp;&nbsp; godz.17.oo &#8211; +Helen\u0119 Siwek z m\u0119\u017cem i c\u00f3rk\u0105<\/h4>\n<h4>Czwartek(30)<\/h4>\n<h4>&nbsp;&nbsp; godz.6.3o&nbsp;&nbsp; &#8211; +Mari\u0119 Wykr\u0119t w 30-ty dzie\u0144 po \u015bmierci<\/h4>\n<h4>&nbsp;&nbsp; godz.17.oo \u2013 O zdrowie i b\u0142. Bo\u017ce w rodzinie Bryndz\u00f3w<\/h4>\n<h4>Pi\u0105tek(31)<\/h4>\n<h4>&nbsp;&nbsp; godz.6.3o&nbsp;&nbsp; &#8211; +Jana Ga\u0142uszk\u0119<\/h4>\n<h4>&nbsp;&nbsp; godz.17.oo &#8211; +Jana Stefani\u0119 \u017bywio\u0142 z synem W\u0142adys\u0142awem<\/h4>\n<h4>&nbsp;&nbsp;&nbsp;&nbsp;&nbsp;&nbsp;&nbsp;&nbsp;&nbsp;&nbsp;&nbsp;&nbsp;&nbsp;&nbsp;&nbsp;&nbsp;&nbsp;&nbsp;&nbsp;&nbsp;&nbsp;&nbsp;&nbsp;&nbsp; &#8211; +Stanis\u0142aw\u0119 Wojewodzic<\/h4>\n<h4>Sobota(1)<\/h4>\n<h4>&nbsp;&nbsp; godz.7.oo&nbsp;&nbsp; &#8211; +Paw\u0142a Miko\u0142ajek<\/h4>\n<h4>&nbsp;&nbsp;&nbsp;&nbsp;&nbsp;&nbsp;&nbsp;&nbsp;&nbsp;&nbsp;&nbsp;&nbsp;&nbsp;&nbsp;&nbsp;&nbsp;&nbsp; &nbsp;&nbsp;&nbsp;&nbsp;&nbsp;&nbsp;&#8211; +Stefani\u0119 Sordyl, Janin\u0119 c\u00f3rk\u0119, Ma\u0142gorzat\u0119 wnuczk\u0119<\/h4>\n<h4>&nbsp;&nbsp; godz.9.oo&nbsp;&nbsp; &#8211; +Mari\u0119 i J\u00f3zefa Bylica i ich rodzic\u00f3w<\/h4>\n<h4>&nbsp;&nbsp;&nbsp;&nbsp;&nbsp;&nbsp;&nbsp;&nbsp;&nbsp;&nbsp;&nbsp;&nbsp;&nbsp;&nbsp;&nbsp;&nbsp;&nbsp;&nbsp;&nbsp;&nbsp;&nbsp;&nbsp;&nbsp; &#8211; +Stefani\u0119 Chrapkiewicz<\/h4>\n<h4>&nbsp;&nbsp; godz.11.oo &#8211; +Rozali\u0119 Andrzeja Sordyl r. \u015bm.<\/h4>\n<h4>&nbsp;&nbsp;&nbsp;&nbsp;&nbsp;&nbsp;&nbsp;&nbsp;&nbsp;&nbsp;&nbsp;&nbsp;&nbsp;&nbsp;&nbsp;&nbsp;&nbsp;&nbsp;&nbsp;&nbsp;&nbsp;&nbsp;&nbsp;&nbsp; &#8211; +Zofi\u0119 Potempa 2 r. \u015bm. oraz o zdrowie dla Mieczys\u0142awa w dniu imienin<\/h4>\n<h4>&nbsp;&nbsp; godz.15.oo &#8211; +Bart\u0142omieja Harat 2 r. \u015bm.<\/h4>\n<h4>&nbsp;&nbsp;&nbsp;&nbsp;&nbsp;&nbsp;&nbsp;&nbsp;&nbsp;&nbsp;&nbsp;&nbsp;&nbsp;&nbsp;&nbsp;&nbsp;&nbsp;&nbsp;&nbsp;&nbsp;&nbsp;&nbsp;&nbsp;&nbsp; &#8211; +Zygmunta Fra\u015b<\/h4>\n<h4>Niedziela(2)<\/h4>\n<h4>&nbsp;&nbsp; godz.7.oo&nbsp;&nbsp; &#8211; +Hieronima Ku\u017am\u0119<\/h4>\n<h4>&nbsp;&nbsp;&nbsp;&nbsp;&nbsp;&nbsp;&nbsp;&nbsp;&nbsp;&nbsp;&nbsp;&nbsp;&nbsp;&nbsp;&nbsp;&nbsp;&nbsp;&nbsp;&nbsp;&nbsp;&nbsp;&nbsp;&nbsp; &#8211; W int. Eugeniusza i Agaty w 41 r. \u015blubu dzi\u0119kczynna z pro\u015bb\u0105 o b\u0142. Bo\u017ce<\/h4>\n<h4>&nbsp;&nbsp; godz.9.oo&nbsp;&nbsp; &#8211; +Tadeusza Waleri\u0119 Bylica<\/h4>\n<h4>&nbsp;&nbsp;&nbsp;&nbsp;&nbsp;&nbsp;&nbsp;&nbsp;&nbsp;&nbsp;&nbsp;&nbsp;&nbsp;&nbsp;&nbsp;&nbsp;&nbsp;&nbsp;&nbsp;&nbsp;&nbsp;&nbsp;&nbsp; &#8211; +Stanis\u0142awa Kami\u0144skiego<\/h4>\n<h4>&nbsp;&nbsp; godz.11.oo &#8211; +Katarzyn\u0119 Sordyl z m\u0119\u017cem Henrykiem<\/h4>\n<h4>&nbsp;&nbsp;&nbsp;&nbsp;&nbsp;&nbsp;&nbsp;&nbsp;&nbsp;&nbsp;&nbsp;&nbsp;&nbsp;&nbsp;&nbsp;&nbsp;&nbsp;&nbsp;&nbsp;&nbsp;&nbsp;&nbsp;&nbsp;&nbsp; &#8211; +Zygmunta Fra\u015b<\/h4>\n<h4>&nbsp;&nbsp; godz.15.oo &#8211; +Jana Ga\u0142uszk\u0119<\/h4>\n<h4>&nbsp;&nbsp;&nbsp;&nbsp;&nbsp;&nbsp; &nbsp;&nbsp;&nbsp;&nbsp;&nbsp;&nbsp;&nbsp;&nbsp;&nbsp;&nbsp;&nbsp;&nbsp;&nbsp;&nbsp;&nbsp;&nbsp;&nbsp;&nbsp;&#8211; +Stanis\u0142aw\u0119 Wi\u015bniowsk\u0105<\/h4>\n<h4><a href=\"http:\/\/roczyny.duszpasterstwa.bielsko.pl\/wp-content\/uploads\/2021\/12\/tempImagexRMANM.jpg\"><img fetchpriority=\"high\" decoding=\"async\" class=\"aligncenter size-large wp-image-3389\" src=\"http:\/\/roczyny.duszpasterstwa.bielsko.pl\/wp-content\/uploads\/2021\/12\/tempImagexRMANM-1024x768.jpg\" alt=\"\" width=\"1024\" height=\"768\" srcset=\"http:\/\/roczyny.duszpasterstwa.bielsko.pl\/wp-content\/uploads\/2021\/12\/tempImagexRMANM-1024x768.jpg 1024w, http:\/\/roczyny.duszpasterstwa.bielsko.pl\/wp-content\/uploads\/2021\/12\/tempImagexRMANM-300x225.jpg 300w, http:\/\/roczyny.duszpasterstwa.bielsko.pl\/wp-content\/uploads\/2021\/12\/tempImagexRMANM-768x576.jpg 768w, http:\/\/roczyny.duszpasterstwa.bielsko.pl\/wp-content\/uploads\/2021\/12\/tempImagexRMANM-200x150.jpg 200w, http:\/\/roczyny.duszpasterstwa.bielsko.pl\/wp-content\/uploads\/2021\/12\/tempImagexRMANM-690x518.jpg 690w\" sizes=\"(max-width: 1024px) 100vw, 1024px\" \/><\/a><\/h4>\n","protected":false},"excerpt":{"rendered":"<p>\u015a W I \u0118 T O&nbsp;&nbsp;&nbsp; \u015a W.&nbsp;&nbsp;&nbsp; R O D Z I N Y&nbsp; (26.12.2021r.) &nbsp; Poniedzia\u0142ek \u2013 \u015bwi\u0119to <a class=\"read-more\" href=\"http:\/\/roczyny.duszpasterstwa.bielsko.pl\/?p=3388\">czytaj dalej<\/a><\/p>\n","protected":false},"author":2,"featured_media":3389,"comment_status":"closed","ping_status":"open","sticky":false,"template":"","format":"standard","meta":{"ngg_post_thumbnail":0,"footnotes":""},"categories":[15,12],"tags":[],"class_list":["post-3388","post","type-post","status-publish","format-standard","has-post-thumbnail","hentry","category-aktualnosci","category-ogloszenia-parafialne","post-item clearfix"],"_links":{"self":[{"href":"http:\/\/roczyny.duszpasterstwa.bielsko.pl\/index.php?rest_route=\/wp\/v2\/posts\/3388"}],"collection":[{"href":"http:\/\/roczyny.duszpasterstwa.bielsko.pl\/index.php?rest_route=\/wp\/v2\/posts"}],"about":[{"href":"http:\/\/roczyny.duszpasterstwa.bielsko.pl\/index.php?rest_route=\/wp\/v2\/types\/post"}],"author":[{"embeddable":true,"href":"http:\/\/roczyny.duszpasterstwa.bielsko.pl\/index.php?rest_route=\/wp\/v2\/users\/2"}],"replies":[{"embeddable":true,"href":"http:\/\/roczyny.duszpasterstwa.bielsko.pl\/index.php?rest_route=%2Fwp%2Fv2%2Fcomments&post=3388"}],"version-history":[{"count":2,"href":"http:\/\/roczyny.duszpasterstwa.bielsko.pl\/index.php?rest_route=\/wp\/v2\/posts\/3388\/revisions"}],"predecessor-version":[{"id":3391,"href":"http:\/\/roczyny.duszpasterstwa.bielsko.pl\/index.php?rest_route=\/wp\/v2\/posts\/3388\/revisions\/3391"}],"wp:featuredmedia":[{"embeddable":true,"href":"http:\/\/roczyny.duszpasterstwa.bielsko.pl\/index.php?rest_route=\/wp\/v2\/media\/3389"}],"wp:attachment":[{"href":"http:\/\/roczyny.duszpasterstwa.bielsko.pl\/index.php?rest_route=%2Fwp%2Fv2%2Fmedia&parent=3388"}],"wp:term":[{"taxonomy":"category","embeddable":true,"href":"http:\/\/roczyny.duszpasterstwa.bielsko.pl\/index.php?rest_route=%2Fwp%2Fv2%2Fcategories&post=3388"},{"taxonomy":"post_tag","embeddable":true,"href":"http:\/\/roczyny.duszpasterstwa.bielsko.pl\/index.php?rest_route=%2Fwp%2Fv2%2Ftags&post=3388"}],"curies":[{"name":"wp","href":"https:\/\/api.w.org\/{rel}","templated":true}]}}