{"id":3386,"date":"2021-12-24T18:47:57","date_gmt":"2021-12-24T17:47:57","guid":{"rendered":"http:\/\/roczyny.duszpasterstwa.bielsko.pl\/?p=3386"},"modified":"2021-12-24T18:47:57","modified_gmt":"2021-12-24T17:47:57","slug":"zyczenia-dla-naszych-parafian","status":"publish","type":"post","link":"http:\/\/roczyny.duszpasterstwa.bielsko.pl\/?p=3386","title":{"rendered":"\u017bYCZENIA DLA NASZYCH PARAFIAN!"},"content":{"rendered":"<h2><span style=\"color: #ff0000;\"><strong><em>\u201e<\/em><\/strong><strong><em>Anio\u0142 rzek\u0142: \u00abNie b\u00f3jcie si\u0119!<br \/>\nOto zwiastuj\u0119 wam rado\u015b\u0107 wielk\u0105\u2026\u201d<\/em><\/strong> (\u0141k 2,10)<\/span><\/h2>\n<h2>Rado\u015b\u0107 dla kogo? <strong>Rado\u015b\u0107 r\u00f3wnie\u017c dla naszej Parafii \u015bw. Urbana w Roczynach<\/strong>\u2026 Rado\u015b\u0107, \u017ce po raz kolejny mo\u017cemy \u015bwi\u0119towa\u0107 Urodziny Jezusa w naszych Rodzinach i przy roczy\u0144skim \u017c\u0142\u00f3bku w ko\u015bciele\u2026 &nbsp;<\/h2>\n<h2>Zechciejmy odkrywa\u0107 wci\u0105\u017c na nowo niewiarygodne dary, jakie daje nam B\u00f3g ka\u017cdego dnia. Niech wzrasta w nas i w naszych Rodzinach mi\u0142o\u015b\u0107 do Jezusa i do Eucharystii, w kt\u00f3rej On jest \u017cywy i prawdziwie obecny. A rado\u015b\u0107 stanie si\u0119 naszym udzia\u0142em.<\/h2>\n<h2>\u017byczymy wi\u0119c radosnych i pe\u0142nych mi\u0142o\u015bci \u015bwi\u0105tecznych spotka\u0144. Miejcie pi\u0119kny czas w\u015br\u00f3d tych, kt\u00f3rych kochacie. Kol\u0119dujcie, dzielcie si\u0119 u\u015bmiechem, dobr\u0105 rozmow\u0105, spacerem, dobr\u0105 ksi\u0105\u017ck\u0105, rado\u015bci\u0105 przy stole, s\u0142u\u017c\u0105c jedni drugim. \u017byczymy wi\u0119c chwil pi\u0119knej wra\u017cliwo\u015bci na najbli\u017csze dni i w Nowym Roku 2022.<\/h2>\n<h2 style=\"text-align: right;\">ks. Proboszcz Ryszard<\/h2>\n<h2 style=\"text-align: right;\">ks. Pawe\u0142<\/h2>\n<p>&nbsp;<\/p>\n<p><a href=\"http:\/\/roczyny.duszpasterstwa.bielsko.pl\/wp-content\/uploads\/2021\/12\/tempImageHI9rMr.jpg\"><img fetchpriority=\"high\" decoding=\"async\" class=\"aligncenter size-large wp-image-3383\" src=\"http:\/\/roczyny.duszpasterstwa.bielsko.pl\/wp-content\/uploads\/2021\/12\/tempImageHI9rMr-1024x768.jpg\" alt=\"\" width=\"1024\" height=\"768\" srcset=\"http:\/\/roczyny.duszpasterstwa.bielsko.pl\/wp-content\/uploads\/2021\/12\/tempImageHI9rMr-1024x768.jpg 1024w, http:\/\/roczyny.duszpasterstwa.bielsko.pl\/wp-content\/uploads\/2021\/12\/tempImageHI9rMr-300x225.jpg 300w, http:\/\/roczyny.duszpasterstwa.bielsko.pl\/wp-content\/uploads\/2021\/12\/tempImageHI9rMr-768x576.jpg 768w, http:\/\/roczyny.duszpasterstwa.bielsko.pl\/wp-content\/uploads\/2021\/12\/tempImageHI9rMr-200x150.jpg 200w, http:\/\/roczyny.duszpasterstwa.bielsko.pl\/wp-content\/uploads\/2021\/12\/tempImageHI9rMr-690x518.jpg 690w\" sizes=\"(max-width: 1024px) 100vw, 1024px\" \/><\/a><\/p>\n","protected":false},"excerpt":{"rendered":"<p>\u201eAnio\u0142 rzek\u0142: \u00abNie b\u00f3jcie si\u0119! Oto zwiastuj\u0119 wam rado\u015b\u0107 wielk\u0105\u2026\u201d (\u0141k 2,10) Rado\u015b\u0107 dla kogo? Rado\u015b\u0107 r\u00f3wnie\u017c dla naszej Parafii <a class=\"read-more\" href=\"http:\/\/roczyny.duszpasterstwa.bielsko.pl\/?p=3386\">czytaj dalej<\/a><\/p>\n","protected":false},"author":2,"featured_media":3383,"comment_status":"closed","ping_status":"open","sticky":false,"template":"","format":"standard","meta":{"ngg_post_thumbnail":0,"footnotes":""},"categories":[15],"tags":[],"class_list":["post-3386","post","type-post","status-publish","format-standard","has-post-thumbnail","hentry","category-aktualnosci","post-item clearfix"],"_links":{"self":[{"href":"http:\/\/roczyny.duszpasterstwa.bielsko.pl\/index.php?rest_route=\/wp\/v2\/posts\/3386"}],"collection":[{"href":"http:\/\/roczyny.duszpasterstwa.bielsko.pl\/index.php?rest_route=\/wp\/v2\/posts"}],"about":[{"href":"http:\/\/roczyny.duszpasterstwa.bielsko.pl\/index.php?rest_route=\/wp\/v2\/types\/post"}],"author":[{"embeddable":true,"href":"http:\/\/roczyny.duszpasterstwa.bielsko.pl\/index.php?rest_route=\/wp\/v2\/users\/2"}],"replies":[{"embeddable":true,"href":"http:\/\/roczyny.duszpasterstwa.bielsko.pl\/index.php?rest_route=%2Fwp%2Fv2%2Fcomments&post=3386"}],"version-history":[{"count":1,"href":"http:\/\/roczyny.duszpasterstwa.bielsko.pl\/index.php?rest_route=\/wp\/v2\/posts\/3386\/revisions"}],"predecessor-version":[{"id":3387,"href":"http:\/\/roczyny.duszpasterstwa.bielsko.pl\/index.php?rest_route=\/wp\/v2\/posts\/3386\/revisions\/3387"}],"wp:featuredmedia":[{"embeddable":true,"href":"http:\/\/roczyny.duszpasterstwa.bielsko.pl\/index.php?rest_route=\/wp\/v2\/media\/3383"}],"wp:attachment":[{"href":"http:\/\/roczyny.duszpasterstwa.bielsko.pl\/index.php?rest_route=%2Fwp%2Fv2%2Fmedia&parent=3386"}],"wp:term":[{"taxonomy":"category","embeddable":true,"href":"http:\/\/roczyny.duszpasterstwa.bielsko.pl\/index.php?rest_route=%2Fwp%2Fv2%2Fcategories&post=3386"},{"taxonomy":"post_tag","embeddable":true,"href":"http:\/\/roczyny.duszpasterstwa.bielsko.pl\/index.php?rest_route=%2Fwp%2Fv2%2Ftags&post=3386"}],"curies":[{"name":"wp","href":"https:\/\/api.w.org\/{rel}","templated":true}]}}