{"id":3275,"date":"2021-12-18T09:17:02","date_gmt":"2021-12-18T08:17:02","guid":{"rendered":"http:\/\/roczyny.duszpasterstwa.bielsko.pl\/?p=3275"},"modified":"2021-12-18T09:18:08","modified_gmt":"2021-12-18T08:18:08","slug":"szkolne-kolo-caritas-rozprowadza-stroiki-i-sianko","status":"publish","type":"post","link":"http:\/\/roczyny.duszpasterstwa.bielsko.pl\/?p=3275","title":{"rendered":"SZKOLNE KO\u0141O CARITAS &#8211; rozprowadza stroiki i sianko&#8230;"},"content":{"rendered":"<h4>Uczniowie ze Szkolnego Ko\u0142a Caritas przygotowali stroiki i sianko \u015bwi\u0105teczne&#8230;<\/h4>\n<h4>Dzi\u0119kujemy im za zaanga\u017cowanie a szeg\u00f3lnie szefowej Ko\u0142a Emilce za organizacje ca\u0142o\u015bci kolejnej ich akcji&#8230;<\/h4>\n<h4>Pieni\u0105\u017cki zarobione przeznacz\u0105 dla os\u00f3b starszych \/poinformujemy o kwocie i miejscu przekazania uzbieranych \u015brodk\u00f3w\/<\/h4>\n<h4>Dzi\u0119kujemy Pani Ewie za pomoc&#8230;<\/h4>\n<h4>Stroiki b\u0119d\u0105 rozprowadzane mi\u0119dzy mszami w niedziel\u0119 &nbsp;19 grudnia&#8230;<\/h4>\n<p>&nbsp;<\/p>\n<p><a href=\"http:\/\/roczyny.duszpasterstwa.bielsko.pl\/wp-content\/uploads\/2021\/12\/tempImagelZYe4n.jpg\"><img fetchpriority=\"high\" decoding=\"async\" class=\"aligncenter size-large wp-image-3276\" src=\"http:\/\/roczyny.duszpasterstwa.bielsko.pl\/wp-content\/uploads\/2021\/12\/tempImagelZYe4n-1024x768.jpg\" alt=\"\" width=\"1024\" height=\"768\" srcset=\"http:\/\/roczyny.duszpasterstwa.bielsko.pl\/wp-content\/uploads\/2021\/12\/tempImagelZYe4n-1024x768.jpg 1024w, http:\/\/roczyny.duszpasterstwa.bielsko.pl\/wp-content\/uploads\/2021\/12\/tempImagelZYe4n-300x225.jpg 300w, http:\/\/roczyny.duszpasterstwa.bielsko.pl\/wp-content\/uploads\/2021\/12\/tempImagelZYe4n-768x576.jpg 768w, http:\/\/roczyny.duszpasterstwa.bielsko.pl\/wp-content\/uploads\/2021\/12\/tempImagelZYe4n-200x150.jpg 200w, http:\/\/roczyny.duszpasterstwa.bielsko.pl\/wp-content\/uploads\/2021\/12\/tempImagelZYe4n-690x518.jpg 690w\" sizes=\"(max-width: 1024px) 100vw, 1024px\" \/><\/a> <a href=\"http:\/\/roczyny.duszpasterstwa.bielsko.pl\/wp-content\/uploads\/2021\/12\/tempImage4rvz9o.jpg\"><img decoding=\"async\" class=\"aligncenter size-large wp-image-3277\" src=\"http:\/\/roczyny.duszpasterstwa.bielsko.pl\/wp-content\/uploads\/2021\/12\/tempImage4rvz9o-1024x768.jpg\" alt=\"\" width=\"1024\" height=\"768\" srcset=\"http:\/\/roczyny.duszpasterstwa.bielsko.pl\/wp-content\/uploads\/2021\/12\/tempImage4rvz9o-1024x768.jpg 1024w, http:\/\/roczyny.duszpasterstwa.bielsko.pl\/wp-content\/uploads\/2021\/12\/tempImage4rvz9o-300x225.jpg 300w, http:\/\/roczyny.duszpasterstwa.bielsko.pl\/wp-content\/uploads\/2021\/12\/tempImage4rvz9o-768x576.jpg 768w, http:\/\/roczyny.duszpasterstwa.bielsko.pl\/wp-content\/uploads\/2021\/12\/tempImage4rvz9o-200x150.jpg 200w, http:\/\/roczyny.duszpasterstwa.bielsko.pl\/wp-content\/uploads\/2021\/12\/tempImage4rvz9o-690x518.jpg 690w\" sizes=\"(max-width: 1024px) 100vw, 1024px\" \/><\/a> <a href=\"http:\/\/roczyny.duszpasterstwa.bielsko.pl\/wp-content\/uploads\/2021\/12\/tempImagenY4G7l.jpg\"><img decoding=\"async\" class=\"aligncenter size-large wp-image-3278\" src=\"http:\/\/roczyny.duszpasterstwa.bielsko.pl\/wp-content\/uploads\/2021\/12\/tempImagenY4G7l-1024x768.jpg\" alt=\"\" width=\"1024\" height=\"768\" srcset=\"http:\/\/roczyny.duszpasterstwa.bielsko.pl\/wp-content\/uploads\/2021\/12\/tempImagenY4G7l-1024x768.jpg 1024w, http:\/\/roczyny.duszpasterstwa.bielsko.pl\/wp-content\/uploads\/2021\/12\/tempImagenY4G7l-300x225.jpg 300w, http:\/\/roczyny.duszpasterstwa.bielsko.pl\/wp-content\/uploads\/2021\/12\/tempImagenY4G7l-768x576.jpg 768w, http:\/\/roczyny.duszpasterstwa.bielsko.pl\/wp-content\/uploads\/2021\/12\/tempImagenY4G7l-200x150.jpg 200w, http:\/\/roczyny.duszpasterstwa.bielsko.pl\/wp-content\/uploads\/2021\/12\/tempImagenY4G7l-690x518.jpg 690w\" sizes=\"(max-width: 1024px) 100vw, 1024px\" \/><\/a> <a href=\"http:\/\/roczyny.duszpasterstwa.bielsko.pl\/wp-content\/uploads\/2021\/12\/tempImageeYvS66.jpg\"><img loading=\"lazy\" decoding=\"async\" class=\"aligncenter size-large wp-image-3279\" src=\"http:\/\/roczyny.duszpasterstwa.bielsko.pl\/wp-content\/uploads\/2021\/12\/tempImageeYvS66-1024x768.jpg\" alt=\"\" width=\"1024\" height=\"768\" srcset=\"http:\/\/roczyny.duszpasterstwa.bielsko.pl\/wp-content\/uploads\/2021\/12\/tempImageeYvS66-1024x768.jpg 1024w, http:\/\/roczyny.duszpasterstwa.bielsko.pl\/wp-content\/uploads\/2021\/12\/tempImageeYvS66-300x225.jpg 300w, http:\/\/roczyny.duszpasterstwa.bielsko.pl\/wp-content\/uploads\/2021\/12\/tempImageeYvS66-768x576.jpg 768w, http:\/\/roczyny.duszpasterstwa.bielsko.pl\/wp-content\/uploads\/2021\/12\/tempImageeYvS66-200x150.jpg 200w, http:\/\/roczyny.duszpasterstwa.bielsko.pl\/wp-content\/uploads\/2021\/12\/tempImageeYvS66-690x518.jpg 690w\" sizes=\"(max-width: 1024px) 100vw, 1024px\" \/><\/a> <a href=\"http:\/\/roczyny.duszpasterstwa.bielsko.pl\/wp-content\/uploads\/2021\/12\/tempImage4Vp0rl.jpg\"><img loading=\"lazy\" decoding=\"async\" class=\"aligncenter size-large wp-image-3280\" src=\"http:\/\/roczyny.duszpasterstwa.bielsko.pl\/wp-content\/uploads\/2021\/12\/tempImage4Vp0rl-1024x768.jpg\" alt=\"\" width=\"1024\" height=\"768\" srcset=\"http:\/\/roczyny.duszpasterstwa.bielsko.pl\/wp-content\/uploads\/2021\/12\/tempImage4Vp0rl-1024x768.jpg 1024w, http:\/\/roczyny.duszpasterstwa.bielsko.pl\/wp-content\/uploads\/2021\/12\/tempImage4Vp0rl-300x225.jpg 300w, http:\/\/roczyny.duszpasterstwa.bielsko.pl\/wp-content\/uploads\/2021\/12\/tempImage4Vp0rl-768x576.jpg 768w, http:\/\/roczyny.duszpasterstwa.bielsko.pl\/wp-content\/uploads\/2021\/12\/tempImage4Vp0rl-200x150.jpg 200w, http:\/\/roczyny.duszpasterstwa.bielsko.pl\/wp-content\/uploads\/2021\/12\/tempImage4Vp0rl-690x518.jpg 690w\" sizes=\"(max-width: 1024px) 100vw, 1024px\" \/><\/a> <a href=\"http:\/\/roczyny.duszpasterstwa.bielsko.pl\/wp-content\/uploads\/2021\/12\/tempImagesNxQSG.jpg\"><img loading=\"lazy\" decoding=\"async\" class=\"aligncenter size-large wp-image-3281\" src=\"http:\/\/roczyny.duszpasterstwa.bielsko.pl\/wp-content\/uploads\/2021\/12\/tempImagesNxQSG-1024x768.jpg\" alt=\"\" width=\"1024\" height=\"768\" srcset=\"http:\/\/roczyny.duszpasterstwa.bielsko.pl\/wp-content\/uploads\/2021\/12\/tempImagesNxQSG-1024x768.jpg 1024w, http:\/\/roczyny.duszpasterstwa.bielsko.pl\/wp-content\/uploads\/2021\/12\/tempImagesNxQSG-300x225.jpg 300w, http:\/\/roczyny.duszpasterstwa.bielsko.pl\/wp-content\/uploads\/2021\/12\/tempImagesNxQSG-768x576.jpg 768w, http:\/\/roczyny.duszpasterstwa.bielsko.pl\/wp-content\/uploads\/2021\/12\/tempImagesNxQSG-200x150.jpg 200w, http:\/\/roczyny.duszpasterstwa.bielsko.pl\/wp-content\/uploads\/2021\/12\/tempImagesNxQSG-690x518.jpg 690w\" sizes=\"(max-width: 1024px) 100vw, 1024px\" \/><\/a> <a href=\"http:\/\/roczyny.duszpasterstwa.bielsko.pl\/wp-content\/uploads\/2021\/12\/tempImageXKxEIs.jpg\"><img loading=\"lazy\" decoding=\"async\" class=\"aligncenter size-large wp-image-3282\" src=\"http:\/\/roczyny.duszpasterstwa.bielsko.pl\/wp-content\/uploads\/2021\/12\/tempImageXKxEIs-1024x768.jpg\" alt=\"\" width=\"1024\" height=\"768\" srcset=\"http:\/\/roczyny.duszpasterstwa.bielsko.pl\/wp-content\/uploads\/2021\/12\/tempImageXKxEIs-1024x768.jpg 1024w, http:\/\/roczyny.duszpasterstwa.bielsko.pl\/wp-content\/uploads\/2021\/12\/tempImageXKxEIs-300x225.jpg 300w, http:\/\/roczyny.duszpasterstwa.bielsko.pl\/wp-content\/uploads\/2021\/12\/tempImageXKxEIs-768x576.jpg 768w, http:\/\/roczyny.duszpasterstwa.bielsko.pl\/wp-content\/uploads\/2021\/12\/tempImageXKxEIs-200x150.jpg 200w, http:\/\/roczyny.duszpasterstwa.bielsko.pl\/wp-content\/uploads\/2021\/12\/tempImageXKxEIs-690x518.jpg 690w\" sizes=\"(max-width: 1024px) 100vw, 1024px\" \/><\/a> <a href=\"http:\/\/roczyny.duszpasterstwa.bielsko.pl\/wp-content\/uploads\/2021\/12\/tempImageMvPNKs.jpg\"><img loading=\"lazy\" decoding=\"async\" class=\"aligncenter size-large wp-image-3283\" src=\"http:\/\/roczyny.duszpasterstwa.bielsko.pl\/wp-content\/uploads\/2021\/12\/tempImageMvPNKs-1024x768.jpg\" alt=\"\" width=\"1024\" height=\"768\" srcset=\"http:\/\/roczyny.duszpasterstwa.bielsko.pl\/wp-content\/uploads\/2021\/12\/tempImageMvPNKs-1024x768.jpg 1024w, http:\/\/roczyny.duszpasterstwa.bielsko.pl\/wp-content\/uploads\/2021\/12\/tempImageMvPNKs-300x225.jpg 300w, http:\/\/roczyny.duszpasterstwa.bielsko.pl\/wp-content\/uploads\/2021\/12\/tempImageMvPNKs-768x576.jpg 768w, http:\/\/roczyny.duszpasterstwa.bielsko.pl\/wp-content\/uploads\/2021\/12\/tempImageMvPNKs-200x150.jpg 200w, http:\/\/roczyny.duszpasterstwa.bielsko.pl\/wp-content\/uploads\/2021\/12\/tempImageMvPNKs-690x518.jpg 690w\" sizes=\"(max-width: 1024px) 100vw, 1024px\" \/><\/a> <a href=\"http:\/\/roczyny.duszpasterstwa.bielsko.pl\/wp-content\/uploads\/2021\/12\/tempImageMux8oc.jpg\"><img loading=\"lazy\" decoding=\"async\" class=\"aligncenter size-large wp-image-3284\" src=\"http:\/\/roczyny.duszpasterstwa.bielsko.pl\/wp-content\/uploads\/2021\/12\/tempImageMux8oc-1024x768.jpg\" alt=\"\" width=\"1024\" height=\"768\" srcset=\"http:\/\/roczyny.duszpasterstwa.bielsko.pl\/wp-content\/uploads\/2021\/12\/tempImageMux8oc-1024x768.jpg 1024w, http:\/\/roczyny.duszpasterstwa.bielsko.pl\/wp-content\/uploads\/2021\/12\/tempImageMux8oc-300x225.jpg 300w, http:\/\/roczyny.duszpasterstwa.bielsko.pl\/wp-content\/uploads\/2021\/12\/tempImageMux8oc-768x576.jpg 768w, http:\/\/roczyny.duszpasterstwa.bielsko.pl\/wp-content\/uploads\/2021\/12\/tempImageMux8oc-200x150.jpg 200w, http:\/\/roczyny.duszpasterstwa.bielsko.pl\/wp-content\/uploads\/2021\/12\/tempImageMux8oc-690x518.jpg 690w\" sizes=\"(max-width: 1024px) 100vw, 1024px\" \/><\/a> <a href=\"http:\/\/roczyny.duszpasterstwa.bielsko.pl\/wp-content\/uploads\/2021\/12\/tempImageDNq7xO.jpg\"><img loading=\"lazy\" decoding=\"async\" class=\"aligncenter size-large wp-image-3285\" src=\"http:\/\/roczyny.duszpasterstwa.bielsko.pl\/wp-content\/uploads\/2021\/12\/tempImageDNq7xO-1024x768.jpg\" alt=\"\" width=\"1024\" height=\"768\" srcset=\"http:\/\/roczyny.duszpasterstwa.bielsko.pl\/wp-content\/uploads\/2021\/12\/tempImageDNq7xO-1024x768.jpg 1024w, http:\/\/roczyny.duszpasterstwa.bielsko.pl\/wp-content\/uploads\/2021\/12\/tempImageDNq7xO-300x225.jpg 300w, http:\/\/roczyny.duszpasterstwa.bielsko.pl\/wp-content\/uploads\/2021\/12\/tempImageDNq7xO-768x576.jpg 768w, http:\/\/roczyny.duszpasterstwa.bielsko.pl\/wp-content\/uploads\/2021\/12\/tempImageDNq7xO-200x150.jpg 200w, http:\/\/roczyny.duszpasterstwa.bielsko.pl\/wp-content\/uploads\/2021\/12\/tempImageDNq7xO-690x518.jpg 690w\" sizes=\"(max-width: 1024px) 100vw, 1024px\" \/><\/a> <a href=\"http:\/\/roczyny.duszpasterstwa.bielsko.pl\/wp-content\/uploads\/2021\/12\/tempImagexLeqSx.jpg\"><img loading=\"lazy\" decoding=\"async\" class=\"aligncenter size-large wp-image-3286\" src=\"http:\/\/roczyny.duszpasterstwa.bielsko.pl\/wp-content\/uploads\/2021\/12\/tempImagexLeqSx-1024x768.jpg\" alt=\"\" width=\"1024\" height=\"768\" srcset=\"http:\/\/roczyny.duszpasterstwa.bielsko.pl\/wp-content\/uploads\/2021\/12\/tempImagexLeqSx-1024x768.jpg 1024w, http:\/\/roczyny.duszpasterstwa.bielsko.pl\/wp-content\/uploads\/2021\/12\/tempImagexLeqSx-300x225.jpg 300w, http:\/\/roczyny.duszpasterstwa.bielsko.pl\/wp-content\/uploads\/2021\/12\/tempImagexLeqSx-768x576.jpg 768w, http:\/\/roczyny.duszpasterstwa.bielsko.pl\/wp-content\/uploads\/2021\/12\/tempImagexLeqSx-200x150.jpg 200w, http:\/\/roczyny.duszpasterstwa.bielsko.pl\/wp-content\/uploads\/2021\/12\/tempImagexLeqSx-690x518.jpg 690w\" sizes=\"(max-width: 1024px) 100vw, 1024px\" \/><\/a> <a href=\"http:\/\/roczyny.duszpasterstwa.bielsko.pl\/wp-content\/uploads\/2021\/12\/tempImageCZH3Er.jpg\"><img loading=\"lazy\" decoding=\"async\" class=\"aligncenter size-large wp-image-3287\" src=\"http:\/\/roczyny.duszpasterstwa.bielsko.pl\/wp-content\/uploads\/2021\/12\/tempImageCZH3Er-1024x768.jpg\" alt=\"\" width=\"1024\" height=\"768\" srcset=\"http:\/\/roczyny.duszpasterstwa.bielsko.pl\/wp-content\/uploads\/2021\/12\/tempImageCZH3Er-1024x768.jpg 1024w, http:\/\/roczyny.duszpasterstwa.bielsko.pl\/wp-content\/uploads\/2021\/12\/tempImageCZH3Er-300x225.jpg 300w, http:\/\/roczyny.duszpasterstwa.bielsko.pl\/wp-content\/uploads\/2021\/12\/tempImageCZH3Er-768x576.jpg 768w, http:\/\/roczyny.duszpasterstwa.bielsko.pl\/wp-content\/uploads\/2021\/12\/tempImageCZH3Er-200x150.jpg 200w, http:\/\/roczyny.duszpasterstwa.bielsko.pl\/wp-content\/uploads\/2021\/12\/tempImageCZH3Er-690x518.jpg 690w\" sizes=\"(max-width: 1024px) 100vw, 1024px\" \/><\/a> <a href=\"http:\/\/roczyny.duszpasterstwa.bielsko.pl\/wp-content\/uploads\/2021\/12\/tempImageEptPoX.jpg\"><img loading=\"lazy\" decoding=\"async\" class=\"aligncenter size-large wp-image-3288\" src=\"http:\/\/roczyny.duszpasterstwa.bielsko.pl\/wp-content\/uploads\/2021\/12\/tempImageEptPoX-1024x768.jpg\" alt=\"\" width=\"1024\" height=\"768\" srcset=\"http:\/\/roczyny.duszpasterstwa.bielsko.pl\/wp-content\/uploads\/2021\/12\/tempImageEptPoX-1024x768.jpg 1024w, http:\/\/roczyny.duszpasterstwa.bielsko.pl\/wp-content\/uploads\/2021\/12\/tempImageEptPoX-300x225.jpg 300w, http:\/\/roczyny.duszpasterstwa.bielsko.pl\/wp-content\/uploads\/2021\/12\/tempImageEptPoX-768x576.jpg 768w, http:\/\/roczyny.duszpasterstwa.bielsko.pl\/wp-content\/uploads\/2021\/12\/tempImageEptPoX-200x150.jpg 200w, http:\/\/roczyny.duszpasterstwa.bielsko.pl\/wp-content\/uploads\/2021\/12\/tempImageEptPoX-690x518.jpg 690w\" sizes=\"(max-width: 1024px) 100vw, 1024px\" \/><\/a> <a href=\"http:\/\/roczyny.duszpasterstwa.bielsko.pl\/wp-content\/uploads\/2021\/12\/tempImageS1UJmd.jpg\"><img loading=\"lazy\" decoding=\"async\" class=\"aligncenter size-large wp-image-3289\" src=\"http:\/\/roczyny.duszpasterstwa.bielsko.pl\/wp-content\/uploads\/2021\/12\/tempImageS1UJmd-1024x768.jpg\" alt=\"\" width=\"1024\" height=\"768\" srcset=\"http:\/\/roczyny.duszpasterstwa.bielsko.pl\/wp-content\/uploads\/2021\/12\/tempImageS1UJmd-1024x768.jpg 1024w, http:\/\/roczyny.duszpasterstwa.bielsko.pl\/wp-content\/uploads\/2021\/12\/tempImageS1UJmd-300x225.jpg 300w, http:\/\/roczyny.duszpasterstwa.bielsko.pl\/wp-content\/uploads\/2021\/12\/tempImageS1UJmd-768x576.jpg 768w, http:\/\/roczyny.duszpasterstwa.bielsko.pl\/wp-content\/uploads\/2021\/12\/tempImageS1UJmd-200x150.jpg 200w, http:\/\/roczyny.duszpasterstwa.bielsko.pl\/wp-content\/uploads\/2021\/12\/tempImageS1UJmd-690x518.jpg 690w\" sizes=\"(max-width: 1024px) 100vw, 1024px\" \/><\/a> <a href=\"http:\/\/roczyny.duszpasterstwa.bielsko.pl\/wp-content\/uploads\/2021\/12\/tempImageAftF9p.jpg\"><img loading=\"lazy\" decoding=\"async\" class=\"aligncenter size-large wp-image-3290\" src=\"http:\/\/roczyny.duszpasterstwa.bielsko.pl\/wp-content\/uploads\/2021\/12\/tempImageAftF9p-1024x768.jpg\" alt=\"\" width=\"1024\" height=\"768\" srcset=\"http:\/\/roczyny.duszpasterstwa.bielsko.pl\/wp-content\/uploads\/2021\/12\/tempImageAftF9p-1024x768.jpg 1024w, http:\/\/roczyny.duszpasterstwa.bielsko.pl\/wp-content\/uploads\/2021\/12\/tempImageAftF9p-300x225.jpg 300w, http:\/\/roczyny.duszpasterstwa.bielsko.pl\/wp-content\/uploads\/2021\/12\/tempImageAftF9p-768x576.jpg 768w, http:\/\/roczyny.duszpasterstwa.bielsko.pl\/wp-content\/uploads\/2021\/12\/tempImageAftF9p-200x150.jpg 200w, http:\/\/roczyny.duszpasterstwa.bielsko.pl\/wp-content\/uploads\/2021\/12\/tempImageAftF9p-690x518.jpg 690w\" sizes=\"(max-width: 1024px) 100vw, 1024px\" \/><\/a> <a href=\"http:\/\/roczyny.duszpasterstwa.bielsko.pl\/wp-content\/uploads\/2021\/12\/tempImageYP9cxE.jpg\"><img loading=\"lazy\" decoding=\"async\" class=\"aligncenter size-large wp-image-3291\" src=\"http:\/\/roczyny.duszpasterstwa.bielsko.pl\/wp-content\/uploads\/2021\/12\/tempImageYP9cxE-1024x768.jpg\" alt=\"\" width=\"1024\" height=\"768\" srcset=\"http:\/\/roczyny.duszpasterstwa.bielsko.pl\/wp-content\/uploads\/2021\/12\/tempImageYP9cxE-1024x768.jpg 1024w, http:\/\/roczyny.duszpasterstwa.bielsko.pl\/wp-content\/uploads\/2021\/12\/tempImageYP9cxE-300x225.jpg 300w, http:\/\/roczyny.duszpasterstwa.bielsko.pl\/wp-content\/uploads\/2021\/12\/tempImageYP9cxE-768x576.jpg 768w, http:\/\/roczyny.duszpasterstwa.bielsko.pl\/wp-content\/uploads\/2021\/12\/tempImageYP9cxE-200x150.jpg 200w, http:\/\/roczyny.duszpasterstwa.bielsko.pl\/wp-content\/uploads\/2021\/12\/tempImageYP9cxE-690x518.jpg 690w\" sizes=\"(max-width: 1024px) 100vw, 1024px\" \/><\/a> <a href=\"http:\/\/roczyny.duszpasterstwa.bielsko.pl\/wp-content\/uploads\/2021\/12\/tempImage8hLAC9.jpg\"><img loading=\"lazy\" decoding=\"async\" class=\"aligncenter size-large wp-image-3292\" src=\"http:\/\/roczyny.duszpasterstwa.bielsko.pl\/wp-content\/uploads\/2021\/12\/tempImage8hLAC9-1024x768.jpg\" alt=\"\" width=\"1024\" height=\"768\" srcset=\"http:\/\/roczyny.duszpasterstwa.bielsko.pl\/wp-content\/uploads\/2021\/12\/tempImage8hLAC9-1024x768.jpg 1024w, http:\/\/roczyny.duszpasterstwa.bielsko.pl\/wp-content\/uploads\/2021\/12\/tempImage8hLAC9-300x225.jpg 300w, http:\/\/roczyny.duszpasterstwa.bielsko.pl\/wp-content\/uploads\/2021\/12\/tempImage8hLAC9-768x576.jpg 768w, http:\/\/roczyny.duszpasterstwa.bielsko.pl\/wp-content\/uploads\/2021\/12\/tempImage8hLAC9-200x150.jpg 200w, http:\/\/roczyny.duszpasterstwa.bielsko.pl\/wp-content\/uploads\/2021\/12\/tempImage8hLAC9-690x518.jpg 690w\" sizes=\"(max-width: 1024px) 100vw, 1024px\" \/><\/a> <a href=\"http:\/\/roczyny.duszpasterstwa.bielsko.pl\/wp-content\/uploads\/2021\/12\/tempImage96MgSR.jpg\"><img loading=\"lazy\" decoding=\"async\" class=\"aligncenter size-large wp-image-3293\" src=\"http:\/\/roczyny.duszpasterstwa.bielsko.pl\/wp-content\/uploads\/2021\/12\/tempImage96MgSR-1024x768.jpg\" alt=\"\" width=\"1024\" height=\"768\" srcset=\"http:\/\/roczyny.duszpasterstwa.bielsko.pl\/wp-content\/uploads\/2021\/12\/tempImage96MgSR-1024x768.jpg 1024w, http:\/\/roczyny.duszpasterstwa.bielsko.pl\/wp-content\/uploads\/2021\/12\/tempImage96MgSR-300x225.jpg 300w, http:\/\/roczyny.duszpasterstwa.bielsko.pl\/wp-content\/uploads\/2021\/12\/tempImage96MgSR-768x576.jpg 768w, http:\/\/roczyny.duszpasterstwa.bielsko.pl\/wp-content\/uploads\/2021\/12\/tempImage96MgSR-200x150.jpg 200w, http:\/\/roczyny.duszpasterstwa.bielsko.pl\/wp-content\/uploads\/2021\/12\/tempImage96MgSR-690x518.jpg 690w\" sizes=\"(max-width: 1024px) 100vw, 1024px\" \/><\/a> <a href=\"http:\/\/roczyny.duszpasterstwa.bielsko.pl\/wp-content\/uploads\/2021\/12\/tempImageSm0ERM.jpg\"><img loading=\"lazy\" decoding=\"async\" class=\"aligncenter size-large wp-image-3294\" src=\"http:\/\/roczyny.duszpasterstwa.bielsko.pl\/wp-content\/uploads\/2021\/12\/tempImageSm0ERM-1024x768.jpg\" alt=\"\" width=\"1024\" height=\"768\" srcset=\"http:\/\/roczyny.duszpasterstwa.bielsko.pl\/wp-content\/uploads\/2021\/12\/tempImageSm0ERM-1024x768.jpg 1024w, http:\/\/roczyny.duszpasterstwa.bielsko.pl\/wp-content\/uploads\/2021\/12\/tempImageSm0ERM-300x225.jpg 300w, http:\/\/roczyny.duszpasterstwa.bielsko.pl\/wp-content\/uploads\/2021\/12\/tempImageSm0ERM-768x576.jpg 768w, http:\/\/roczyny.duszpasterstwa.bielsko.pl\/wp-content\/uploads\/2021\/12\/tempImageSm0ERM-200x150.jpg 200w, http:\/\/roczyny.duszpasterstwa.bielsko.pl\/wp-content\/uploads\/2021\/12\/tempImageSm0ERM-690x518.jpg 690w\" sizes=\"(max-width: 1024px) 100vw, 1024px\" \/><\/a> <a href=\"http:\/\/roczyny.duszpasterstwa.bielsko.pl\/wp-content\/uploads\/2021\/12\/tempImageFrulf7.jpg\"><img loading=\"lazy\" decoding=\"async\" class=\"aligncenter size-large wp-image-3295\" src=\"http:\/\/roczyny.duszpasterstwa.bielsko.pl\/wp-content\/uploads\/2021\/12\/tempImageFrulf7-1024x768.jpg\" alt=\"\" width=\"1024\" height=\"768\" srcset=\"http:\/\/roczyny.duszpasterstwa.bielsko.pl\/wp-content\/uploads\/2021\/12\/tempImageFrulf7-1024x768.jpg 1024w, http:\/\/roczyny.duszpasterstwa.bielsko.pl\/wp-content\/uploads\/2021\/12\/tempImageFrulf7-300x225.jpg 300w, http:\/\/roczyny.duszpasterstwa.bielsko.pl\/wp-content\/uploads\/2021\/12\/tempImageFrulf7-768x576.jpg 768w, http:\/\/roczyny.duszpasterstwa.bielsko.pl\/wp-content\/uploads\/2021\/12\/tempImageFrulf7-200x150.jpg 200w, http:\/\/roczyny.duszpasterstwa.bielsko.pl\/wp-content\/uploads\/2021\/12\/tempImageFrulf7-690x518.jpg 690w\" sizes=\"(max-width: 1024px) 100vw, 1024px\" \/><\/a> <a href=\"http:\/\/roczyny.duszpasterstwa.bielsko.pl\/wp-content\/uploads\/2021\/12\/tempImagevbjYNd.jpg\"><img loading=\"lazy\" decoding=\"async\" class=\"aligncenter size-large wp-image-3296\" src=\"http:\/\/roczyny.duszpasterstwa.bielsko.pl\/wp-content\/uploads\/2021\/12\/tempImagevbjYNd-1024x768.jpg\" alt=\"\" width=\"1024\" height=\"768\" srcset=\"http:\/\/roczyny.duszpasterstwa.bielsko.pl\/wp-content\/uploads\/2021\/12\/tempImagevbjYNd-1024x768.jpg 1024w, http:\/\/roczyny.duszpasterstwa.bielsko.pl\/wp-content\/uploads\/2021\/12\/tempImagevbjYNd-300x225.jpg 300w, http:\/\/roczyny.duszpasterstwa.bielsko.pl\/wp-content\/uploads\/2021\/12\/tempImagevbjYNd-768x576.jpg 768w, http:\/\/roczyny.duszpasterstwa.bielsko.pl\/wp-content\/uploads\/2021\/12\/tempImagevbjYNd-200x150.jpg 200w, http:\/\/roczyny.duszpasterstwa.bielsko.pl\/wp-content\/uploads\/2021\/12\/tempImagevbjYNd-690x518.jpg 690w\" sizes=\"(max-width: 1024px) 100vw, 1024px\" \/><\/a> <a href=\"http:\/\/roczyny.duszpasterstwa.bielsko.pl\/wp-content\/uploads\/2021\/12\/tempImagea6N0G6.jpg\"><img loading=\"lazy\" decoding=\"async\" class=\"aligncenter size-large wp-image-3297\" src=\"http:\/\/roczyny.duszpasterstwa.bielsko.pl\/wp-content\/uploads\/2021\/12\/tempImagea6N0G6-1024x768.jpg\" alt=\"\" width=\"1024\" height=\"768\" srcset=\"http:\/\/roczyny.duszpasterstwa.bielsko.pl\/wp-content\/uploads\/2021\/12\/tempImagea6N0G6-1024x768.jpg 1024w, http:\/\/roczyny.duszpasterstwa.bielsko.pl\/wp-content\/uploads\/2021\/12\/tempImagea6N0G6-300x225.jpg 300w, http:\/\/roczyny.duszpasterstwa.bielsko.pl\/wp-content\/uploads\/2021\/12\/tempImagea6N0G6-768x576.jpg 768w, http:\/\/roczyny.duszpasterstwa.bielsko.pl\/wp-content\/uploads\/2021\/12\/tempImagea6N0G6-200x150.jpg 200w, http:\/\/roczyny.duszpasterstwa.bielsko.pl\/wp-content\/uploads\/2021\/12\/tempImagea6N0G6-690x518.jpg 690w\" sizes=\"(max-width: 1024px) 100vw, 1024px\" \/><\/a> <a href=\"http:\/\/roczyny.duszpasterstwa.bielsko.pl\/wp-content\/uploads\/2021\/12\/tempImageNhkeg9.jpg\"><img loading=\"lazy\" decoding=\"async\" class=\"aligncenter size-large wp-image-3298\" src=\"http:\/\/roczyny.duszpasterstwa.bielsko.pl\/wp-content\/uploads\/2021\/12\/tempImageNhkeg9-1024x768.jpg\" alt=\"\" width=\"1024\" height=\"768\" srcset=\"http:\/\/roczyny.duszpasterstwa.bielsko.pl\/wp-content\/uploads\/2021\/12\/tempImageNhkeg9-1024x768.jpg 1024w, http:\/\/roczyny.duszpasterstwa.bielsko.pl\/wp-content\/uploads\/2021\/12\/tempImageNhkeg9-300x225.jpg 300w, http:\/\/roczyny.duszpasterstwa.bielsko.pl\/wp-content\/uploads\/2021\/12\/tempImageNhkeg9-768x576.jpg 768w, http:\/\/roczyny.duszpasterstwa.bielsko.pl\/wp-content\/uploads\/2021\/12\/tempImageNhkeg9-200x150.jpg 200w, http:\/\/roczyny.duszpasterstwa.bielsko.pl\/wp-content\/uploads\/2021\/12\/tempImageNhkeg9-690x518.jpg 690w\" sizes=\"(max-width: 1024px) 100vw, 1024px\" \/><\/a> <a href=\"http:\/\/roczyny.duszpasterstwa.bielsko.pl\/wp-content\/uploads\/2021\/12\/tempImagesoaFft.jpg\"><img loading=\"lazy\" decoding=\"async\" class=\"aligncenter size-large wp-image-3299\" src=\"http:\/\/roczyny.duszpasterstwa.bielsko.pl\/wp-content\/uploads\/2021\/12\/tempImagesoaFft-1024x768.jpg\" alt=\"\" width=\"1024\" height=\"768\" srcset=\"http:\/\/roczyny.duszpasterstwa.bielsko.pl\/wp-content\/uploads\/2021\/12\/tempImagesoaFft-1024x768.jpg 1024w, http:\/\/roczyny.duszpasterstwa.bielsko.pl\/wp-content\/uploads\/2021\/12\/tempImagesoaFft-300x225.jpg 300w, http:\/\/roczyny.duszpasterstwa.bielsko.pl\/wp-content\/uploads\/2021\/12\/tempImagesoaFft-768x576.jpg 768w, http:\/\/roczyny.duszpasterstwa.bielsko.pl\/wp-content\/uploads\/2021\/12\/tempImagesoaFft-200x150.jpg 200w, http:\/\/roczyny.duszpasterstwa.bielsko.pl\/wp-content\/uploads\/2021\/12\/tempImagesoaFft-690x518.jpg 690w\" sizes=\"(max-width: 1024px) 100vw, 1024px\" \/><\/a> <a href=\"http:\/\/roczyny.duszpasterstwa.bielsko.pl\/wp-content\/uploads\/2021\/12\/tempImagei3mkDg.jpg\"><img loading=\"lazy\" decoding=\"async\" class=\"aligncenter size-large wp-image-3300\" src=\"http:\/\/roczyny.duszpasterstwa.bielsko.pl\/wp-content\/uploads\/2021\/12\/tempImagei3mkDg-1024x768.jpg\" alt=\"\" width=\"1024\" height=\"768\" srcset=\"http:\/\/roczyny.duszpasterstwa.bielsko.pl\/wp-content\/uploads\/2021\/12\/tempImagei3mkDg-1024x768.jpg 1024w, http:\/\/roczyny.duszpasterstwa.bielsko.pl\/wp-content\/uploads\/2021\/12\/tempImagei3mkDg-300x225.jpg 300w, http:\/\/roczyny.duszpasterstwa.bielsko.pl\/wp-content\/uploads\/2021\/12\/tempImagei3mkDg-768x576.jpg 768w, http:\/\/roczyny.duszpasterstwa.bielsko.pl\/wp-content\/uploads\/2021\/12\/tempImagei3mkDg-200x150.jpg 200w, http:\/\/roczyny.duszpasterstwa.bielsko.pl\/wp-content\/uploads\/2021\/12\/tempImagei3mkDg-690x518.jpg 690w\" sizes=\"(max-width: 1024px) 100vw, 1024px\" \/><\/a> <a href=\"http:\/\/roczyny.duszpasterstwa.bielsko.pl\/wp-content\/uploads\/2021\/12\/tempImageSODx4m.jpg\"><img loading=\"lazy\" decoding=\"async\" class=\"aligncenter size-large wp-image-3301\" src=\"http:\/\/roczyny.duszpasterstwa.bielsko.pl\/wp-content\/uploads\/2021\/12\/tempImageSODx4m-1024x768.jpg\" alt=\"\" width=\"1024\" height=\"768\" srcset=\"http:\/\/roczyny.duszpasterstwa.bielsko.pl\/wp-content\/uploads\/2021\/12\/tempImageSODx4m-1024x768.jpg 1024w, http:\/\/roczyny.duszpasterstwa.bielsko.pl\/wp-content\/uploads\/2021\/12\/tempImageSODx4m-300x225.jpg 300w, http:\/\/roczyny.duszpasterstwa.bielsko.pl\/wp-content\/uploads\/2021\/12\/tempImageSODx4m-768x576.jpg 768w, http:\/\/roczyny.duszpasterstwa.bielsko.pl\/wp-content\/uploads\/2021\/12\/tempImageSODx4m-200x150.jpg 200w, http:\/\/roczyny.duszpasterstwa.bielsko.pl\/wp-content\/uploads\/2021\/12\/tempImageSODx4m-690x518.jpg 690w\" sizes=\"(max-width: 1024px) 100vw, 1024px\" \/><\/a> <a href=\"http:\/\/roczyny.duszpasterstwa.bielsko.pl\/wp-content\/uploads\/2021\/12\/tempImage2SCVxl.jpg\"><img loading=\"lazy\" decoding=\"async\" class=\"aligncenter size-large wp-image-3302\" src=\"http:\/\/roczyny.duszpasterstwa.bielsko.pl\/wp-content\/uploads\/2021\/12\/tempImage2SCVxl-1024x768.jpg\" alt=\"\" width=\"1024\" height=\"768\" srcset=\"http:\/\/roczyny.duszpasterstwa.bielsko.pl\/wp-content\/uploads\/2021\/12\/tempImage2SCVxl-1024x768.jpg 1024w, http:\/\/roczyny.duszpasterstwa.bielsko.pl\/wp-content\/uploads\/2021\/12\/tempImage2SCVxl-300x225.jpg 300w, http:\/\/roczyny.duszpasterstwa.bielsko.pl\/wp-content\/uploads\/2021\/12\/tempImage2SCVxl-768x576.jpg 768w, http:\/\/roczyny.duszpasterstwa.bielsko.pl\/wp-content\/uploads\/2021\/12\/tempImage2SCVxl-200x150.jpg 200w, http:\/\/roczyny.duszpasterstwa.bielsko.pl\/wp-content\/uploads\/2021\/12\/tempImage2SCVxl-690x518.jpg 690w\" sizes=\"(max-width: 1024px) 100vw, 1024px\" \/><\/a> <a href=\"http:\/\/roczyny.duszpasterstwa.bielsko.pl\/wp-content\/uploads\/2021\/12\/tempImagezgqYKO.jpg\"><img loading=\"lazy\" decoding=\"async\" class=\"aligncenter size-large wp-image-3303\" src=\"http:\/\/roczyny.duszpasterstwa.bielsko.pl\/wp-content\/uploads\/2021\/12\/tempImagezgqYKO-1024x768.jpg\" alt=\"\" width=\"1024\" height=\"768\" srcset=\"http:\/\/roczyny.duszpasterstwa.bielsko.pl\/wp-content\/uploads\/2021\/12\/tempImagezgqYKO-1024x768.jpg 1024w, http:\/\/roczyny.duszpasterstwa.bielsko.pl\/wp-content\/uploads\/2021\/12\/tempImagezgqYKO-300x225.jpg 300w, http:\/\/roczyny.duszpasterstwa.bielsko.pl\/wp-content\/uploads\/2021\/12\/tempImagezgqYKO-768x576.jpg 768w, http:\/\/roczyny.duszpasterstwa.bielsko.pl\/wp-content\/uploads\/2021\/12\/tempImagezgqYKO-200x150.jpg 200w, http:\/\/roczyny.duszpasterstwa.bielsko.pl\/wp-content\/uploads\/2021\/12\/tempImagezgqYKO-690x518.jpg 690w\" sizes=\"(max-width: 1024px) 100vw, 1024px\" \/><\/a> <a href=\"http:\/\/roczyny.duszpasterstwa.bielsko.pl\/wp-content\/uploads\/2021\/12\/tempImagel5h4AG.jpg\"><img loading=\"lazy\" decoding=\"async\" class=\"aligncenter size-large wp-image-3304\" src=\"http:\/\/roczyny.duszpasterstwa.bielsko.pl\/wp-content\/uploads\/2021\/12\/tempImagel5h4AG-1024x768.jpg\" alt=\"\" width=\"1024\" height=\"768\" srcset=\"http:\/\/roczyny.duszpasterstwa.bielsko.pl\/wp-content\/uploads\/2021\/12\/tempImagel5h4AG-1024x768.jpg 1024w, http:\/\/roczyny.duszpasterstwa.bielsko.pl\/wp-content\/uploads\/2021\/12\/tempImagel5h4AG-300x225.jpg 300w, http:\/\/roczyny.duszpasterstwa.bielsko.pl\/wp-content\/uploads\/2021\/12\/tempImagel5h4AG-768x576.jpg 768w, http:\/\/roczyny.duszpasterstwa.bielsko.pl\/wp-content\/uploads\/2021\/12\/tempImagel5h4AG-200x150.jpg 200w, http:\/\/roczyny.duszpasterstwa.bielsko.pl\/wp-content\/uploads\/2021\/12\/tempImagel5h4AG-690x518.jpg 690w\" sizes=\"(max-width: 1024px) 100vw, 1024px\" \/><\/a> <a href=\"http:\/\/roczyny.duszpasterstwa.bielsko.pl\/wp-content\/uploads\/2021\/12\/tempImagedPkCDH.jpg\"><img loading=\"lazy\" decoding=\"async\" class=\"aligncenter size-large wp-image-3305\" src=\"http:\/\/roczyny.duszpasterstwa.bielsko.pl\/wp-content\/uploads\/2021\/12\/tempImagedPkCDH-1024x768.jpg\" alt=\"\" width=\"1024\" height=\"768\" srcset=\"http:\/\/roczyny.duszpasterstwa.bielsko.pl\/wp-content\/uploads\/2021\/12\/tempImagedPkCDH-1024x768.jpg 1024w, http:\/\/roczyny.duszpasterstwa.bielsko.pl\/wp-content\/uploads\/2021\/12\/tempImagedPkCDH-300x225.jpg 300w, http:\/\/roczyny.duszpasterstwa.bielsko.pl\/wp-content\/uploads\/2021\/12\/tempImagedPkCDH-768x576.jpg 768w, http:\/\/roczyny.duszpasterstwa.bielsko.pl\/wp-content\/uploads\/2021\/12\/tempImagedPkCDH-200x150.jpg 200w, http:\/\/roczyny.duszpasterstwa.bielsko.pl\/wp-content\/uploads\/2021\/12\/tempImagedPkCDH-690x518.jpg 690w\" sizes=\"(max-width: 1024px) 100vw, 1024px\" \/><\/a><\/p>\n","protected":false},"excerpt":{"rendered":"<p>Uczniowie ze Szkolnego Ko\u0142a Caritas przygotowali stroiki i sianko \u015bwi\u0105teczne&#8230; Dzi\u0119kujemy im za zaanga\u017cowanie a szeg\u00f3lnie szefowej Ko\u0142a Emilce za <a class=\"read-more\" href=\"http:\/\/roczyny.duszpasterstwa.bielsko.pl\/?p=3275\">czytaj dalej<\/a><\/p>\n","protected":false},"author":2,"featured_media":3303,"comment_status":"closed","ping_status":"open","sticky":false,"template":"","format":"standard","meta":{"ngg_post_thumbnail":0,"footnotes":""},"categories":[15,22],"tags":[],"class_list":["post-3275","post","type-post","status-publish","format-standard","has-post-thumbnail","hentry","category-aktualnosci","category-szkolne-kolo-caritas","post-item clearfix"],"_links":{"self":[{"href":"http:\/\/roczyny.duszpasterstwa.bielsko.pl\/index.php?rest_route=\/wp\/v2\/posts\/3275"}],"collection":[{"href":"http:\/\/roczyny.duszpasterstwa.bielsko.pl\/index.php?rest_route=\/wp\/v2\/posts"}],"about":[{"href":"http:\/\/roczyny.duszpasterstwa.bielsko.pl\/index.php?rest_route=\/wp\/v2\/types\/post"}],"author":[{"embeddable":true,"href":"http:\/\/roczyny.duszpasterstwa.bielsko.pl\/index.php?rest_route=\/wp\/v2\/users\/2"}],"replies":[{"embeddable":true,"href":"http:\/\/roczyny.duszpasterstwa.bielsko.pl\/index.php?rest_route=%2Fwp%2Fv2%2Fcomments&post=3275"}],"version-history":[{"count":3,"href":"http:\/\/roczyny.duszpasterstwa.bielsko.pl\/index.php?rest_route=\/wp\/v2\/posts\/3275\/revisions"}],"predecessor-version":[{"id":3308,"href":"http:\/\/roczyny.duszpasterstwa.bielsko.pl\/index.php?rest_route=\/wp\/v2\/posts\/3275\/revisions\/3308"}],"wp:featuredmedia":[{"embeddable":true,"href":"http:\/\/roczyny.duszpasterstwa.bielsko.pl\/index.php?rest_route=\/wp\/v2\/media\/3303"}],"wp:attachment":[{"href":"http:\/\/roczyny.duszpasterstwa.bielsko.pl\/index.php?rest_route=%2Fwp%2Fv2%2Fmedia&parent=3275"}],"wp:term":[{"taxonomy":"category","embeddable":true,"href":"http:\/\/roczyny.duszpasterstwa.bielsko.pl\/index.php?rest_route=%2Fwp%2Fv2%2Fcategories&post=3275"},{"taxonomy":"post_tag","embeddable":true,"href":"http:\/\/roczyny.duszpasterstwa.bielsko.pl\/index.php?rest_route=%2Fwp%2Fv2%2Ftags&post=3275"}],"curies":[{"name":"wp","href":"https:\/\/api.w.org\/{rel}","templated":true}]}}