{"id":3272,"date":"2021-12-18T09:07:13","date_gmt":"2021-12-18T08:07:13","guid":{"rendered":"http:\/\/roczyny.duszpasterstwa.bielsko.pl\/?p=3272"},"modified":"2021-12-18T09:07:13","modified_gmt":"2021-12-18T08:07:13","slug":"ogloszenia-i-intencje-iv-niedziela-adwentu","status":"publish","type":"post","link":"http:\/\/roczyny.duszpasterstwa.bielsko.pl\/?p=3272","title":{"rendered":"OG\u0141OSZENIA I INTENCJE &#8211; IV Niedziela Adwentu"},"content":{"rendered":"<h4><strong><u>I V&nbsp;&nbsp;&nbsp; N I E D Z I E L A&nbsp;&nbsp;&nbsp; A D W E N T U<\/u><\/strong> (19.12.2021r.)<\/h4>\n<h4>Liturgiczny obch\u00f3d pami\u0105tki Narodzenia Chrystusa rozpoczniemy od Pasterki czyli Mszy \u015bw. sprawowanej o p\u00f3\u0142nocy (24.oo). Na czas epidemii i ilo\u015bci uczestnicz\u0105cych we Mszy \u015bw. \u2013 aby umo\u017cliwi\u0107 wiernym uczestnictwo w prze\u017cyciu przyj\u015bcia Bo\u017cej Dzieciny dodatkowo Msza \u015bw. b\u0119dzie r\u00f3wnie\u017c o godz. 22.oo<\/h4>\n<h4>Wcze\u015bniej w naszych domach, wsp\u00f3lnotach rodzinnych \u2013 zadbajmy o tradycyjn\u0105 chrze\u015bcija\u0144sk\u0105 opraw\u0119 wigilijnej wieczerzy. Niech to b\u0119dzie okazja do pojednania, zgody, wyci\u0105gni\u0119cia przyjaznej d\u0142oni do kogo\u015b po\u015br\u00f3d bliskich, znajomych, w s\u0105siedztwie. Niech wigilijnej wieczerzy towarzyszy wsp\u00f3lna modlitwa, \u0142amanie si\u0119 op\u0142atkiem, wsp\u00f3lny \u015bpiew kol\u0119d. Niech czas Bo\u017cego Narodzenia b\u0119dzie przepe\u0142niony chrze\u015bcija\u0144sk\u0105 wzajemn\u0105 \u017cyczliwo\u015bci\u0105 i dobroci\u0105. Pami\u0119ci\u0105 ogarnijmy r\u00f3wnie\u017c tych, kt\u00f3rzy ju\u017c od nas odeszli do Domu Ojca, a \u017cyli z nami, kochali nas i dla nas si\u0119 trudzili.<\/h4>\n<h4>W Wigili\u0119 Bo\u017cego Narodzenia roraty b\u0119d\u0105 o godz.6.3o<\/h4>\n<h4>W sobot\u0119 25 grudnia uroczysto\u015b\u0107 Narodzenia Pa\u0144skiego.<\/h4>\n<h4>W niedziel\u0119 26 grudnia \u015awi\u0119to \u015awi\u0119tej Rodziny<\/h4>\n<h4>Przed \u015bwi\u0119tami \u2013 nie b\u0119dzie odwiedzin chorych \u2013 do chorych mo\u017cemy wyje\u017cd\u017ca\u0107 tylko w nag\u0142ych wypadkach.<\/h4>\n<h4>Ze spowiedzi \u015bw. b\u0119dzie mo\u017cna skorzysta\u0107 codziennie przed ka\u017cd\u0105 Msz\u0105 \u015bw. rano czy wieczorem.<\/h4>\n<h4>Ze wzgl\u0119du na epidemi\u0119 w tym roku r\u00f3wnie\u017c nie b\u0119dzie odwiedzin duszpasterskich \u2013 kol\u0119dy. Na \u017cyczenie b\u0119dzie mo\u017cliwo\u015b\u0107 po\u015bwi\u0119cenia nowych dom\u00f3w po wcze\u015bniejszym uzgodnieniu.<\/h4>\n<h4>&nbsp;<\/h4>\n<h4><strong><em>I N T E N C J E&nbsp;&nbsp;&nbsp; M S Z Y&nbsp;&nbsp;&nbsp; \u015a W.<\/em><\/strong><\/h4>\n<h4>Poniedzia\u0142ek(20)<\/h4>\n<h4>&nbsp;&nbsp; godz.6.3o&nbsp;&nbsp; &#8211; +Kazimierza Sordyla<\/h4>\n<h4>&nbsp;&nbsp; godz.17.oo &#8211; +Stefani\u0119 Chmura z m\u0119\u017cem i dzie\u0107mi<\/h4>\n<h4>Wtorek(21)<\/h4>\n<h4>&nbsp;&nbsp; godz.6.3o&nbsp;&nbsp; &#8211; +Andrzeja Wi\u015bniowskiego<\/h4>\n<h4>&nbsp;&nbsp; godz.17.oo \u2013 O zdrowie dla Roberta od rodzic\u00f3w<\/h4>\n<h4>\u015aroda(22)<\/h4>\n<h4>&nbsp;&nbsp; godz.6.3o&nbsp;&nbsp; &#8211; +Stanis\u0142awa Miko\u0142ajek<\/h4>\n<h4>&nbsp;&nbsp; godz.17.oo &#8211; +Agnieszk\u0119 i Jana \u015aliwa<\/h4>\n<h4>Czwartek(23)<\/h4>\n<h4>&nbsp;&nbsp; godz.6.3o&nbsp;&nbsp; &#8211; +Stanis\u0142awa Ku\u017am\u0119<\/h4>\n<h4>&nbsp;&nbsp; godz.17.oo &#8211; +Agnieszk\u0119 Brzazgacz z m\u0119\u017cem Franciszkiem<\/h4>\n<h4>Pi\u0105tek(24)<\/h4>\n<h4>&nbsp;&nbsp; godz.6.3o&nbsp;&nbsp; &#8211; +Jana Ga\u0142uszk\u0119<\/h4>\n<h4>&nbsp;&nbsp;&nbsp;&nbsp;&nbsp;&nbsp;&nbsp;&nbsp;&nbsp;&nbsp;&nbsp;&nbsp;&nbsp;&nbsp;&nbsp;&nbsp;&nbsp;&nbsp;&nbsp;&nbsp;&nbsp;&nbsp;&nbsp; &#8211; +Hieronima Ku\u017am\u0119<\/h4>\n<h4>&nbsp;&nbsp; godz.22.oo -+Andrzeja Tomiak<\/h4>\n<h4>&nbsp;&nbsp;&nbsp;&nbsp;&nbsp;&nbsp;&nbsp;&nbsp;&nbsp;&nbsp;&nbsp;&nbsp;&nbsp;&nbsp;&nbsp;&nbsp;&nbsp;&nbsp;&nbsp;&nbsp;&nbsp;&nbsp;&nbsp;&nbsp; &#8211; +Czes\u0142awa Mizer\u0119<\/h4>\n<h4>&nbsp;&nbsp; godz.24.oo &#8211; +J\u00f3zefa Ku\u017am\u0119 i +Ew\u0119 \u017bydek<\/h4>\n<h4>&nbsp;&nbsp;&nbsp;&nbsp;&nbsp;&nbsp;&nbsp;&nbsp;&nbsp;&nbsp;&nbsp;&nbsp;&nbsp;&nbsp;&nbsp;&nbsp;&nbsp;&nbsp;&nbsp;&nbsp;&nbsp;&nbsp;&nbsp;&nbsp; &#8211; +Stanis\u0142awa Walczak z \u017con\u0105 Stanis\u0142aw\u0105 i Antonim synem<\/h4>\n<h4>Sobota(25)<\/h4>\n<h4>&nbsp;&nbsp; godz.7.oo&nbsp;&nbsp; &#8211; +Stanis\u0142awa Apoloni\u0119 Ku\u017ama z synem J\u00f3zefem i ks. Zygmuntem<\/h4>\n<h4>&nbsp;&nbsp;&nbsp;&nbsp;&nbsp;&nbsp;&nbsp;&nbsp;&nbsp;&nbsp;&nbsp;&nbsp;&nbsp;&nbsp;&nbsp;&nbsp;&nbsp;&nbsp;&nbsp;&nbsp;&nbsp;&nbsp;&nbsp;&nbsp; &#8211; +Adama Sordyla z synami Janem i J\u00f3zefem<\/h4>\n<h4>&nbsp;&nbsp; godz.9.oo&nbsp;&nbsp; &#8211; +Ann\u0119 Ptasznik<\/h4>\n<h4>&nbsp;&nbsp;&nbsp;&nbsp;&nbsp;&nbsp;&nbsp;&nbsp;&nbsp;&nbsp;&nbsp;&nbsp;&nbsp;&nbsp;&nbsp;&nbsp;&nbsp;&nbsp;&nbsp;&nbsp;&nbsp;&nbsp;&nbsp; &#8211; +Tadeusza Smaz\u0119 11 r. \u015bm.<\/h4>\n<h4>&nbsp;&nbsp; godz.11.oo &#8211; +J\u00f3zefa Balon 4 r. \u015bm. z rodzicami Szczepanem i Helen\u0105<\/h4>\n<h4>&nbsp;&nbsp;&nbsp;&nbsp;&nbsp;&nbsp;&nbsp;&nbsp;&nbsp;&nbsp;&nbsp;&nbsp;&nbsp;&nbsp;&nbsp;&nbsp;&nbsp;&nbsp;&nbsp;&nbsp;&nbsp;&nbsp;&nbsp;&nbsp; &#8211; +Adama Mariann\u0119 G\u00f3reck\u0105<\/h4>\n<h4>&nbsp;&nbsp; godz.15.oo &#8211; +Adama Matejko<\/h4>\n<h4>&nbsp;&nbsp;&nbsp;&nbsp;&nbsp;&nbsp;&nbsp;&nbsp;&nbsp;&nbsp;&nbsp;&nbsp;&nbsp;&nbsp;&nbsp;&nbsp;&nbsp;&nbsp;&nbsp;&nbsp;&nbsp;&nbsp;&nbsp;&nbsp; &#8211; +Tomasza Jadwig\u0119 \u017bydek z synami Tadeuszem i Bronis\u0142awem<\/h4>\n<h4>Niedziela(26)<\/h4>\n<h4>&nbsp;&nbsp; godz.7.oo&nbsp;&nbsp; &#8211; +Antonin\u0119 Szymona \u017bywio\u0142<\/h4>\n<h4>&nbsp;&nbsp;&nbsp;&nbsp;&nbsp;&nbsp;&nbsp;&nbsp;&nbsp;&nbsp;&nbsp;&nbsp;&nbsp;&nbsp;&nbsp;&nbsp;&nbsp;&nbsp;&nbsp;&nbsp;&nbsp;&nbsp;&nbsp; &#8211; +Zofi\u0119 Jana Gwizdalskich z rodzicami<\/h4>\n<h4>&nbsp;&nbsp; godz.9.oo&nbsp;&nbsp; &#8211; +Antoniego Ku\u017am\u0119 25 r. \u015bm. i zmar\u0142ych z rodziny Matyaszek<\/h4>\n<h4>&nbsp;&nbsp;&nbsp;&nbsp;&nbsp;&nbsp;&nbsp;&nbsp;&nbsp;&nbsp;&nbsp;&nbsp;&nbsp;&nbsp;&nbsp;&nbsp;&nbsp;&nbsp; &nbsp;&nbsp;&nbsp;&nbsp;&nbsp;&#8211; +Boles\u0142awa Mizer\u0119 r. \u015bm. z \u017con\u0105 Janin\u0105<\/h4>\n<h4>&nbsp;&nbsp; godz.11.oo \u2013 W rocznic\u0119 Chrztu Mileny i Nadii<\/h4>\n<h4>&nbsp;&nbsp;&nbsp;&nbsp;&nbsp;&nbsp;&nbsp;&nbsp;&nbsp;&nbsp;&nbsp;&nbsp;&nbsp;&nbsp;&nbsp;&nbsp;&nbsp;&nbsp;&nbsp;&nbsp;&nbsp;&nbsp;&nbsp; &#8211; +Jacka Chwierut r. \u015bm od najbli\u017cszych<\/h4>\n<h4>&nbsp;&nbsp; godz.15.oo &#8211; +Franciszka Kuku\u0142\u0119 r. \u015bm. z \u017con\u0105 Mari\u0105<\/h4>\n<h4>&nbsp;&nbsp;&nbsp;&nbsp;&nbsp;&nbsp;&nbsp;&nbsp;&nbsp;&nbsp;&nbsp;&nbsp;&nbsp;&nbsp;&nbsp;&nbsp;&nbsp;&nbsp;&nbsp;&nbsp;&nbsp;&nbsp;&nbsp; &#8211; +Jana Majewskiego z rodzicami<\/h4>\n","protected":false},"excerpt":{"rendered":"<p>I V&nbsp;&nbsp;&nbsp; N I E D Z I E L A&nbsp;&nbsp;&nbsp; A D W E N T U (19.12.2021r.) Liturgiczny <a class=\"read-more\" href=\"http:\/\/roczyny.duszpasterstwa.bielsko.pl\/?p=3272\">czytaj dalej<\/a><\/p>\n","protected":false},"author":2,"featured_media":3273,"comment_status":"closed","ping_status":"open","sticky":false,"template":"","format":"standard","meta":{"ngg_post_thumbnail":0,"footnotes":""},"categories":[15],"tags":[],"class_list":["post-3272","post","type-post","status-publish","format-standard","has-post-thumbnail","hentry","category-aktualnosci","post-item clearfix"],"_links":{"self":[{"href":"http:\/\/roczyny.duszpasterstwa.bielsko.pl\/index.php?rest_route=\/wp\/v2\/posts\/3272"}],"collection":[{"href":"http:\/\/roczyny.duszpasterstwa.bielsko.pl\/index.php?rest_route=\/wp\/v2\/posts"}],"about":[{"href":"http:\/\/roczyny.duszpasterstwa.bielsko.pl\/index.php?rest_route=\/wp\/v2\/types\/post"}],"author":[{"embeddable":true,"href":"http:\/\/roczyny.duszpasterstwa.bielsko.pl\/index.php?rest_route=\/wp\/v2\/users\/2"}],"replies":[{"embeddable":true,"href":"http:\/\/roczyny.duszpasterstwa.bielsko.pl\/index.php?rest_route=%2Fwp%2Fv2%2Fcomments&post=3272"}],"version-history":[{"count":1,"href":"http:\/\/roczyny.duszpasterstwa.bielsko.pl\/index.php?rest_route=\/wp\/v2\/posts\/3272\/revisions"}],"predecessor-version":[{"id":3274,"href":"http:\/\/roczyny.duszpasterstwa.bielsko.pl\/index.php?rest_route=\/wp\/v2\/posts\/3272\/revisions\/3274"}],"wp:featuredmedia":[{"embeddable":true,"href":"http:\/\/roczyny.duszpasterstwa.bielsko.pl\/index.php?rest_route=\/wp\/v2\/media\/3273"}],"wp:attachment":[{"href":"http:\/\/roczyny.duszpasterstwa.bielsko.pl\/index.php?rest_route=%2Fwp%2Fv2%2Fmedia&parent=3272"}],"wp:term":[{"taxonomy":"category","embeddable":true,"href":"http:\/\/roczyny.duszpasterstwa.bielsko.pl\/index.php?rest_route=%2Fwp%2Fv2%2Fcategories&post=3272"},{"taxonomy":"post_tag","embeddable":true,"href":"http:\/\/roczyny.duszpasterstwa.bielsko.pl\/index.php?rest_route=%2Fwp%2Fv2%2Ftags&post=3272"}],"curies":[{"name":"wp","href":"https:\/\/api.w.org\/{rel}","templated":true}]}}