{"id":3170,"date":"2021-12-11T17:24:37","date_gmt":"2021-12-11T16:24:37","guid":{"rendered":"http:\/\/roczyny.duszpasterstwa.bielsko.pl\/?p=3170"},"modified":"2021-12-11T17:24:37","modified_gmt":"2021-12-11T16:24:37","slug":"ogloszenia-i-intencje-iii-niedziela-adwentu","status":"publish","type":"post","link":"http:\/\/roczyny.duszpasterstwa.bielsko.pl\/?p=3170","title":{"rendered":"OG\u0141OSZENIA I INTENCJE &#8211; III NIEDZIELA ADWENTU&#8230;"},"content":{"rendered":"<h4><strong><u>I I I&nbsp;&nbsp;&nbsp; N I E D Z I E L A&nbsp;&nbsp;&nbsp; A D W E N T U<\/u><\/strong> (12.12.2021r.)<\/h4>\n<h4>Poniedzia\u0142ek \u2013 wsp. \u015bw. \u0141ucji dz. i m.<\/h4>\n<h4>Wtorek&nbsp;&nbsp;&nbsp;&nbsp;&nbsp;&nbsp;&nbsp;&nbsp;&nbsp;&nbsp; &#8211;&nbsp; wsp. \u015bw. Jana od Krzy\u017ca kap\u0142. i dK<\/h4>\n<h4>W tym tygodniu (\u015broda, pi\u0105tek, sobota) przypadaj\u0105 Kwartalne Dni Modlitw o \u017cycie&nbsp; chrze\u015bcija\u0144skie rodzin.<\/h4>\n<h4>Ze wzgl\u0119du na epidemi\u0119 i ograniczenia z tym zwi\u0105zane od przysz\u0142ej niedzieli zostanie udost\u0119pniony dolny ko\u015bci\u00f3\u0142 do uczestnictwa we Mszy \u015bw.<\/h4>\n<h4><strong>M\u0142odzie\u017c przygotowuj\u0105c\u0105 si\u0119 do Sakramentu Bierzmowania<\/strong>zapraszamy w najbli\u017csz\u0105 \u015brod\u0119 15 grudnia na spotkanie formacyjne. Rozpoczniemy je nabo\u017ce\u0144stwem roratnim o godz. 17.00<\/h4>\n<h4>W niedziel\u0119 19 grudnia <strong>Szkolne Ko\u0142o Caritas<\/strong> rozprowadza\u0107 b\u0119dzie stroiki \u015bwi\u0105teczne i sianko. Uzbierane pieni\u0105dze przeznacz\u0105 na pomoc osobom starszym.<\/h4>\n<h4><strong><em>I N T E N C J E&nbsp;&nbsp;&nbsp; M S Z Y&nbsp;&nbsp;&nbsp; \u015a W.<\/em><\/strong><\/h4>\n<h4>Poniedzia\u0142ek13)&nbsp;<\/h4>\n<h4>&nbsp;&nbsp; godz.6.3o&nbsp;&nbsp; &#8211; +Janin\u0119 Majewsk\u0105 w 30-ty dzie\u0144 po \u015bmierci<\/h4>\n<h4>&nbsp;&nbsp; godz.17.oo &#8211; +Alfreda Pawi\u0144skiego<\/h4>\n<h4>Wtorek(14)&nbsp;&nbsp;&nbsp;&nbsp;&nbsp;&nbsp;&nbsp;&nbsp;&nbsp;&nbsp;&nbsp;&nbsp;&nbsp;&nbsp;&nbsp;&nbsp;&nbsp;&nbsp;&nbsp;&nbsp;&nbsp;&nbsp;&nbsp;&nbsp;&nbsp;&nbsp;&nbsp;&nbsp;&nbsp;&nbsp;&nbsp;&nbsp;&nbsp;&nbsp;&nbsp;&nbsp;&nbsp;&nbsp;&nbsp;&nbsp;&nbsp;&nbsp;&nbsp;&nbsp;&nbsp;&nbsp;&nbsp;&nbsp;&nbsp;&nbsp;&nbsp;&nbsp;&nbsp;&nbsp;&nbsp;&nbsp;&nbsp;&nbsp;&nbsp;&nbsp;&nbsp;&nbsp;&nbsp;&nbsp;&nbsp;&nbsp;&nbsp;&nbsp;&nbsp;&nbsp;&nbsp;&nbsp;&nbsp;&nbsp;&nbsp;&nbsp;&nbsp;&nbsp;&nbsp;&nbsp;&nbsp;&nbsp;&nbsp;&nbsp;&nbsp;&nbsp;<\/h4>\n<h4>&nbsp;&nbsp; godz.6.3o&nbsp;&nbsp; &#8211; +Zuzann\u0119 Jura<\/h4>\n<h4>&nbsp;&nbsp; godz.17.oo &#8211; +Franciszka Brzazgacz z \u017con\u0105 Agnieszk\u0105<\/h4>\n<h4>\u015aroda(15)<\/h4>\n<h4>&nbsp;&nbsp; godz.6.3o&nbsp;&nbsp; &#8211; +Kazimierza Sordyl<\/h4>\n<h4>&nbsp;&nbsp; godz.17.oo &#8211; +Jana i Ew\u0119&nbsp; Sordyl z synem Janem<\/h4>\n<h4>Czwartek(16)<\/h4>\n<h4>&nbsp;&nbsp; godz.6.3o&nbsp;&nbsp; &#8211; +Andrzeja Wi\u015bniowskiego<\/h4>\n<h4>&nbsp;&nbsp; godz.17.oo &#8211; +Stanis\u0142awa Kud\u0142acika<\/h4>\n<h4>Pi\u0105tek(17)<\/h4>\n<h4>&nbsp;&nbsp; godz.6.3o&nbsp;&nbsp; &#8211; +Stanis\u0142awa Miko\u0142ajek<\/h4>\n<h4>&nbsp;&nbsp; godz.17.oo &#8211; +Antonin\u0119 Mazgaj Stanis\u0142awa syna<\/h4>\n<h4>Sobota(18)<\/h4>\n<h4>&nbsp;&nbsp; godz.6.3o&nbsp;&nbsp; &#8211; +Stanis\u0142awa Ku\u017am\u0119<\/h4>\n<h4>&nbsp;&nbsp; godz.17.oo &#8211; +Tadeusza Franciszk\u0119 Kowalsk\u0105 z synem Stanis\u0142awem<\/h4>\n<h4>Niedziela(19)<\/h4>\n<h4>&nbsp;&nbsp; godz.7.oo&nbsp;&nbsp; &#8211; +Jana Sordyl 3 r. \u015bm.<\/h4>\n<h4>&nbsp;&nbsp;&nbsp;&nbsp;&nbsp;&nbsp;&nbsp;&nbsp;&nbsp;&nbsp;&nbsp;&nbsp;&nbsp;&nbsp;&nbsp;&nbsp;&nbsp;&nbsp;&nbsp;&nbsp;&nbsp;&nbsp;&nbsp; &#8211; + ks. O. Herubina Piko\u0144 17 r. \u015bm. z rodzicami Aleksandrem i Stefani\u0105<\/h4>\n<h4>&nbsp;&nbsp; godz.9.oo&nbsp;&nbsp; &#8211; +Kazimierza Sordyl<\/h4>\n<h4>&nbsp;&nbsp;&nbsp;&nbsp;&nbsp;&nbsp;&nbsp;&nbsp;&nbsp;&nbsp;&nbsp;&nbsp;&nbsp;&nbsp;&nbsp;&nbsp;&nbsp;&nbsp;&nbsp;&nbsp;&nbsp;&nbsp;&nbsp; &#8211;&nbsp; +W\u0142adys\u0142aw\u0119 Cholewka<\/h4>\n<h4>&nbsp;&nbsp; godz.11.oo &#8211; +Jana Orkisz 18 r. \u015bm z \u017con\u0105 Janin\u0105 synem Franciszkiem<\/h4>\n<h4>&nbsp;&nbsp;&nbsp;&nbsp;&nbsp;&nbsp;&nbsp;&nbsp;&nbsp;&nbsp;&nbsp;&nbsp;&nbsp;&nbsp;&nbsp;&nbsp;&nbsp;&nbsp;&nbsp;&nbsp;&nbsp;&nbsp;&nbsp;&nbsp; &#8211; W int. Bart\u0142omieja w 30-t\u0105 r. urodzin o zdrowie i b\u0142. Bo\u017ce<\/h4>\n<h4>&nbsp;&nbsp; godz.15.oo &#8211; +Helen\u0119 Brzazgacz r. \u015bm.<\/h4>\n<h4>&nbsp;&nbsp;&nbsp;&nbsp;&nbsp;&nbsp;&nbsp;&nbsp;&nbsp;&nbsp;&nbsp;&nbsp;&nbsp;&nbsp;&nbsp;&nbsp;&nbsp;&nbsp;&nbsp;&nbsp;&nbsp;&nbsp;&nbsp;&nbsp; &#8211; +Grzegorza Bizo\u0144 r . \u015bm.<\/h4>\n<h4>&nbsp;<\/h4>\n","protected":false},"excerpt":{"rendered":"<p>I I I&nbsp;&nbsp;&nbsp; N I E D Z I E L A&nbsp;&nbsp;&nbsp; A D W E N T U (12.12.2021r.) <a class=\"read-more\" href=\"http:\/\/roczyny.duszpasterstwa.bielsko.pl\/?p=3170\">czytaj dalej<\/a><\/p>\n","protected":false},"author":2,"featured_media":3171,"comment_status":"closed","ping_status":"open","sticky":false,"template":"","format":"standard","meta":{"ngg_post_thumbnail":0,"footnotes":""},"categories":[15,12],"tags":[],"class_list":["post-3170","post","type-post","status-publish","format-standard","has-post-thumbnail","hentry","category-aktualnosci","category-ogloszenia-parafialne","post-item clearfix"],"_links":{"self":[{"href":"http:\/\/roczyny.duszpasterstwa.bielsko.pl\/index.php?rest_route=\/wp\/v2\/posts\/3170"}],"collection":[{"href":"http:\/\/roczyny.duszpasterstwa.bielsko.pl\/index.php?rest_route=\/wp\/v2\/posts"}],"about":[{"href":"http:\/\/roczyny.duszpasterstwa.bielsko.pl\/index.php?rest_route=\/wp\/v2\/types\/post"}],"author":[{"embeddable":true,"href":"http:\/\/roczyny.duszpasterstwa.bielsko.pl\/index.php?rest_route=\/wp\/v2\/users\/2"}],"replies":[{"embeddable":true,"href":"http:\/\/roczyny.duszpasterstwa.bielsko.pl\/index.php?rest_route=%2Fwp%2Fv2%2Fcomments&post=3170"}],"version-history":[{"count":1,"href":"http:\/\/roczyny.duszpasterstwa.bielsko.pl\/index.php?rest_route=\/wp\/v2\/posts\/3170\/revisions"}],"predecessor-version":[{"id":3172,"href":"http:\/\/roczyny.duszpasterstwa.bielsko.pl\/index.php?rest_route=\/wp\/v2\/posts\/3170\/revisions\/3172"}],"wp:featuredmedia":[{"embeddable":true,"href":"http:\/\/roczyny.duszpasterstwa.bielsko.pl\/index.php?rest_route=\/wp\/v2\/media\/3171"}],"wp:attachment":[{"href":"http:\/\/roczyny.duszpasterstwa.bielsko.pl\/index.php?rest_route=%2Fwp%2Fv2%2Fmedia&parent=3170"}],"wp:term":[{"taxonomy":"category","embeddable":true,"href":"http:\/\/roczyny.duszpasterstwa.bielsko.pl\/index.php?rest_route=%2Fwp%2Fv2%2Fcategories&post=3170"},{"taxonomy":"post_tag","embeddable":true,"href":"http:\/\/roczyny.duszpasterstwa.bielsko.pl\/index.php?rest_route=%2Fwp%2Fv2%2Ftags&post=3170"}],"curies":[{"name":"wp","href":"https:\/\/api.w.org\/{rel}","templated":true}]}}