{"id":3125,"date":"2021-12-04T14:07:35","date_gmt":"2021-12-04T13:07:35","guid":{"rendered":"http:\/\/roczyny.duszpasterstwa.bielsko.pl\/?p=3125"},"modified":"2021-12-05T09:43:10","modified_gmt":"2021-12-05T08:43:10","slug":"ogloszenia-i-intencje-ii-niedziela-adwentu","status":"publish","type":"post","link":"http:\/\/roczyny.duszpasterstwa.bielsko.pl\/?p=3125","title":{"rendered":"OG\u0141OSZENIA i INTENCJE &#8211; II NIEDZIELA ADWENTU&#8230;"},"content":{"rendered":"<h4><strong><u>I I&nbsp;&nbsp;&nbsp; N I E D Z I E L A&nbsp;&nbsp;&nbsp; A D W E N T U<\/u><\/strong> (5.12.2021r.)<\/h4>\n<h4>Dzi\u015b I-wsza niedziela adwentu \u2013 po Mszy \u015bw. adoracja Naj\u015bw. Sakr.<\/h4>\n<h4>Poniedzia\u0142ek \u2013 wsp. \u015bw. Miko\u0142aja, bp.<\/h4>\n<h4>Wtorek&nbsp;&nbsp;&nbsp;&nbsp;&nbsp;&nbsp;&nbsp;&nbsp;&nbsp;&nbsp;&nbsp; &#8211; wsp. \u015bw. Ambro\u017cego, bp. i dK<\/h4>\n<h4>\u015aroda&nbsp;&nbsp;&nbsp;&nbsp;&nbsp;&nbsp;&nbsp;&nbsp;&nbsp;&nbsp;&nbsp;&nbsp;&nbsp;&nbsp; &#8211; uroczysto\u015b\u0107 Niepokalanego Pocz\u0119cia NMP<\/h4>\n<h4>Przedstawienie i przyj\u0119cie przez Dzieci Klas III medalik\u00f3w &#8211; odwo\u0142ane!<\/h4>\n<h4>W najbli\u017cszy pi\u0105tek po roratach zapraszamy wszystkich ch\u0119tnych parafian, do udzia\u0142u w <strong>spotkaniu synodalnym<\/strong>. Rozpocznie si\u0119 ono adoracj\u0105 Naj\u015bwi\u0119tszego sakramentu, by nast\u0119pnie na probostwie przy wsp\u00f3lnocie sto\u0142u porozmawia\u0107 na tematy synodalne.&nbsp; Prosimy Was o zainteresowanie sprawami Ko\u015bcio\u0142a powszechnego, diecezjalnego i naszej wsp\u00f3lnoty parafialnej.<\/h4>\n<h4><strong><em>I N T E N C J E&nbsp;&nbsp;&nbsp; M S Z Y&nbsp;&nbsp;&nbsp; \u015a W.<\/em><\/strong><\/h4>\n<h4>Poniedzia\u0142ek(6)<\/h4>\n<h4>&nbsp;&nbsp; godz.6.3o&nbsp;&nbsp; &#8211; +Mari\u0119 Guzdek w 30 dzie\u0144 po \u015bmierci<\/h4>\n<h4>&nbsp;&nbsp; godz.17.oo \u2013 +W\u0142adys\u0142awa Smyrak z synem Kazimierzem<\/h4>\n<h4>Wtorek(7)<\/h4>\n<h4>&nbsp;&nbsp; godz.6.3o&nbsp;&nbsp; &#8211; +Jadwig\u0119 Pustelnik<\/h4>\n<h4>&nbsp;&nbsp; godz.17.oo \u2013 +W\u0142adys\u0142awa Mazgaja 20 r. \u015bm.<\/h4>\n<h4>\u015aroda(8)<\/h4>\n<h4>&nbsp;&nbsp; godz.6.3o&nbsp;&nbsp;&nbsp; &#8211; +W\u0142adys\u0142awa Chmiel<\/h4>\n<h4>&nbsp;&nbsp; godz.17.oo \u2013 +Andrzeja Kazimierza Ku\u017ama<\/h4>\n<h4>Czwartek(9)<\/h4>\n<h4>&nbsp;&nbsp; godz.6.3o&nbsp;&nbsp; &#8211; Za zmar\u0142ych z okresu rocznego naszej Parafii<\/h4>\n<h4>&nbsp;&nbsp; godz.17.oo \u2013+Stanis\u0142awa Babi\u0144skiego<\/h4>\n<h4>Pi\u0105tek(10)<\/h4>\n<h4>&nbsp;&nbsp; godz.6.3o&nbsp;&nbsp; &#8211; +Iwon\u0119 Dudek w 30 ty dzie\u0144 po \u015bmierci<\/h4>\n<h4>&nbsp;&nbsp; godz.17.oo \u2013 +Stefana Grzmielewskiego r. \u015bm.<\/h4>\n<h4>Sobota(11)<\/h4>\n<h4>&nbsp;&nbsp; godz.6.3o&nbsp;&nbsp; &#8211; +Zuzann\u0119 Jura<\/h4>\n<h4>&nbsp;&nbsp; godz.17.oo \u2013 +Mariana Kocemba z rodzicami<\/h4>\n<h4>Niedziela(12)<\/h4>\n<h4>&nbsp;&nbsp; godz.7.oo&nbsp;&nbsp; &#8211; +Aleksandr\u0119 Pilarczyk od m\u0119\u017ca i c\u00f3rki<\/h4>\n<h4>&nbsp;&nbsp;&nbsp;&nbsp;&nbsp;&nbsp;&nbsp;&nbsp;&nbsp;&nbsp;&nbsp;&nbsp;&nbsp;&nbsp;&nbsp;&nbsp;&nbsp;&nbsp;&nbsp;&nbsp;&nbsp;&nbsp;&nbsp; &#8211;&nbsp; +Stefana Grzmielewskiego<\/h4>\n<h4>&nbsp;&nbsp; godz.9.oo&nbsp;&nbsp; &#8211; +Bronis\u0142awa Zuzann\u0119 So\u0142tysiak<\/h4>\n<h4>&nbsp;&nbsp;&nbsp;&nbsp;&nbsp;&nbsp;&nbsp;&nbsp;&nbsp;&nbsp;&nbsp;&nbsp;&nbsp;&nbsp;&nbsp;&nbsp;&nbsp;&nbsp;&nbsp;&nbsp;&nbsp;&nbsp;&nbsp;&nbsp; &#8211; Dzi\u0119kczynna za zdrowie i b\u0142. Bo\u017ce w rodzinach i o wytrwanie w odmawianiu<\/h4>\n<h4>&nbsp;&nbsp;&nbsp;&nbsp;&nbsp;&nbsp;&nbsp;&nbsp;&nbsp;&nbsp;&nbsp;&nbsp;&nbsp;&nbsp;&nbsp;&nbsp;&nbsp;&nbsp;&nbsp;&nbsp;&nbsp;&nbsp;&nbsp;&nbsp;&nbsp;&nbsp;&nbsp; r\u00f3\u017ca\u0144ca z R\u00f3\u017cy IX \u015bw. Jana Paw\u0142a II<\/h4>\n<h4>&nbsp;&nbsp; godz.11.oo \u2013 +Mariana Mrzyg\u0142\u00f3d 23 r. \u015bm od \u017cony<\/h4>\n<h4>&nbsp;&nbsp;&nbsp;&nbsp;&nbsp;&nbsp;&nbsp;&nbsp;&nbsp;&nbsp;&nbsp;&nbsp;&nbsp;&nbsp;&nbsp;&nbsp;&nbsp;&nbsp;&nbsp;&nbsp;&nbsp;&nbsp;&nbsp;&nbsp; &#8211; W int. Leopolda Rajd\u0119 w 80-t\u0105 r. urodzin<\/h4>\n<h4>&nbsp;&nbsp; godz.15.oo &#8211; +Janusza M\u0142odzik 9 r. \u015bm z synem Piotrem<\/h4>\n<h4>&nbsp;&nbsp;&nbsp;&nbsp;&nbsp;&nbsp;&nbsp;&nbsp;&nbsp;&nbsp;&nbsp;&nbsp;&nbsp;&nbsp;&nbsp;&nbsp;&nbsp;&nbsp;&nbsp;&nbsp;&nbsp;&nbsp;&nbsp;&nbsp; &#8211; +Aleksandra i El\u017cbiet\u0119 Sordyl<\/h4>\n","protected":false},"excerpt":{"rendered":"<p>I I&nbsp;&nbsp;&nbsp; N I E D Z I E L A&nbsp;&nbsp;&nbsp; A D W E N T U (5.12.2021r.) Dzi\u015b <a class=\"read-more\" href=\"http:\/\/roczyny.duszpasterstwa.bielsko.pl\/?p=3125\">czytaj dalej<\/a><\/p>\n","protected":false},"author":2,"featured_media":3126,"comment_status":"closed","ping_status":"open","sticky":false,"template":"","format":"standard","meta":{"ngg_post_thumbnail":0,"footnotes":""},"categories":[15,12],"tags":[],"class_list":["post-3125","post","type-post","status-publish","format-standard","has-post-thumbnail","hentry","category-aktualnosci","category-ogloszenia-parafialne","post-item clearfix"],"_links":{"self":[{"href":"http:\/\/roczyny.duszpasterstwa.bielsko.pl\/index.php?rest_route=\/wp\/v2\/posts\/3125"}],"collection":[{"href":"http:\/\/roczyny.duszpasterstwa.bielsko.pl\/index.php?rest_route=\/wp\/v2\/posts"}],"about":[{"href":"http:\/\/roczyny.duszpasterstwa.bielsko.pl\/index.php?rest_route=\/wp\/v2\/types\/post"}],"author":[{"embeddable":true,"href":"http:\/\/roczyny.duszpasterstwa.bielsko.pl\/index.php?rest_route=\/wp\/v2\/users\/2"}],"replies":[{"embeddable":true,"href":"http:\/\/roczyny.duszpasterstwa.bielsko.pl\/index.php?rest_route=%2Fwp%2Fv2%2Fcomments&post=3125"}],"version-history":[{"count":3,"href":"http:\/\/roczyny.duszpasterstwa.bielsko.pl\/index.php?rest_route=\/wp\/v2\/posts\/3125\/revisions"}],"predecessor-version":[{"id":3129,"href":"http:\/\/roczyny.duszpasterstwa.bielsko.pl\/index.php?rest_route=\/wp\/v2\/posts\/3125\/revisions\/3129"}],"wp:featuredmedia":[{"embeddable":true,"href":"http:\/\/roczyny.duszpasterstwa.bielsko.pl\/index.php?rest_route=\/wp\/v2\/media\/3126"}],"wp:attachment":[{"href":"http:\/\/roczyny.duszpasterstwa.bielsko.pl\/index.php?rest_route=%2Fwp%2Fv2%2Fmedia&parent=3125"}],"wp:term":[{"taxonomy":"category","embeddable":true,"href":"http:\/\/roczyny.duszpasterstwa.bielsko.pl\/index.php?rest_route=%2Fwp%2Fv2%2Fcategories&post=3125"},{"taxonomy":"post_tag","embeddable":true,"href":"http:\/\/roczyny.duszpasterstwa.bielsko.pl\/index.php?rest_route=%2Fwp%2Fv2%2Ftags&post=3125"}],"curies":[{"name":"wp","href":"https:\/\/api.w.org\/{rel}","templated":true}]}}