{"id":2765,"date":"2021-11-18T19:44:42","date_gmt":"2021-11-18T18:44:42","guid":{"rendered":"http:\/\/roczyny.duszpasterstwa.bielsko.pl\/?p=2765"},"modified":"2021-11-18T19:44:42","modified_gmt":"2021-11-18T18:44:42","slug":"ogloszenia-i-intencje-uroczystosc-chrystusa-krola","status":"publish","type":"post","link":"http:\/\/roczyny.duszpasterstwa.bielsko.pl\/?p=2765","title":{"rendered":"OG\u0141OSZENIA i INTENCJE &#8211; Uroczysto\u015b\u0107 CHRYSTUSA KR\u00d3LA&#8230;"},"content":{"rendered":"<h4><strong><u>UROCZYSTO\u015a\u0106&nbsp;&nbsp; JEZUSA&nbsp;&nbsp; CHRYSTUSA&nbsp;&nbsp; KR\u00d3LA&nbsp;&nbsp;WSZECH\u015aWIATA<\/u><\/strong>(21.11.2021r)<\/h4>\n<h4>Poniedzia\u0142ek \u2013 wsp. \u015bw. Cecylii dz. i m.<\/h4>\n<h4>\u015aroda&nbsp;&nbsp;&nbsp;&nbsp;&nbsp;&nbsp;&nbsp;&nbsp;&nbsp;&nbsp;&nbsp;&nbsp;&nbsp; &#8211; wsp. \u015bwi\u0119tych m\u0119czennik\u00f3w narodu wietnamskiego Andrzeja<\/h4>\n<h4>&nbsp;&nbsp;&nbsp;&nbsp;&nbsp;&nbsp;&nbsp;&nbsp;&nbsp;&nbsp;&nbsp;&nbsp;&nbsp;&nbsp;&nbsp;&nbsp;&nbsp;&nbsp;&nbsp;&nbsp;&nbsp;&nbsp;&nbsp;&nbsp;&nbsp; Dung-Lac, kap\u0142. i towarzyszy.<\/h4>\n<h4>W przysz\u0142\u0105 niedziel\u0119, 28 listopada rozpoczyna si\u0119 okres adwentu i nowy rok liturgiczny.<\/h4>\n<h4>W najbli\u017csz\u0105 sobot\u0119 27 listopada ks. bp. Piotr Greger udzieli sakramentu bierzmowania naszej m\u0142odzie\u017cy z I-wszej klasy szko\u0142y \u015bredniej o godz.14.oo<\/h4>\n<h4>M\u0142odzie\u017c ma mo\u017cliwo\u015b\u0107 skorzystania z sakramentu pokuty w ci\u0105gu ca\u0142ego tygodnia przed mszami \u015bwi\u0119tymi<\/h4>\n<h4>Obowi\u0105zkowe pr\u00f3by w najbli\u017csz\u0105 \u015brod\u0119 i pi\u0105tek po mszy \u015bw. wieczornej ok 17.30<\/h4>\n<h4><strong><em>I N T E N C J E&nbsp;&nbsp; M S Z Y&nbsp;&nbsp; \u015a W.<\/em><\/strong><\/h4>\n<h4>Poniedzia\u0142ek(22)<\/h4>\n<h4>&nbsp;&nbsp; godz.6.3o&nbsp;&nbsp; &#8211; +Stanis\u0142awa Smaz\u0119<\/h4>\n<h4>&nbsp;&nbsp; godz.17.oo &#8211; +Bronis\u0142awa Sordyla z rodzicami<\/h4>\n<h4>Wtorek(23)<\/h4>\n<h4>&nbsp;&nbsp; godz.6.3o&nbsp;&nbsp; &#8211; +Stefani\u0119 Chrapkiewicz<\/h4>\n<h4>&nbsp;&nbsp; godz.17.oo &#8211; +Paw\u0142a Rajd\u0119 z \u017con\u0105 J\u00f3zef\u0105 32 r. \u015bm.<\/h4>\n<h4>\u015aroda(24)<\/h4>\n<h4>&nbsp;&nbsp; godz.6.3o&nbsp;&nbsp; &#8211; +W\u0142adys\u0142awa Chmiel<\/h4>\n<h4>&nbsp; &nbsp;godz.17.oo &#8211; +Stanis\u0142awa Janosza<\/h4>\n<h4>Czwartek(25)<\/h4>\n<h4>&nbsp;&nbsp; godz.6.3o&nbsp;&nbsp; -+Zygmunta Fra\u015b<\/h4>\n<h4>&nbsp;&nbsp; godz.17.oo &#8211; +Miros\u0142awa Kiszk\u0119<\/h4>\n<h4>Pi\u0105tek(26)<\/h4>\n<h4>&nbsp;&nbsp; godz.6.3o&nbsp;&nbsp; &#8211; +Jadwig\u0119 Pustelnik<\/h4>\n<h4>&nbsp;&nbsp; godz.17.oo &#8211; +Stanis\u0142aw\u0119 Kud\u0142acik z m\u0119\u017cem Stanis\u0142awem<\/h4>\n<h4>Sobota(27)<\/h4>\n<h4>&nbsp;&nbsp; godz.6.3o&nbsp;&nbsp;&nbsp; &#8211; +Zuzann\u0119 Jura<\/h4>\n<h4>&nbsp;&nbsp; godz.17.oo &#8211; +Karola Soch\u0119<\/h4>\n<h4>Niedziela(28)<\/h4>\n<h4>&nbsp;&nbsp; godz.7.oo&nbsp;&nbsp; &#8211; +ks. Jana Rajd\u0119<\/h4>\n<h4>&nbsp;&nbsp;&nbsp;&nbsp;&nbsp;&nbsp;&nbsp;&nbsp;&nbsp;&nbsp;&nbsp;&nbsp;&nbsp;&nbsp;&nbsp;&nbsp;&nbsp;&nbsp;&nbsp; &nbsp;&nbsp;&nbsp;&nbsp;&#8211; +Ludwik\u0119 Rogala w 30-ty dzie\u0144 po \u015bmierci<\/h4>\n<h4>&nbsp;&nbsp; godz.9.oo&nbsp;&nbsp; &#8211; +Stanis\u0142awa Sordyla 1 r. \u015bm. z rodzicami Mari\u0105 i Stanis\u0142awem<\/h4>\n<h4>&nbsp;&nbsp;&nbsp;&nbsp;&nbsp;&nbsp;&nbsp;&nbsp;&nbsp;&nbsp;&nbsp;&nbsp;&nbsp;&nbsp;&nbsp;&nbsp;&nbsp;&nbsp;&nbsp;&nbsp;&nbsp;&nbsp;&nbsp; &#8211; +W\u0142adys\u0142aw\u0119 Cholewka<\/h4>\n<h4>&nbsp;&nbsp; godz.11.oo &#8211; +Andrzeja i Kazimierza Ku\u017ama<\/h4>\n<h4>&nbsp;&nbsp;&nbsp;&nbsp;&nbsp;&nbsp;&nbsp;&nbsp;&nbsp;&nbsp;&nbsp;&nbsp;&nbsp;&nbsp;&nbsp;&nbsp;&nbsp;&nbsp;&nbsp;&nbsp;&nbsp;&nbsp;&nbsp;&nbsp; &#8211; +Adriana Misiek 1 r. \u015bm.<\/h4>\n<h4>&nbsp;&nbsp; godz.15.oo &#8211; +Halin\u0119 Sordyl z rodzicami Helen\u0105 i Piotrem<\/h4>\n<h4>&nbsp;&nbsp;&nbsp;&nbsp;&nbsp;&nbsp;&nbsp;&nbsp;&nbsp;&nbsp;&nbsp;&nbsp;&nbsp;&nbsp;&nbsp;&nbsp;&nbsp;&nbsp;&nbsp;&nbsp;&nbsp;&nbsp;&nbsp;&nbsp; &#8211; +Dawidka 4 r. \u015bm.<\/h4>\n","protected":false},"excerpt":{"rendered":"<p>UROCZYSTO\u015a\u0106&nbsp;&nbsp; JEZUSA&nbsp;&nbsp; CHRYSTUSA&nbsp;&nbsp; KR\u00d3LA&nbsp;&nbsp;WSZECH\u015aWIATA(21.11.2021r) Poniedzia\u0142ek \u2013 wsp. \u015bw. Cecylii dz. i m. \u015aroda&nbsp;&nbsp;&nbsp;&nbsp;&nbsp;&nbsp;&nbsp;&nbsp;&nbsp;&nbsp;&nbsp;&nbsp;&nbsp; &#8211; wsp. \u015bwi\u0119tych m\u0119czennik\u00f3w narodu wietnamskiego Andrzeja <a class=\"read-more\" href=\"http:\/\/roczyny.duszpasterstwa.bielsko.pl\/?p=2765\">czytaj dalej<\/a><\/p>\n","protected":false},"author":2,"featured_media":2766,"comment_status":"closed","ping_status":"open","sticky":false,"template":"","format":"standard","meta":{"ngg_post_thumbnail":0,"footnotes":""},"categories":[15,12],"tags":[],"class_list":["post-2765","post","type-post","status-publish","format-standard","has-post-thumbnail","hentry","category-aktualnosci","category-ogloszenia-parafialne","post-item clearfix"],"_links":{"self":[{"href":"http:\/\/roczyny.duszpasterstwa.bielsko.pl\/index.php?rest_route=\/wp\/v2\/posts\/2765"}],"collection":[{"href":"http:\/\/roczyny.duszpasterstwa.bielsko.pl\/index.php?rest_route=\/wp\/v2\/posts"}],"about":[{"href":"http:\/\/roczyny.duszpasterstwa.bielsko.pl\/index.php?rest_route=\/wp\/v2\/types\/post"}],"author":[{"embeddable":true,"href":"http:\/\/roczyny.duszpasterstwa.bielsko.pl\/index.php?rest_route=\/wp\/v2\/users\/2"}],"replies":[{"embeddable":true,"href":"http:\/\/roczyny.duszpasterstwa.bielsko.pl\/index.php?rest_route=%2Fwp%2Fv2%2Fcomments&post=2765"}],"version-history":[{"count":1,"href":"http:\/\/roczyny.duszpasterstwa.bielsko.pl\/index.php?rest_route=\/wp\/v2\/posts\/2765\/revisions"}],"predecessor-version":[{"id":2767,"href":"http:\/\/roczyny.duszpasterstwa.bielsko.pl\/index.php?rest_route=\/wp\/v2\/posts\/2765\/revisions\/2767"}],"wp:featuredmedia":[{"embeddable":true,"href":"http:\/\/roczyny.duszpasterstwa.bielsko.pl\/index.php?rest_route=\/wp\/v2\/media\/2766"}],"wp:attachment":[{"href":"http:\/\/roczyny.duszpasterstwa.bielsko.pl\/index.php?rest_route=%2Fwp%2Fv2%2Fmedia&parent=2765"}],"wp:term":[{"taxonomy":"category","embeddable":true,"href":"http:\/\/roczyny.duszpasterstwa.bielsko.pl\/index.php?rest_route=%2Fwp%2Fv2%2Fcategories&post=2765"},{"taxonomy":"post_tag","embeddable":true,"href":"http:\/\/roczyny.duszpasterstwa.bielsko.pl\/index.php?rest_route=%2Fwp%2Fv2%2Ftags&post=2765"}],"curies":[{"name":"wp","href":"https:\/\/api.w.org\/{rel}","templated":true}]}}