{"id":2741,"date":"2021-11-13T18:46:10","date_gmt":"2021-11-13T17:46:10","guid":{"rendered":"http:\/\/roczyny.duszpasterstwa.bielsko.pl\/?p=2741"},"modified":"2021-11-13T18:46:10","modified_gmt":"2021-11-13T17:46:10","slug":"rozpoczynamy-parafialny-etap-synodu","status":"publish","type":"post","link":"http:\/\/roczyny.duszpasterstwa.bielsko.pl\/?p=2741","title":{"rendered":"Rozpoczynamy parafialny etap SYNODU&#8230;"},"content":{"rendered":"<h3>Rozpoczynamy <strong>parafialny etap przygotowania do SYNODU<\/strong>. Pierwsze spotkanie synodalne odb\u0119dzie si\u0119 w przysz\u0142ym tygodniu podczas rekolekcji Wsp\u00f3lnoty Domowego Ko\u015bcio\u0142a na Jamnej.<\/h3>\n<h3>Nast\u0119pne spotkanie, na kt\u00f3re zaprosimy ch\u0119tnych Parafian b\u0119dzie mia\u0142o miejsce na pocz\u0105tku grudnia.<\/h3>\n<h3>Pod ch\u00f3rem mo\u017cemy zabra\u0107 sobie synodalne ulotki informacyjne.<\/h3>\n<h3>Dla zdecydowanychdo tworzenia PARAFIALNEJ GRUPY SYNODALNEJ &#8211; kontakt i informacje ks. Pawe\u0142 &#8211; &nbsp;phubczak@op.pl<\/h3>\n<h3>&nbsp;<\/h3>\n<p><a href=\"http:\/\/roczyny.duszpasterstwa.bielsko.pl\/wp-content\/uploads\/2021\/11\/IKONA-z-tekstem.jpg\"><img fetchpriority=\"high\" decoding=\"async\" class=\"aligncenter size-large wp-image-2739\" src=\"http:\/\/roczyny.duszpasterstwa.bielsko.pl\/wp-content\/uploads\/2021\/11\/IKONA-z-tekstem-683x1024.jpg\" alt=\"\" width=\"683\" height=\"1024\" srcset=\"http:\/\/roczyny.duszpasterstwa.bielsko.pl\/wp-content\/uploads\/2021\/11\/IKONA-z-tekstem-683x1024.jpg 683w, http:\/\/roczyny.duszpasterstwa.bielsko.pl\/wp-content\/uploads\/2021\/11\/IKONA-z-tekstem-200x300.jpg 200w, http:\/\/roczyny.duszpasterstwa.bielsko.pl\/wp-content\/uploads\/2021\/11\/IKONA-z-tekstem-768x1152.jpg 768w, http:\/\/roczyny.duszpasterstwa.bielsko.pl\/wp-content\/uploads\/2021\/11\/IKONA-z-tekstem-690x1035.jpg 690w\" sizes=\"(max-width: 683px) 100vw, 683px\" \/><\/a><\/p>\n<p>&nbsp;<\/p>\n","protected":false},"excerpt":{"rendered":"<p>Rozpoczynamy parafialny etap przygotowania do SYNODU. Pierwsze spotkanie synodalne odb\u0119dzie si\u0119 w przysz\u0142ym tygodniu podczas rekolekcji Wsp\u00f3lnoty Domowego Ko\u015bcio\u0142a na <a class=\"read-more\" href=\"http:\/\/roczyny.duszpasterstwa.bielsko.pl\/?p=2741\">czytaj dalej<\/a><\/p>\n","protected":false},"author":2,"featured_media":2743,"comment_status":"closed","ping_status":"open","sticky":false,"template":"","format":"standard","meta":{"ngg_post_thumbnail":0,"footnotes":""},"categories":[15],"tags":[],"class_list":["post-2741","post","type-post","status-publish","format-standard","has-post-thumbnail","hentry","category-aktualnosci","post-item clearfix"],"_links":{"self":[{"href":"http:\/\/roczyny.duszpasterstwa.bielsko.pl\/index.php?rest_route=\/wp\/v2\/posts\/2741"}],"collection":[{"href":"http:\/\/roczyny.duszpasterstwa.bielsko.pl\/index.php?rest_route=\/wp\/v2\/posts"}],"about":[{"href":"http:\/\/roczyny.duszpasterstwa.bielsko.pl\/index.php?rest_route=\/wp\/v2\/types\/post"}],"author":[{"embeddable":true,"href":"http:\/\/roczyny.duszpasterstwa.bielsko.pl\/index.php?rest_route=\/wp\/v2\/users\/2"}],"replies":[{"embeddable":true,"href":"http:\/\/roczyny.duszpasterstwa.bielsko.pl\/index.php?rest_route=%2Fwp%2Fv2%2Fcomments&post=2741"}],"version-history":[{"count":1,"href":"http:\/\/roczyny.duszpasterstwa.bielsko.pl\/index.php?rest_route=\/wp\/v2\/posts\/2741\/revisions"}],"predecessor-version":[{"id":2744,"href":"http:\/\/roczyny.duszpasterstwa.bielsko.pl\/index.php?rest_route=\/wp\/v2\/posts\/2741\/revisions\/2744"}],"wp:featuredmedia":[{"embeddable":true,"href":"http:\/\/roczyny.duszpasterstwa.bielsko.pl\/index.php?rest_route=\/wp\/v2\/media\/2743"}],"wp:attachment":[{"href":"http:\/\/roczyny.duszpasterstwa.bielsko.pl\/index.php?rest_route=%2Fwp%2Fv2%2Fmedia&parent=2741"}],"wp:term":[{"taxonomy":"category","embeddable":true,"href":"http:\/\/roczyny.duszpasterstwa.bielsko.pl\/index.php?rest_route=%2Fwp%2Fv2%2Fcategories&post=2741"},{"taxonomy":"post_tag","embeddable":true,"href":"http:\/\/roczyny.duszpasterstwa.bielsko.pl\/index.php?rest_route=%2Fwp%2Fv2%2Ftags&post=2741"}],"curies":[{"name":"wp","href":"https:\/\/api.w.org\/{rel}","templated":true}]}}