{"id":2734,"date":"2021-11-13T15:04:56","date_gmt":"2021-11-13T14:04:56","guid":{"rendered":"http:\/\/roczyny.duszpasterstwa.bielsko.pl\/?p=2734"},"modified":"2021-11-13T15:04:56","modified_gmt":"2021-11-13T14:04:56","slug":"gosc-niedzielny-o-naszej-parafii","status":"publish","type":"post","link":"http:\/\/roczyny.duszpasterstwa.bielsko.pl\/?p=2734","title":{"rendered":"GO\u015a\u0106 NIEDZIELNY &#8211; o naszej parafii&#8230;"},"content":{"rendered":"<h3>W minion\u0105 niedziel\u0119 w Go\u015bciu Niedzielnym &#8211; na stronach naszej Diecezji mogli\u015bmy przeczyta\u0107<\/h3>\n<h3>Okaza\u0142y ko\u015bci\u00f3\u0142 roczy\u0144ski jest szczeg\u00f3lnie zwi\u0105zany z polskim papie\u017cem: kard. Karol Wojty\u0142a na kilka tygodni przed pami\u0119tnym konklawe przyby\u0142 tu, by wmurowa\u0107 kamie\u0144 w\u0119gielny.<\/h3>\n<h3>W&nbsp;parafii \u015bw. Urbana w&nbsp;Roczynach, erygowanej w&nbsp;maju 1979 roku, zaledwie kilka miesi\u0119cy po rozpocz\u0119ciu pontyfikatu \u015bw. Jana Paw\u0142a II, go\u015bcili niedawno znakomici muzycy, kt\u00f3rzy zaprosili na prawykonanie nowego opracowania oratorium Jana Kantego Pawlu\u015bkiewicza \u201eRado\u015b\u0107 mi\u0142osierdzia\u201d. Koncert, transmitowany w&nbsp;telewizji, by\u0142 okazj\u0105 do uczczenia wspomnienia \u015bw. Jana Paw\u0142a II i&nbsp;43. rocznicy jego wyboru na nast\u0119pc\u0119 \u015bw. Piotra. Stanowi\u0142 te\u017c g\u0142\u00f3wny punkt wojew\u00f3dzkich uroczysto\u015bci przygotowanych przez samorz\u0105dowc\u00f3w i&nbsp;mieszka\u0144c\u00f3w Ma\u0142opolski. \u2013 Niech dzisiejszy koncert w&nbsp;Roczynach, tak blisko Wadowic, b\u0119dzie darem, jaki Ma\u0142opolska ofiaruje \u015bwi\u0119temu \u2013 m\u00f3wi\u0142a marsza\u0142ek Iwona Gibas w&nbsp;roczy\u0144skim ko\u015bciele na chwil\u0119 przed rozpocz\u0119ciem oratorium. W\u015br\u00f3d go\u015bci opr\u00f3cz przedstawicieli w\u0142adz wojew\u00f3dzkich, powiatowych i&nbsp;gminnych by\u0142 te\u017c kompozytor Jan Kanty Pawlu\u015bkiewicz&#8230;<\/h3>\n<p><a href=\"http:\/\/roczyny.duszpasterstwa.bielsko.pl\/wp-content\/uploads\/2021\/11\/Roczyny.jpg\"><img fetchpriority=\"high\" decoding=\"async\" class=\"aligncenter size-large wp-image-2735\" src=\"http:\/\/roczyny.duszpasterstwa.bielsko.pl\/wp-content\/uploads\/2021\/11\/Roczyny-718x1024.jpg\" alt=\"\" width=\"718\" height=\"1024\" srcset=\"http:\/\/roczyny.duszpasterstwa.bielsko.pl\/wp-content\/uploads\/2021\/11\/Roczyny-718x1024.jpg 718w, http:\/\/roczyny.duszpasterstwa.bielsko.pl\/wp-content\/uploads\/2021\/11\/Roczyny-210x300.jpg 210w, http:\/\/roczyny.duszpasterstwa.bielsko.pl\/wp-content\/uploads\/2021\/11\/Roczyny-768x1095.jpg 768w, http:\/\/roczyny.duszpasterstwa.bielsko.pl\/wp-content\/uploads\/2021\/11\/Roczyny-200x285.jpg 200w, http:\/\/roczyny.duszpasterstwa.bielsko.pl\/wp-content\/uploads\/2021\/11\/Roczyny-690x984.jpg 690w\" sizes=\"(max-width: 718px) 100vw, 718px\" \/><\/a><\/p>\n<p>&nbsp;<\/p>\n","protected":false},"excerpt":{"rendered":"<p>W minion\u0105 niedziel\u0119 w Go\u015bciu Niedzielnym &#8211; na stronach naszej Diecezji mogli\u015bmy przeczyta\u0107 Okaza\u0142y ko\u015bci\u00f3\u0142 roczy\u0144ski jest szczeg\u00f3lnie zwi\u0105zany z <a class=\"read-more\" href=\"http:\/\/roczyny.duszpasterstwa.bielsko.pl\/?p=2734\">czytaj dalej<\/a><\/p>\n","protected":false},"author":2,"featured_media":2736,"comment_status":"closed","ping_status":"open","sticky":false,"template":"","format":"standard","meta":{"ngg_post_thumbnail":0,"footnotes":""},"categories":[15,7,8,10,22],"tags":[],"class_list":["post-2734","post","type-post","status-publish","format-standard","has-post-thumbnail","hentry","category-aktualnosci","category-grupy-parafialne","category-oaza-rodzin","category-roza","category-szkolne-kolo-caritas","post-item clearfix"],"_links":{"self":[{"href":"http:\/\/roczyny.duszpasterstwa.bielsko.pl\/index.php?rest_route=\/wp\/v2\/posts\/2734"}],"collection":[{"href":"http:\/\/roczyny.duszpasterstwa.bielsko.pl\/index.php?rest_route=\/wp\/v2\/posts"}],"about":[{"href":"http:\/\/roczyny.duszpasterstwa.bielsko.pl\/index.php?rest_route=\/wp\/v2\/types\/post"}],"author":[{"embeddable":true,"href":"http:\/\/roczyny.duszpasterstwa.bielsko.pl\/index.php?rest_route=\/wp\/v2\/users\/2"}],"replies":[{"embeddable":true,"href":"http:\/\/roczyny.duszpasterstwa.bielsko.pl\/index.php?rest_route=%2Fwp%2Fv2%2Fcomments&post=2734"}],"version-history":[{"count":1,"href":"http:\/\/roczyny.duszpasterstwa.bielsko.pl\/index.php?rest_route=\/wp\/v2\/posts\/2734\/revisions"}],"predecessor-version":[{"id":2737,"href":"http:\/\/roczyny.duszpasterstwa.bielsko.pl\/index.php?rest_route=\/wp\/v2\/posts\/2734\/revisions\/2737"}],"wp:featuredmedia":[{"embeddable":true,"href":"http:\/\/roczyny.duszpasterstwa.bielsko.pl\/index.php?rest_route=\/wp\/v2\/media\/2736"}],"wp:attachment":[{"href":"http:\/\/roczyny.duszpasterstwa.bielsko.pl\/index.php?rest_route=%2Fwp%2Fv2%2Fmedia&parent=2734"}],"wp:term":[{"taxonomy":"category","embeddable":true,"href":"http:\/\/roczyny.duszpasterstwa.bielsko.pl\/index.php?rest_route=%2Fwp%2Fv2%2Fcategories&post=2734"},{"taxonomy":"post_tag","embeddable":true,"href":"http:\/\/roczyny.duszpasterstwa.bielsko.pl\/index.php?rest_route=%2Fwp%2Fv2%2Ftags&post=2734"}],"curies":[{"name":"wp","href":"https:\/\/api.w.org\/{rel}","templated":true}]}}