{"id":2731,"date":"2021-11-13T14:53:10","date_gmt":"2021-11-13T13:53:10","guid":{"rendered":"http:\/\/roczyny.duszpasterstwa.bielsko.pl\/?p=2731"},"modified":"2021-11-13T14:53:19","modified_gmt":"2021-11-13T13:53:19","slug":"ogloszenia-i-intencje-xxxiii-niedziela-zwykla","status":"publish","type":"post","link":"http:\/\/roczyny.duszpasterstwa.bielsko.pl\/?p=2731","title":{"rendered":"OG\u0141OSZENIA i INTENCJE XXXIII Niedziela Zwyk\u0142a&#8230;"},"content":{"rendered":"<h4><strong><u>X X X I I I&nbsp;&nbsp;&nbsp; N I E D Z I E L A&nbsp;&nbsp;&nbsp; Z W Y K \u0141 A<\/u><\/strong> (14.11.2021r.)<\/h4>\n<h4>\u015aroda&nbsp;&nbsp;&nbsp;&nbsp;&nbsp;&nbsp;&nbsp; &#8211; wsp. \u015bw. El\u017cbiety W\u0119gierskiej, zak.<\/h4>\n<h4>Czwartek \u2013 wsp. b\u0142. Karoliny Kozk\u00f3wny, dz. i m.<\/h4>\n<h4>Sobota&nbsp;&nbsp;&nbsp;&nbsp; &#8211;&nbsp; wsp. \u015bw. Rafa\u0142a Kalinowskiego, kap\u0142.<\/h4>\n<h4>W przysz\u0142\u0105 niedziel\u0119 21 listopada obchodzimy uroczysto\u015b\u0107 Jezusa Chrystusa Kr\u00f3la Wszech\u015bwiata.<\/h4>\n<h4><strong><em>I N T E N C J E&nbsp;&nbsp; M S Z Y&nbsp;&nbsp; \u015a W.<\/em><\/strong><\/h4>\n<h4>Poniedzia\u0142ek(15)<\/h4>\n<h4>&nbsp;&nbsp; godz.6.3o&nbsp;&nbsp; &#8211; +Wand\u0119 Dyba\u0142<\/h4>\n<h4>&nbsp;&nbsp; godz.17.oo &#8211; +Stanis\u0142awa Tomiaka z \u017con\u0105 Ludmi\u0142\u0105<\/h4>\n<h4>Wtorek(16)<\/h4>\n<h4>&nbsp;&nbsp; godz.6.3o&nbsp;&nbsp;&nbsp; &#8211; +Cecyli\u0119 Ga\u0142osz<\/h4>\n<h4>&nbsp;&nbsp; godz.17.oo &#8211; +Stefani\u0119 Chrapkiewicz z R\u00f3\u017cy \u015bw. s. Faustyny<\/h4>\n<h4>\u015aroda(17)<\/h4>\n<h4>&nbsp;&nbsp; godz.6.3o&nbsp;&nbsp; &#8211; +Stanis\u0142awa Smaz\u0119<\/h4>\n<h4>&nbsp;&nbsp; godz.17.oo &#8211; +Felicj\u0119 Walusiak z m\u0119\u017cem Paw\u0142em<\/h4>\n<h4>Czwartek(18)<\/h4>\n<h4>&nbsp;&nbsp; godz.6.3o&nbsp;&nbsp; &#8211; +Stefani\u0119 Chrapkiewicz<\/h4>\n<h4>&nbsp;&nbsp; godz.17.oo &#8211; +Mari\u0119 i J\u00f3zefa Chrapkiewicz<\/h4>\n<h4>Pi\u0105tek(19)<\/h4>\n<h4>&nbsp;&nbsp; godz.6.3o&nbsp;&nbsp; &#8211; +Jadwig\u0119 Pustelnik<\/h4>\n<h4>&nbsp;&nbsp; godz.17.oo &#8211; +Micha\u0142ka Gondko 8 r. \u015bm.<\/h4>\n<h4>Sobota(20)<\/h4>\n<h4>&nbsp;&nbsp; godz.6.3o&nbsp;&nbsp; &#8211; +W\u0142adys\u0142awa Chmiel<\/h4>\n<h4>&nbsp;&nbsp; godz.17.oo &#8211; +Henryka Borgosz 6 r. \u015bm.<\/h4>\n<h4>Niedziela(21)<\/h4>\n<h4>&nbsp;&nbsp; godz.7.oo&nbsp;&nbsp; &#8211; +Helen\u0119 Szczurek<\/h4>\n<h4>&nbsp;&nbsp; godz.9.oo&nbsp;&nbsp; &#8211; +J\u00f3zefa i Felicj\u0119 Osyda<\/h4>\n<h4>&nbsp;&nbsp; godz.11.oo \u2013 Dzi\u0119kczynno \u2013 b\u0142agalna w int. Jakuba w 20 r. urodzin z pro\u015bb\u0105<\/h4>\n<h4>&nbsp;&nbsp;&nbsp;&nbsp;&nbsp;&nbsp;&nbsp;&nbsp;&nbsp;&nbsp;&nbsp;&nbsp;&nbsp;&nbsp;&nbsp;&nbsp;&nbsp;&nbsp;&nbsp;&nbsp;&nbsp;&nbsp;&nbsp;&nbsp;&nbsp;&nbsp;&nbsp; o \u015bwiat\u0142o Ducha \u015bw. i opiek\u0119 Matki Bo\u017cej<\/h4>\n<h4>&nbsp;&nbsp; godz.15.oo &#8211; +J\u00f3zef\u0119 Jana Walczak, Kazimierza Smyrak zi\u0119cia<\/h4>\n","protected":false},"excerpt":{"rendered":"<p>X X X I I I&nbsp;&nbsp;&nbsp; N I E D Z I E L A&nbsp;&nbsp;&nbsp; Z W Y K \u0141 <a class=\"read-more\" href=\"http:\/\/roczyny.duszpasterstwa.bielsko.pl\/?p=2731\">czytaj dalej<\/a><\/p>\n","protected":false},"author":2,"featured_media":2732,"comment_status":"closed","ping_status":"open","sticky":false,"template":"","format":"standard","meta":{"ngg_post_thumbnail":0,"footnotes":""},"categories":[15,12],"tags":[],"class_list":["post-2731","post","type-post","status-publish","format-standard","has-post-thumbnail","hentry","category-aktualnosci","category-ogloszenia-parafialne","post-item clearfix"],"_links":{"self":[{"href":"http:\/\/roczyny.duszpasterstwa.bielsko.pl\/index.php?rest_route=\/wp\/v2\/posts\/2731"}],"collection":[{"href":"http:\/\/roczyny.duszpasterstwa.bielsko.pl\/index.php?rest_route=\/wp\/v2\/posts"}],"about":[{"href":"http:\/\/roczyny.duszpasterstwa.bielsko.pl\/index.php?rest_route=\/wp\/v2\/types\/post"}],"author":[{"embeddable":true,"href":"http:\/\/roczyny.duszpasterstwa.bielsko.pl\/index.php?rest_route=\/wp\/v2\/users\/2"}],"replies":[{"embeddable":true,"href":"http:\/\/roczyny.duszpasterstwa.bielsko.pl\/index.php?rest_route=%2Fwp%2Fv2%2Fcomments&post=2731"}],"version-history":[{"count":1,"href":"http:\/\/roczyny.duszpasterstwa.bielsko.pl\/index.php?rest_route=\/wp\/v2\/posts\/2731\/revisions"}],"predecessor-version":[{"id":2733,"href":"http:\/\/roczyny.duszpasterstwa.bielsko.pl\/index.php?rest_route=\/wp\/v2\/posts\/2731\/revisions\/2733"}],"wp:featuredmedia":[{"embeddable":true,"href":"http:\/\/roczyny.duszpasterstwa.bielsko.pl\/index.php?rest_route=\/wp\/v2\/media\/2732"}],"wp:attachment":[{"href":"http:\/\/roczyny.duszpasterstwa.bielsko.pl\/index.php?rest_route=%2Fwp%2Fv2%2Fmedia&parent=2731"}],"wp:term":[{"taxonomy":"category","embeddable":true,"href":"http:\/\/roczyny.duszpasterstwa.bielsko.pl\/index.php?rest_route=%2Fwp%2Fv2%2Fcategories&post=2731"},{"taxonomy":"post_tag","embeddable":true,"href":"http:\/\/roczyny.duszpasterstwa.bielsko.pl\/index.php?rest_route=%2Fwp%2Fv2%2Ftags&post=2731"}],"curies":[{"name":"wp","href":"https:\/\/api.w.org\/{rel}","templated":true}]}}