{"id":2598,"date":"2021-11-06T17:02:26","date_gmt":"2021-11-06T16:02:26","guid":{"rendered":"http:\/\/roczyny.duszpasterstwa.bielsko.pl\/?p=2598"},"modified":"2021-11-06T17:02:26","modified_gmt":"2021-11-06T16:02:26","slug":"ogloszenia-i-intencje-xxxii-niedziela-zwykla","status":"publish","type":"post","link":"http:\/\/roczyny.duszpasterstwa.bielsko.pl\/?p=2598","title":{"rendered":"OG\u0141OSZENIA i INTENCJE &#8211; XXXII Niedziela Zwyk\u0142a&#8230;"},"content":{"rendered":"<h4><strong><u>X X X I I&nbsp;&nbsp;&nbsp; N I E D Z I E L A&nbsp;&nbsp;&nbsp; Z W Y K \u0141 A<\/u><\/strong> (7.11.2021r.)<\/h4>\n<h4>Dzi\u015b 1-wsza niedziela miesi\u0105ca \u2013 po Mszy \u015bw adoracja Naj\u015bw. Sakramentu.<\/h4>\n<h4>Wtorek&nbsp; &#8211; \u015bwi\u0119to Rocznicy po\u015bwi\u0119cenia Bazyliki Latera\u0144skiej, kt\u00f3ra jest<\/h4>\n<h4>&nbsp;&nbsp;&nbsp;&nbsp;&nbsp;&nbsp;&nbsp;&nbsp;&nbsp;&nbsp;&nbsp;&nbsp;&nbsp;&nbsp;&nbsp;&nbsp;&nbsp; ko\u015bcio\u0142em Biskupa Rzymu oraz matk\u0105 i g\u0142ow\u0105 wszystkich ko\u015bcio\u0142\u00f3w<\/h4>\n<h4>&nbsp;&nbsp;&nbsp;&nbsp;&nbsp;&nbsp;&nbsp;&nbsp;&nbsp;&nbsp;&nbsp;&nbsp;&nbsp;&nbsp;&nbsp;&nbsp;&nbsp; \u015bwiata.<\/h4>\n<h4>\u015aroda&nbsp;&nbsp;&nbsp;&nbsp;&nbsp; &#8211; wsp. \u015bw. Leona Wielkiego, papie\u017ca i dK<\/h4>\n<h4>Czwartek \u2013 11 listopada wsp. \u015bw. Marcina z Tours. W tym dniu obchodzimy<\/h4>\n<h4>&nbsp;&nbsp;&nbsp;&nbsp;&nbsp;&nbsp;&nbsp;&nbsp;&nbsp;&nbsp;&nbsp;&nbsp;&nbsp;&nbsp;&nbsp;&nbsp;&nbsp;&nbsp; rocznic\u0119 odzyskania przez Polsk\u0119 niepodleg\u0142o\u015bci. Modlimy si\u0119 w<\/h4>\n<h4>&nbsp;&nbsp;&nbsp;&nbsp;&nbsp;&nbsp;&nbsp;&nbsp;&nbsp;&nbsp;&nbsp;&nbsp;&nbsp;&nbsp;&nbsp;&nbsp;&nbsp;&nbsp; intencjach naszej Ojczyzny.<\/h4>\n<h4>Pi\u0105tek&nbsp;&nbsp;&nbsp;&nbsp;&nbsp; &#8211; wsp. \u015bw. Jozafata, bp. i m. Jest to zarazem Dzie\u0144 Solidarno\u015bci z<\/h4>\n<h4>&nbsp;&nbsp;&nbsp;&nbsp;&nbsp;&nbsp;&nbsp;&nbsp;&nbsp;&nbsp;&nbsp;&nbsp;&nbsp;&nbsp;&nbsp;&nbsp;&nbsp;&nbsp; Ko\u015bcio\u0142em prze\u015bladowanym.<\/h4>\n<h4>Sobota&nbsp;&nbsp;&nbsp;&nbsp; &#8211; wsp. \u015bwi\u0119tych Benedykta, Jana, Izaaka i Krystyna, pierwszych<\/h4>\n<h4>&nbsp;&nbsp;&nbsp;&nbsp;&nbsp;&nbsp;&nbsp;&nbsp;&nbsp;&nbsp;&nbsp;&nbsp;&nbsp;&nbsp;&nbsp;&nbsp;&nbsp;&nbsp;&nbsp; m\u0119czennik\u00f3w Polski.<\/h4>\n<h4>W przysz\u0142\u0105 niedziel\u0119 w ramach niedzieli powo\u0142a\u0144 b\u0119dziemy go\u015bci\u0107 kleryk\u00f3w naszego seminarium.<\/h4>\n<h4>W najbli\u017csz\u0105 \u015brod\u0119 10 listopada zapraszamy m\u0142odzie\u017c <strong>klas VIII na spotkanie przygotowuj\u0105ce do sakramentu bierzmowania.<\/strong>Rozpoczyna si\u0119 Msz\u0105 \u015bw. o godz. 17.00<\/h4>\n<h4><strong>M\u0142odzie\u017c klas I szko\u0142y \u015bredniej zapraszamy na spotkanie formacyjne<\/strong>w niedziel\u0119 14 listopada po Mszy \u015bw. o godz. 10.00<\/h4>\n<h4>&nbsp;<\/h4>\n<h4><strong><em>I N T E N C J E&nbsp;&nbsp; M S Z Y&nbsp;&nbsp; \u015a W.<\/em><\/strong><\/h4>\n<h4>Poniedzia\u0142ek(8)<\/h4>\n<h4>&nbsp;&nbsp; godz.6.3o&nbsp;&nbsp; &#8211; +Teres\u0119 Maci\u0105ga<\/h4>\n<h4>&nbsp;&nbsp; godz.17.oo \u2013 O opiek\u0119 Matki Bo\u017cej dla dzieci i wnuk\u00f3w od Marii<\/h4>\n<h4>Wtorek(9)<\/h4>\n<h4>&nbsp;&nbsp; godz.6.3o&nbsp;&nbsp; &#8211; +Wand\u0119 Dyba\u0142<\/h4>\n<h4>&nbsp;&nbsp; godz.17.oo &#8211; +Rozali\u0119 \u015alesak 7 r. \u015bm. Stanis\u0142awa m\u0119\u017ca<\/h4>\n<h4>\u015aroda(1o)<\/h4>\n<h4>&nbsp;&nbsp; godz.6.3o&nbsp;&nbsp; &#8211; +Cecyli\u0119 Ga\u0142osz<\/h4>\n<h4>&nbsp;&nbsp; godz.17.oo \u2013 Za dusze w czy\u015bcu cierpi\u0105ce<\/h4>\n<h4>Czwartek(11)<\/h4>\n<h4>&nbsp;&nbsp; godz.6.3o&nbsp;&nbsp; &#8211; Za zmar\u0142ych z okresu rocznego naszej parafii<\/h4>\n<h4>&nbsp;&nbsp; godz.17.oo \u2013 W int. Ojczyzny i za dusze Ojc\u00f3w Niepodleg\u0142o\u015bci<\/h4>\n<h4>Pi\u0105tek(12)<\/h4>\n<h4>&nbsp;&nbsp; godz.6.3o&nbsp;&nbsp; &#8211; +Stanis\u0142awa Smaz\u0119<\/h4>\n<h4>&nbsp;&nbsp; godz.17.oo &#8211; +Janin\u0119 Ku\u017ama 1 r. \u015bm.<\/h4>\n<h4>Sobota(13)<\/h4>\n<h4>&nbsp;&nbsp; godz.6.3o&nbsp;&nbsp; &#8211; +Stefani\u0119 Chrapkiewicz<\/h4>\n<h4>&nbsp;&nbsp; godz.17.oo &#8211; +W\u0142adys\u0142aw\u0119 Dwojak z m\u0119\u017cem Antonim<\/h4>\n<h4>Niedziela(14)<\/h4>\n<h4>&nbsp;&nbsp; godz.7.oo&nbsp;&nbsp; &#8211; +Ann\u0119 W\u0142adys\u0142awa r \u015bm.<\/h4>\n<h4>&nbsp;&nbsp;&nbsp;&nbsp;&nbsp;&nbsp;&nbsp;&nbsp;&nbsp;&nbsp;&nbsp;&nbsp;&nbsp;&nbsp;&nbsp;&nbsp;&nbsp;&nbsp;&nbsp;&nbsp;&nbsp;&nbsp; &#8211; +Wojciecha Rajd\u0119 Ann\u0119 Czes\u0142awa<\/h4>\n<h4>&nbsp;&nbsp; godz.9.oo&nbsp;&nbsp; &#8211; +Franciszka Mazgaja z \u017con\u0105 Ann\u0105 z synami z synami Andrzejem<\/h4>\n<h4>&nbsp;&nbsp;&nbsp;&nbsp;&nbsp;&nbsp;&nbsp;&nbsp;&nbsp;&nbsp;&nbsp;&nbsp;&nbsp;&nbsp;&nbsp;&nbsp;&nbsp;&nbsp;&nbsp;&nbsp;&nbsp;&nbsp;&nbsp;&nbsp;&nbsp; Stanis\u0142awem<\/h4>\n<h4>&nbsp;&nbsp;&nbsp;&nbsp;&nbsp;&nbsp;&nbsp;&nbsp;&nbsp;&nbsp;&nbsp;&nbsp;&nbsp;&nbsp;&nbsp;&nbsp;&nbsp;&nbsp;&nbsp;&nbsp;&nbsp;&nbsp; &#8211; +Beat\u0119 Pilarczyk 2 r. \u015bm. od m\u0119\u017ca z dzie\u0107mi<\/h4>\n<h4>&nbsp;&nbsp; godz.11.oo &#8211; +J\u00f3zef\u0119 i J\u00f3zefa Sordyl 1 r. \u015bm od najbli\u017cszych<\/h4>\n<h4>&nbsp;&nbsp;&nbsp;&nbsp;&nbsp;&nbsp;&nbsp;&nbsp;&nbsp;&nbsp;&nbsp;&nbsp;&nbsp;&nbsp;&nbsp;&nbsp;&nbsp;&nbsp;&nbsp;&nbsp;&nbsp;&nbsp; &#8211; W int. Leona w 1 r. urodzin<\/h4>\n<h4>&nbsp;&nbsp; godz.15.oo &#8211; +Ann\u0119 Adama Rajda z synami Czes\u0142awem Romanem i synow\u0105<\/h4>\n<h4>&nbsp;&nbsp;&nbsp;&nbsp;&nbsp;&nbsp;&nbsp;&nbsp;&nbsp;&nbsp;&nbsp;&nbsp;&nbsp;&nbsp;&nbsp;&nbsp;&nbsp;&nbsp;&nbsp;&nbsp;&nbsp;&nbsp;&nbsp;&nbsp;&nbsp; Wiktori\u0105<\/h4>\n<h4>&nbsp;&nbsp;&nbsp;&nbsp;&nbsp;&nbsp;&nbsp;&nbsp;&nbsp;&nbsp;&nbsp;&nbsp;&nbsp;&nbsp;&nbsp;&nbsp;&nbsp;&nbsp;&nbsp;&nbsp;&nbsp;&nbsp;&nbsp; &#8211; +Ludwik\u0119 Rogala<\/h4>\n","protected":false},"excerpt":{"rendered":"<p>X X X I I&nbsp;&nbsp;&nbsp; N I E D Z I E L A&nbsp;&nbsp;&nbsp; Z W Y K \u0141 A <a class=\"read-more\" href=\"http:\/\/roczyny.duszpasterstwa.bielsko.pl\/?p=2598\">czytaj dalej<\/a><\/p>\n","protected":false},"author":2,"featured_media":2599,"comment_status":"closed","ping_status":"open","sticky":false,"template":"","format":"standard","meta":{"ngg_post_thumbnail":0,"footnotes":""},"categories":[15,12],"tags":[],"class_list":["post-2598","post","type-post","status-publish","format-standard","has-post-thumbnail","hentry","category-aktualnosci","category-ogloszenia-parafialne","post-item clearfix"],"_links":{"self":[{"href":"http:\/\/roczyny.duszpasterstwa.bielsko.pl\/index.php?rest_route=\/wp\/v2\/posts\/2598"}],"collection":[{"href":"http:\/\/roczyny.duszpasterstwa.bielsko.pl\/index.php?rest_route=\/wp\/v2\/posts"}],"about":[{"href":"http:\/\/roczyny.duszpasterstwa.bielsko.pl\/index.php?rest_route=\/wp\/v2\/types\/post"}],"author":[{"embeddable":true,"href":"http:\/\/roczyny.duszpasterstwa.bielsko.pl\/index.php?rest_route=\/wp\/v2\/users\/2"}],"replies":[{"embeddable":true,"href":"http:\/\/roczyny.duszpasterstwa.bielsko.pl\/index.php?rest_route=%2Fwp%2Fv2%2Fcomments&post=2598"}],"version-history":[{"count":1,"href":"http:\/\/roczyny.duszpasterstwa.bielsko.pl\/index.php?rest_route=\/wp\/v2\/posts\/2598\/revisions"}],"predecessor-version":[{"id":2600,"href":"http:\/\/roczyny.duszpasterstwa.bielsko.pl\/index.php?rest_route=\/wp\/v2\/posts\/2598\/revisions\/2600"}],"wp:featuredmedia":[{"embeddable":true,"href":"http:\/\/roczyny.duszpasterstwa.bielsko.pl\/index.php?rest_route=\/wp\/v2\/media\/2599"}],"wp:attachment":[{"href":"http:\/\/roczyny.duszpasterstwa.bielsko.pl\/index.php?rest_route=%2Fwp%2Fv2%2Fmedia&parent=2598"}],"wp:term":[{"taxonomy":"category","embeddable":true,"href":"http:\/\/roczyny.duszpasterstwa.bielsko.pl\/index.php?rest_route=%2Fwp%2Fv2%2Fcategories&post=2598"},{"taxonomy":"post_tag","embeddable":true,"href":"http:\/\/roczyny.duszpasterstwa.bielsko.pl\/index.php?rest_route=%2Fwp%2Fv2%2Ftags&post=2598"}],"curies":[{"name":"wp","href":"https:\/\/api.w.org\/{rel}","templated":true}]}}