{"id":2480,"date":"2021-11-01T16:16:00","date_gmt":"2021-11-01T15:16:00","guid":{"rendered":"http:\/\/roczyny.duszpasterstwa.bielsko.pl\/?p=2480"},"modified":"2021-11-01T16:40:20","modified_gmt":"2021-11-01T15:40:20","slug":"w-naszym-kosciele-jak-w-niebie","status":"publish","type":"post","link":"http:\/\/roczyny.duszpasterstwa.bielsko.pl\/?p=2480","title":{"rendered":"W naszym ko\u015bciele JAK W NIEBIE&#8230;"},"content":{"rendered":"<h4>W Uroczysto\u015b\u0107 Wszystkich \u015awi\u0119tych &#8211; zapytali\u015bmy naszych \u015awi\u0119tych z ROCZY\u0143SKIEJ \u015aWI\u0104TYNI&#8230;<\/h4>\n<h4>O co zapytali\u015bmy? A no o to, co zrobi\u0107 &#8211; aby miejsce przygotowane przez ks. Proboszcza w nowym witra\u017cu sta\u0142o si\u0119 nasz\u0105 rzeczywisto\u015bci\u0105!<\/h4>\n<h4>Przecie\u017c to pragnienie ka\u017cdego z nas &#8211; zosta\u0107 \u015aWI\u0118TYM!<\/h4>\n<h4>A \u015awi\u0119ci nam odpowiedzieli&#8230;<\/h4>\n<h4>Mo\u017ce i Ty odnajdziesz jak\u0105\u015b wskaz\u00f3wk\u0119 w DRODZE DO \u015aWI\u0118TO\u015aCI<\/h4>\n<h4><strong>\u015aWI\u0118TY FLORIAN<\/strong><\/h4>\n<h4>&#8222;Czemu\u017c szukacie daleko? Patrzcie, oto ja jestem chrze\u015bcijaninem! Id\u017acie i o\u015bwiadczcie to namiestnikowi!&#8221;&nbsp;<\/h4>\n<h4><strong>\u015aWI\u0118TA BARBARA<\/strong><\/h4>\n<h4>Najpochlebniejsze przyrzeczenia nie odwiod\u0105 mnie od wiary, w kt\u00f3rej pozna\u0142am prawdziwego Boga. Sama tym nad wyraz uszcz\u0119\u015bliwiona, pragn\u0119, aby\u015bcie i wy wszyscy tego szcz\u0119\u015bcia dost\u0105pili.<\/h4>\n<h4><strong>\u015aWI\u0118TY STANIS\u0141AW KOSTKA<\/strong><\/h4>\n<h4>,,Do wy\u017cszych rzeczy jestem stworzony i dla nich pragn\u0119 \u017cy\u0107&#8221;.<\/h4>\n<h4><strong>\u015aWI\u0118TY JAN KANTY<\/strong><\/h4>\n<h4>&#8221; Patrzaj swego nie pragnij cudzego&#8221;<\/h4>\n<h4><strong>\u015aWI\u0118TY JAN Z DUKLI<\/strong><\/h4>\n<h4>Jan Pawe\u0142 II o nim<\/h4>\n<h4>Zacz\u0119\u0142o si\u0119 w pobliskiej pustelni. To w\u0142a\u015bnie tam, w\u015br\u00f3d ciszy i duchowej walki, &#8222;uchwyci\u0142 go B\u00f3g&#8221; i tak ju\u017c pozostali razem do ko\u0144ca.<\/h4>\n<h4><strong>\u015aWI\u0118TA JADWIGA KR\u00d3LOWA<\/strong><\/h4>\n<h4>Na ukszta\u0142towanie duchowo\u015bci Kr\u00f3lowej Jadwigi mia\u0142 wp\u0142yw przede wszystkim na dom rodzinny.<\/h4>\n<h4><strong>\u015aWI\u0118TY BISKUP STANIS\u0141AW<\/strong><\/h4>\n<h4>M\u0119czennik w obronie prawdy<\/h4>\n<h4><strong>\u015aWI\u0118TY WOJCIECH<\/strong><\/h4>\n<h4>Przyczyn\u0105 naszej [tu] podr\u00f3\u017cy jest wasze zbawienie, aby\u015bcie \u2013 porzuciwszy g\u0142uche i nieme ba\u0142wany \u2013 uznali Stw\u00f3rc\u0119 naszego, kt\u00f3ry jest jedynym Bogiem i poza kt\u00f3rym nie ma innego boga<em>; <\/em><\/h4>\n<h4><strong>\u015aWI\u0118TY KAZMIERZ KR\u00d3LEWICZ<\/strong><\/h4>\n<h4><strong>Hymn u\u0142o\u017cony przez niego do Matki Bo\u017cej 60 zwrotek<\/strong><\/h4>\n<h4>\u2009Dnia ka\u017cdego, Boga mego * Matk\u0119, duszo wys\u0142awiaj, * Jej dni \u015bwi\u0119te, sprawy wzi\u0119te, * Z nabo\u017ce\u0144stwem odprawiaj.<\/h4>\n<h4><strong>\u015aW. KINGA<\/strong><\/h4>\n<h4>My, Kunegunda, wdowa po \u015bp. panu Boles\u0142awie niegdy\u015b ksi\u0119ciu krakowskim, pani i ksi\u0119\u017cna s\u0105decka, rozwa\u017caj\u0105c g\u0142\u0119boko w sercu i rzeteln\u0105 pobo\u017cno\u015bci\u0105, \u017ce nic nie b\u0119dzie pomocnym na ostatecznym s\u0105dzie i nic tak nie przeb\u0142aga Sprawiedliwego S\u0119dziego, kt\u00f3ry daje \u017cycie sprawiedliwym, a \u015bmier\u0107 bezbo\u017cnym, jak dzie\u0142a mi\u0142osierdzia<\/h4>\n<h4><strong>\u015aW. SZYMON Z LIPNICY<\/strong><\/h4>\n<h4>Jezus, Jezus, Jezus<\/h4>\n<h4><strong>\u015aW. ANDRZEJ BOBOLA<\/strong><\/h4>\n<h4>\u015aw. Andrzeju, patronie jedno\u015bci Ko\u015bcio\u0142a umacniaj ma\u0142\u017conk\u00f3w w ich jedno\u015bci, we wzajemnej mi\u0142o\u015bci, wierno\u015bci i uczciwo\u015bci. Umacniaj narzeczonych, aby swoje przysz\u0142e ma\u0142\u017ce\u0144stwa budowali nie na sobie, lecz na mocy Bo\u017cej mi\u0142o\u015bci. Amen.<\/h4>\n<h4><strong>\u015aW. RAFA\u0141 KALINOWSKI<\/strong><\/h4>\n<h4>\u201e(\u2026) powiem bez ogr\u00f3dek, \u017ce ulegamy z\u0142udzeniu, uwa\u017caj\u0105c za wielki ludzi nosz\u0105cych szumne tytu\u0142y. B\u00f3g wsz\u0119dzie objawia wielko\u015b\u0107 swoj\u0105, a cz\u0142owiek swoj\u0105 n\u0119dz\u0119.\u201c<br \/>\n<strong>B\u0141. KS. JERZY POPIE\u0141USZKO<\/strong><\/h4>\n<h4><em>\u201eTylko ludzie silni nadziej\u0105 s\u0105 zdolni przetrwa\u0107 wszelkie trudno\u015bci.\u201d&nbsp;&nbsp;&nbsp;&nbsp;&nbsp;&nbsp;&nbsp;&nbsp;&nbsp;&nbsp;&nbsp;&nbsp;&nbsp;&nbsp;&nbsp;&nbsp;&nbsp;&nbsp;&nbsp;&nbsp;&nbsp;&nbsp;&nbsp;&nbsp;&nbsp;&nbsp;&nbsp;&nbsp; <\/em><\/h4>\n<h4><strong>\u015aW. SIOSTRA FAUSTYNA<\/strong><\/h4>\n<h4>&#8222;B\u00f3g nigdy nie dopu\u015bci ponad to, co mo\u017cemy znie\u015b\u0107&#8221; &#8230;<\/h4>\n<h4><strong>\u015aW. JAN PAWE\u0141 II<\/strong><\/h4>\n<h4>\u201eCz\u0142owiek chwali Boga poprzez to, \u017ce idzie w \u017cyciu za g\u0142osem swego powo\u0142ania<em>.\u201d<\/em><\/h4>\n<h4><strong>\u015aW. MAKSYMILIAN<\/strong><\/h4>\n<h4>\u201eGdy nie ma mi\u0142o\u015bci podzieli\u0107 mo\u017cna si\u0119 tylko b\u00f3lem, podzieli\u0107 si\u0119 mo\u017cna tylko pustk\u0105.\u201c<br \/>\n<strong>\u015aW. BRAT ALBERT<\/strong><\/h4>\n<h4>\u201eB\u0105d\u017c dobry jak chleb\u201d<\/h4>\n<h4><strong>\u015aW. URBAN<\/strong><\/h4>\n<h4>Po tym fakcie prefekt Rzymu kaza\u0142 zaprowadzi\u0107 \u015bw. Urbana i jego towarzyszy przed pos\u0105g rzymskiego bo\u017cka, by tam wyrzekli si\u0119 wiary chrze\u015bcija\u0144skiej i z\u0142o\u017cyli ofiar\u0119 kadzenia. Papie\u017c zacz\u0105\u0142 si\u0119 modli\u0107, uczyni\u0142 znak krzy\u017ca, zrzucaj\u0105c tym sposobem bo\u017cka z kolumny, na kt\u00f3rej sta\u0142.<\/h4>\n<div class=\"\" data-block=\"true\" data-editor=\"5fis0\" data-offset-key=\"b7h80-0-0\">\n<h4 class=\"_1mf _1mj\" data-offset-key=\"b7h80-0-0\"><span data-offset-key=\"b7h80-0-0\">P.S.<\/span><\/h4>\n<\/div>\n<div class=\"\" data-block=\"true\" data-editor=\"5fis0\" data-offset-key=\"7utfu-0-0\">\n<h4 class=\"_1mf _1mj\" data-offset-key=\"7utfu-0-0\"><span data-offset-key=\"7utfu-0-0\">Panu Wojtkowi dzi\u0119kuje za przygotowanie witra\u017cy a Panu Tomaszowi za pomoc techniczn\u0105<\/span><\/h4>\n<\/div>\n<p><a href=\"http:\/\/roczyny.duszpasterstwa.bielsko.pl\/wp-content\/uploads\/2021\/11\/tempImage38AWIm.jpg\"><img fetchpriority=\"high\" decoding=\"async\" class=\"aligncenter size-large wp-image-2481\" src=\"http:\/\/roczyny.duszpasterstwa.bielsko.pl\/wp-content\/uploads\/2021\/11\/tempImage38AWIm-1024x768.jpg\" alt=\"\" width=\"1024\" height=\"768\" srcset=\"http:\/\/roczyny.duszpasterstwa.bielsko.pl\/wp-content\/uploads\/2021\/11\/tempImage38AWIm-1024x768.jpg 1024w, http:\/\/roczyny.duszpasterstwa.bielsko.pl\/wp-content\/uploads\/2021\/11\/tempImage38AWIm-300x225.jpg 300w, http:\/\/roczyny.duszpasterstwa.bielsko.pl\/wp-content\/uploads\/2021\/11\/tempImage38AWIm-768x576.jpg 768w, http:\/\/roczyny.duszpasterstwa.bielsko.pl\/wp-content\/uploads\/2021\/11\/tempImage38AWIm-200x150.jpg 200w, http:\/\/roczyny.duszpasterstwa.bielsko.pl\/wp-content\/uploads\/2021\/11\/tempImage38AWIm-690x518.jpg 690w\" sizes=\"(max-width: 1024px) 100vw, 1024px\" \/><\/a> <a href=\"http:\/\/roczyny.duszpasterstwa.bielsko.pl\/wp-content\/uploads\/2021\/11\/tempImageNAqkMI.jpg\"><img decoding=\"async\" class=\"aligncenter size-large wp-image-2482\" src=\"http:\/\/roczyny.duszpasterstwa.bielsko.pl\/wp-content\/uploads\/2021\/11\/tempImageNAqkMI-1024x768.jpg\" alt=\"\" width=\"1024\" height=\"768\" srcset=\"http:\/\/roczyny.duszpasterstwa.bielsko.pl\/wp-content\/uploads\/2021\/11\/tempImageNAqkMI-1024x768.jpg 1024w, http:\/\/roczyny.duszpasterstwa.bielsko.pl\/wp-content\/uploads\/2021\/11\/tempImageNAqkMI-300x225.jpg 300w, http:\/\/roczyny.duszpasterstwa.bielsko.pl\/wp-content\/uploads\/2021\/11\/tempImageNAqkMI-768x576.jpg 768w, http:\/\/roczyny.duszpasterstwa.bielsko.pl\/wp-content\/uploads\/2021\/11\/tempImageNAqkMI-200x150.jpg 200w, http:\/\/roczyny.duszpasterstwa.bielsko.pl\/wp-content\/uploads\/2021\/11\/tempImageNAqkMI-690x518.jpg 690w\" sizes=\"(max-width: 1024px) 100vw, 1024px\" \/><\/a> <a href=\"http:\/\/roczyny.duszpasterstwa.bielsko.pl\/wp-content\/uploads\/2021\/11\/tempImageH9TGWo.jpg\"><img decoding=\"async\" class=\"aligncenter size-large wp-image-2483\" src=\"http:\/\/roczyny.duszpasterstwa.bielsko.pl\/wp-content\/uploads\/2021\/11\/tempImageH9TGWo-1024x768.jpg\" alt=\"\" width=\"1024\" height=\"768\" srcset=\"http:\/\/roczyny.duszpasterstwa.bielsko.pl\/wp-content\/uploads\/2021\/11\/tempImageH9TGWo-1024x768.jpg 1024w, http:\/\/roczyny.duszpasterstwa.bielsko.pl\/wp-content\/uploads\/2021\/11\/tempImageH9TGWo-300x225.jpg 300w, http:\/\/roczyny.duszpasterstwa.bielsko.pl\/wp-content\/uploads\/2021\/11\/tempImageH9TGWo-768x576.jpg 768w, http:\/\/roczyny.duszpasterstwa.bielsko.pl\/wp-content\/uploads\/2021\/11\/tempImageH9TGWo-200x150.jpg 200w, http:\/\/roczyny.duszpasterstwa.bielsko.pl\/wp-content\/uploads\/2021\/11\/tempImageH9TGWo-690x518.jpg 690w\" sizes=\"(max-width: 1024px) 100vw, 1024px\" \/><\/a> <a href=\"http:\/\/roczyny.duszpasterstwa.bielsko.pl\/wp-content\/uploads\/2021\/11\/tempImageeA2wHe.jpg\"><img loading=\"lazy\" decoding=\"async\" class=\"aligncenter size-large wp-image-2484\" src=\"http:\/\/roczyny.duszpasterstwa.bielsko.pl\/wp-content\/uploads\/2021\/11\/tempImageeA2wHe-1024x768.jpg\" alt=\"\" width=\"1024\" height=\"768\" srcset=\"http:\/\/roczyny.duszpasterstwa.bielsko.pl\/wp-content\/uploads\/2021\/11\/tempImageeA2wHe-1024x768.jpg 1024w, http:\/\/roczyny.duszpasterstwa.bielsko.pl\/wp-content\/uploads\/2021\/11\/tempImageeA2wHe-300x225.jpg 300w, http:\/\/roczyny.duszpasterstwa.bielsko.pl\/wp-content\/uploads\/2021\/11\/tempImageeA2wHe-768x576.jpg 768w, http:\/\/roczyny.duszpasterstwa.bielsko.pl\/wp-content\/uploads\/2021\/11\/tempImageeA2wHe-200x150.jpg 200w, http:\/\/roczyny.duszpasterstwa.bielsko.pl\/wp-content\/uploads\/2021\/11\/tempImageeA2wHe-690x518.jpg 690w\" sizes=\"(max-width: 1024px) 100vw, 1024px\" \/><\/a> <a href=\"http:\/\/roczyny.duszpasterstwa.bielsko.pl\/wp-content\/uploads\/2021\/11\/tempImageVvq7j7.jpg\"><img loading=\"lazy\" decoding=\"async\" class=\"aligncenter size-large wp-image-2485\" src=\"http:\/\/roczyny.duszpasterstwa.bielsko.pl\/wp-content\/uploads\/2021\/11\/tempImageVvq7j7-768x1024.jpg\" alt=\"\" width=\"768\" height=\"1024\" srcset=\"http:\/\/roczyny.duszpasterstwa.bielsko.pl\/wp-content\/uploads\/2021\/11\/tempImageVvq7j7-768x1024.jpg 768w, http:\/\/roczyny.duszpasterstwa.bielsko.pl\/wp-content\/uploads\/2021\/11\/tempImageVvq7j7-225x300.jpg 225w, http:\/\/roczyny.duszpasterstwa.bielsko.pl\/wp-content\/uploads\/2021\/11\/tempImageVvq7j7-200x267.jpg 200w, http:\/\/roczyny.duszpasterstwa.bielsko.pl\/wp-content\/uploads\/2021\/11\/tempImageVvq7j7-690x920.jpg 690w\" sizes=\"(max-width: 768px) 100vw, 768px\" \/><\/a> <a href=\"http:\/\/roczyny.duszpasterstwa.bielsko.pl\/wp-content\/uploads\/2021\/11\/tempImageOIVYcC.jpg\"><img loading=\"lazy\" decoding=\"async\" class=\"aligncenter size-large wp-image-2486\" src=\"http:\/\/roczyny.duszpasterstwa.bielsko.pl\/wp-content\/uploads\/2021\/11\/tempImageOIVYcC-1024x768.jpg\" alt=\"\" width=\"1024\" height=\"768\" srcset=\"http:\/\/roczyny.duszpasterstwa.bielsko.pl\/wp-content\/uploads\/2021\/11\/tempImageOIVYcC-1024x768.jpg 1024w, http:\/\/roczyny.duszpasterstwa.bielsko.pl\/wp-content\/uploads\/2021\/11\/tempImageOIVYcC-300x225.jpg 300w, http:\/\/roczyny.duszpasterstwa.bielsko.pl\/wp-content\/uploads\/2021\/11\/tempImageOIVYcC-768x576.jpg 768w, http:\/\/roczyny.duszpasterstwa.bielsko.pl\/wp-content\/uploads\/2021\/11\/tempImageOIVYcC-200x150.jpg 200w, http:\/\/roczyny.duszpasterstwa.bielsko.pl\/wp-content\/uploads\/2021\/11\/tempImageOIVYcC-690x518.jpg 690w\" sizes=\"(max-width: 1024px) 100vw, 1024px\" \/><\/a> <a href=\"http:\/\/roczyny.duszpasterstwa.bielsko.pl\/wp-content\/uploads\/2021\/11\/tempImageK6TJbO.jpg\"><img loading=\"lazy\" decoding=\"async\" class=\"aligncenter size-large wp-image-2487\" src=\"http:\/\/roczyny.duszpasterstwa.bielsko.pl\/wp-content\/uploads\/2021\/11\/tempImageK6TJbO-1024x768.jpg\" alt=\"\" width=\"1024\" height=\"768\" srcset=\"http:\/\/roczyny.duszpasterstwa.bielsko.pl\/wp-content\/uploads\/2021\/11\/tempImageK6TJbO-1024x768.jpg 1024w, http:\/\/roczyny.duszpasterstwa.bielsko.pl\/wp-content\/uploads\/2021\/11\/tempImageK6TJbO-300x225.jpg 300w, http:\/\/roczyny.duszpasterstwa.bielsko.pl\/wp-content\/uploads\/2021\/11\/tempImageK6TJbO-768x576.jpg 768w, http:\/\/roczyny.duszpasterstwa.bielsko.pl\/wp-content\/uploads\/2021\/11\/tempImageK6TJbO-200x150.jpg 200w, http:\/\/roczyny.duszpasterstwa.bielsko.pl\/wp-content\/uploads\/2021\/11\/tempImageK6TJbO-690x518.jpg 690w\" sizes=\"(max-width: 1024px) 100vw, 1024px\" \/><\/a> <a href=\"http:\/\/roczyny.duszpasterstwa.bielsko.pl\/wp-content\/uploads\/2021\/11\/tempImageKY1eRO.jpg\"><img loading=\"lazy\" decoding=\"async\" class=\"aligncenter size-large wp-image-2488\" src=\"http:\/\/roczyny.duszpasterstwa.bielsko.pl\/wp-content\/uploads\/2021\/11\/tempImageKY1eRO-1024x768.jpg\" alt=\"\" width=\"1024\" height=\"768\" srcset=\"http:\/\/roczyny.duszpasterstwa.bielsko.pl\/wp-content\/uploads\/2021\/11\/tempImageKY1eRO-1024x768.jpg 1024w, http:\/\/roczyny.duszpasterstwa.bielsko.pl\/wp-content\/uploads\/2021\/11\/tempImageKY1eRO-300x225.jpg 300w, http:\/\/roczyny.duszpasterstwa.bielsko.pl\/wp-content\/uploads\/2021\/11\/tempImageKY1eRO-768x576.jpg 768w, http:\/\/roczyny.duszpasterstwa.bielsko.pl\/wp-content\/uploads\/2021\/11\/tempImageKY1eRO-200x150.jpg 200w, http:\/\/roczyny.duszpasterstwa.bielsko.pl\/wp-content\/uploads\/2021\/11\/tempImageKY1eRO-690x518.jpg 690w\" sizes=\"(max-width: 1024px) 100vw, 1024px\" \/><\/a> <a href=\"http:\/\/roczyny.duszpasterstwa.bielsko.pl\/wp-content\/uploads\/2021\/11\/tempImaget8xoPp.jpg\"><img loading=\"lazy\" decoding=\"async\" class=\"aligncenter size-large wp-image-2489\" src=\"http:\/\/roczyny.duszpasterstwa.bielsko.pl\/wp-content\/uploads\/2021\/11\/tempImaget8xoPp-1024x768.jpg\" alt=\"\" width=\"1024\" height=\"768\" srcset=\"http:\/\/roczyny.duszpasterstwa.bielsko.pl\/wp-content\/uploads\/2021\/11\/tempImaget8xoPp-1024x768.jpg 1024w, http:\/\/roczyny.duszpasterstwa.bielsko.pl\/wp-content\/uploads\/2021\/11\/tempImaget8xoPp-300x225.jpg 300w, http:\/\/roczyny.duszpasterstwa.bielsko.pl\/wp-content\/uploads\/2021\/11\/tempImaget8xoPp-768x576.jpg 768w, http:\/\/roczyny.duszpasterstwa.bielsko.pl\/wp-content\/uploads\/2021\/11\/tempImaget8xoPp-200x150.jpg 200w, http:\/\/roczyny.duszpasterstwa.bielsko.pl\/wp-content\/uploads\/2021\/11\/tempImaget8xoPp-690x518.jpg 690w\" sizes=\"(max-width: 1024px) 100vw, 1024px\" \/><\/a> <a href=\"http:\/\/roczyny.duszpasterstwa.bielsko.pl\/wp-content\/uploads\/2021\/11\/tempImageUuFzjh.jpg\"><img loading=\"lazy\" decoding=\"async\" class=\"aligncenter size-large wp-image-2490\" src=\"http:\/\/roczyny.duszpasterstwa.bielsko.pl\/wp-content\/uploads\/2021\/11\/tempImageUuFzjh-1024x768.jpg\" alt=\"\" width=\"1024\" height=\"768\" srcset=\"http:\/\/roczyny.duszpasterstwa.bielsko.pl\/wp-content\/uploads\/2021\/11\/tempImageUuFzjh-1024x768.jpg 1024w, http:\/\/roczyny.duszpasterstwa.bielsko.pl\/wp-content\/uploads\/2021\/11\/tempImageUuFzjh-300x225.jpg 300w, http:\/\/roczyny.duszpasterstwa.bielsko.pl\/wp-content\/uploads\/2021\/11\/tempImageUuFzjh-768x576.jpg 768w, http:\/\/roczyny.duszpasterstwa.bielsko.pl\/wp-content\/uploads\/2021\/11\/tempImageUuFzjh-200x150.jpg 200w, http:\/\/roczyny.duszpasterstwa.bielsko.pl\/wp-content\/uploads\/2021\/11\/tempImageUuFzjh-690x518.jpg 690w\" sizes=\"(max-width: 1024px) 100vw, 1024px\" \/><\/a> <a href=\"http:\/\/roczyny.duszpasterstwa.bielsko.pl\/wp-content\/uploads\/2021\/11\/tempImageUUW3Ph.jpg\"><img loading=\"lazy\" decoding=\"async\" class=\"aligncenter size-large wp-image-2491\" src=\"http:\/\/roczyny.duszpasterstwa.bielsko.pl\/wp-content\/uploads\/2021\/11\/tempImageUUW3Ph-1024x768.jpg\" alt=\"\" width=\"1024\" height=\"768\" srcset=\"http:\/\/roczyny.duszpasterstwa.bielsko.pl\/wp-content\/uploads\/2021\/11\/tempImageUUW3Ph-1024x768.jpg 1024w, http:\/\/roczyny.duszpasterstwa.bielsko.pl\/wp-content\/uploads\/2021\/11\/tempImageUUW3Ph-300x225.jpg 300w, http:\/\/roczyny.duszpasterstwa.bielsko.pl\/wp-content\/uploads\/2021\/11\/tempImageUUW3Ph-768x576.jpg 768w, http:\/\/roczyny.duszpasterstwa.bielsko.pl\/wp-content\/uploads\/2021\/11\/tempImageUUW3Ph-200x150.jpg 200w, http:\/\/roczyny.duszpasterstwa.bielsko.pl\/wp-content\/uploads\/2021\/11\/tempImageUUW3Ph-690x518.jpg 690w\" sizes=\"(max-width: 1024px) 100vw, 1024px\" \/><\/a> <a href=\"http:\/\/roczyny.duszpasterstwa.bielsko.pl\/wp-content\/uploads\/2021\/11\/tempImagezzAQkd.jpg\"><img loading=\"lazy\" decoding=\"async\" class=\"aligncenter size-large wp-image-2492\" src=\"http:\/\/roczyny.duszpasterstwa.bielsko.pl\/wp-content\/uploads\/2021\/11\/tempImagezzAQkd-768x1024.jpg\" alt=\"\" width=\"768\" height=\"1024\" srcset=\"http:\/\/roczyny.duszpasterstwa.bielsko.pl\/wp-content\/uploads\/2021\/11\/tempImagezzAQkd-768x1024.jpg 768w, http:\/\/roczyny.duszpasterstwa.bielsko.pl\/wp-content\/uploads\/2021\/11\/tempImagezzAQkd-225x300.jpg 225w, http:\/\/roczyny.duszpasterstwa.bielsko.pl\/wp-content\/uploads\/2021\/11\/tempImagezzAQkd-200x267.jpg 200w, http:\/\/roczyny.duszpasterstwa.bielsko.pl\/wp-content\/uploads\/2021\/11\/tempImagezzAQkd-690x920.jpg 690w\" sizes=\"(max-width: 768px) 100vw, 768px\" \/><\/a> <a href=\"http:\/\/roczyny.duszpasterstwa.bielsko.pl\/wp-content\/uploads\/2021\/11\/tempImageTL3uMX.jpg\"><img loading=\"lazy\" decoding=\"async\" class=\"aligncenter size-large wp-image-2493\" src=\"http:\/\/roczyny.duszpasterstwa.bielsko.pl\/wp-content\/uploads\/2021\/11\/tempImageTL3uMX-768x1024.jpg\" alt=\"\" width=\"768\" height=\"1024\" srcset=\"http:\/\/roczyny.duszpasterstwa.bielsko.pl\/wp-content\/uploads\/2021\/11\/tempImageTL3uMX-768x1024.jpg 768w, http:\/\/roczyny.duszpasterstwa.bielsko.pl\/wp-content\/uploads\/2021\/11\/tempImageTL3uMX-225x300.jpg 225w, http:\/\/roczyny.duszpasterstwa.bielsko.pl\/wp-content\/uploads\/2021\/11\/tempImageTL3uMX-200x267.jpg 200w, http:\/\/roczyny.duszpasterstwa.bielsko.pl\/wp-content\/uploads\/2021\/11\/tempImageTL3uMX-690x920.jpg 690w\" sizes=\"(max-width: 768px) 100vw, 768px\" \/><\/a> <a href=\"http:\/\/roczyny.duszpasterstwa.bielsko.pl\/wp-content\/uploads\/2021\/11\/tempImageKgI3Yi.jpg\"><img loading=\"lazy\" decoding=\"async\" class=\"aligncenter size-large wp-image-2494\" src=\"http:\/\/roczyny.duszpasterstwa.bielsko.pl\/wp-content\/uploads\/2021\/11\/tempImageKgI3Yi-1024x768.jpg\" alt=\"\" width=\"1024\" height=\"768\" srcset=\"http:\/\/roczyny.duszpasterstwa.bielsko.pl\/wp-content\/uploads\/2021\/11\/tempImageKgI3Yi-1024x768.jpg 1024w, http:\/\/roczyny.duszpasterstwa.bielsko.pl\/wp-content\/uploads\/2021\/11\/tempImageKgI3Yi-300x225.jpg 300w, http:\/\/roczyny.duszpasterstwa.bielsko.pl\/wp-content\/uploads\/2021\/11\/tempImageKgI3Yi-768x576.jpg 768w, http:\/\/roczyny.duszpasterstwa.bielsko.pl\/wp-content\/uploads\/2021\/11\/tempImageKgI3Yi-200x150.jpg 200w, http:\/\/roczyny.duszpasterstwa.bielsko.pl\/wp-content\/uploads\/2021\/11\/tempImageKgI3Yi-690x518.jpg 690w\" sizes=\"(max-width: 1024px) 100vw, 1024px\" \/><\/a> <a href=\"http:\/\/roczyny.duszpasterstwa.bielsko.pl\/wp-content\/uploads\/2021\/11\/tempImage68psvg.jpg\"><img loading=\"lazy\" decoding=\"async\" class=\"aligncenter size-large wp-image-2495\" src=\"http:\/\/roczyny.duszpasterstwa.bielsko.pl\/wp-content\/uploads\/2021\/11\/tempImage68psvg-768x1024.jpg\" alt=\"\" width=\"768\" height=\"1024\" srcset=\"http:\/\/roczyny.duszpasterstwa.bielsko.pl\/wp-content\/uploads\/2021\/11\/tempImage68psvg-768x1024.jpg 768w, http:\/\/roczyny.duszpasterstwa.bielsko.pl\/wp-content\/uploads\/2021\/11\/tempImage68psvg-225x300.jpg 225w, http:\/\/roczyny.duszpasterstwa.bielsko.pl\/wp-content\/uploads\/2021\/11\/tempImage68psvg-200x267.jpg 200w, http:\/\/roczyny.duszpasterstwa.bielsko.pl\/wp-content\/uploads\/2021\/11\/tempImage68psvg-690x920.jpg 690w\" sizes=\"(max-width: 768px) 100vw, 768px\" \/><\/a><\/p>\n<p>&nbsp;<\/p>\n","protected":false},"excerpt":{"rendered":"<p>W Uroczysto\u015b\u0107 Wszystkich \u015awi\u0119tych &#8211; zapytali\u015bmy naszych \u015awi\u0119tych z ROCZY\u0143SKIEJ \u015aWI\u0104TYNI&#8230; O co zapytali\u015bmy? A no o to, co zrobi\u0107 <a class=\"read-more\" href=\"http:\/\/roczyny.duszpasterstwa.bielsko.pl\/?p=2480\">czytaj dalej<\/a><\/p>\n","protected":false},"author":2,"featured_media":2484,"comment_status":"closed","ping_status":"open","sticky":false,"template":"","format":"standard","meta":{"ngg_post_thumbnail":0,"footnotes":""},"categories":[15],"tags":[],"class_list":["post-2480","post","type-post","status-publish","format-standard","has-post-thumbnail","hentry","category-aktualnosci","post-item clearfix"],"_links":{"self":[{"href":"http:\/\/roczyny.duszpasterstwa.bielsko.pl\/index.php?rest_route=\/wp\/v2\/posts\/2480"}],"collection":[{"href":"http:\/\/roczyny.duszpasterstwa.bielsko.pl\/index.php?rest_route=\/wp\/v2\/posts"}],"about":[{"href":"http:\/\/roczyny.duszpasterstwa.bielsko.pl\/index.php?rest_route=\/wp\/v2\/types\/post"}],"author":[{"embeddable":true,"href":"http:\/\/roczyny.duszpasterstwa.bielsko.pl\/index.php?rest_route=\/wp\/v2\/users\/2"}],"replies":[{"embeddable":true,"href":"http:\/\/roczyny.duszpasterstwa.bielsko.pl\/index.php?rest_route=%2Fwp%2Fv2%2Fcomments&post=2480"}],"version-history":[{"count":2,"href":"http:\/\/roczyny.duszpasterstwa.bielsko.pl\/index.php?rest_route=\/wp\/v2\/posts\/2480\/revisions"}],"predecessor-version":[{"id":2497,"href":"http:\/\/roczyny.duszpasterstwa.bielsko.pl\/index.php?rest_route=\/wp\/v2\/posts\/2480\/revisions\/2497"}],"wp:featuredmedia":[{"embeddable":true,"href":"http:\/\/roczyny.duszpasterstwa.bielsko.pl\/index.php?rest_route=\/wp\/v2\/media\/2484"}],"wp:attachment":[{"href":"http:\/\/roczyny.duszpasterstwa.bielsko.pl\/index.php?rest_route=%2Fwp%2Fv2%2Fmedia&parent=2480"}],"wp:term":[{"taxonomy":"category","embeddable":true,"href":"http:\/\/roczyny.duszpasterstwa.bielsko.pl\/index.php?rest_route=%2Fwp%2Fv2%2Fcategories&post=2480"},{"taxonomy":"post_tag","embeddable":true,"href":"http:\/\/roczyny.duszpasterstwa.bielsko.pl\/index.php?rest_route=%2Fwp%2Fv2%2Ftags&post=2480"}],"curies":[{"name":"wp","href":"https:\/\/api.w.org\/{rel}","templated":true}]}}