{"id":2433,"date":"2021-10-30T18:43:59","date_gmt":"2021-10-30T16:43:59","guid":{"rendered":"http:\/\/roczyny.duszpasterstwa.bielsko.pl\/?p=2433"},"modified":"2021-10-30T18:48:16","modified_gmt":"2021-10-30T16:48:16","slug":"ogloszenia-i-intencje-ur-poswiiecenia-kosciola","status":"publish","type":"post","link":"http:\/\/roczyny.duszpasterstwa.bielsko.pl\/?p=2433","title":{"rendered":"OG\u0141OSZENIA i INTENCJE &#8211; UR. PO\u015aWI\u0118CENIA KO\u015aCIO\u0141A&#8230;"},"content":{"rendered":"<h4><strong><u>UROCZYSTO\u015a\u0106&nbsp;&nbsp; ROCZNICY&nbsp;&nbsp; PO\u015aWI\u0118CENIA&nbsp;&nbsp; KO\u015aCIO\u0141A&nbsp;&nbsp;W\u0141ASNEGO<\/u><\/strong> <u>(31.1o.2021r.)<\/u><\/h4>\n<h4>W poniedzia\u0142ek, 1 listopada \u2013 uroczysto\u015b\u0107 Wszystkich \u015awi\u0119tych. Ko\u015bci\u00f3\u0142 oddaje w tym dniu cze\u015b\u0107 wszystkim, kt\u00f3rzy ju\u017c weszli do chwa\u0142y niebieskiej a wiernym pielgrzymuj\u0105cym na ziemi wskazuje drog\u0119, kt\u00f3ra ich starszych braci zaprowadzi\u0142a do \u015bwi\u0119to\u015bci. Przypomina r\u00f3wnie\u017c prawd\u0119 o naszej wsp\u00f3lnocie ze \u015bwi\u0119tymi, kt\u00f3rzy otaczaj\u0105 nas opiek\u0105.<\/h4>\n<h4><strong>Msze \u015bw. o godz.7.oo; 9.oo; 11.oo 14.oo<\/strong><\/h4>\n<h4>Po Mszy \u015bw. o godz.14.oo \u2013 procesja na cmentarz po\u0142\u0105czona z wypominkami.<\/h4>\n<h4>We wtorek 2 listopada \u2013 wspomnienie Wszystkich Wiernych Zmar\u0142ych ( Dzie\u0144 Zaduszny). Ko\u015bci\u00f3\u0142 w tym dniu wspomina wszystkich, kt\u00f3rzy w czy\u015b\u0107cu pokutuj\u0105 za swoje grzechy. Aby im przyj\u015b\u0107 z pomoc\u0105 przedstawia modlitwy i odpusty zyskane przez \u017cyj\u0105cych, a przede wszystkim Ofiar\u0119 Chrystusa uobecniaj\u0105c\u0105 si\u0119 we Mszy \u015bw.<\/h4>\n<h4><strong>Msze \u015bw. w Dzie\u0144 Zaduszny o godz.7.oo; 9.oo; 17.oo<\/strong><\/h4>\n<h4>Odpust zupe\u0142ny za dusze w czy\u015b\u0107cu cierpi\u0105ce mo\u017cna uzyska\u0107:<\/h4>\n<h4>1.od po\u0142udnia uroczysto\u015bci Wszystkich \u015awi\u0119tych i w Dzie\u0144 Zaduszny przez nawiedzenie ko\u015bcio\u0142a, odm\u00f3wienie modlitwy <em>Ojcze Nasz<\/em> i <em>Wierz\u0119<\/em>, modlitwy w intencji Ojca \u015bw., przyj\u0119cie \u0142aski sakramentalnej spowiedzi i Komunii \u015bw.<\/h4>\n<h4>2.w dniach od 1 \u2013 8 listopada nawiedzaj\u0105c pobo\u017cnie cmentarz, modl\u0105c si\u0119 za zmar\u0142ych i spe\u0142niaj\u0105c przy tym zwyk\u0142e warunki odpustu.<\/h4>\n<h4>W \u015brod\u0119 po Mszy \u015bw. wieczornej &#8211; 3 listopada zapraszamy R\u00f3\u017ce \u017bywego R\u00f3\u017ca\u0144ca na zmian\u0119 tajemnic r\u00f3\u017ca\u0144cowych i spotkanie formacyjne<\/h4>\n<h4><strong><em>I N T E N C J E&nbsp;&nbsp;&nbsp; M S Z Y&nbsp;&nbsp; \u015a W.<\/em><\/strong><\/h4>\n<h4>Poniedzia\u0142ek(1)<\/h4>\n<h4>&nbsp;&nbsp; godz.7.oo&nbsp;&nbsp; &#8211; +Wand\u0119 Dyba\u0142<\/h4>\n<h4>&nbsp;&nbsp;&nbsp;&nbsp;&nbsp;&nbsp;&nbsp;&nbsp;&nbsp;&nbsp;&nbsp;&nbsp;&nbsp;&nbsp;&nbsp;&nbsp;&nbsp;&nbsp; &nbsp;&nbsp;&nbsp;&#8211; +Grzegorza Romik 3 r. \u015bm. z te\u015bciami<\/h4>\n<h4>&nbsp;&nbsp; godz.9.oo&nbsp;&nbsp; &#8211; +W\u0142adys\u0142aw\u0119 Cholewka<\/h4>\n<h4>&nbsp;&nbsp;&nbsp;&nbsp;&nbsp;&nbsp;&nbsp;&nbsp;&nbsp;&nbsp;&nbsp;&nbsp;&nbsp;&nbsp;&nbsp;&nbsp;&nbsp;&nbsp;&nbsp; &nbsp;&nbsp;&#8211; +Mari\u0119 Kuku\u0142a 5 r. \u015bm. z m\u0119\u017cem Franciszkiem<\/h4>\n<h4>&nbsp;&nbsp; godz.11.oo \u2013 +Jana Sordyla z synem J\u00f3zefem r. \u015bm.<\/h4>\n<h4>&nbsp;&nbsp;&nbsp;&nbsp;&nbsp;&nbsp;&nbsp;&nbsp;&nbsp;&nbsp;&nbsp;&nbsp;&nbsp;&nbsp;&nbsp;&nbsp;&nbsp;&nbsp; &nbsp;&nbsp;&#8211;&nbsp; +W\u0142adys\u0142aw\u0119 Cholewka<\/h4>\n<h4>&nbsp;&nbsp; godz.14.oo \u2013 +Stefani\u0119 i Micha\u0142a Mi\u015bk\u00f3w<\/h4>\n<h4>&nbsp;&nbsp;&nbsp;&nbsp;&nbsp;&nbsp;&nbsp;&nbsp;&nbsp;&nbsp;&nbsp;&nbsp;&nbsp;&nbsp;&nbsp; &nbsp;&nbsp;&nbsp;&nbsp;&nbsp;&nbsp;&nbsp;&#8211; +Grzegorza Miku\u0142\u0119, siostr\u0119 Ann\u0119, Tadeusza Stanis\u0142awa Krucza\u0142a<\/h4>\n<h4>Wtorek(2)<\/h4>\n<h4>&nbsp;&nbsp; godz.7.oo&nbsp;&nbsp; &#8211; +Stanis\u0142awa Kami\u0144skiego<\/h4>\n<h4>&nbsp;&nbsp; godz.9.oo&nbsp;&nbsp; &#8211; +Teres\u0119 Maci\u0105ga<\/h4>\n<h4>&nbsp;&nbsp; godz.17.oo \u2013 +Joann\u0119 Wojewodzic 35 r. \u015bm. z m\u0119\u017cem Kazimierzem z synem i wnukiem<\/h4>\n<h4>&nbsp;&nbsp;&nbsp;&nbsp;&nbsp;&nbsp;&nbsp;&nbsp;&nbsp;&nbsp;&nbsp;&nbsp;&nbsp;&nbsp;&nbsp;&nbsp;&nbsp; &nbsp;&nbsp;&nbsp;&nbsp;&nbsp;&#8211; +Albin\u0119 Panek w 30-ty dzie\u0144 po \u015bmierci<\/h4>\n<h4>\u015aroda(3)<\/h4>\n<h4>&nbsp;&nbsp; godz.6.3o&nbsp;&nbsp; &#8211; +Wand\u0119 Dyba\u0142<\/h4>\n<h4>&nbsp;&nbsp; godz.17.oo \u2013 +El\u017cbiet\u0119 Stanis\u0142awa Trojak<\/h4>\n<h4>Czwartek(4)<\/h4>\n<h4>&nbsp;&nbsp; godz.6.3o&nbsp;&nbsp; &#8211; Za dusze wypominane (WYPOMINKI)<\/h4>\n<h4>&nbsp;&nbsp; godz.17.oo \u2013 +Cecyli\u0119 Ga\u0142osz od rodziny Kaczor\u00f3w z mam\u0105<\/h4>\n<h4>Pi\u0105tek(5)<\/h4>\n<h4>&nbsp;&nbsp; godz.6.3o&nbsp;&nbsp; &#8211; +Cecyli\u0119 Ga\u0142osz<\/h4>\n<h4>&nbsp;&nbsp; godz.17.oo \u2013 +Zuzann\u0119 Jura od rodziny z Pomorza<\/h4>\n<h4>Sobota(6)<\/h4>\n<h4>&nbsp;&nbsp; godz.6.3o&nbsp;&nbsp;&nbsp; &#8211; +Stanis\u0142awa Smaz\u0119<\/h4>\n<h4>&nbsp;&nbsp; godz.17.oo \u2013+Stefani\u0119 W\u0142adys\u0142awa Zieli\u0144scy z c\u00f3rk\u0105 Alicj\u0105 wnukiem Piotrem<\/h4>\n<h4>Niedziela(7)<\/h4>\n<h4>&nbsp;&nbsp; godz.7.oo&nbsp;&nbsp; -+Apoloni\u0119 Ku\u017ama z m\u0119\u017cem i synami<\/h4>\n<h4>&nbsp;&nbsp;&nbsp;&nbsp;&nbsp;&nbsp;&nbsp;&nbsp;&nbsp;&nbsp;&nbsp;&nbsp;&nbsp;&nbsp;&nbsp;&nbsp;&nbsp;&nbsp;&nbsp;&nbsp;&nbsp; &#8211; Za zmar\u0142e cz\u0142onkinie z R\u00f3\u017cy \u015bw. siostry Faustyny<\/h4>\n<h4>&nbsp;&nbsp; godz.9.oo&nbsp;&nbsp; &#8211; +Stanis\u0142awa Weronik\u0119 Harat r. \u015bm.<\/h4>\n<h4>&nbsp;&nbsp;&nbsp;&nbsp;&nbsp;&nbsp;&nbsp;&nbsp;&nbsp;&nbsp;&nbsp;&nbsp;&nbsp;&nbsp;&nbsp;&nbsp;&nbsp;&nbsp;&nbsp;&nbsp;&nbsp; &#8211; +Rudolfa Maciejczyk<\/h4>\n<h4>&nbsp;&nbsp; godz.11.oo \u2013 +Danut\u0119 Zawarus r. \u015bm. z m\u0119\u017cem Mieczys\u0142awem i synem Stanis\u0142awem<\/h4>\n<h4>&nbsp;&nbsp;&nbsp;&nbsp;&nbsp;&nbsp;&nbsp;&nbsp;&nbsp;&nbsp;&nbsp;&nbsp;&nbsp;&nbsp;&nbsp;&nbsp;&nbsp;&nbsp;&nbsp;&nbsp;&nbsp; &#8211; +Miros\u0142awa Kacorzyk r. \u015bm. z rodzicami te\u015bciami i bratem<\/h4>\n<h4>&nbsp;&nbsp; godz.15.oo &#8211; +Ann\u0119 Jana Kud\u0142acik<\/h4>\n<h4>&nbsp;&nbsp;&nbsp;&nbsp;&nbsp;&nbsp;&nbsp;&nbsp;&nbsp;&nbsp;&nbsp;&nbsp;&nbsp;&nbsp;&nbsp;&nbsp;&nbsp;&nbsp;&nbsp;&nbsp;&nbsp; &#8211; +W\u0142adys\u0142aw\u0119 Dwojak z m\u0119\u017cem Anton<\/h4>\n","protected":false},"excerpt":{"rendered":"<p>UROCZYSTO\u015a\u0106&nbsp;&nbsp; ROCZNICY&nbsp;&nbsp; PO\u015aWI\u0118CENIA&nbsp;&nbsp; KO\u015aCIO\u0141A&nbsp;&nbsp;W\u0141ASNEGO (31.1o.2021r.) W poniedzia\u0142ek, 1 listopada \u2013 uroczysto\u015b\u0107 Wszystkich \u015awi\u0119tych. Ko\u015bci\u00f3\u0142 oddaje w tym dniu cze\u015b\u0107 wszystkim, <a class=\"read-more\" href=\"http:\/\/roczyny.duszpasterstwa.bielsko.pl\/?p=2433\">czytaj dalej<\/a><\/p>\n","protected":false},"author":2,"featured_media":2434,"comment_status":"closed","ping_status":"open","sticky":false,"template":"","format":"standard","meta":{"ngg_post_thumbnail":0,"footnotes":""},"categories":[15,12],"tags":[],"class_list":["post-2433","post","type-post","status-publish","format-standard","has-post-thumbnail","hentry","category-aktualnosci","category-ogloszenia-parafialne","post-item clearfix"],"_links":{"self":[{"href":"http:\/\/roczyny.duszpasterstwa.bielsko.pl\/index.php?rest_route=\/wp\/v2\/posts\/2433"}],"collection":[{"href":"http:\/\/roczyny.duszpasterstwa.bielsko.pl\/index.php?rest_route=\/wp\/v2\/posts"}],"about":[{"href":"http:\/\/roczyny.duszpasterstwa.bielsko.pl\/index.php?rest_route=\/wp\/v2\/types\/post"}],"author":[{"embeddable":true,"href":"http:\/\/roczyny.duszpasterstwa.bielsko.pl\/index.php?rest_route=\/wp\/v2\/users\/2"}],"replies":[{"embeddable":true,"href":"http:\/\/roczyny.duszpasterstwa.bielsko.pl\/index.php?rest_route=%2Fwp%2Fv2%2Fcomments&post=2433"}],"version-history":[{"count":2,"href":"http:\/\/roczyny.duszpasterstwa.bielsko.pl\/index.php?rest_route=\/wp\/v2\/posts\/2433\/revisions"}],"predecessor-version":[{"id":2436,"href":"http:\/\/roczyny.duszpasterstwa.bielsko.pl\/index.php?rest_route=\/wp\/v2\/posts\/2433\/revisions\/2436"}],"wp:featuredmedia":[{"embeddable":true,"href":"http:\/\/roczyny.duszpasterstwa.bielsko.pl\/index.php?rest_route=\/wp\/v2\/media\/2434"}],"wp:attachment":[{"href":"http:\/\/roczyny.duszpasterstwa.bielsko.pl\/index.php?rest_route=%2Fwp%2Fv2%2Fmedia&parent=2433"}],"wp:term":[{"taxonomy":"category","embeddable":true,"href":"http:\/\/roczyny.duszpasterstwa.bielsko.pl\/index.php?rest_route=%2Fwp%2Fv2%2Fcategories&post=2433"},{"taxonomy":"post_tag","embeddable":true,"href":"http:\/\/roczyny.duszpasterstwa.bielsko.pl\/index.php?rest_route=%2Fwp%2Fv2%2Ftags&post=2433"}],"curies":[{"name":"wp","href":"https:\/\/api.w.org\/{rel}","templated":true}]}}