{"id":2415,"date":"2021-10-23T18:26:55","date_gmt":"2021-10-23T16:26:55","guid":{"rendered":"http:\/\/roczyny.duszpasterstwa.bielsko.pl\/?p=2415"},"modified":"2021-10-23T18:26:55","modified_gmt":"2021-10-23T16:26:55","slug":"ogloszenia-i-intencje-xxx-niedziela-zwykla","status":"publish","type":"post","link":"http:\/\/roczyny.duszpasterstwa.bielsko.pl\/?p=2415","title":{"rendered":"OG\u0141OSZENIA I INTENCJE &#8211; XXX NIEDZIELA ZWYK\u0141A&#8230;"},"content":{"rendered":"<h4><strong><u>X X X&nbsp;&nbsp;&nbsp; N I E D Z I E L A&nbsp;&nbsp;&nbsp; Z W Y K \u0141 A<\/u><\/strong>&nbsp; (24.1o.2021r.)<\/h4>\n<h4>Czwartek \u2013 przypada \u015bwi\u0119to \u015bwi\u0119tych Aposto\u0142\u00f3w Szymona i Judy Tadeusza<\/h4>\n<h4>W przysz\u0142\u0105 niedziel\u0119 Uroczysto\u015b\u0107 Rocznicy Po\u015bwi\u0119cenia Ko\u015bcio\u0142a W\u0142asnego<\/h4>\n<h4>Ze spowiedzi \u015bw. przed Uroczysto\u015bci\u0105 Wszystkich \u015awi\u0119tych mo\u017cna skorzysta\u0107 codziennie przed Msz\u0105 \u015bw. rano czy wieczorem.<\/h4>\n<h4><strong>&nbsp;<\/strong><strong>M\u0142odzie\u017c klas I Szko\u0142y \u015aredniej<\/strong>, kt\u00f3ra przyjmie sakrament bierzmowania 27 listopada \u2013 zapraszamy na spotkanie organizacyjne w najbli\u017cszy pi\u0105tek 29 pa\u017adziernika. Rozpoczniemy je msz\u0105 \u015bw., r\u00f3\u017ca\u0144cem \u2013 po nabo\u017ce\u0144stawach spotkanie organizacyjne. Prosimy przygotowa\u0107 na nie: potwierdzenie chrztu \u2013 dla os\u00f3b ochrzczonych poza nasz\u0105 parafi\u0105, wybra\u0107 \u015bwiadka i imi\u0119 do bierzmowania. Obecno\u015b\u0107 zainteresowanych obowi\u0105zkowa.<\/h4>\n<h4>Zbli\u017ca si\u0119 Uroczysto\u015b\u0107 Wszystkich \u015awi\u0119tych. Szkolne Ko\u0142o Caritas, Ministranci i wolontariusze klas VIII b\u0119d\u0105 prowadzili <strong>stoisko sprzeda\u017cy zniczy<\/strong>. Ju\u017c dzisiaj przy naszym ko\u015bciele<strong> a 30,31 i 1 listopada na cmentarzu. <\/strong>Zarobione pieni\u0105dze zostan\u0105 przeznaczone na potrzeby charytatywne oraz wsp\u00f3lnot naszej parafii. Serdecznie zapraszamy<\/h4>\n<h4>&nbsp;<\/h4>\n<h4><strong><em>I N T E N C J E&nbsp;&nbsp; M S Z Y&nbsp;&nbsp; \u015a W.<\/em><\/strong><\/h4>\n<h4>Poniedzia\u0142ek(25)<\/h4>\n<h4>&nbsp;&nbsp; godz.6.3o&nbsp;&nbsp; &#8211; +Mariana Karcz<\/h4>\n<h4>&nbsp;&nbsp; godz.17.oo &#8211; +Paulin\u0119 Potempa z m\u0119\u017cem Stefanem<\/h4>\n<h4>Wtorek(26)<\/h4>\n<h4>&nbsp;&nbsp; godz.6.3o&nbsp;&nbsp; &#8211; +Katarzyn\u0119 Sordyl<\/h4>\n<h4>&nbsp;&nbsp; godz.17.oo &#8211; +Paw\u0142a Skowron 2 r. \u015bm.<\/h4>\n<h4>\u015aroda(27)<\/h4>\n<h4>&nbsp;&nbsp; godz.6.3o&nbsp;&nbsp; &#8211; +Stanis\u0142awa Dyduch w 30-ty dzie\u0144 po \u015bmierci<\/h4>\n<h4>&nbsp;&nbsp; godz.17.oo &#8211; +Piotra Hudeckiego z \u017con\u0105 Helen\u0105<\/h4>\n<h4>Czwartek(28)<\/h4>\n<h4>&nbsp;&nbsp; godz.6.3o&nbsp;&nbsp; &#8211; +Teres\u0119 Maci\u0105ga<\/h4>\n<h4>&nbsp;&nbsp; godz.17.oo &#8211; +Tadeusza i Franciszk\u0119 Kowalsk\u0105 z synem Stanis\u0142awem<\/h4>\n<h4>Pi\u0105tek(29)<\/h4>\n<h4>&nbsp;&nbsp; godz.6.3o&nbsp;&nbsp; &#8211; +Cecyli\u0119 Ga\u0142osz<\/h4>\n<h4>&nbsp;&nbsp; godz.17.oo &#8211; +Mari\u0119 Barciak<\/h4>\n<h4>Sobota(3o)<\/h4>\n<h4>&nbsp;&nbsp; godz.6.3o&nbsp;&nbsp; &#8211; +Karolin\u0119 Bury<\/h4>\n<h4>&nbsp;&nbsp; godz.17.oo &#8211; +J\u00f3zefa Ko\u017abia\u0142 15 r. \u015bm.<\/h4>\n<h4>Niedziela(31)<\/h4>\n<h4>&nbsp;&nbsp; godz.7.oo&nbsp;&nbsp; &#8211; +Stanis\u0142awa Kowalskiego 3 r. \u015bm. wraz z te\u015bciami 50r. \u015bm<\/h4>\n<h4>&nbsp;&nbsp;&nbsp;&nbsp;&nbsp;&nbsp;&nbsp;&nbsp;&nbsp;&nbsp;&nbsp;&nbsp;&nbsp;&nbsp;&nbsp;&nbsp;&nbsp;&nbsp;&nbsp;&nbsp;&nbsp;&nbsp;&nbsp; &#8211; +Urszul\u0119 Rajda 6 r. \u015bm<\/h4>\n<h4>&nbsp;&nbsp; godz.9.oo&nbsp;&nbsp; &#8211; +Katarzyn\u0119 Kud\u0142acik 8 r. \u015bm. Jakuba m\u0119\u017ca z synami W\u0142adys\u0142awem<\/h4>\n<h4>&nbsp;&nbsp;&nbsp;&nbsp;&nbsp;&nbsp;&nbsp;&nbsp;&nbsp;&nbsp;&nbsp;&nbsp;&nbsp;&nbsp;&nbsp;&nbsp;&nbsp;&nbsp;&nbsp;&nbsp;&nbsp;&nbsp;&nbsp;&nbsp;&nbsp;&nbsp; i Kazimierzem<\/h4>\n<h4>&nbsp;&nbsp;&nbsp;&nbsp;&nbsp;&nbsp;&nbsp;&nbsp;&nbsp;&nbsp;&nbsp;&nbsp;&nbsp;&nbsp;&nbsp;&nbsp;&nbsp;&nbsp;&nbsp;&nbsp;&nbsp;&nbsp;&nbsp; &#8211; +Franciszka i J\u00f3zef\u0119 Byrskich<\/h4>\n<h4>&nbsp;&nbsp; godz.11.oo &#8211; +Karola Halin\u0119 \u0141ysin<\/h4>\n<h4>&nbsp;&nbsp;&nbsp;&nbsp;&nbsp;&nbsp;&nbsp;&nbsp;&nbsp;&nbsp;&nbsp;&nbsp;&nbsp;&nbsp;&nbsp;&nbsp;&nbsp;&nbsp;&nbsp;&nbsp;&nbsp;&nbsp;&nbsp;&nbsp; &#8211; +Aleksandra Karkoszk\u0119 z te\u015bciami<\/h4>\n<h4>&nbsp;&nbsp; godz.15.oo &#8211; +Kazimierza Ku\u017ama z synem Andrzejem<\/h4>\n<h4>&nbsp;&nbsp;&nbsp;&nbsp;&nbsp;&nbsp;&nbsp;&nbsp;&nbsp;&nbsp;&nbsp;&nbsp;&nbsp;&nbsp;&nbsp;&nbsp;&nbsp;&nbsp;&nbsp;&nbsp;&nbsp;&nbsp;&nbsp;&nbsp; &#8211; +Boles\u0142awa Ku\u017am\u0119 z \u017con\u0105 Alojz\u0105 c\u00f3rk\u0105 Wiktori\u0105<\/h4>\n<h4>&nbsp;&nbsp;<\/h4>\n","protected":false},"excerpt":{"rendered":"<p>X X X&nbsp;&nbsp;&nbsp; N I E D Z I E L A&nbsp;&nbsp;&nbsp; Z W Y K \u0141 A&nbsp; (24.1o.2021r.) Czwartek <a class=\"read-more\" href=\"http:\/\/roczyny.duszpasterstwa.bielsko.pl\/?p=2415\">czytaj dalej<\/a><\/p>\n","protected":false},"author":2,"featured_media":2416,"comment_status":"closed","ping_status":"open","sticky":false,"template":"","format":"standard","meta":{"ngg_post_thumbnail":0,"footnotes":""},"categories":[15,12],"tags":[],"class_list":["post-2415","post","type-post","status-publish","format-standard","has-post-thumbnail","hentry","category-aktualnosci","category-ogloszenia-parafialne","post-item clearfix"],"_links":{"self":[{"href":"http:\/\/roczyny.duszpasterstwa.bielsko.pl\/index.php?rest_route=\/wp\/v2\/posts\/2415"}],"collection":[{"href":"http:\/\/roczyny.duszpasterstwa.bielsko.pl\/index.php?rest_route=\/wp\/v2\/posts"}],"about":[{"href":"http:\/\/roczyny.duszpasterstwa.bielsko.pl\/index.php?rest_route=\/wp\/v2\/types\/post"}],"author":[{"embeddable":true,"href":"http:\/\/roczyny.duszpasterstwa.bielsko.pl\/index.php?rest_route=\/wp\/v2\/users\/2"}],"replies":[{"embeddable":true,"href":"http:\/\/roczyny.duszpasterstwa.bielsko.pl\/index.php?rest_route=%2Fwp%2Fv2%2Fcomments&post=2415"}],"version-history":[{"count":1,"href":"http:\/\/roczyny.duszpasterstwa.bielsko.pl\/index.php?rest_route=\/wp\/v2\/posts\/2415\/revisions"}],"predecessor-version":[{"id":2417,"href":"http:\/\/roczyny.duszpasterstwa.bielsko.pl\/index.php?rest_route=\/wp\/v2\/posts\/2415\/revisions\/2417"}],"wp:featuredmedia":[{"embeddable":true,"href":"http:\/\/roczyny.duszpasterstwa.bielsko.pl\/index.php?rest_route=\/wp\/v2\/media\/2416"}],"wp:attachment":[{"href":"http:\/\/roczyny.duszpasterstwa.bielsko.pl\/index.php?rest_route=%2Fwp%2Fv2%2Fmedia&parent=2415"}],"wp:term":[{"taxonomy":"category","embeddable":true,"href":"http:\/\/roczyny.duszpasterstwa.bielsko.pl\/index.php?rest_route=%2Fwp%2Fv2%2Fcategories&post=2415"},{"taxonomy":"post_tag","embeddable":true,"href":"http:\/\/roczyny.duszpasterstwa.bielsko.pl\/index.php?rest_route=%2Fwp%2Fv2%2Ftags&post=2415"}],"curies":[{"name":"wp","href":"https:\/\/api.w.org\/{rel}","templated":true}]}}