{"id":2321,"date":"2021-10-16T09:09:22","date_gmt":"2021-10-16T07:09:22","guid":{"rendered":"http:\/\/roczyny.duszpasterstwa.bielsko.pl\/?p=2321"},"modified":"2021-10-18T20:04:10","modified_gmt":"2021-10-18T18:04:10","slug":"ogloszenia-i-intenvkje-xxix-niedziela-zwykla","status":"publish","type":"post","link":"http:\/\/roczyny.duszpasterstwa.bielsko.pl\/?p=2321","title":{"rendered":"OG\u0141OSZENIA I INTENCJE &#8211; XXIX NIEDZIELA ZWYK\u0141A"},"content":{"rendered":"<h4><strong><u>X X I X&nbsp;&nbsp; N I E D Z I E L A&nbsp;&nbsp; Z W Y K \u0141 A<\/u><\/strong>&nbsp; (17.1o.2021r.)<\/h4>\n<h4>&nbsp;<\/h4>\n<h4>Poniedzia\u0142ek \u2013 \u015bwi\u0119to \u015bw. \u0141ukasza<\/h4>\n<h4>\u015aroda&nbsp;&nbsp;&nbsp;&nbsp;&nbsp;&nbsp;&nbsp;&nbsp;&nbsp;&nbsp;&nbsp;&nbsp;&nbsp;&nbsp; &#8211;&nbsp; wsp. \u015bw. Jana Kantego, kap\u0142. patrona naszej diecezji<\/h4>\n<h4>Pi\u0105tek&nbsp;&nbsp;&nbsp;&nbsp;&nbsp;&nbsp;&nbsp;&nbsp;&nbsp;&nbsp;&nbsp;&nbsp;&nbsp; &#8211; wsp. \u015bw. Jana Paw\u0142a II papie\u017ca<\/h4>\n<h4>Sobota&nbsp;&nbsp;&nbsp;&nbsp;&nbsp;&nbsp;&nbsp;&nbsp;&nbsp;&nbsp;&nbsp;&nbsp; &#8211; wsp. \u015bw. J\u00f3zefa Bilczewskiego, bp.<\/h4>\n<h4>Za tydzie\u0144 przypada przedostatnia niedziela pa\u017adziernika, obchodzona w Ko\u015bciele jako \u015awiatowy Dzie\u0144 Misyjny, kt\u00f3ry rozpoczyna Tydzie\u0144 Misyjny.<\/h4>\n<h4>W przedsionku ko\u015bcio\u0142a s\u0105 kartki wypominkowe. Wpisuj\u0105c na nie dusze wypominane nale\u017cy zaznaczy\u0107 czy s\u0105 to wypominki roczne czy jednorazowe. Za dusze wypominane modlimy si\u0119 w I-wsze czwartki miesi\u0105ca ofiaruj\u0105c za nie Msz\u0119 \u015bw. W II-gie czwartki miesi\u0105ca modlimy si\u0119 za zmar\u0142ych z okresu rocznego naszej parafii.<\/h4>\n<h4>W najbli\u017csz\u0105 \u015brod\u0119 20 pa\u017adziernika zapraszamy <strong>m\u0142odzie\u017c klas VIII na kolejne spotkanie przygotowuj\u0105ce do sakramentu bierzmowania<\/strong>. Rozpoczniemy je msz\u0105 \u015bw. o godz. 17.00 oraz nabo\u017ce\u0144stwem r\u00f3\u017ca\u0144cowym.<\/h4>\n<h4>Zbli\u017ca si\u0119 Uroczysto\u015b\u0107 Wszystkich \u015awi\u0119tych. Szkolne Ko\u0142o Caritas, Ministranci i wolontariusze klas VIII b\u0119d\u0105 prowadzili <strong>stoisko sprzeda\u017cy zniczy<\/strong>. W <strong>niedziel\u0119 24 pa\u017adziernika przy ko\u015bciele a 30,31 i 1 listopada na cmentarzu. <\/strong>Zarobione pieni\u0105dze zostan\u0105 przeznaczone na potrzeby charytatywne oraz wsp\u00f3lnot naszej parafii.<\/h4>\n<h4>&nbsp;<\/h4>\n<h4><strong><em>I N T E N C J E&nbsp;&nbsp; M S Z Y&nbsp;&nbsp; \u015a W.<\/em><\/strong><\/h4>\n<h4>Poniedzia\u0142ek(18)<\/h4>\n<h4>&nbsp;&nbsp; godz.6.3o&nbsp;&nbsp; &#8211; +Mariana Karcz<\/h4>\n<h4>&nbsp;&nbsp; godz.17.oo &#8211; +Stefana Jo\u0144czy 10 r. \u015bm. z \u017con\u0105 Mari\u0105<\/h4>\n<h4>Wtorek(19)<\/h4>\n<h4>&nbsp;&nbsp; godz.6.3o&nbsp;&nbsp; &#8211; +W\u0142adys\u0142aw\u0119 Cholewka w 30-ty dzie\u0144 po \u015bmierci<\/h4>\n<h4>&nbsp;&nbsp; godz.17.oo &#8211; +Stanis\u0142aw\u0119 Piwowarsk\u0105 z m\u0119\u017cem Marianem 21 r. \u015bm. od syna<\/h4>\n<h4>\u015aroda(20)<\/h4>\n<h4>&nbsp;&nbsp; godz.6.3o&nbsp;&nbsp; &#8211; O b\u0142. Bo\u017ce i potrzebne \u0142aski dla Joanny i Krzysztofa w 3 r. \u015bm.<\/h4>\n<h4>&nbsp;&nbsp; godz.17.oo &#8211; +Jana Maciuszek 4 r. \u015bm. od \u017cony i dzieci<\/h4>\n<h4>Czwartek(21)<\/h4>\n<h4>&nbsp;&nbsp; godz.6.3o&nbsp;&nbsp; &#8211; +Jana Wojewodzic z rodzicami J\u00f3zefem i Mari\u0105<\/h4>\n<h4>&nbsp;&nbsp; godz.17.oo &#8211; +Grzegorza Bizo\u0144 od przyjaci\u00f3\u0142<\/h4>\n<h4>Pi\u0105tek(22)<\/h4>\n<h4>&nbsp;&nbsp; godz.6.3o&nbsp;&nbsp; &#8211; +Sylwestra Stachur\u0119 w 30-ty dzie\u0144 po \u015bmierci<\/h4>\n<h4>&nbsp;&nbsp; godz.17.oo \u2013 O zdrowie i b\u0142. Bo\u017ce w rodzinie Jaros\u0142awa i Eleonory<\/h4>\n<h4>Sobota(23)<\/h4>\n<h4>&nbsp;&nbsp; godz.6.3o&nbsp;&nbsp; &#8211; +Teres\u0119 Maci\u0105ga<\/h4>\n<h4>&nbsp;&nbsp; godz.17.oo \u2013 O b\u0142. Bo\u017ce i potrzebne \u0142aski dla Marii i Miros\u0142awa w 25 r. \u015blubu<\/h4>\n<h4>Niedziela(24)<\/h4>\n<h4>&nbsp;&nbsp; godz.7.oo&nbsp;&nbsp; &#8211; +Iwon\u0119 Kurzyniec 9 r. \u015bm.<\/h4>\n<h4>&nbsp;&nbsp;&nbsp;&nbsp;&nbsp;&nbsp;&nbsp;&nbsp;&nbsp;&nbsp;&nbsp;&nbsp;&nbsp;&nbsp;&nbsp;&nbsp;&nbsp;&nbsp;&nbsp;&nbsp;&nbsp;&nbsp; &#8211; +Stanis\u0142awa Kami\u0144skiego<\/h4>\n<h4>&nbsp;&nbsp; godz.9.oo&nbsp;&nbsp; &#8211; W int. Anny w 10-t\u0105 r. urodzin<\/h4>\n<h4>&nbsp;&nbsp;&nbsp;&nbsp;&nbsp;&nbsp;&nbsp;&nbsp;&nbsp;&nbsp;&nbsp;&nbsp;&nbsp;&nbsp;&nbsp;&nbsp;&nbsp;&nbsp;&nbsp;&nbsp;&nbsp;&nbsp; &#8211; +W\u0142adys\u0142aw\u0119 Cholewka<\/h4>\n<h4>&nbsp;&nbsp; godz.11.oo &#8211; +Edwarda Burego 1 r. \u015bm<\/h4>\n<h4>&nbsp;&nbsp;&nbsp;&nbsp;&nbsp;&nbsp;&nbsp;&nbsp;&nbsp;&nbsp;&nbsp;&nbsp;&nbsp;&nbsp;&nbsp;&nbsp;&nbsp;&nbsp;&nbsp;&nbsp;&nbsp;&nbsp; &#8211; +Romana Rajd\u0119 od najbli\u017cszych<\/h4>\n<h4>&nbsp;&nbsp; godz.15.oo &#8211; +Jana J\u00f3zef\u0119 Walczak, zi\u0119cia Kazimierza Smyrak<\/h4>\n<h4>&nbsp;&nbsp;&nbsp;&nbsp;&nbsp;&nbsp;&nbsp;&nbsp;&nbsp;&nbsp;&nbsp;&nbsp;&nbsp;&nbsp;&nbsp;&nbsp;&nbsp;&nbsp;&nbsp;&nbsp;&nbsp;&nbsp; &#8211; W int. Barbary i Andrzeja w 70-t\u0105 r. urodzin dzi\u0119kczynna z pro\u015bb\u0105<\/h4>\n<h4>&nbsp;&nbsp;&nbsp;&nbsp;&nbsp;&nbsp;&nbsp;&nbsp;&nbsp;&nbsp;&nbsp;&nbsp;&nbsp;&nbsp;&nbsp;&nbsp;&nbsp;&nbsp;&nbsp;&nbsp;&nbsp;&nbsp;&nbsp;&nbsp;&nbsp; o b\u0142. Bo\u017ce dla ca\u0142ej rodziny.<\/h4>\n<h4>&nbsp;<\/h4>\n","protected":false},"excerpt":{"rendered":"<p>X X I X&nbsp;&nbsp; N I E D Z I E L A&nbsp;&nbsp; Z W Y K \u0141 A&nbsp; (17.1o.2021r.) <a class=\"read-more\" href=\"http:\/\/roczyny.duszpasterstwa.bielsko.pl\/?p=2321\">czytaj dalej<\/a><\/p>\n","protected":false},"author":2,"featured_media":2325,"comment_status":"closed","ping_status":"open","sticky":false,"template":"","format":"standard","meta":{"ngg_post_thumbnail":0,"footnotes":""},"categories":[15,12],"tags":[],"class_list":["post-2321","post","type-post","status-publish","format-standard","has-post-thumbnail","hentry","category-aktualnosci","category-ogloszenia-parafialne","post-item clearfix"],"_links":{"self":[{"href":"http:\/\/roczyny.duszpasterstwa.bielsko.pl\/index.php?rest_route=\/wp\/v2\/posts\/2321"}],"collection":[{"href":"http:\/\/roczyny.duszpasterstwa.bielsko.pl\/index.php?rest_route=\/wp\/v2\/posts"}],"about":[{"href":"http:\/\/roczyny.duszpasterstwa.bielsko.pl\/index.php?rest_route=\/wp\/v2\/types\/post"}],"author":[{"embeddable":true,"href":"http:\/\/roczyny.duszpasterstwa.bielsko.pl\/index.php?rest_route=\/wp\/v2\/users\/2"}],"replies":[{"embeddable":true,"href":"http:\/\/roczyny.duszpasterstwa.bielsko.pl\/index.php?rest_route=%2Fwp%2Fv2%2Fcomments&post=2321"}],"version-history":[{"count":2,"href":"http:\/\/roczyny.duszpasterstwa.bielsko.pl\/index.php?rest_route=\/wp\/v2\/posts\/2321\/revisions"}],"predecessor-version":[{"id":2367,"href":"http:\/\/roczyny.duszpasterstwa.bielsko.pl\/index.php?rest_route=\/wp\/v2\/posts\/2321\/revisions\/2367"}],"wp:featuredmedia":[{"embeddable":true,"href":"http:\/\/roczyny.duszpasterstwa.bielsko.pl\/index.php?rest_route=\/wp\/v2\/media\/2325"}],"wp:attachment":[{"href":"http:\/\/roczyny.duszpasterstwa.bielsko.pl\/index.php?rest_route=%2Fwp%2Fv2%2Fmedia&parent=2321"}],"wp:term":[{"taxonomy":"category","embeddable":true,"href":"http:\/\/roczyny.duszpasterstwa.bielsko.pl\/index.php?rest_route=%2Fwp%2Fv2%2Fcategories&post=2321"},{"taxonomy":"post_tag","embeddable":true,"href":"http:\/\/roczyny.duszpasterstwa.bielsko.pl\/index.php?rest_route=%2Fwp%2Fv2%2Ftags&post=2321"}],"curies":[{"name":"wp","href":"https:\/\/api.w.org\/{rel}","templated":true}]}}