{"id":21816,"date":"2026-04-23T13:08:31","date_gmt":"2026-04-23T11:08:31","guid":{"rendered":"http:\/\/roczyny.duszpasterstwa.bielsko.pl\/?p=21816"},"modified":"2026-04-23T13:08:32","modified_gmt":"2026-04-23T11:08:32","slug":"ogloszenia-parafialne-iv-niedziela-wielkanocna-3","status":"publish","type":"post","link":"http:\/\/roczyny.duszpasterstwa.bielsko.pl\/?p=21816","title":{"rendered":"OG\u0141OSZENIA PARAFIALNE &#8211; IV NIeDZIELA WIELKANOCNA&#8230;"},"content":{"rendered":"\n<p><strong><u>I V N I E D Z I E L A&nbsp;&nbsp;&nbsp;&nbsp;W I E L K A N O C N A<\/u><\/strong>&nbsp;(26.o4.2026r.)<\/p>\n\n\n\n<p>\u015aroda \u2013 \u015bwi\u0119to \u015bw. Katarzyny Sienejskiej, dz. i dK , patronki Europy<\/p>\n\n\n\n<p>Pi\u0105tek \u2013 1 maja wsp. \u015bw. J\u00f3zefa rzemie\u015blnika. Modlimy si\u0119 o b\u0142ogos\u0142awie\u0144stwo dla ka\u017cdej ludzkiej pracy, pami\u0119tamy tak\u017ce o tych, kt\u00f3rzy zostali pracy pozbawieni. Jest to zarazem pierwszy pi\u0105tek miesi\u0105ca, kiedy oddajemy cze\u015b\u0107 Naj\u015bw. Sercu Pana Jezusa. Na ten dzie\u0144 Biskup Bielsko \u2013\u017bywiecki udziela dyspensy wobec obowi\u0105zku wstrzemi\u0119\u017aliwo\u015bci od pokarm\u00f3w mi\u0119snych. Rozpoczynamy maryjne nabo\u017ce\u0144stwa majowe.<\/p>\n\n\n\n<p><strong>W sobot\u0119 2 maja \u2013 uroczysto\u015b\u0107 NMP Kr\u00f3lowej Polski. Na pro\u015bb\u0119 Episkopatu Polski w roku 2026 uroczysto\u015b\u0107 NMP Kr\u00f3lowej<\/strong>&nbsp;Polski z biega si\u0119 z dniem 5 niedzieli wielkanocnej dlatego ta uroczysto\u015b\u0107 zosta\u0142a przeniesiona na 2 maja.<\/p>\n\n\n\n<p>Wsp. \u015bw. Atanazego , bp. i Dk&nbsp;&nbsp;zostaje przeniesiona z dnia 2 maja na dzie\u0144 4 maja i jednocze\u015bnie ze wspomnieniem \u015bw. Floriana m.<\/p>\n\n\n\n<p>W czwartek 30 kwietnia z bazyliki Matki Bo\u017cej Bolesnej w Ha\u0142cnowie wyrusza piesza pielgrzymka do sanktuarium Bo\u017cego Mi\u0142osierdzia. Zako\u0144czenie pielgrzymki w niedziel\u0119 3 maja<\/p>\n\n\n\n<p><strong>W przysz\u0142\u0105 niedziel\u0119 w naszej parafii<\/strong>&nbsp;&nbsp;&nbsp;uroczysto\u015b\u0107 I-wszej komunii dla uczni\u00f3w kl. III&nbsp;&nbsp;o godz. 12. 3o<\/p>\n\n\n\n<p>Spowied\u017a \u015bw. dla uczni\u00f3w kl. III w pi\u0105tek 1 maja<\/p>\n\n\n\n<p>O godz.9.oo \u2013 kl. III A<\/p>\n\n\n\n<p>O godz.9.3o \u2013 kl. III B&nbsp;<\/p>\n\n\n\n<p><strong><em>I N T E N C J E&nbsp;&nbsp;&nbsp;&nbsp;M S Z Y&nbsp;&nbsp;&nbsp;\u015a W.<\/em><\/strong><\/p>\n\n\n\n<p>Poniedzia\u0142ek (27)<\/p>\n\n\n\n<p>&nbsp;&nbsp;&nbsp;godz.6.3o&nbsp;&nbsp;&nbsp;&#8211; +W\u0142adys\u0142aw Tomiak r. \u015bm.<\/p>\n\n\n\n<p>&nbsp;&nbsp;&nbsp;godz.18.oo&nbsp;&#8211; +Mari\u0119 Wykr\u0119t<\/p>\n\n\n\n<p>Wtorek(28)<\/p>\n\n\n\n<p>&nbsp;&nbsp;&nbsp;godz.6.3o&nbsp;&nbsp;&nbsp;&nbsp;&#8211; +Janin\u0119 Stuglik<\/p>\n\n\n\n<p>&nbsp;&nbsp;&nbsp;godz.18.oo&nbsp;&#8211; +J\u00f3zef\u0119 Tomiak<\/p>\n\n\n\n<p>\u015aroda(29)<\/p>\n\n\n\n<p>&nbsp;&nbsp;&nbsp;godz.6.3o&nbsp;&nbsp;&nbsp;&#8211; +Mari\u0119 Jo\u0144czy<\/p>\n\n\n\n<p>&nbsp;&nbsp;&nbsp;godz.18.oo&nbsp;&#8211; +Mari\u0119 M\u0142odzik z m\u0119\u017cem Stanis\u0142awem c\u00f3rk\u0105 Alicj\u0105<\/p>\n\n\n\n<p>Czwartek(30)<\/p>\n\n\n\n<p>&nbsp;&nbsp;&nbsp;godz.6.3o&nbsp;&nbsp;&nbsp;&#8211; +Ann\u0119 Kierczak<\/p>\n\n\n\n<p>&nbsp;&nbsp;&nbsp;godz.18.oo&nbsp;&#8211; +Ann\u0119 Bia\u0142eck\u0105 r. \u015bm.<\/p>\n\n\n\n<p>Pi\u0105tek(1)<\/p>\n\n\n\n<p>&nbsp;&nbsp;&nbsp;godz.6.3o&nbsp;&nbsp;&nbsp;&#8211; +Rozali\u0119 Ku\u017ama z m\u0119\u017cem Janem i rodzicami Janem Mari\u0105 Prus<\/p>\n\n\n\n<p>&nbsp;&nbsp;&nbsp;godz.18.oo&nbsp;\u2013 W int. Ojczyzny i Ojc\u00f3w Konstytucji 3 maja oraz absolwent\u00f3w<\/p>\n\n\n\n<p>&nbsp;&nbsp;&nbsp;&nbsp;&nbsp;&nbsp;&nbsp;&nbsp;&nbsp;&nbsp;&nbsp;&nbsp;&nbsp;&nbsp;&nbsp;&nbsp;&nbsp;&nbsp;&nbsp;&nbsp;&nbsp;&nbsp;&nbsp;&nbsp;&nbsp;&nbsp;&nbsp;&nbsp;szko\u0142y podstawowej w Roczynach z okazji uko\u0144czenia szko\u0142y<\/p>\n\n\n\n<p>&nbsp;&nbsp;&nbsp;&nbsp;&nbsp;&nbsp;&nbsp;&nbsp;&nbsp;&nbsp;&nbsp;&nbsp;&nbsp;&nbsp;&nbsp;&nbsp;&nbsp;&nbsp;&nbsp;&nbsp;&nbsp;&nbsp;&nbsp;&nbsp;&nbsp;&nbsp;&nbsp;&nbsp;w 50-t\u0105 r.<\/p>\n\n\n\n<p>Sobota(2)<\/p>\n\n\n\n<p>&nbsp;&nbsp;&nbsp;godz.7.oo&nbsp;&nbsp;&nbsp;&#8211; +Jerzego Krystyniak 3 r. \u015bm.<\/p>\n\n\n\n<p>&nbsp;&nbsp;&nbsp;godz.9.oo&nbsp;&nbsp;&nbsp;&#8211; +W\u0142adys\u0142awa Og\u00f3rek<\/p>\n\n\n\n<p>&nbsp;&nbsp;&nbsp;&nbsp;&nbsp;&nbsp;&nbsp;&nbsp;&nbsp;&nbsp;&nbsp;&nbsp;&nbsp;&nbsp;&nbsp;&nbsp;&nbsp;&nbsp;&nbsp;&nbsp;&nbsp;&nbsp;&nbsp;&nbsp;&#8211; +Janin\u0119 Jana Orkisz syna Franciszka wnuka Marcina<\/p>\n\n\n\n<p>&nbsp;&nbsp;&nbsp;godz.11.oo&nbsp;&#8211; +W\u0142adys\u0142awa Hatal\u0119<\/p>\n\n\n\n<p>&nbsp;&nbsp;&nbsp;&nbsp;&nbsp;&nbsp;&nbsp;&nbsp;&nbsp;&nbsp;&nbsp;&nbsp;&nbsp;&nbsp;&nbsp;&nbsp;&nbsp;&nbsp;&nbsp;&nbsp;&nbsp;&nbsp;&nbsp;&nbsp;&#8211; +Stanis\u0142aw Helena Bizo\u0144<\/p>\n\n\n\n<p>&nbsp;&nbsp;&nbsp;godz.15.oo&nbsp;\u2013 W int. Antoniego i Amelii w \u015bwi\u0119to Ducha \u015bw. na czas egzamin\u00f3w<\/p>\n\n\n\n<p>&nbsp;&nbsp;&nbsp;&nbsp;&nbsp;&nbsp;&nbsp;&nbsp;&nbsp;&nbsp;&nbsp;&nbsp;&nbsp;&nbsp;&nbsp;&nbsp;&nbsp;&nbsp;&nbsp;&nbsp;&nbsp;&nbsp;&nbsp;&nbsp;&nbsp;&#8211; +Kazimierza Sordyl J\u00f3zefa syna od c\u00f3rki Lucyny<\/p>\n\n\n\n<p>Niedziela(3)<\/p>\n\n\n\n<p>&nbsp;&nbsp;&nbsp;godz.7.oo&nbsp;&nbsp;&nbsp;&#8211; W int. Ojczyzny z R\u00f3\u017cy \u015bw. siostry Faustyny<\/p>\n\n\n\n<p>&nbsp;&nbsp;&nbsp;&nbsp;&nbsp;&nbsp;&nbsp;&nbsp;&nbsp;&nbsp;&nbsp;&nbsp;&nbsp;&nbsp;&nbsp;&nbsp;&nbsp;&nbsp;&nbsp;&nbsp;&nbsp;&nbsp;&nbsp;&nbsp;&#8211; +Antonin\u0119 Stanis\u0142awa Piesko<\/p>\n\n\n\n<p>&nbsp;&nbsp;&nbsp;godz.9.oo&nbsp;&nbsp;&nbsp;&#8211; +Tadeusza Stanek r. \u015bm. z \u017con\u0105 Ann\u0105<\/p>\n\n\n\n<p>&nbsp;&nbsp;&nbsp;&nbsp;&nbsp;&nbsp;&nbsp;&nbsp;&nbsp;&nbsp;&nbsp;&nbsp;&nbsp;&nbsp;&nbsp;&nbsp;&nbsp;&nbsp;&nbsp;&nbsp;&nbsp;&nbsp;&nbsp;&nbsp;&#8211; +Andrzeja Kierpiec 2 r. \u015bm. od \u017cony z dzie\u0107mi<\/p>\n\n\n\n<p>&nbsp;&nbsp;&nbsp;godz.11.oo &#8211; +Janin\u0119 Kierpiec z m\u0119\u017cem<\/p>\n\n\n\n<p>&nbsp;&nbsp;&nbsp;&nbsp;&nbsp;&nbsp;&nbsp;&nbsp;&nbsp;&nbsp;&nbsp;&nbsp;&nbsp;&nbsp;&nbsp;&nbsp;&nbsp;&nbsp;&nbsp;&nbsp;&nbsp;&nbsp;&nbsp;&nbsp;&nbsp;&#8211; + Anastazj\u0119 Sordyl<\/p>\n\n\n\n<p>&nbsp;&nbsp;&nbsp;godz.12.3o&nbsp;&nbsp;&#8211; w int. uczni\u00f3w kl. III przyjmuj\u0105cych I-wsz\u0105 Komuni\u0119 \u015bw.<\/p>\n\n\n\n<p>&nbsp;&nbsp;&nbsp;godz.15.oo &#8211; +Zdzis\u0142awa Byrskiego r. \u015bm.<\/p>\n\n\n\n<p>&nbsp;&nbsp;&nbsp;&nbsp;&nbsp;&nbsp;&nbsp;&nbsp;&nbsp;&nbsp;&nbsp;&nbsp;&nbsp;&nbsp;&nbsp;&nbsp;&nbsp;&nbsp;&nbsp;&nbsp;&nbsp;&nbsp;&nbsp;&nbsp;&#8211; +Antoniego Ma\u0142eckiego 2 r. \u015bm.<\/p>\n","protected":false},"excerpt":{"rendered":"<p>I V N I E D Z I E L A&nbsp;&nbsp;&nbsp;&nbsp;W I E L K A N O C N <a class=\"read-more\" href=\"http:\/\/roczyny.duszpasterstwa.bielsko.pl\/?p=21816\">czytaj dalej<\/a><\/p>\n","protected":false},"author":2,"featured_media":21785,"comment_status":"closed","ping_status":"open","sticky":false,"template":"","format":"standard","meta":{"ngg_post_thumbnail":0,"footnotes":""},"categories":[1],"tags":[],"class_list":["post-21816","post","type-post","status-publish","format-standard","has-post-thumbnail","hentry","category-uncategorized","post-item clearfix"],"_links":{"self":[{"href":"http:\/\/roczyny.duszpasterstwa.bielsko.pl\/index.php?rest_route=\/wp\/v2\/posts\/21816"}],"collection":[{"href":"http:\/\/roczyny.duszpasterstwa.bielsko.pl\/index.php?rest_route=\/wp\/v2\/posts"}],"about":[{"href":"http:\/\/roczyny.duszpasterstwa.bielsko.pl\/index.php?rest_route=\/wp\/v2\/types\/post"}],"author":[{"embeddable":true,"href":"http:\/\/roczyny.duszpasterstwa.bielsko.pl\/index.php?rest_route=\/wp\/v2\/users\/2"}],"replies":[{"embeddable":true,"href":"http:\/\/roczyny.duszpasterstwa.bielsko.pl\/index.php?rest_route=%2Fwp%2Fv2%2Fcomments&post=21816"}],"version-history":[{"count":1,"href":"http:\/\/roczyny.duszpasterstwa.bielsko.pl\/index.php?rest_route=\/wp\/v2\/posts\/21816\/revisions"}],"predecessor-version":[{"id":21817,"href":"http:\/\/roczyny.duszpasterstwa.bielsko.pl\/index.php?rest_route=\/wp\/v2\/posts\/21816\/revisions\/21817"}],"wp:featuredmedia":[{"embeddable":true,"href":"http:\/\/roczyny.duszpasterstwa.bielsko.pl\/index.php?rest_route=\/wp\/v2\/media\/21785"}],"wp:attachment":[{"href":"http:\/\/roczyny.duszpasterstwa.bielsko.pl\/index.php?rest_route=%2Fwp%2Fv2%2Fmedia&parent=21816"}],"wp:term":[{"taxonomy":"category","embeddable":true,"href":"http:\/\/roczyny.duszpasterstwa.bielsko.pl\/index.php?rest_route=%2Fwp%2Fv2%2Fcategories&post=21816"},{"taxonomy":"post_tag","embeddable":true,"href":"http:\/\/roczyny.duszpasterstwa.bielsko.pl\/index.php?rest_route=%2Fwp%2Fv2%2Ftags&post=21816"}],"curies":[{"name":"wp","href":"https:\/\/api.w.org\/{rel}","templated":true}]}}