{"id":21814,"date":"2026-04-18T11:46:00","date_gmt":"2026-04-18T09:46:00","guid":{"rendered":"http:\/\/roczyny.duszpasterstwa.bielsko.pl\/?p=21814"},"modified":"2026-04-18T11:46:00","modified_gmt":"2026-04-18T09:46:00","slug":"ogloszenia-parafialne-iii-niedziela-wielkanocna-3","status":"publish","type":"post","link":"http:\/\/roczyny.duszpasterstwa.bielsko.pl\/?p=21814","title":{"rendered":"OG\u0141OSZENIA PARAFIALNE &#8211; III NIEDZIELA WIELKANOCNA&#8230;"},"content":{"rendered":"\n<p><strong><u>I I I&nbsp;&nbsp;&nbsp;N I E D Z I E L A&nbsp;&nbsp;&nbsp;W I E L K A N O C N A<\/u><\/strong>&nbsp;&nbsp;(19.o4.2026r.)<\/p>\n\n\n\n<p>Czwartek 23 kwietnia \u2013 Uroczysto\u015b\u0107 \u015bw. Wojciecha, bp. i m. \u2013 g\u0142\u00f3wnego patrona Polski.<\/p>\n\n\n\n<p>Sobota \u2013 25 kwietnia \u015bwi\u0119to \u015bw. Marka ewangelisty<\/p>\n\n\n\n<p>Wyjazd&nbsp;<strong>Pielgrzym\u00f3w do Sanktuari\u00f3w Wschodniej Polski<\/strong>&nbsp;w najbli\u017cszy pi\u0105tek. Zbi\u00f3rka na parkingu przy ko\u015bciele o 6.45. Zosta\u0142o jeszcze jedno miejsce. Zapraszamy.<\/p>\n\n\n\n<p><strong><em>I N T E N C J E&nbsp;&nbsp;&nbsp;&nbsp;M S Z Y&nbsp;&nbsp;&nbsp;\u015a W.<\/em><\/strong><strong><\/strong><\/p>\n\n\n\n<p>Poniedzia\u0142ek(20)<\/p>\n\n\n\n<p>&nbsp;&nbsp;&nbsp;godz.6.3o&nbsp;&nbsp;&nbsp;&#8211; +Jan Fimber z rodzicami<\/p>\n\n\n\n<p>&nbsp;&nbsp;&nbsp;godz.18.oo&nbsp;\u2013 +Stanis\u0142aw Weronika Zieli\u0144ska<\/p>\n\n\n\n<p>Wtorek(21)<\/p>\n\n\n\n<p>&nbsp;&nbsp;&nbsp;godz.6.3o&nbsp;&nbsp;&nbsp;&#8211; ++Stanis\u0142aw Zaremba w 30-ty dzie\u0144 po \u015bmierci<\/p>\n\n\n\n<p>&nbsp;&nbsp;&nbsp;godz.18.oo&nbsp;\u2013 W int. Aleksandry 9 r. urodzin i w int. Joanny 50-ta r. urodzin<\/p>\n\n\n\n<p>\u015aroda(22)<\/p>\n\n\n\n<p>&nbsp;&nbsp;&nbsp;godz.6.3o&nbsp;&nbsp;&nbsp;&#8211; +Andrzej Bogacz w 30-ty dzie\u0144 po \u015bmierci<\/p>\n\n\n\n<p>&nbsp;&nbsp;&nbsp;godz.18.oo&nbsp;\u2013 +Iren\u0119 i Wojciecha Paluch z synem i synow\u0105<\/p>\n\n\n\n<p>Czwartek(23)&nbsp;<\/p>\n\n\n\n<p>&nbsp;&nbsp;&nbsp;godz.6.3o&nbsp;&nbsp;&nbsp;&#8211; +Hieronima Ku\u017am\u0119<\/p>\n\n\n\n<p>&nbsp;&nbsp;&nbsp;godz.18.oo&nbsp;\u2013 +Joann\u0119 \u017bydek 32 r. \u015bm. z m\u0119\u017cem W\u0142adys\u0142awem c\u00f3rk\u0105 Urszul\u0105<\/p>\n\n\n\n<p>&nbsp;&nbsp;&nbsp;&nbsp;&nbsp;&nbsp;&nbsp;&nbsp;&nbsp;&nbsp;&nbsp;&nbsp;&nbsp;&nbsp;&nbsp;&nbsp;&nbsp;&nbsp;&nbsp;&nbsp;&nbsp;&nbsp;&nbsp;&nbsp;&nbsp;&nbsp;&nbsp;&nbsp;synem W\u0142adys\u0142awem<\/p>\n\n\n\n<p>Pi\u0105tek(24)<\/p>\n\n\n\n<p>&nbsp;&nbsp;&nbsp;godz.6.3o&nbsp;&nbsp;&nbsp;&#8211; +Ann\u0119 J\u00f3zefa So\u0142tysek z c\u00f3rk\u0105 i zienciem<\/p>\n\n\n\n<p>&nbsp;&nbsp;&nbsp;godz.18.oo&nbsp;\u2013 +Leona B\u0105czka<\/p>\n\n\n\n<p>Sobota(25)<\/p>\n\n\n\n<p>&nbsp;&nbsp;&nbsp;godz.6.3o&nbsp;&nbsp;&nbsp;&#8211; +Rudolfa Kramarczyk<\/p>\n\n\n\n<p>&nbsp;&nbsp;&nbsp;godz.18.oo&nbsp;\u2013 +Jerzego z \u017con\u0105 Jadwig\u0105 i te\u015bciami<\/p>\n\n\n\n<p>Niedziela(26)&nbsp;<\/p>\n\n\n\n<p>&nbsp;&nbsp;&nbsp;godz.7.oo&nbsp;&nbsp;&nbsp;&#8211; +Stanis\u0142awa Helen\u0119 Rajda z ks. Janem&nbsp;<\/p>\n\n\n\n<p>&nbsp;&nbsp;&nbsp;godz.9.oo&nbsp;&nbsp;&nbsp;&#8211; +J\u00f3zefa Zi\u0119ba 10 r. \u015bm. z rodzicami, \u017con\u0105 synem synowymi<\/p>\n\n\n\n<p>&nbsp;&nbsp;&nbsp;&nbsp;&nbsp;&nbsp;&nbsp;&nbsp;&nbsp;&nbsp;&nbsp;&nbsp;&nbsp;&nbsp;&nbsp;&nbsp;&nbsp;&nbsp;&nbsp;&nbsp;&nbsp;&nbsp;&nbsp;&nbsp;&nbsp;&nbsp;&nbsp;od syna z rodzin\u0105<\/p>\n\n\n\n<p>&nbsp;&nbsp;&nbsp;godz.11.oo&nbsp;\u2013 +Barbar\u0119 Adolfa Ko\u0142odziejczyk, Rozali\u0119 Adama Pabi\u015b.<\/p>\n\n\n\n<p>&nbsp;&nbsp;&nbsp;godz.15.oo&nbsp;\u2013 W int. Ma\u0142gorzaty i Mieczys\u0142awa w 35-t\u0105 r. \u015blubu<\/p>\n","protected":false},"excerpt":{"rendered":"<p>I I I&nbsp;&nbsp;&nbsp;N I E D Z I E L A&nbsp;&nbsp;&nbsp;W I E L K A N O C N <a class=\"read-more\" href=\"http:\/\/roczyny.duszpasterstwa.bielsko.pl\/?p=21814\">czytaj dalej<\/a><\/p>\n","protected":false},"author":2,"featured_media":21785,"comment_status":"closed","ping_status":"open","sticky":false,"template":"","format":"standard","meta":{"ngg_post_thumbnail":0,"footnotes":""},"categories":[12],"tags":[],"class_list":["post-21814","post","type-post","status-publish","format-standard","has-post-thumbnail","hentry","category-ogloszenia-parafialne","post-item clearfix"],"_links":{"self":[{"href":"http:\/\/roczyny.duszpasterstwa.bielsko.pl\/index.php?rest_route=\/wp\/v2\/posts\/21814"}],"collection":[{"href":"http:\/\/roczyny.duszpasterstwa.bielsko.pl\/index.php?rest_route=\/wp\/v2\/posts"}],"about":[{"href":"http:\/\/roczyny.duszpasterstwa.bielsko.pl\/index.php?rest_route=\/wp\/v2\/types\/post"}],"author":[{"embeddable":true,"href":"http:\/\/roczyny.duszpasterstwa.bielsko.pl\/index.php?rest_route=\/wp\/v2\/users\/2"}],"replies":[{"embeddable":true,"href":"http:\/\/roczyny.duszpasterstwa.bielsko.pl\/index.php?rest_route=%2Fwp%2Fv2%2Fcomments&post=21814"}],"version-history":[{"count":1,"href":"http:\/\/roczyny.duszpasterstwa.bielsko.pl\/index.php?rest_route=\/wp\/v2\/posts\/21814\/revisions"}],"predecessor-version":[{"id":21815,"href":"http:\/\/roczyny.duszpasterstwa.bielsko.pl\/index.php?rest_route=\/wp\/v2\/posts\/21814\/revisions\/21815"}],"wp:featuredmedia":[{"embeddable":true,"href":"http:\/\/roczyny.duszpasterstwa.bielsko.pl\/index.php?rest_route=\/wp\/v2\/media\/21785"}],"wp:attachment":[{"href":"http:\/\/roczyny.duszpasterstwa.bielsko.pl\/index.php?rest_route=%2Fwp%2Fv2%2Fmedia&parent=21814"}],"wp:term":[{"taxonomy":"category","embeddable":true,"href":"http:\/\/roczyny.duszpasterstwa.bielsko.pl\/index.php?rest_route=%2Fwp%2Fv2%2Fcategories&post=21814"},{"taxonomy":"post_tag","embeddable":true,"href":"http:\/\/roczyny.duszpasterstwa.bielsko.pl\/index.php?rest_route=%2Fwp%2Fv2%2Ftags&post=21814"}],"curies":[{"name":"wp","href":"https:\/\/api.w.org\/{rel}","templated":true}]}}