{"id":21787,"date":"2026-04-11T17:11:19","date_gmt":"2026-04-11T15:11:19","guid":{"rendered":"http:\/\/roczyny.duszpasterstwa.bielsko.pl\/?p=21787"},"modified":"2026-04-11T17:11:20","modified_gmt":"2026-04-11T15:11:20","slug":"podchody-abraham-turniej-fifa-2026","status":"publish","type":"post","link":"http:\/\/roczyny.duszpasterstwa.bielsko.pl\/?p=21787","title":{"rendered":"PODCHODY, ABRAHAM &#8211; TURNIEJ FIFA 2026&#8230;"},"content":{"rendered":"\n<p>Od rana si\u0119 DZIEJE&#8230; Oaza Dzieci Bo\u017cych na porannych podchodach&#8230; a Ch\u0142opaki na Turnieju Fifa 2026 &#8211;  po Liturgii WIELKIEGO TYGODNIA &#8211; chwila relaksu&#8230;<\/p>\n\n\n\n<figure class=\"wp-block-gallery has-nested-images columns-default is-cropped wp-block-gallery-1 is-layout-flex wp-block-gallery-is-layout-flex\">\n<figure class=\"wp-block-image size-large\"><a href=\"http:\/\/roczyny.duszpasterstwa.bielsko.pl\/wp-content\/uploads\/2026\/04\/8e81b56a-1d9e-4652-b464-6eb051b94714.jpeg\"><img fetchpriority=\"high\" decoding=\"async\" width=\"1024\" height=\"771\" data-id=\"21788\" src=\"http:\/\/roczyny.duszpasterstwa.bielsko.pl\/wp-content\/uploads\/2026\/04\/8e81b56a-1d9e-4652-b464-6eb051b94714-1024x771.jpeg\" alt=\"\" class=\"wp-image-21788\" srcset=\"http:\/\/roczyny.duszpasterstwa.bielsko.pl\/wp-content\/uploads\/2026\/04\/8e81b56a-1d9e-4652-b464-6eb051b94714-1024x771.jpeg 1024w, http:\/\/roczyny.duszpasterstwa.bielsko.pl\/wp-content\/uploads\/2026\/04\/8e81b56a-1d9e-4652-b464-6eb051b94714-300x226.jpeg 300w, http:\/\/roczyny.duszpasterstwa.bielsko.pl\/wp-content\/uploads\/2026\/04\/8e81b56a-1d9e-4652-b464-6eb051b94714-768x578.jpeg 768w, http:\/\/roczyny.duszpasterstwa.bielsko.pl\/wp-content\/uploads\/2026\/04\/8e81b56a-1d9e-4652-b464-6eb051b94714-1536x1156.jpeg 1536w, http:\/\/roczyny.duszpasterstwa.bielsko.pl\/wp-content\/uploads\/2026\/04\/8e81b56a-1d9e-4652-b464-6eb051b94714-200x151.jpeg 200w, http:\/\/roczyny.duszpasterstwa.bielsko.pl\/wp-content\/uploads\/2026\/04\/8e81b56a-1d9e-4652-b464-6eb051b94714-690x519.jpeg 690w, http:\/\/roczyny.duszpasterstwa.bielsko.pl\/wp-content\/uploads\/2026\/04\/8e81b56a-1d9e-4652-b464-6eb051b94714.jpeg 1600w\" sizes=\"(max-width: 1024px) 100vw, 1024px\" \/><\/a><\/figure>\n\n\n\n<figure class=\"wp-block-image size-large\"><a href=\"http:\/\/roczyny.duszpasterstwa.bielsko.pl\/wp-content\/uploads\/2026\/04\/IMG_5961-scaled.jpeg\"><img decoding=\"async\" width=\"1024\" height=\"768\" data-id=\"21789\" src=\"http:\/\/roczyny.duszpasterstwa.bielsko.pl\/wp-content\/uploads\/2026\/04\/IMG_5961-1024x768.jpeg\" alt=\"\" class=\"wp-image-21789\" srcset=\"http:\/\/roczyny.duszpasterstwa.bielsko.pl\/wp-content\/uploads\/2026\/04\/IMG_5961-1024x768.jpeg 1024w, http:\/\/roczyny.duszpasterstwa.bielsko.pl\/wp-content\/uploads\/2026\/04\/IMG_5961-300x225.jpeg 300w, http:\/\/roczyny.duszpasterstwa.bielsko.pl\/wp-content\/uploads\/2026\/04\/IMG_5961-768x576.jpeg 768w, http:\/\/roczyny.duszpasterstwa.bielsko.pl\/wp-content\/uploads\/2026\/04\/IMG_5961-1536x1152.jpeg 1536w, http:\/\/roczyny.duszpasterstwa.bielsko.pl\/wp-content\/uploads\/2026\/04\/IMG_5961-2048x1536.jpeg 2048w, http:\/\/roczyny.duszpasterstwa.bielsko.pl\/wp-content\/uploads\/2026\/04\/IMG_5961-200x150.jpeg 200w, http:\/\/roczyny.duszpasterstwa.bielsko.pl\/wp-content\/uploads\/2026\/04\/IMG_5961-690x518.jpeg 690w\" sizes=\"(max-width: 1024px) 100vw, 1024px\" \/><\/a><\/figure>\n\n\n\n<figure class=\"wp-block-image size-large\"><a href=\"http:\/\/roczyny.duszpasterstwa.bielsko.pl\/wp-content\/uploads\/2026\/04\/IMG_5962-scaled.jpeg\"><img decoding=\"async\" width=\"1024\" height=\"768\" data-id=\"21790\" src=\"http:\/\/roczyny.duszpasterstwa.bielsko.pl\/wp-content\/uploads\/2026\/04\/IMG_5962-1024x768.jpeg\" alt=\"\" class=\"wp-image-21790\" srcset=\"http:\/\/roczyny.duszpasterstwa.bielsko.pl\/wp-content\/uploads\/2026\/04\/IMG_5962-1024x768.jpeg 1024w, http:\/\/roczyny.duszpasterstwa.bielsko.pl\/wp-content\/uploads\/2026\/04\/IMG_5962-300x225.jpeg 300w, http:\/\/roczyny.duszpasterstwa.bielsko.pl\/wp-content\/uploads\/2026\/04\/IMG_5962-768x576.jpeg 768w, http:\/\/roczyny.duszpasterstwa.bielsko.pl\/wp-content\/uploads\/2026\/04\/IMG_5962-1536x1152.jpeg 1536w, http:\/\/roczyny.duszpasterstwa.bielsko.pl\/wp-content\/uploads\/2026\/04\/IMG_5962-2048x1536.jpeg 2048w, http:\/\/roczyny.duszpasterstwa.bielsko.pl\/wp-content\/uploads\/2026\/04\/IMG_5962-200x150.jpeg 200w, http:\/\/roczyny.duszpasterstwa.bielsko.pl\/wp-content\/uploads\/2026\/04\/IMG_5962-690x518.jpeg 690w\" sizes=\"(max-width: 1024px) 100vw, 1024px\" \/><\/a><\/figure>\n\n\n\n<figure class=\"wp-block-image size-large\"><a href=\"http:\/\/roczyny.duszpasterstwa.bielsko.pl\/wp-content\/uploads\/2026\/04\/IMG_5963-scaled.jpeg\"><img loading=\"lazy\" decoding=\"async\" width=\"1024\" height=\"768\" data-id=\"21791\" src=\"http:\/\/roczyny.duszpasterstwa.bielsko.pl\/wp-content\/uploads\/2026\/04\/IMG_5963-1024x768.jpeg\" alt=\"\" class=\"wp-image-21791\" srcset=\"http:\/\/roczyny.duszpasterstwa.bielsko.pl\/wp-content\/uploads\/2026\/04\/IMG_5963-1024x768.jpeg 1024w, http:\/\/roczyny.duszpasterstwa.bielsko.pl\/wp-content\/uploads\/2026\/04\/IMG_5963-300x225.jpeg 300w, http:\/\/roczyny.duszpasterstwa.bielsko.pl\/wp-content\/uploads\/2026\/04\/IMG_5963-768x576.jpeg 768w, http:\/\/roczyny.duszpasterstwa.bielsko.pl\/wp-content\/uploads\/2026\/04\/IMG_5963-1536x1152.jpeg 1536w, http:\/\/roczyny.duszpasterstwa.bielsko.pl\/wp-content\/uploads\/2026\/04\/IMG_5963-2048x1536.jpeg 2048w, http:\/\/roczyny.duszpasterstwa.bielsko.pl\/wp-content\/uploads\/2026\/04\/IMG_5963-200x150.jpeg 200w, http:\/\/roczyny.duszpasterstwa.bielsko.pl\/wp-content\/uploads\/2026\/04\/IMG_5963-690x518.jpeg 690w\" sizes=\"(max-width: 1024px) 100vw, 1024px\" \/><\/a><\/figure>\n\n\n\n<figure class=\"wp-block-image size-large\"><a href=\"http:\/\/roczyny.duszpasterstwa.bielsko.pl\/wp-content\/uploads\/2026\/04\/IMG_5964-scaled.jpeg\"><img loading=\"lazy\" decoding=\"async\" width=\"1024\" height=\"768\" data-id=\"21794\" src=\"http:\/\/roczyny.duszpasterstwa.bielsko.pl\/wp-content\/uploads\/2026\/04\/IMG_5964-1024x768.jpeg\" alt=\"\" class=\"wp-image-21794\" srcset=\"http:\/\/roczyny.duszpasterstwa.bielsko.pl\/wp-content\/uploads\/2026\/04\/IMG_5964-1024x768.jpeg 1024w, http:\/\/roczyny.duszpasterstwa.bielsko.pl\/wp-content\/uploads\/2026\/04\/IMG_5964-300x225.jpeg 300w, http:\/\/roczyny.duszpasterstwa.bielsko.pl\/wp-content\/uploads\/2026\/04\/IMG_5964-768x576.jpeg 768w, http:\/\/roczyny.duszpasterstwa.bielsko.pl\/wp-content\/uploads\/2026\/04\/IMG_5964-1536x1152.jpeg 1536w, http:\/\/roczyny.duszpasterstwa.bielsko.pl\/wp-content\/uploads\/2026\/04\/IMG_5964-2048x1536.jpeg 2048w, http:\/\/roczyny.duszpasterstwa.bielsko.pl\/wp-content\/uploads\/2026\/04\/IMG_5964-200x150.jpeg 200w, http:\/\/roczyny.duszpasterstwa.bielsko.pl\/wp-content\/uploads\/2026\/04\/IMG_5964-690x518.jpeg 690w\" sizes=\"(max-width: 1024px) 100vw, 1024px\" \/><\/a><\/figure>\n\n\n\n<figure class=\"wp-block-image size-large\"><a href=\"http:\/\/roczyny.duszpasterstwa.bielsko.pl\/wp-content\/uploads\/2026\/04\/IMG_5965-scaled.jpeg\"><img loading=\"lazy\" decoding=\"async\" width=\"1024\" height=\"768\" data-id=\"21792\" src=\"http:\/\/roczyny.duszpasterstwa.bielsko.pl\/wp-content\/uploads\/2026\/04\/IMG_5965-1024x768.jpeg\" alt=\"\" class=\"wp-image-21792\" srcset=\"http:\/\/roczyny.duszpasterstwa.bielsko.pl\/wp-content\/uploads\/2026\/04\/IMG_5965-1024x768.jpeg 1024w, http:\/\/roczyny.duszpasterstwa.bielsko.pl\/wp-content\/uploads\/2026\/04\/IMG_5965-300x225.jpeg 300w, http:\/\/roczyny.duszpasterstwa.bielsko.pl\/wp-content\/uploads\/2026\/04\/IMG_5965-768x576.jpeg 768w, http:\/\/roczyny.duszpasterstwa.bielsko.pl\/wp-content\/uploads\/2026\/04\/IMG_5965-1536x1152.jpeg 1536w, http:\/\/roczyny.duszpasterstwa.bielsko.pl\/wp-content\/uploads\/2026\/04\/IMG_5965-2048x1536.jpeg 2048w, http:\/\/roczyny.duszpasterstwa.bielsko.pl\/wp-content\/uploads\/2026\/04\/IMG_5965-200x150.jpeg 200w, http:\/\/roczyny.duszpasterstwa.bielsko.pl\/wp-content\/uploads\/2026\/04\/IMG_5965-690x518.jpeg 690w\" sizes=\"(max-width: 1024px) 100vw, 1024px\" \/><\/a><\/figure>\n\n\n\n<figure class=\"wp-block-image size-large\"><a href=\"http:\/\/roczyny.duszpasterstwa.bielsko.pl\/wp-content\/uploads\/2026\/04\/IMG_5966-scaled.jpeg\"><img loading=\"lazy\" decoding=\"async\" width=\"1024\" height=\"768\" data-id=\"21793\" src=\"http:\/\/roczyny.duszpasterstwa.bielsko.pl\/wp-content\/uploads\/2026\/04\/IMG_5966-1024x768.jpeg\" alt=\"\" class=\"wp-image-21793\" srcset=\"http:\/\/roczyny.duszpasterstwa.bielsko.pl\/wp-content\/uploads\/2026\/04\/IMG_5966-1024x768.jpeg 1024w, http:\/\/roczyny.duszpasterstwa.bielsko.pl\/wp-content\/uploads\/2026\/04\/IMG_5966-300x225.jpeg 300w, http:\/\/roczyny.duszpasterstwa.bielsko.pl\/wp-content\/uploads\/2026\/04\/IMG_5966-768x576.jpeg 768w, http:\/\/roczyny.duszpasterstwa.bielsko.pl\/wp-content\/uploads\/2026\/04\/IMG_5966-1536x1152.jpeg 1536w, http:\/\/roczyny.duszpasterstwa.bielsko.pl\/wp-content\/uploads\/2026\/04\/IMG_5966-2048x1536.jpeg 2048w, http:\/\/roczyny.duszpasterstwa.bielsko.pl\/wp-content\/uploads\/2026\/04\/IMG_5966-200x150.jpeg 200w, http:\/\/roczyny.duszpasterstwa.bielsko.pl\/wp-content\/uploads\/2026\/04\/IMG_5966-690x518.jpeg 690w\" sizes=\"(max-width: 1024px) 100vw, 1024px\" \/><\/a><\/figure>\n\n\n\n<figure class=\"wp-block-image size-large\"><a href=\"http:\/\/roczyny.duszpasterstwa.bielsko.pl\/wp-content\/uploads\/2026\/04\/IMG_5968-scaled.jpeg\"><img loading=\"lazy\" decoding=\"async\" width=\"1024\" height=\"768\" data-id=\"21795\" src=\"http:\/\/roczyny.duszpasterstwa.bielsko.pl\/wp-content\/uploads\/2026\/04\/IMG_5968-1024x768.jpeg\" alt=\"\" class=\"wp-image-21795\" srcset=\"http:\/\/roczyny.duszpasterstwa.bielsko.pl\/wp-content\/uploads\/2026\/04\/IMG_5968-1024x768.jpeg 1024w, http:\/\/roczyny.duszpasterstwa.bielsko.pl\/wp-content\/uploads\/2026\/04\/IMG_5968-300x225.jpeg 300w, http:\/\/roczyny.duszpasterstwa.bielsko.pl\/wp-content\/uploads\/2026\/04\/IMG_5968-768x576.jpeg 768w, http:\/\/roczyny.duszpasterstwa.bielsko.pl\/wp-content\/uploads\/2026\/04\/IMG_5968-1536x1152.jpeg 1536w, http:\/\/roczyny.duszpasterstwa.bielsko.pl\/wp-content\/uploads\/2026\/04\/IMG_5968-2048x1536.jpeg 2048w, http:\/\/roczyny.duszpasterstwa.bielsko.pl\/wp-content\/uploads\/2026\/04\/IMG_5968-200x150.jpeg 200w, http:\/\/roczyny.duszpasterstwa.bielsko.pl\/wp-content\/uploads\/2026\/04\/IMG_5968-690x518.jpeg 690w\" sizes=\"(max-width: 1024px) 100vw, 1024px\" \/><\/a><\/figure>\n\n\n\n<figure class=\"wp-block-image size-large\"><a href=\"http:\/\/roczyny.duszpasterstwa.bielsko.pl\/wp-content\/uploads\/2026\/04\/IMG_5969-scaled.jpeg\"><img loading=\"lazy\" decoding=\"async\" width=\"1024\" height=\"768\" data-id=\"21797\" src=\"http:\/\/roczyny.duszpasterstwa.bielsko.pl\/wp-content\/uploads\/2026\/04\/IMG_5969-1024x768.jpeg\" alt=\"\" class=\"wp-image-21797\" srcset=\"http:\/\/roczyny.duszpasterstwa.bielsko.pl\/wp-content\/uploads\/2026\/04\/IMG_5969-1024x768.jpeg 1024w, http:\/\/roczyny.duszpasterstwa.bielsko.pl\/wp-content\/uploads\/2026\/04\/IMG_5969-300x225.jpeg 300w, http:\/\/roczyny.duszpasterstwa.bielsko.pl\/wp-content\/uploads\/2026\/04\/IMG_5969-768x576.jpeg 768w, http:\/\/roczyny.duszpasterstwa.bielsko.pl\/wp-content\/uploads\/2026\/04\/IMG_5969-1536x1152.jpeg 1536w, http:\/\/roczyny.duszpasterstwa.bielsko.pl\/wp-content\/uploads\/2026\/04\/IMG_5969-2048x1536.jpeg 2048w, http:\/\/roczyny.duszpasterstwa.bielsko.pl\/wp-content\/uploads\/2026\/04\/IMG_5969-200x150.jpeg 200w, http:\/\/roczyny.duszpasterstwa.bielsko.pl\/wp-content\/uploads\/2026\/04\/IMG_5969-690x518.jpeg 690w\" sizes=\"(max-width: 1024px) 100vw, 1024px\" \/><\/a><\/figure>\n\n\n\n<figure class=\"wp-block-image size-large\"><a href=\"http:\/\/roczyny.duszpasterstwa.bielsko.pl\/wp-content\/uploads\/2026\/04\/IMG_5970-scaled.jpeg\"><img loading=\"lazy\" decoding=\"async\" width=\"1024\" height=\"768\" data-id=\"21796\" src=\"http:\/\/roczyny.duszpasterstwa.bielsko.pl\/wp-content\/uploads\/2026\/04\/IMG_5970-1024x768.jpeg\" alt=\"\" class=\"wp-image-21796\" srcset=\"http:\/\/roczyny.duszpasterstwa.bielsko.pl\/wp-content\/uploads\/2026\/04\/IMG_5970-1024x768.jpeg 1024w, http:\/\/roczyny.duszpasterstwa.bielsko.pl\/wp-content\/uploads\/2026\/04\/IMG_5970-300x225.jpeg 300w, http:\/\/roczyny.duszpasterstwa.bielsko.pl\/wp-content\/uploads\/2026\/04\/IMG_5970-768x576.jpeg 768w, http:\/\/roczyny.duszpasterstwa.bielsko.pl\/wp-content\/uploads\/2026\/04\/IMG_5970-1536x1152.jpeg 1536w, http:\/\/roczyny.duszpasterstwa.bielsko.pl\/wp-content\/uploads\/2026\/04\/IMG_5970-2048x1536.jpeg 2048w, http:\/\/roczyny.duszpasterstwa.bielsko.pl\/wp-content\/uploads\/2026\/04\/IMG_5970-200x150.jpeg 200w, http:\/\/roczyny.duszpasterstwa.bielsko.pl\/wp-content\/uploads\/2026\/04\/IMG_5970-690x518.jpeg 690w\" sizes=\"(max-width: 1024px) 100vw, 1024px\" \/><\/a><\/figure>\n\n\n\n<figure class=\"wp-block-image size-large\"><a href=\"http:\/\/roczyny.duszpasterstwa.bielsko.pl\/wp-content\/uploads\/2026\/04\/IMG_5971-scaled.jpeg\"><img loading=\"lazy\" decoding=\"async\" width=\"1024\" height=\"768\" data-id=\"21798\" src=\"http:\/\/roczyny.duszpasterstwa.bielsko.pl\/wp-content\/uploads\/2026\/04\/IMG_5971-1024x768.jpeg\" alt=\"\" class=\"wp-image-21798\" srcset=\"http:\/\/roczyny.duszpasterstwa.bielsko.pl\/wp-content\/uploads\/2026\/04\/IMG_5971-1024x768.jpeg 1024w, http:\/\/roczyny.duszpasterstwa.bielsko.pl\/wp-content\/uploads\/2026\/04\/IMG_5971-300x225.jpeg 300w, http:\/\/roczyny.duszpasterstwa.bielsko.pl\/wp-content\/uploads\/2026\/04\/IMG_5971-768x576.jpeg 768w, http:\/\/roczyny.duszpasterstwa.bielsko.pl\/wp-content\/uploads\/2026\/04\/IMG_5971-1536x1152.jpeg 1536w, http:\/\/roczyny.duszpasterstwa.bielsko.pl\/wp-content\/uploads\/2026\/04\/IMG_5971-2048x1536.jpeg 2048w, http:\/\/roczyny.duszpasterstwa.bielsko.pl\/wp-content\/uploads\/2026\/04\/IMG_5971-200x150.jpeg 200w, http:\/\/roczyny.duszpasterstwa.bielsko.pl\/wp-content\/uploads\/2026\/04\/IMG_5971-690x518.jpeg 690w\" sizes=\"(max-width: 1024px) 100vw, 1024px\" \/><\/a><\/figure>\n\n\n\n<figure class=\"wp-block-image size-large\"><a href=\"http:\/\/roczyny.duszpasterstwa.bielsko.pl\/wp-content\/uploads\/2026\/04\/IMG_5973-scaled.jpeg\"><img loading=\"lazy\" decoding=\"async\" width=\"1024\" height=\"768\" data-id=\"21799\" src=\"http:\/\/roczyny.duszpasterstwa.bielsko.pl\/wp-content\/uploads\/2026\/04\/IMG_5973-1024x768.jpeg\" alt=\"\" class=\"wp-image-21799\" srcset=\"http:\/\/roczyny.duszpasterstwa.bielsko.pl\/wp-content\/uploads\/2026\/04\/IMG_5973-1024x768.jpeg 1024w, http:\/\/roczyny.duszpasterstwa.bielsko.pl\/wp-content\/uploads\/2026\/04\/IMG_5973-300x225.jpeg 300w, http:\/\/roczyny.duszpasterstwa.bielsko.pl\/wp-content\/uploads\/2026\/04\/IMG_5973-768x576.jpeg 768w, http:\/\/roczyny.duszpasterstwa.bielsko.pl\/wp-content\/uploads\/2026\/04\/IMG_5973-1536x1152.jpeg 1536w, http:\/\/roczyny.duszpasterstwa.bielsko.pl\/wp-content\/uploads\/2026\/04\/IMG_5973-2048x1536.jpeg 2048w, http:\/\/roczyny.duszpasterstwa.bielsko.pl\/wp-content\/uploads\/2026\/04\/IMG_5973-200x150.jpeg 200w, http:\/\/roczyny.duszpasterstwa.bielsko.pl\/wp-content\/uploads\/2026\/04\/IMG_5973-690x518.jpeg 690w\" sizes=\"(max-width: 1024px) 100vw, 1024px\" \/><\/a><\/figure>\n\n\n\n<figure class=\"wp-block-image size-large\"><a href=\"http:\/\/roczyny.duszpasterstwa.bielsko.pl\/wp-content\/uploads\/2026\/04\/48d31aba-8e76-4a3a-96b9-36032c56e926.jpeg\"><img loading=\"lazy\" decoding=\"async\" width=\"1024\" height=\"771\" data-id=\"21800\" src=\"http:\/\/roczyny.duszpasterstwa.bielsko.pl\/wp-content\/uploads\/2026\/04\/48d31aba-8e76-4a3a-96b9-36032c56e926-1024x771.jpeg\" alt=\"\" class=\"wp-image-21800\" srcset=\"http:\/\/roczyny.duszpasterstwa.bielsko.pl\/wp-content\/uploads\/2026\/04\/48d31aba-8e76-4a3a-96b9-36032c56e926-1024x771.jpeg 1024w, http:\/\/roczyny.duszpasterstwa.bielsko.pl\/wp-content\/uploads\/2026\/04\/48d31aba-8e76-4a3a-96b9-36032c56e926-300x226.jpeg 300w, http:\/\/roczyny.duszpasterstwa.bielsko.pl\/wp-content\/uploads\/2026\/04\/48d31aba-8e76-4a3a-96b9-36032c56e926-768x578.jpeg 768w, http:\/\/roczyny.duszpasterstwa.bielsko.pl\/wp-content\/uploads\/2026\/04\/48d31aba-8e76-4a3a-96b9-36032c56e926-1536x1156.jpeg 1536w, http:\/\/roczyny.duszpasterstwa.bielsko.pl\/wp-content\/uploads\/2026\/04\/48d31aba-8e76-4a3a-96b9-36032c56e926-200x151.jpeg 200w, http:\/\/roczyny.duszpasterstwa.bielsko.pl\/wp-content\/uploads\/2026\/04\/48d31aba-8e76-4a3a-96b9-36032c56e926-690x519.jpeg 690w, http:\/\/roczyny.duszpasterstwa.bielsko.pl\/wp-content\/uploads\/2026\/04\/48d31aba-8e76-4a3a-96b9-36032c56e926.jpeg 1600w\" sizes=\"(max-width: 1024px) 100vw, 1024px\" \/><\/a><\/figure>\n\n\n\n<figure class=\"wp-block-image size-large\"><a href=\"http:\/\/roczyny.duszpasterstwa.bielsko.pl\/wp-content\/uploads\/2026\/04\/a5ee880e-be1b-4c36-acf6-2157fe1b1b20.jpeg\"><img loading=\"lazy\" decoding=\"async\" width=\"1024\" height=\"771\" data-id=\"21801\" src=\"http:\/\/roczyny.duszpasterstwa.bielsko.pl\/wp-content\/uploads\/2026\/04\/a5ee880e-be1b-4c36-acf6-2157fe1b1b20-1024x771.jpeg\" alt=\"\" class=\"wp-image-21801\" srcset=\"http:\/\/roczyny.duszpasterstwa.bielsko.pl\/wp-content\/uploads\/2026\/04\/a5ee880e-be1b-4c36-acf6-2157fe1b1b20-1024x771.jpeg 1024w, http:\/\/roczyny.duszpasterstwa.bielsko.pl\/wp-content\/uploads\/2026\/04\/a5ee880e-be1b-4c36-acf6-2157fe1b1b20-300x226.jpeg 300w, http:\/\/roczyny.duszpasterstwa.bielsko.pl\/wp-content\/uploads\/2026\/04\/a5ee880e-be1b-4c36-acf6-2157fe1b1b20-768x578.jpeg 768w, http:\/\/roczyny.duszpasterstwa.bielsko.pl\/wp-content\/uploads\/2026\/04\/a5ee880e-be1b-4c36-acf6-2157fe1b1b20-1536x1156.jpeg 1536w, http:\/\/roczyny.duszpasterstwa.bielsko.pl\/wp-content\/uploads\/2026\/04\/a5ee880e-be1b-4c36-acf6-2157fe1b1b20-200x151.jpeg 200w, http:\/\/roczyny.duszpasterstwa.bielsko.pl\/wp-content\/uploads\/2026\/04\/a5ee880e-be1b-4c36-acf6-2157fe1b1b20-690x519.jpeg 690w, http:\/\/roczyny.duszpasterstwa.bielsko.pl\/wp-content\/uploads\/2026\/04\/a5ee880e-be1b-4c36-acf6-2157fe1b1b20.jpeg 1600w\" sizes=\"(max-width: 1024px) 100vw, 1024px\" \/><\/a><\/figure>\n\n\n\n<figure class=\"wp-block-image size-large\"><a href=\"http:\/\/roczyny.duszpasterstwa.bielsko.pl\/wp-content\/uploads\/2026\/04\/a99b5901-6979-4fb8-91d2-4c11817206c5.jpeg\"><img loading=\"lazy\" decoding=\"async\" width=\"1024\" height=\"771\" data-id=\"21802\" src=\"http:\/\/roczyny.duszpasterstwa.bielsko.pl\/wp-content\/uploads\/2026\/04\/a99b5901-6979-4fb8-91d2-4c11817206c5-1024x771.jpeg\" alt=\"\" class=\"wp-image-21802\" srcset=\"http:\/\/roczyny.duszpasterstwa.bielsko.pl\/wp-content\/uploads\/2026\/04\/a99b5901-6979-4fb8-91d2-4c11817206c5-1024x771.jpeg 1024w, http:\/\/roczyny.duszpasterstwa.bielsko.pl\/wp-content\/uploads\/2026\/04\/a99b5901-6979-4fb8-91d2-4c11817206c5-300x226.jpeg 300w, http:\/\/roczyny.duszpasterstwa.bielsko.pl\/wp-content\/uploads\/2026\/04\/a99b5901-6979-4fb8-91d2-4c11817206c5-768x578.jpeg 768w, http:\/\/roczyny.duszpasterstwa.bielsko.pl\/wp-content\/uploads\/2026\/04\/a99b5901-6979-4fb8-91d2-4c11817206c5-1536x1156.jpeg 1536w, http:\/\/roczyny.duszpasterstwa.bielsko.pl\/wp-content\/uploads\/2026\/04\/a99b5901-6979-4fb8-91d2-4c11817206c5-200x151.jpeg 200w, http:\/\/roczyny.duszpasterstwa.bielsko.pl\/wp-content\/uploads\/2026\/04\/a99b5901-6979-4fb8-91d2-4c11817206c5-690x519.jpeg 690w, http:\/\/roczyny.duszpasterstwa.bielsko.pl\/wp-content\/uploads\/2026\/04\/a99b5901-6979-4fb8-91d2-4c11817206c5.jpeg 1600w\" sizes=\"(max-width: 1024px) 100vw, 1024px\" \/><\/a><\/figure>\n\n\n\n<figure class=\"wp-block-image size-large\"><a href=\"http:\/\/roczyny.duszpasterstwa.bielsko.pl\/wp-content\/uploads\/2026\/04\/IMG_5978-scaled.jpeg\"><img loading=\"lazy\" decoding=\"async\" width=\"1024\" height=\"768\" data-id=\"21803\" src=\"http:\/\/roczyny.duszpasterstwa.bielsko.pl\/wp-content\/uploads\/2026\/04\/IMG_5978-1024x768.jpeg\" alt=\"\" class=\"wp-image-21803\" srcset=\"http:\/\/roczyny.duszpasterstwa.bielsko.pl\/wp-content\/uploads\/2026\/04\/IMG_5978-1024x768.jpeg 1024w, http:\/\/roczyny.duszpasterstwa.bielsko.pl\/wp-content\/uploads\/2026\/04\/IMG_5978-300x225.jpeg 300w, http:\/\/roczyny.duszpasterstwa.bielsko.pl\/wp-content\/uploads\/2026\/04\/IMG_5978-768x576.jpeg 768w, http:\/\/roczyny.duszpasterstwa.bielsko.pl\/wp-content\/uploads\/2026\/04\/IMG_5978-1536x1152.jpeg 1536w, http:\/\/roczyny.duszpasterstwa.bielsko.pl\/wp-content\/uploads\/2026\/04\/IMG_5978-2048x1536.jpeg 2048w, http:\/\/roczyny.duszpasterstwa.bielsko.pl\/wp-content\/uploads\/2026\/04\/IMG_5978-200x150.jpeg 200w, http:\/\/roczyny.duszpasterstwa.bielsko.pl\/wp-content\/uploads\/2026\/04\/IMG_5978-690x518.jpeg 690w\" sizes=\"(max-width: 1024px) 100vw, 1024px\" \/><\/a><\/figure>\n\n\n\n<figure class=\"wp-block-image size-large\"><a href=\"http:\/\/roczyny.duszpasterstwa.bielsko.pl\/wp-content\/uploads\/2026\/04\/IMG_5979-scaled.jpeg\"><img loading=\"lazy\" decoding=\"async\" width=\"1024\" height=\"768\" data-id=\"21806\" src=\"http:\/\/roczyny.duszpasterstwa.bielsko.pl\/wp-content\/uploads\/2026\/04\/IMG_5979-1024x768.jpeg\" alt=\"\" class=\"wp-image-21806\" srcset=\"http:\/\/roczyny.duszpasterstwa.bielsko.pl\/wp-content\/uploads\/2026\/04\/IMG_5979-1024x768.jpeg 1024w, http:\/\/roczyny.duszpasterstwa.bielsko.pl\/wp-content\/uploads\/2026\/04\/IMG_5979-300x225.jpeg 300w, http:\/\/roczyny.duszpasterstwa.bielsko.pl\/wp-content\/uploads\/2026\/04\/IMG_5979-768x576.jpeg 768w, http:\/\/roczyny.duszpasterstwa.bielsko.pl\/wp-content\/uploads\/2026\/04\/IMG_5979-1536x1152.jpeg 1536w, http:\/\/roczyny.duszpasterstwa.bielsko.pl\/wp-content\/uploads\/2026\/04\/IMG_5979-2048x1536.jpeg 2048w, http:\/\/roczyny.duszpasterstwa.bielsko.pl\/wp-content\/uploads\/2026\/04\/IMG_5979-200x150.jpeg 200w, http:\/\/roczyny.duszpasterstwa.bielsko.pl\/wp-content\/uploads\/2026\/04\/IMG_5979-690x518.jpeg 690w\" sizes=\"(max-width: 1024px) 100vw, 1024px\" \/><\/a><\/figure>\n\n\n\n<figure class=\"wp-block-image size-large\"><a href=\"http:\/\/roczyny.duszpasterstwa.bielsko.pl\/wp-content\/uploads\/2026\/04\/IMG_5980-scaled.jpeg\"><img loading=\"lazy\" decoding=\"async\" width=\"1024\" height=\"768\" data-id=\"21805\" src=\"http:\/\/roczyny.duszpasterstwa.bielsko.pl\/wp-content\/uploads\/2026\/04\/IMG_5980-1024x768.jpeg\" alt=\"\" class=\"wp-image-21805\" srcset=\"http:\/\/roczyny.duszpasterstwa.bielsko.pl\/wp-content\/uploads\/2026\/04\/IMG_5980-1024x768.jpeg 1024w, http:\/\/roczyny.duszpasterstwa.bielsko.pl\/wp-content\/uploads\/2026\/04\/IMG_5980-300x225.jpeg 300w, http:\/\/roczyny.duszpasterstwa.bielsko.pl\/wp-content\/uploads\/2026\/04\/IMG_5980-768x576.jpeg 768w, http:\/\/roczyny.duszpasterstwa.bielsko.pl\/wp-content\/uploads\/2026\/04\/IMG_5980-1536x1152.jpeg 1536w, http:\/\/roczyny.duszpasterstwa.bielsko.pl\/wp-content\/uploads\/2026\/04\/IMG_5980-2048x1536.jpeg 2048w, http:\/\/roczyny.duszpasterstwa.bielsko.pl\/wp-content\/uploads\/2026\/04\/IMG_5980-200x150.jpeg 200w, http:\/\/roczyny.duszpasterstwa.bielsko.pl\/wp-content\/uploads\/2026\/04\/IMG_5980-690x518.jpeg 690w\" sizes=\"(max-width: 1024px) 100vw, 1024px\" \/><\/a><\/figure>\n\n\n\n<figure class=\"wp-block-image size-large\"><a href=\"http:\/\/roczyny.duszpasterstwa.bielsko.pl\/wp-content\/uploads\/2026\/04\/IMG_5981-scaled.jpeg\"><img loading=\"lazy\" decoding=\"async\" width=\"1024\" height=\"768\" data-id=\"21807\" src=\"http:\/\/roczyny.duszpasterstwa.bielsko.pl\/wp-content\/uploads\/2026\/04\/IMG_5981-1024x768.jpeg\" alt=\"\" class=\"wp-image-21807\" srcset=\"http:\/\/roczyny.duszpasterstwa.bielsko.pl\/wp-content\/uploads\/2026\/04\/IMG_5981-1024x768.jpeg 1024w, http:\/\/roczyny.duszpasterstwa.bielsko.pl\/wp-content\/uploads\/2026\/04\/IMG_5981-300x225.jpeg 300w, http:\/\/roczyny.duszpasterstwa.bielsko.pl\/wp-content\/uploads\/2026\/04\/IMG_5981-768x576.jpeg 768w, http:\/\/roczyny.duszpasterstwa.bielsko.pl\/wp-content\/uploads\/2026\/04\/IMG_5981-1536x1152.jpeg 1536w, http:\/\/roczyny.duszpasterstwa.bielsko.pl\/wp-content\/uploads\/2026\/04\/IMG_5981-2048x1536.jpeg 2048w, http:\/\/roczyny.duszpasterstwa.bielsko.pl\/wp-content\/uploads\/2026\/04\/IMG_5981-200x150.jpeg 200w, http:\/\/roczyny.duszpasterstwa.bielsko.pl\/wp-content\/uploads\/2026\/04\/IMG_5981-690x518.jpeg 690w\" sizes=\"(max-width: 1024px) 100vw, 1024px\" \/><\/a><\/figure>\n\n\n\n<figure class=\"wp-block-image size-large\"><a href=\"http:\/\/roczyny.duszpasterstwa.bielsko.pl\/wp-content\/uploads\/2026\/04\/IMG_5982-scaled.jpeg\"><img loading=\"lazy\" decoding=\"async\" width=\"1024\" height=\"768\" data-id=\"21804\" src=\"http:\/\/roczyny.duszpasterstwa.bielsko.pl\/wp-content\/uploads\/2026\/04\/IMG_5982-1024x768.jpeg\" alt=\"\" class=\"wp-image-21804\" srcset=\"http:\/\/roczyny.duszpasterstwa.bielsko.pl\/wp-content\/uploads\/2026\/04\/IMG_5982-1024x768.jpeg 1024w, http:\/\/roczyny.duszpasterstwa.bielsko.pl\/wp-content\/uploads\/2026\/04\/IMG_5982-300x225.jpeg 300w, http:\/\/roczyny.duszpasterstwa.bielsko.pl\/wp-content\/uploads\/2026\/04\/IMG_5982-768x576.jpeg 768w, http:\/\/roczyny.duszpasterstwa.bielsko.pl\/wp-content\/uploads\/2026\/04\/IMG_5982-1536x1152.jpeg 1536w, http:\/\/roczyny.duszpasterstwa.bielsko.pl\/wp-content\/uploads\/2026\/04\/IMG_5982-2048x1536.jpeg 2048w, http:\/\/roczyny.duszpasterstwa.bielsko.pl\/wp-content\/uploads\/2026\/04\/IMG_5982-200x150.jpeg 200w, http:\/\/roczyny.duszpasterstwa.bielsko.pl\/wp-content\/uploads\/2026\/04\/IMG_5982-690x518.jpeg 690w\" sizes=\"(max-width: 1024px) 100vw, 1024px\" \/><\/a><\/figure>\n\n\n\n<figure class=\"wp-block-image size-large\"><a href=\"http:\/\/roczyny.duszpasterstwa.bielsko.pl\/wp-content\/uploads\/2026\/04\/IMG_5983-scaled.jpeg\"><img loading=\"lazy\" decoding=\"async\" width=\"1024\" height=\"768\" data-id=\"21808\" src=\"http:\/\/roczyny.duszpasterstwa.bielsko.pl\/wp-content\/uploads\/2026\/04\/IMG_5983-1024x768.jpeg\" alt=\"\" class=\"wp-image-21808\" srcset=\"http:\/\/roczyny.duszpasterstwa.bielsko.pl\/wp-content\/uploads\/2026\/04\/IMG_5983-1024x768.jpeg 1024w, http:\/\/roczyny.duszpasterstwa.bielsko.pl\/wp-content\/uploads\/2026\/04\/IMG_5983-300x225.jpeg 300w, http:\/\/roczyny.duszpasterstwa.bielsko.pl\/wp-content\/uploads\/2026\/04\/IMG_5983-768x576.jpeg 768w, http:\/\/roczyny.duszpasterstwa.bielsko.pl\/wp-content\/uploads\/2026\/04\/IMG_5983-1536x1152.jpeg 1536w, http:\/\/roczyny.duszpasterstwa.bielsko.pl\/wp-content\/uploads\/2026\/04\/IMG_5983-2048x1536.jpeg 2048w, http:\/\/roczyny.duszpasterstwa.bielsko.pl\/wp-content\/uploads\/2026\/04\/IMG_5983-200x150.jpeg 200w, http:\/\/roczyny.duszpasterstwa.bielsko.pl\/wp-content\/uploads\/2026\/04\/IMG_5983-690x518.jpeg 690w\" sizes=\"(max-width: 1024px) 100vw, 1024px\" \/><\/a><\/figure>\n\n\n\n<figure class=\"wp-block-image size-large\"><a href=\"http:\/\/roczyny.duszpasterstwa.bielsko.pl\/wp-content\/uploads\/2026\/04\/IMG_5984-scaled.jpeg\"><img loading=\"lazy\" decoding=\"async\" width=\"1024\" height=\"768\" data-id=\"21809\" src=\"http:\/\/roczyny.duszpasterstwa.bielsko.pl\/wp-content\/uploads\/2026\/04\/IMG_5984-1024x768.jpeg\" alt=\"\" class=\"wp-image-21809\" srcset=\"http:\/\/roczyny.duszpasterstwa.bielsko.pl\/wp-content\/uploads\/2026\/04\/IMG_5984-1024x768.jpeg 1024w, http:\/\/roczyny.duszpasterstwa.bielsko.pl\/wp-content\/uploads\/2026\/04\/IMG_5984-300x225.jpeg 300w, http:\/\/roczyny.duszpasterstwa.bielsko.pl\/wp-content\/uploads\/2026\/04\/IMG_5984-768x576.jpeg 768w, http:\/\/roczyny.duszpasterstwa.bielsko.pl\/wp-content\/uploads\/2026\/04\/IMG_5984-1536x1152.jpeg 1536w, http:\/\/roczyny.duszpasterstwa.bielsko.pl\/wp-content\/uploads\/2026\/04\/IMG_5984-2048x1536.jpeg 2048w, http:\/\/roczyny.duszpasterstwa.bielsko.pl\/wp-content\/uploads\/2026\/04\/IMG_5984-200x150.jpeg 200w, http:\/\/roczyny.duszpasterstwa.bielsko.pl\/wp-content\/uploads\/2026\/04\/IMG_5984-690x518.jpeg 690w\" sizes=\"(max-width: 1024px) 100vw, 1024px\" \/><\/a><\/figure>\n\n\n\n<figure class=\"wp-block-image size-large\"><a href=\"http:\/\/roczyny.duszpasterstwa.bielsko.pl\/wp-content\/uploads\/2026\/04\/IMG_5985-scaled.jpeg\"><img loading=\"lazy\" decoding=\"async\" width=\"1024\" height=\"768\" data-id=\"21811\" src=\"http:\/\/roczyny.duszpasterstwa.bielsko.pl\/wp-content\/uploads\/2026\/04\/IMG_5985-1024x768.jpeg\" alt=\"\" class=\"wp-image-21811\" srcset=\"http:\/\/roczyny.duszpasterstwa.bielsko.pl\/wp-content\/uploads\/2026\/04\/IMG_5985-1024x768.jpeg 1024w, http:\/\/roczyny.duszpasterstwa.bielsko.pl\/wp-content\/uploads\/2026\/04\/IMG_5985-300x225.jpeg 300w, http:\/\/roczyny.duszpasterstwa.bielsko.pl\/wp-content\/uploads\/2026\/04\/IMG_5985-768x576.jpeg 768w, http:\/\/roczyny.duszpasterstwa.bielsko.pl\/wp-content\/uploads\/2026\/04\/IMG_5985-1536x1152.jpeg 1536w, http:\/\/roczyny.duszpasterstwa.bielsko.pl\/wp-content\/uploads\/2026\/04\/IMG_5985-2048x1536.jpeg 2048w, http:\/\/roczyny.duszpasterstwa.bielsko.pl\/wp-content\/uploads\/2026\/04\/IMG_5985-200x150.jpeg 200w, http:\/\/roczyny.duszpasterstwa.bielsko.pl\/wp-content\/uploads\/2026\/04\/IMG_5985-690x518.jpeg 690w\" sizes=\"(max-width: 1024px) 100vw, 1024px\" \/><\/a><\/figure>\n\n\n\n<figure class=\"wp-block-image size-large\"><a href=\"http:\/\/roczyny.duszpasterstwa.bielsko.pl\/wp-content\/uploads\/2026\/04\/IMG_5987-scaled.jpeg\"><img loading=\"lazy\" decoding=\"async\" width=\"1024\" height=\"768\" data-id=\"21810\" src=\"http:\/\/roczyny.duszpasterstwa.bielsko.pl\/wp-content\/uploads\/2026\/04\/IMG_5987-1024x768.jpeg\" alt=\"\" class=\"wp-image-21810\" srcset=\"http:\/\/roczyny.duszpasterstwa.bielsko.pl\/wp-content\/uploads\/2026\/04\/IMG_5987-1024x768.jpeg 1024w, http:\/\/roczyny.duszpasterstwa.bielsko.pl\/wp-content\/uploads\/2026\/04\/IMG_5987-300x225.jpeg 300w, http:\/\/roczyny.duszpasterstwa.bielsko.pl\/wp-content\/uploads\/2026\/04\/IMG_5987-768x576.jpeg 768w, http:\/\/roczyny.duszpasterstwa.bielsko.pl\/wp-content\/uploads\/2026\/04\/IMG_5987-1536x1152.jpeg 1536w, http:\/\/roczyny.duszpasterstwa.bielsko.pl\/wp-content\/uploads\/2026\/04\/IMG_5987-2048x1536.jpeg 2048w, http:\/\/roczyny.duszpasterstwa.bielsko.pl\/wp-content\/uploads\/2026\/04\/IMG_5987-200x150.jpeg 200w, http:\/\/roczyny.duszpasterstwa.bielsko.pl\/wp-content\/uploads\/2026\/04\/IMG_5987-690x518.jpeg 690w\" sizes=\"(max-width: 1024px) 100vw, 1024px\" \/><\/a><\/figure>\n<\/figure>\n","protected":false},"excerpt":{"rendered":"<p>Od rana si\u0119 DZIEJE&#8230; Oaza Dzieci Bo\u017cych na porannych podchodach&#8230; a Ch\u0142opaki na Turnieju Fifa 2026 &#8211; po Liturgii WIELKIEGO <a class=\"read-more\" href=\"http:\/\/roczyny.duszpasterstwa.bielsko.pl\/?p=21787\">czytaj dalej<\/a><\/p>\n","protected":false},"author":2,"featured_media":21798,"comment_status":"closed","ping_status":"open","sticky":false,"template":"","format":"standard","meta":{"ngg_post_thumbnail":0,"footnotes":""},"categories":[21,25],"tags":[],"class_list":["post-21787","post","type-post","status-publish","format-standard","has-post-thumbnail","hentry","category-ministranci","category-oaza-dzieci-bozych","post-item clearfix"],"_links":{"self":[{"href":"http:\/\/roczyny.duszpasterstwa.bielsko.pl\/index.php?rest_route=\/wp\/v2\/posts\/21787"}],"collection":[{"href":"http:\/\/roczyny.duszpasterstwa.bielsko.pl\/index.php?rest_route=\/wp\/v2\/posts"}],"about":[{"href":"http:\/\/roczyny.duszpasterstwa.bielsko.pl\/index.php?rest_route=\/wp\/v2\/types\/post"}],"author":[{"embeddable":true,"href":"http:\/\/roczyny.duszpasterstwa.bielsko.pl\/index.php?rest_route=\/wp\/v2\/users\/2"}],"replies":[{"embeddable":true,"href":"http:\/\/roczyny.duszpasterstwa.bielsko.pl\/index.php?rest_route=%2Fwp%2Fv2%2Fcomments&post=21787"}],"version-history":[{"count":1,"href":"http:\/\/roczyny.duszpasterstwa.bielsko.pl\/index.php?rest_route=\/wp\/v2\/posts\/21787\/revisions"}],"predecessor-version":[{"id":21812,"href":"http:\/\/roczyny.duszpasterstwa.bielsko.pl\/index.php?rest_route=\/wp\/v2\/posts\/21787\/revisions\/21812"}],"wp:featuredmedia":[{"embeddable":true,"href":"http:\/\/roczyny.duszpasterstwa.bielsko.pl\/index.php?rest_route=\/wp\/v2\/media\/21798"}],"wp:attachment":[{"href":"http:\/\/roczyny.duszpasterstwa.bielsko.pl\/index.php?rest_route=%2Fwp%2Fv2%2Fmedia&parent=21787"}],"wp:term":[{"taxonomy":"category","embeddable":true,"href":"http:\/\/roczyny.duszpasterstwa.bielsko.pl\/index.php?rest_route=%2Fwp%2Fv2%2Fcategories&post=21787"},{"taxonomy":"post_tag","embeddable":true,"href":"http:\/\/roczyny.duszpasterstwa.bielsko.pl\/index.php?rest_route=%2Fwp%2Fv2%2Ftags&post=21787"}],"curies":[{"name":"wp","href":"https:\/\/api.w.org\/{rel}","templated":true}]}}