{"id":21784,"date":"2026-04-11T16:33:56","date_gmt":"2026-04-11T14:33:56","guid":{"rendered":"http:\/\/roczyny.duszpasterstwa.bielsko.pl\/?p=21784"},"modified":"2026-04-11T16:33:56","modified_gmt":"2026-04-11T14:33:56","slug":"ogloszenia-parafialne-niedziela-milosierdzia-2","status":"publish","type":"post","link":"http:\/\/roczyny.duszpasterstwa.bielsko.pl\/?p=21784","title":{"rendered":"OG\u0141OSZENIA PARAFIALNE &#8211; NIEDZIELA MI\u0141OSIERDZIA&#8230;"},"content":{"rendered":"\n<p><strong><u>I I&nbsp;&nbsp;&nbsp;&nbsp;N I E D Z I E L A&nbsp;&nbsp;&nbsp;W I E L K A N O C N A&nbsp;<\/u><\/strong>czyli&nbsp;&nbsp;&nbsp;<strong><u>MI\u0141OSIERDZIA BO\u017bEGO<\/u><\/strong>(12.o4.2026)<\/p>\n\n\n\n<p>Rozpoczynamy Tydzie\u0144 Mi\u0142osierdzia<\/p>\n\n\n\n<p>W przysz\u0142\u0105 niedziel\u0119 19 kwietnia przypada Niedziela Biblijna<\/p>\n\n\n\n<p>Spotkanie os\u00f3b wyje\u017cdzaj\u0105cych na pielgrzymk\u0119 do sanktuari\u00f3w Wschodu \u015brod\u0119 po Mszy \u015bw. wieczornej<\/p>\n\n\n\n<p><strong><em>I N T E N C J E&nbsp;&nbsp;&nbsp;M S Z Y&nbsp;&nbsp;&nbsp;\u015a W.<\/em><\/strong><\/p>\n\n\n\n<p>Poniedzia\u0142ek(13)<\/p>\n\n\n\n<p>&nbsp;&nbsp;&nbsp;godz.6.3o&nbsp;&nbsp;&nbsp;&#8211; +Benedykta Og\u00f3rek<\/p>\n\n\n\n<p>&nbsp;&nbsp;&nbsp;godz.18.oo&nbsp;\u2013 +Matyld\u0119 Stanis\u0142awa Szymocha<\/p>\n\n\n\n<p>Wtorek(14)<\/p>\n\n\n\n<p>&nbsp;&nbsp;&nbsp;godz.6.3o&nbsp;&nbsp;&nbsp;&#8211; +W\u0142adys\u0142awa Hatal\u0119<\/p>\n\n\n\n<p>&nbsp;&nbsp;&nbsp;godz.18.oo&nbsp;\u2013 +Ma\u0142gorzat\u0119 G\u00f3ral 15 r. \u015bm.<\/p>\n\n\n\n<p>\u015aroda(15)<\/p>\n\n\n\n<p>&nbsp;&nbsp;godz.6.3o&nbsp;&nbsp;&nbsp;&#8211; +Ann\u0119 Kierczak od cz\u0142onki z R\u00f3\u017cy \u015bw. siostry Faustyny<\/p>\n\n\n\n<p>&nbsp;&nbsp;godz.18.oo&nbsp;\u2013 +J\u00f3zefa Babi\u0144skiego 3 r. \u015bm.<\/p>\n\n\n\n<p>Czwartek(16)<\/p>\n\n\n\n<p>&nbsp;&nbsp;godz.6.3o&nbsp;&nbsp;&nbsp;&#8211; O zdrowie i b\u0142. Bo\u017ce dla Franciszka<\/p>\n\n\n\n<p>&nbsp;&nbsp;godz.18.oo&nbsp;\u2013 +Jadwig\u0119 Krucza\u0142a 14 r. \u015bm. z m\u0119\u017cem Micha\u0142em<\/p>\n\n\n\n<p>Pi\u0105tek(17)<\/p>\n\n\n\n<p>&nbsp;&nbsp;&nbsp;godz.6.3o&nbsp;&nbsp;&nbsp;&#8211; +Rudolfa Maciejczyk z c\u00f3rk\u0105 Ann\u0105<\/p>\n\n\n\n<p>&nbsp;&nbsp;&nbsp;godz.18.oo&nbsp;\u2013 +Tadeusza Oleksego z \u017con\u0105 Janin\u0105<\/p>\n\n\n\n<p>Sobota(18)<\/p>\n\n\n\n<p>&nbsp;&nbsp;&nbsp;godz.6.3o&nbsp;&nbsp;&nbsp;&#8211; +Adama W\u0142adys\u0142aw\u0119 Go\u0142\u0105bek<\/p>\n\n\n\n<p>&nbsp;&nbsp;&nbsp;godz.18.oo&nbsp;\u2013 +Franciszka Skupie\u0144 z rodzicami<\/p>\n\n\n\n<p>Niedziela(19)<\/p>\n\n\n\n<p>&nbsp;&nbsp;&nbsp;godz.7.oo&nbsp;&nbsp;&nbsp;&#8211; +Iwon\u0119 Kurzyniec<\/p>\n\n\n\n<p>&nbsp;&nbsp;&nbsp;&nbsp;&nbsp;&nbsp;&nbsp;&nbsp;&nbsp;&nbsp;&nbsp;&nbsp;&nbsp;&nbsp;&nbsp;&nbsp;&nbsp;&nbsp;&nbsp;&nbsp;&nbsp;&nbsp;&nbsp;&nbsp;&#8211; +Ann\u0119 Miko\u0142ajek w 30-ty dzie\u0144 po \u015bmierci<\/p>\n\n\n\n<p>&nbsp;&nbsp;&nbsp;godz.9.oo&nbsp;&nbsp;&nbsp;&#8211; +W\u0142adys\u0142aw\u0119 Koczur 26 r. \u015bm.<\/p>\n\n\n\n<p>&nbsp;&nbsp;&nbsp;&nbsp;&nbsp;&nbsp;&nbsp;&nbsp;&nbsp;&nbsp;&nbsp;&nbsp;&nbsp;&nbsp;&nbsp;&nbsp;&nbsp;&nbsp;&nbsp;&nbsp;&nbsp;&nbsp;&nbsp;&nbsp;&#8211; W int Agnieszki i Szymona 2 r. \u015blubu<\/p>\n\n\n\n<p>&nbsp;&nbsp;&nbsp;godz.11.oo&nbsp;\u2013 +Zdzis\u0142awa Mrzyg\u0142\u00f3d z \u017con\u0105 W\u0142adys\u0142awem Andrzejem synem<\/p>\n\n\n\n<p>&nbsp;&nbsp;&nbsp;&nbsp;&nbsp;&nbsp;&nbsp;&nbsp;&nbsp;&nbsp;&nbsp;&nbsp;&nbsp;&nbsp;&nbsp;&nbsp;&nbsp;&nbsp;&nbsp;&nbsp;&nbsp;&nbsp;&nbsp;&nbsp;&#8211; +Zuzann\u0119 Trojak 10 r. \u015bm. z m\u0119\u017cem Leonem i rodzicami obu stron<\/p>\n\n\n\n<p>&nbsp;&nbsp;&nbsp;godz.15.oo&nbsp;&#8211; +J\u00f3zefa Bronis\u0142aw\u0119 Pabi\u015b z rodzicami<\/p>\n\n\n\n<p>&nbsp;&nbsp;&nbsp;&nbsp;&nbsp;&nbsp;&nbsp;&nbsp;&nbsp;&nbsp;&nbsp;&nbsp;&nbsp;&nbsp;&nbsp;&nbsp;&nbsp;&nbsp;&nbsp;&nbsp;&nbsp;&nbsp;&nbsp;&nbsp;&#8211; +Tomasza Rajd\u0119 10 r. \u015bm. od najbliszych<\/p>\n","protected":false},"excerpt":{"rendered":"<p>I I&nbsp;&nbsp;&nbsp;&nbsp;N I E D Z I E L A&nbsp;&nbsp;&nbsp;W I E L K A N O C N A&nbsp;czyli&nbsp;&nbsp;&nbsp;MI\u0141OSIERDZIA <a class=\"read-more\" href=\"http:\/\/roczyny.duszpasterstwa.bielsko.pl\/?p=21784\">czytaj dalej<\/a><\/p>\n","protected":false},"author":2,"featured_media":21785,"comment_status":"closed","ping_status":"open","sticky":false,"template":"","format":"standard","meta":{"ngg_post_thumbnail":0,"footnotes":""},"categories":[12],"tags":[],"class_list":["post-21784","post","type-post","status-publish","format-standard","has-post-thumbnail","hentry","category-ogloszenia-parafialne","post-item clearfix"],"_links":{"self":[{"href":"http:\/\/roczyny.duszpasterstwa.bielsko.pl\/index.php?rest_route=\/wp\/v2\/posts\/21784"}],"collection":[{"href":"http:\/\/roczyny.duszpasterstwa.bielsko.pl\/index.php?rest_route=\/wp\/v2\/posts"}],"about":[{"href":"http:\/\/roczyny.duszpasterstwa.bielsko.pl\/index.php?rest_route=\/wp\/v2\/types\/post"}],"author":[{"embeddable":true,"href":"http:\/\/roczyny.duszpasterstwa.bielsko.pl\/index.php?rest_route=\/wp\/v2\/users\/2"}],"replies":[{"embeddable":true,"href":"http:\/\/roczyny.duszpasterstwa.bielsko.pl\/index.php?rest_route=%2Fwp%2Fv2%2Fcomments&post=21784"}],"version-history":[{"count":1,"href":"http:\/\/roczyny.duszpasterstwa.bielsko.pl\/index.php?rest_route=\/wp\/v2\/posts\/21784\/revisions"}],"predecessor-version":[{"id":21786,"href":"http:\/\/roczyny.duszpasterstwa.bielsko.pl\/index.php?rest_route=\/wp\/v2\/posts\/21784\/revisions\/21786"}],"wp:featuredmedia":[{"embeddable":true,"href":"http:\/\/roczyny.duszpasterstwa.bielsko.pl\/index.php?rest_route=\/wp\/v2\/media\/21785"}],"wp:attachment":[{"href":"http:\/\/roczyny.duszpasterstwa.bielsko.pl\/index.php?rest_route=%2Fwp%2Fv2%2Fmedia&parent=21784"}],"wp:term":[{"taxonomy":"category","embeddable":true,"href":"http:\/\/roczyny.duszpasterstwa.bielsko.pl\/index.php?rest_route=%2Fwp%2Fv2%2Fcategories&post=21784"},{"taxonomy":"post_tag","embeddable":true,"href":"http:\/\/roczyny.duszpasterstwa.bielsko.pl\/index.php?rest_route=%2Fwp%2Fv2%2Ftags&post=21784"}],"curies":[{"name":"wp","href":"https:\/\/api.w.org\/{rel}","templated":true}]}}