{"id":21780,"date":"2026-04-09T18:09:12","date_gmt":"2026-04-09T16:09:12","guid":{"rendered":"http:\/\/roczyny.duszpasterstwa.bielsko.pl\/?p=21780"},"modified":"2026-04-09T18:09:12","modified_gmt":"2026-04-09T16:09:12","slug":"w-niedziele-milosierdzia-zapraszamy","status":"publish","type":"post","link":"http:\/\/roczyny.duszpasterstwa.bielsko.pl\/?p=21780","title":{"rendered":"W NIEDZIEL\u0118 MI\u0141OSIERDZIA &#8211; ZAPRASZAMY!!!"},"content":{"rendered":"\n<p>W najbli\u017csz\u0105 NIEDZIEL\u0118 &#8211; MI\u0141OSIERDZIA BO\u017bEGO &#8211; ZAPRASZAMY PARAFIAN na nabo\u017ce\u0144stwo z \u015bpiewan\u0105 KORONK\u0104 DO BO\u017bEGO MI\u0141OSIERDZIA BO\u017bEGO &#8211; na godz. 14.45!!!<\/p>\n\n\n\n<figure class=\"wp-block-image size-large\"><a href=\"http:\/\/roczyny.duszpasterstwa.bielsko.pl\/wp-content\/uploads\/2026\/04\/maxresdefault.jpg\"><img fetchpriority=\"high\" decoding=\"async\" width=\"1024\" height=\"576\" src=\"http:\/\/roczyny.duszpasterstwa.bielsko.pl\/wp-content\/uploads\/2026\/04\/maxresdefault-1024x576.jpg\" alt=\"\" class=\"wp-image-21781\" srcset=\"http:\/\/roczyny.duszpasterstwa.bielsko.pl\/wp-content\/uploads\/2026\/04\/maxresdefault-1024x576.jpg 1024w, http:\/\/roczyny.duszpasterstwa.bielsko.pl\/wp-content\/uploads\/2026\/04\/maxresdefault-300x169.jpg 300w, http:\/\/roczyny.duszpasterstwa.bielsko.pl\/wp-content\/uploads\/2026\/04\/maxresdefault-768x432.jpg 768w, http:\/\/roczyny.duszpasterstwa.bielsko.pl\/wp-content\/uploads\/2026\/04\/maxresdefault-200x113.jpg 200w, http:\/\/roczyny.duszpasterstwa.bielsko.pl\/wp-content\/uploads\/2026\/04\/maxresdefault-690x388.jpg 690w, http:\/\/roczyny.duszpasterstwa.bielsko.pl\/wp-content\/uploads\/2026\/04\/maxresdefault.jpg 1280w\" sizes=\"(max-width: 1024px) 100vw, 1024px\" \/><\/a><\/figure>\n","protected":false},"excerpt":{"rendered":"<p>W najbli\u017csz\u0105 NIEDZIEL\u0118 &#8211; MI\u0141OSIERDZIA BO\u017bEGO &#8211; ZAPRASZAMY PARAFIAN na nabo\u017ce\u0144stwo z \u015bpiewan\u0105 KORONK\u0104 DO BO\u017bEGO MI\u0141OSIERDZIA BO\u017bEGO &#8211; na <a class=\"read-more\" href=\"http:\/\/roczyny.duszpasterstwa.bielsko.pl\/?p=21780\">czytaj dalej<\/a><\/p>\n","protected":false},"author":2,"featured_media":21782,"comment_status":"closed","ping_status":"open","sticky":false,"template":"","format":"standard","meta":{"ngg_post_thumbnail":0,"footnotes":""},"categories":[15],"tags":[],"class_list":["post-21780","post","type-post","status-publish","format-standard","has-post-thumbnail","hentry","category-aktualnosci","post-item clearfix"],"_links":{"self":[{"href":"http:\/\/roczyny.duszpasterstwa.bielsko.pl\/index.php?rest_route=\/wp\/v2\/posts\/21780"}],"collection":[{"href":"http:\/\/roczyny.duszpasterstwa.bielsko.pl\/index.php?rest_route=\/wp\/v2\/posts"}],"about":[{"href":"http:\/\/roczyny.duszpasterstwa.bielsko.pl\/index.php?rest_route=\/wp\/v2\/types\/post"}],"author":[{"embeddable":true,"href":"http:\/\/roczyny.duszpasterstwa.bielsko.pl\/index.php?rest_route=\/wp\/v2\/users\/2"}],"replies":[{"embeddable":true,"href":"http:\/\/roczyny.duszpasterstwa.bielsko.pl\/index.php?rest_route=%2Fwp%2Fv2%2Fcomments&post=21780"}],"version-history":[{"count":1,"href":"http:\/\/roczyny.duszpasterstwa.bielsko.pl\/index.php?rest_route=\/wp\/v2\/posts\/21780\/revisions"}],"predecessor-version":[{"id":21783,"href":"http:\/\/roczyny.duszpasterstwa.bielsko.pl\/index.php?rest_route=\/wp\/v2\/posts\/21780\/revisions\/21783"}],"wp:featuredmedia":[{"embeddable":true,"href":"http:\/\/roczyny.duszpasterstwa.bielsko.pl\/index.php?rest_route=\/wp\/v2\/media\/21782"}],"wp:attachment":[{"href":"http:\/\/roczyny.duszpasterstwa.bielsko.pl\/index.php?rest_route=%2Fwp%2Fv2%2Fmedia&parent=21780"}],"wp:term":[{"taxonomy":"category","embeddable":true,"href":"http:\/\/roczyny.duszpasterstwa.bielsko.pl\/index.php?rest_route=%2Fwp%2Fv2%2Fcategories&post=21780"},{"taxonomy":"post_tag","embeddable":true,"href":"http:\/\/roczyny.duszpasterstwa.bielsko.pl\/index.php?rest_route=%2Fwp%2Fv2%2Ftags&post=21780"}],"curies":[{"name":"wp","href":"https:\/\/api.w.org\/{rel}","templated":true}]}}