{"id":21777,"date":"2026-04-06T13:17:25","date_gmt":"2026-04-06T11:17:25","guid":{"rendered":"http:\/\/roczyny.duszpasterstwa.bielsko.pl\/?p=21777"},"modified":"2026-04-06T13:17:25","modified_gmt":"2026-04-06T11:17:25","slug":"ogloszenia-parafialne-wielkanoc","status":"publish","type":"post","link":"http:\/\/roczyny.duszpasterstwa.bielsko.pl\/?p=21777","title":{"rendered":"OG\u0141OSZENIA PARAFIALNE &#8211; WIELKANOC"},"content":{"rendered":"\n<p><strong><u>P O N I E D Z I A \u0141 E K&nbsp;&nbsp;&nbsp;W I E L K A N O C N Y<\/u><\/strong>&nbsp;(6.o4.2026r.)<\/p>\n\n\n\n<p>Dzi\u015b obchodzimy drugi dzie\u0144 \u015bwi\u0105t i drugi dzie\u0144 w Oktawie Wielkanocy \u2013 Wielkanocny Poniedzia\u0142ek. Liturgia okresu Wielkanocy b\u0119dzie trwa\u0142a do Zes\u0142ania Ducha \u015aw.<\/p>\n\n\n\n<p>W przysz\u0142\u0105 niedziel\u0119 II Wielkanocy \u2013 Niedziela Mi\u0142osierdzia Bo\u017cego.<\/p>\n\n\n\n<p><strong>Spotkanie Rodzic\u00f3w Dzieci I komunijnych<\/strong>&nbsp;w najbli\u017csz\u0105 \u015brod\u0119 po Mszy \u015bw. wieczornej o godz. 18.30<\/p>\n\n\n\n<p>Spotkanie&nbsp;<strong>Pielgrzym\u00f3w do Sanktuari\u00f3w Wschodu<\/strong>&nbsp;w \u015brod\u0119 15 kwietnia po Mszy \u015bw. wieczornej. Zosta\u0142y jeszcze dwa wolne miejsca. Zapraszamy<\/p>\n\n\n\n<p><strong><em>I N T E N C J E&nbsp;&nbsp;&nbsp;&nbsp;M S Z Y&nbsp;&nbsp;&nbsp;\u015a W.<\/em><\/strong><\/p>\n\n\n\n<p>Wtorek(7)<\/p>\n\n\n\n<p>&nbsp;&nbsp;&nbsp;godz.6.3o&nbsp;&nbsp;&nbsp;&#8211; +Mari\u0119 Rokowsk\u0105 w 30-ty dzie\u0144 po \u015bmierci<\/p>\n\n\n\n<p>&nbsp;&nbsp;&nbsp;godz.18.oo&nbsp;\u2013 +J\u00f3zef\u0119 Bylica z 2 m\u0119\u017cami i rodzicami<\/p>\n\n\n\n<p>\u015aroda(8)<\/p>\n\n\n\n<p>&nbsp;&nbsp;&nbsp;godz.6.3o&nbsp;&nbsp;&nbsp;&#8211; +Benedykta Og\u00f3rek<\/p>\n\n\n\n<p>&nbsp;&nbsp;&nbsp;godz.18.oo&nbsp;\u2013+Edwarda Sordyla z rodzicami i siostr\u0105<\/p>\n\n\n\n<p>Czwartek(9)<\/p>\n\n\n\n<p>&nbsp;&nbsp;&nbsp;godz.6.3o&nbsp;&nbsp;&nbsp;&#8211; Za zmar\u0142ych z okresu rocznego naszej parafii<\/p>\n\n\n\n<p>&nbsp;&nbsp;&nbsp;godz.18.oo&nbsp;\u2013 Za pomordowanych oficer\u00f3w w Katyniu i ofiary katastrofy<\/p>\n\n\n\n<p>&nbsp;&nbsp;&nbsp;&nbsp;&nbsp;&nbsp;&nbsp;&nbsp;&nbsp;&nbsp;&nbsp;&nbsp;&nbsp;&nbsp;&nbsp;&nbsp;&nbsp;&nbsp;&nbsp;&nbsp;&nbsp;&nbsp;&nbsp;&nbsp;&nbsp;&nbsp;&nbsp;w Smole\u0144sku.<\/p>\n\n\n\n<p>Pi\u0105tek(10)<\/p>\n\n\n\n<p>&nbsp;&nbsp;&nbsp;godz.6.3o&nbsp;&nbsp;&#8211; +Micha\u0142a Mi\u015bk\u00f3w<\/p>\n\n\n\n<p>&nbsp;&nbsp;&nbsp;godz.18.oo&nbsp;\u2013 W int. Jakuba w 2-g\u0105 r. urodzin<\/p>\n\n\n\n<p>Sobota(11)<\/p>\n\n\n\n<p>&nbsp;&nbsp;&nbsp;godz.6.3o&nbsp;&nbsp;&nbsp;&#8211; +W\u0142adys\u0142awa Hatal\u0119<\/p>\n\n\n\n<p>&nbsp;&nbsp;&nbsp;godz.18.oo&nbsp;\u2013 +Edwarda i Eugeni\u0119 Mrowiec z rodzicami<\/p>\n\n\n\n<p>Niedziela(12)<\/p>\n\n\n\n<p>&nbsp;&nbsp;&nbsp;godz.7.oo&nbsp;&nbsp;&nbsp;&#8211; +Stefana Katarzyn\u0119 Krucza\u0142a<\/p>\n\n\n\n<p>&nbsp;&nbsp;&nbsp;godz.9.oo&nbsp;&nbsp;&nbsp;&#8211; +Kazimierza Sordyla z bratem J\u00f3zefem ojcem Janem<\/p>\n\n\n\n<p>&nbsp;&nbsp;&nbsp;&nbsp;&nbsp;&nbsp;&nbsp;&nbsp;&nbsp;&nbsp;&nbsp;&nbsp;&nbsp;&nbsp;&nbsp;&nbsp;&nbsp;&nbsp;&nbsp;&nbsp;&nbsp;&nbsp;&nbsp;&nbsp;&#8211; +Weronik\u0119 \u0141omzik 1 r. \u015bm. od m\u0119\u017ca i najbli\u017cszych<\/p>\n\n\n\n<p>&nbsp;&nbsp;&nbsp;godz.11.oo&nbsp;\u2013 +Emila Babi\u0144skiego 17 r. \u015bm.<\/p>\n\n\n\n<p>&nbsp;&nbsp;&nbsp;godz.15.oo&nbsp;&#8211;&nbsp;&nbsp;+Stanis\u0142awa Miko\u0142ajek 5 r. \u015bm. z rodzicami<\/p>\n\n\n\n<p>&nbsp;&nbsp;&nbsp;&nbsp;&nbsp;&nbsp;&nbsp;&nbsp;&nbsp;&nbsp;&nbsp;&nbsp;&nbsp;&nbsp;&nbsp;&nbsp;&nbsp;&nbsp;&nbsp;&nbsp;&nbsp;&nbsp;&nbsp;&nbsp;&#8211; +Helen\u0119 Walczak 13 r. \u015bm. z m\u0119\u017cem Piotrem c\u00f3rk\u0105 Halin\u0105 synem<\/p>\n\n\n\n<p>&nbsp;&nbsp;&nbsp;&nbsp;&nbsp;&nbsp;&nbsp;&nbsp;&nbsp;&nbsp;&nbsp;&nbsp;&nbsp;&nbsp;&nbsp;&nbsp;&nbsp;&nbsp;&nbsp;&nbsp;&nbsp;&nbsp;&nbsp;&nbsp;&nbsp;&nbsp;&nbsp;&nbsp;Zdzis\u0142awem.<\/p>\n","protected":false},"excerpt":{"rendered":"<p>P O N I E D Z I A \u0141 E K&nbsp;&nbsp;&nbsp;W I E L K A N O C <a class=\"read-more\" href=\"http:\/\/roczyny.duszpasterstwa.bielsko.pl\/?p=21777\">czytaj dalej<\/a><\/p>\n","protected":false},"author":2,"featured_media":21778,"comment_status":"closed","ping_status":"open","sticky":false,"template":"","format":"standard","meta":{"ngg_post_thumbnail":0,"footnotes":""},"categories":[12],"tags":[],"class_list":["post-21777","post","type-post","status-publish","format-standard","has-post-thumbnail","hentry","category-ogloszenia-parafialne","post-item clearfix"],"_links":{"self":[{"href":"http:\/\/roczyny.duszpasterstwa.bielsko.pl\/index.php?rest_route=\/wp\/v2\/posts\/21777"}],"collection":[{"href":"http:\/\/roczyny.duszpasterstwa.bielsko.pl\/index.php?rest_route=\/wp\/v2\/posts"}],"about":[{"href":"http:\/\/roczyny.duszpasterstwa.bielsko.pl\/index.php?rest_route=\/wp\/v2\/types\/post"}],"author":[{"embeddable":true,"href":"http:\/\/roczyny.duszpasterstwa.bielsko.pl\/index.php?rest_route=\/wp\/v2\/users\/2"}],"replies":[{"embeddable":true,"href":"http:\/\/roczyny.duszpasterstwa.bielsko.pl\/index.php?rest_route=%2Fwp%2Fv2%2Fcomments&post=21777"}],"version-history":[{"count":1,"href":"http:\/\/roczyny.duszpasterstwa.bielsko.pl\/index.php?rest_route=\/wp\/v2\/posts\/21777\/revisions"}],"predecessor-version":[{"id":21779,"href":"http:\/\/roczyny.duszpasterstwa.bielsko.pl\/index.php?rest_route=\/wp\/v2\/posts\/21777\/revisions\/21779"}],"wp:featuredmedia":[{"embeddable":true,"href":"http:\/\/roczyny.duszpasterstwa.bielsko.pl\/index.php?rest_route=\/wp\/v2\/media\/21778"}],"wp:attachment":[{"href":"http:\/\/roczyny.duszpasterstwa.bielsko.pl\/index.php?rest_route=%2Fwp%2Fv2%2Fmedia&parent=21777"}],"wp:term":[{"taxonomy":"category","embeddable":true,"href":"http:\/\/roczyny.duszpasterstwa.bielsko.pl\/index.php?rest_route=%2Fwp%2Fv2%2Fcategories&post=21777"},{"taxonomy":"post_tag","embeddable":true,"href":"http:\/\/roczyny.duszpasterstwa.bielsko.pl\/index.php?rest_route=%2Fwp%2Fv2%2Ftags&post=21777"}],"curies":[{"name":"wp","href":"https:\/\/api.w.org\/{rel}","templated":true}]}}