{"id":21757,"date":"2026-04-04T20:48:35","date_gmt":"2026-04-04T18:48:35","guid":{"rendered":"http:\/\/roczyny.duszpasterstwa.bielsko.pl\/?p=21757"},"modified":"2026-04-04T20:48:35","modified_gmt":"2026-04-04T18:48:35","slug":"zyczenia-wielkanocne-2","status":"publish","type":"post","link":"http:\/\/roczyny.duszpasterstwa.bielsko.pl\/?p=21757","title":{"rendered":"\u017bYCZENIA WIELKANOCNE&#8230;"},"content":{"rendered":"\n<p>\u201eZmartwychwsta\u0142 Pan, i \u017cyje dzi\u015b, blaskiem ja\u015bnieje noc.<br \/>Nie umr\u0119, nie, lecz b\u0119d\u0119 \u017cy\u0142, B\u00f3g okaza\u0142 sw\u0105 moc\u201d.&nbsp;<\/p>\n\n\n\n<p>Drodzy PARAFIANIE i GO\u015aCIE.<\/p>\n\n\n\n<p>Poddajmy si\u0119 mocy Zmartwychwsta\u0142ego Jezusa. Z ufno\u015bci\u0105 zbli\u017cmy si\u0119 do pustego grobu i z g\u0142\u0119bok\u0105 wiar\u0105 wo\u0142ajmy: \u201eZmartwychwsta\u0142 Pan! Alleluja!\u201d<\/p>\n\n\n\n<p>\u017byczymy&nbsp;wszystkim rozradowania si\u0119 zwyci\u0119stwem Chrystusa, bo w Nim jest nasza&nbsp;WIARA, NADZIEJA i MI\u0141O\u015a\u0106.&nbsp;Niech czas \u015awi\u0105t Wielkiej Nocy b\u0119dzie pe\u0142en \u0142aski zdrowia, pokoju serca oraz g\u0142\u0119bokiego, duchowego prze\u017cywania w gronie rodzin i ca\u0142ej wsp\u00f3lnoty parafialnej.&nbsp;<\/p>\n\n\n\n<p>Niech ta&nbsp;RADO\u015a\u0106 WIELKANOCNA&nbsp;promieniuje i o\u015bwietla ca\u0142e wasze codzienne \u017cycie w waszych rodzinach, miejscach pracy, i codziennych relacjach. Niech&nbsp;zawsze zmartwychwstaje &nbsp;dobro, prawda, mi\u0142o\u015b\u0107, zgoda i \u017cyczliwo\u015b\u0107.<\/p>\n\n\n\n<p>Szcz\u0119\u015b\u0107 Bo\u017ce!<\/p>\n\n\n\n<p>Ks. Ryszard<\/p>\n\n\n\n<p>Ks. Pawe\u0142<\/p>\n\n\n\n<figure class=\"wp-block-image size-large\"><a href=\"http:\/\/roczyny.duszpasterstwa.bielsko.pl\/wp-content\/uploads\/2026\/04\/IMG_5922-1-scaled.jpeg\"><img fetchpriority=\"high\" decoding=\"async\" width=\"1024\" height=\"768\" src=\"http:\/\/roczyny.duszpasterstwa.bielsko.pl\/wp-content\/uploads\/2026\/04\/IMG_5922-1-1024x768.jpeg\" alt=\"\" class=\"wp-image-21758\" srcset=\"http:\/\/roczyny.duszpasterstwa.bielsko.pl\/wp-content\/uploads\/2026\/04\/IMG_5922-1-1024x768.jpeg 1024w, http:\/\/roczyny.duszpasterstwa.bielsko.pl\/wp-content\/uploads\/2026\/04\/IMG_5922-1-300x225.jpeg 300w, http:\/\/roczyny.duszpasterstwa.bielsko.pl\/wp-content\/uploads\/2026\/04\/IMG_5922-1-768x576.jpeg 768w, http:\/\/roczyny.duszpasterstwa.bielsko.pl\/wp-content\/uploads\/2026\/04\/IMG_5922-1-1536x1152.jpeg 1536w, http:\/\/roczyny.duszpasterstwa.bielsko.pl\/wp-content\/uploads\/2026\/04\/IMG_5922-1-2048x1536.jpeg 2048w, http:\/\/roczyny.duszpasterstwa.bielsko.pl\/wp-content\/uploads\/2026\/04\/IMG_5922-1-200x150.jpeg 200w, http:\/\/roczyny.duszpasterstwa.bielsko.pl\/wp-content\/uploads\/2026\/04\/IMG_5922-1-690x518.jpeg 690w\" sizes=\"(max-width: 1024px) 100vw, 1024px\" \/><\/a><\/figure>\n","protected":false},"excerpt":{"rendered":"<p>\u201eZmartwychwsta\u0142 Pan, i \u017cyje dzi\u015b, blaskiem ja\u015bnieje noc.Nie umr\u0119, nie, lecz b\u0119d\u0119 \u017cy\u0142, B\u00f3g okaza\u0142 sw\u0105 moc\u201d.&nbsp; Drodzy PARAFIANIE i <a class=\"read-more\" href=\"http:\/\/roczyny.duszpasterstwa.bielsko.pl\/?p=21757\">czytaj dalej<\/a><\/p>\n","protected":false},"author":2,"featured_media":21755,"comment_status":"closed","ping_status":"open","sticky":false,"template":"","format":"standard","meta":{"ngg_post_thumbnail":0,"footnotes":""},"categories":[15],"tags":[],"class_list":["post-21757","post","type-post","status-publish","format-standard","has-post-thumbnail","hentry","category-aktualnosci","post-item clearfix"],"_links":{"self":[{"href":"http:\/\/roczyny.duszpasterstwa.bielsko.pl\/index.php?rest_route=\/wp\/v2\/posts\/21757"}],"collection":[{"href":"http:\/\/roczyny.duszpasterstwa.bielsko.pl\/index.php?rest_route=\/wp\/v2\/posts"}],"about":[{"href":"http:\/\/roczyny.duszpasterstwa.bielsko.pl\/index.php?rest_route=\/wp\/v2\/types\/post"}],"author":[{"embeddable":true,"href":"http:\/\/roczyny.duszpasterstwa.bielsko.pl\/index.php?rest_route=\/wp\/v2\/users\/2"}],"replies":[{"embeddable":true,"href":"http:\/\/roczyny.duszpasterstwa.bielsko.pl\/index.php?rest_route=%2Fwp%2Fv2%2Fcomments&post=21757"}],"version-history":[{"count":1,"href":"http:\/\/roczyny.duszpasterstwa.bielsko.pl\/index.php?rest_route=\/wp\/v2\/posts\/21757\/revisions"}],"predecessor-version":[{"id":21759,"href":"http:\/\/roczyny.duszpasterstwa.bielsko.pl\/index.php?rest_route=\/wp\/v2\/posts\/21757\/revisions\/21759"}],"wp:featuredmedia":[{"embeddable":true,"href":"http:\/\/roczyny.duszpasterstwa.bielsko.pl\/index.php?rest_route=\/wp\/v2\/media\/21755"}],"wp:attachment":[{"href":"http:\/\/roczyny.duszpasterstwa.bielsko.pl\/index.php?rest_route=%2Fwp%2Fv2%2Fmedia&parent=21757"}],"wp:term":[{"taxonomy":"category","embeddable":true,"href":"http:\/\/roczyny.duszpasterstwa.bielsko.pl\/index.php?rest_route=%2Fwp%2Fv2%2Fcategories&post=21757"},{"taxonomy":"post_tag","embeddable":true,"href":"http:\/\/roczyny.duszpasterstwa.bielsko.pl\/index.php?rest_route=%2Fwp%2Fv2%2Ftags&post=21757"}],"curies":[{"name":"wp","href":"https:\/\/api.w.org\/{rel}","templated":true}]}}